{"id":61661,"date":"2024-02-20T15:55:11","date_gmt":"2024-02-20T15:55:11","guid":{"rendered":"https:\/\/dmsjuridica.com\/buscador_20179478954\/salapenalcronologico20230723\/2024\/02\/20\/stp610-2022\/"},"modified":"2024-02-20T15:55:11","modified_gmt":"2024-02-20T15:55:11","slug":"stp610-2022","status":"publish","type":"post","link":"https:\/\/dmsjuridica.com\/buscador_20179478954\/salapenalcronologico20230723\/2024\/02\/20\/stp610-2022\/","title":{"rendered":"STP610-2022"},"content":{"rendered":"\n<p>\u00a0 \u00a0 \u00a0 \u00a0\u00a0<\/p>\n<p>JOS\u00c9 \u00a0FRANCISCO ACU\u00d1A VIZCAYA \u00a0<\/p>\n<p>Magistrado \u00a0Ponente \u00a0<\/p>\n<p>Radicaci\u00f3n \u00a0No. 120933 \u00a0<\/p>\n<p>(Aprobado \u00a0Acta No.11) \u00a0<\/p>\n<p>Bogot\u00e1 \u00a0D.C., veinticinco (25) de enero de dos mil veintid\u00f3s (2022) \u00a0<\/p>\n<p>VISTOS \u00a0<\/p>\n<p>Decide \u00a0la Sala la impugnaci\u00f3n interpuesta por RODRIGO \u00a0HERN\u00c1N RIVEROS CUERVO, \u00a0contra \u00a0el fallo de tutela proferido el 22 de noviembre de 2021 por la Sala \u00a0Penal del Tribunal Superior del Distrito Judicial de Bogot\u00e1, \u00a0que \u00a0neg\u00f3 la solicitud de amparo interpuesta contra el Juzgado 31 \u00a0Penal del Circuito con Funci\u00f3n de Conocimiento de Bogot\u00e1, \u00a0por la presunta vulneraci\u00f3n a su derecho fundamental de \u00a0petici\u00f3n. \u00a0<\/p>\n<p>ANTECEDENTES \u00a0<\/p>\n<p>Y \u00a0<\/p>\n<p>FUNDAMENTOS \u00a0DE LA ACCI\u00d3N \u00a0<\/p>\n<p>Fueron \u00a0recogidos en la decisi\u00f3n de primera instancia, en los \u00a0siguientes t\u00e9rminos: \u00a0<\/p>\n<p>El \u00a0accionante inform\u00f3 que el 4 de noviembre de 2021 solicit\u00f3 \u00a0al Juzgado 31 Penal del Circuito con Funci\u00f3n de Conocimiento \u00a0de Bogot\u00e1, a trav\u00e9s de correo electr\u00f3nico, \u201cla \u00a0entrega de un documento ubicado dentro del expediente de la acci\u00f3n \u00a0de tutela N\u00b0 1100131090312021-0243\u201d. \u00a0<\/p>\n<p>Que; \u00a0sin embargo, en la misma fecha, el juzgado le inform\u00f3 que \u00a0dicho documento \u201cdeb\u00eda solicitarlo ante la empresa \u00a0accionada\u201d -no especific\u00f3 cu\u00e1l-. \u00a0<\/p>\n<p>Solicit\u00f3 \u00a0que se ordene al accionado que le \u201callegue los documentos \u00a0solicitados en la petici\u00f3n\u201d. \u00a0<\/p>\n<p>EL \u00a0FALLO IMPUGNADO \u00a0<\/p>\n<p>La \u00a0Sala \u00a0Penal del Tribunal Superior del Distrito Judicial de Bogot\u00e1, \u00a0mediante decisi\u00f3n adoptada el 22 de noviembre de 2021, neg\u00f3 \u00a0el amparo invocado por el accionante, al evidenciar que, no existe \u00a0vulneraci\u00f3n o amenaza de derecho fundamental alguno que pueda \u00a0llevar al juez de tutela a emitir una orden tendiente a lograr que se \u00a0adopten las medidas pertinentes para obtener una respuesta de fondo \u00a0frente a la solicitud elevada ante la autoridad accionada el 4 de \u00a0noviembre de 2021. \u00a0<\/p>\n<p>LA \u00a0IMPUGNACI\u00d3N \u00a0<\/p>\n<p>HERNANDO \u00a0SALOM ALFARO \u00a0impugn\u00f3 el fallo proferido en primera instancia, al considerar \u00a0que, si bien la autoridad judicial accionada brind\u00f3 respuesta \u00a0a la solicitud de noviembre de 2021, no es acertada en derecho tal \u00a0respuesta. \u00a0<\/p>\n<p>CONSIDERACIONES \u00a0DE LA SALA \u00a0<\/p>\n<p>De \u00a0conformidad con lo previsto en el art\u00edculo 32 del Decreto 2591 \u00a0de 1991, en concordancia con el art\u00edculo 44 del Reglamento \u00a0Interno de esta Corporaci\u00f3n, esta Sala es competente para \u00a0resolver el recurso de impugnaci\u00f3n interpuesto por RODRIGO \u00a0HERN\u00c1N RIVEROS CUERVO, \u00a0contra \u00a0el fallo de tutela proferido el 22 de noviembre de 2021 por la Sala \u00a0Penal del Tribunal Superior del Distrito Judicial de Bogot\u00e1, \u00a0que \u00a0neg\u00f3 la solicitud de amparo interpuesta contra el Juzgado 31 \u00a0Penal del Circuito con Funci\u00f3n de Conocimiento de Bogot\u00e1, \u00a0por la presunta vulneraci\u00f3n a su derecho fundamental de \u00a0petici\u00f3n. \u00a0<\/p>\n<p>AN\u00c1LISIS \u00a0DEL CASO CONCRETO \u00a0<\/p>\n<p>La \u00a0presente impugnaci\u00f3n se centra en un punto espec\u00edfico: \u00a0determinar \u00a0si efectivamente existe una vulneraci\u00f3n a los derechos \u00a0fundamentales de petici\u00f3n y debido proceso del se\u00f1or \u00a0RODRIGO \u00a0HERN\u00c1N RIVEROS CUERVO, \u00a0por parte del \u00a0Juzgado 31 Penal del Circuito con Funci\u00f3n de Conocimiento de \u00a0Bogot\u00e1. \u00a0<\/p>\n<p>La \u00a0Sala considera que, no se comprueba la existencia de una vulneraci\u00f3n \u00a0a los derechos fundamentales alegados, por parte del \u00a0Juzgado 31 Penal del Circuito con Funci\u00f3n de Conocimiento de \u00a0Bogot\u00e1. Lo anterior \u00a0teniendo en cuenta que, el 10 de noviembre de 2021, brind\u00f3 \u00a0respuesta a la parte accionante frente a la solicitud de \u00a0documentaci\u00f3n elevada ante esa autoridad, y en la cual, indic\u00f3 \u00a0que \u201cno \u00a0es la entidad competente para expedir la documentaci\u00f3n que se \u00a0solicita\u201d; \u00a0siendo as\u00ed, remiti\u00f3 la petici\u00f3n, a la empresa \u00a0encargada de expedir el documento solicitado. \u00a0<\/p>\n<p>Asimismo, \u00a0dicha respuesta fue debidamente notificada al actor, tal \u00a0como se evidencia del escrito de impugnaci\u00f3n presentado por el \u00a0accionante. \u00a0<\/p>\n<p>As\u00ed \u00a0las cosas, la respuesta emitida por la autoridad accionada, se ajusta \u00a0a los preceptos constitucionales y legales establecidos para \u00a0salvaguardar el derecho fundamental de petici\u00f3n del \u00a0accionante, en el sentido que se cumpli\u00f3 con los requisitos de \u00a0claridad, precisi\u00f3n y congruencia que caracterizan a este \u00a0derecho, resolviendo as\u00ed, la solicitud elevada por el se\u00f1or \u00a0RIVEROS \u00a0CUERVO, \u00a0en el mes de noviembre del presente a\u00f1o. \u00a0<\/p>\n<p>Ahora \u00a0bien, es importante aclarar que no puede el juez constitucional \u00a0inmiscuirse en la autonom\u00eda que gozan las autoridades al \u00a0momento de examinar la viabilidad o no de las reclamaciones \u00a0presentadas, y, posteriormente, decidir si otorgan o no lo pedido, \u00a0seg\u00fan los intereses del accionante. \u00a0<\/p>\n<p>La \u00a0negativa frente a las solicitudes elevadas ante las autoridades, que \u00a0contrar\u00eden los intereses de los peticionarios, no conlleva a \u00a0una vulneraci\u00f3n del derecho fundamental de petici\u00f3n, \u00a0puesto que, el \u00a0fin primordial de este derecho, es obtener una respuesta de fondo a \u00a0las solicitudes presentadas, independientemente de cu\u00e1l sea el \u00a0sentido de la respuesta. \u00a0<\/p>\n<p>Al \u00a0respecto del derecho fundamental de petici\u00f3n, la Corte \u00a0Constitucional en la T-058 del 22 de febrero de 2018, al reiterar su \u00a0propia jurisprudencia, estableci\u00f3: \u00a0<\/p>\n<p>Particularmente, \u00a0en relaci\u00f3n con la\u00a0respuesta\u00a0a \u00a0la petici\u00f3n, se ha advertido en reiteradas oportunidades que, \u00a0so pena de ser inconstitucional, esta debe cumplir con los requisitos \u00a0de (i)\u00a0oportunidad; \u00a0(ii) ser puesta en\u00a0conocimiento\u00a0del \u00a0peticionario\u00a0y (iii) resolverse de fondo \u00a0con\u00a0claridad,\u00a0precisi\u00f3n, \u00a0congruencia \u00a0y consecuencia\u00a0con \u00a0lo solicitado. \u00a0<\/p>\n<p>En \u00a0este sentido, la Sentencia T-610 de 2008, reiterada en la C-951 de \u00a02014, estableci\u00f3 que la respuesta a las peticiones deben \u00a0reunir los requisitos resaltados a continuaci\u00f3n para que se \u00a0considere ajustada al Texto Superior: \u00a0<\/p>\n<p>\u00a0 \u00a0<\/p>\n<p>La \u00a0respuesta debe ser \u201c(i)\u00a0clara, \u00a0esto es, inteligible y contentiva de argumentos de f\u00e1cil \u00a0comprensi\u00f3n; (ii)\u00a0precisa, \u00a0de manera que atienda directamente lo pedido sin reparar en \u00a0informaci\u00f3n impertinente y sin incurrir en f\u00f3rmulas \u00a0evasivas o elusivas; (iii)\u00a0congruente, \u00a0de suerte que abarque la materia objeto de la petici\u00f3n y sea \u00a0conforme con lo solicitado; y (iv)\u00a0consecuente\u00a0con \u00a0el tr\u00e1mite que se ha surtido, de manera que, si la respuesta \u00a0se produce con motivo de un derecho de petici\u00f3n elevado dentro \u00a0de un procedimiento del que conoce la autoridad de la cual el \u00a0interesado requiere la informaci\u00f3n, no basta con ofrecer una \u00a0respuesta como si se tratara de una petici\u00f3n aislada o ex \u00a0novo, sino que, si resulta relevante,\u00a0debe \u00a0darse cuenta del tr\u00e1mite que se ha surtido\u00a0y \u00a0de las razones por las cuales la petici\u00f3n resulta o no \u00a0procedente\u201d(resaltado propio). \u00a0<\/p>\n<p>\u00a0 \u00a0<\/p>\n<p>Ahora \u00a0bien, la obligaci\u00f3n de resolver de fondo una solicitud no \u00a0significa que la respuesta sea aquiescente con lo solicitado, sino el \u00a0respeto por el ejercicio del derecho fundamental de petici\u00f3n, \u00a0es decir, se debe emitir una respuesta clara, precisa, congruente, de \u00a0fondo, sin que ello signifique necesariamente acceder a lo \u00a0pretendido. Debe recordarse que es diferente el derecho de petici\u00f3n \u00a0al derecho a lo pedido: \u201cel derecho de petici\u00f3n se \u00a0ejerce y agota en la solicitud y la respuesta. No se decide \u00a0propiamente sobre \u00e9l [materia de la petici\u00f3n], en \u00a0cambio si se decide por ejemplo sobre el reconocimiento o no del \u00a0derecho subjetivo invocado (\u2026)\u201d. Es decir, la entidad o \u00a0particular al que se dirija la solicitud est\u00e1 en la obligaci\u00f3n \u00a0de resolver de fondo la solicitud, lo que no significa que deba \u00a0acceder necesariamente a las pretensiones que se le realicen. \u00a0<\/p>\n<p>Por \u00a0lo expuesto, \u00a0la \u00a0CORTE SUPREMA DE JUSTICIA, SALA DE CASACI\u00d3N PENAL \u2013 EN \u00a0SALA DE DECISI\u00d3N DE ACCIONES DE TUTELA No. 1, \u00a0administrando justicia, en nombre de la Rep\u00fablica y por \u00a0autoridad de la Ley, \u00a0<\/p>\n<p>RESUELVE \u00a0<\/p>\n<p>PRIMERO. \u00a0CONFIRMAR \u00a0el fallo de tutela impugnado, por las razones expuestas. \u00a0<\/p>\n<p>SEGUNDO. \u00a0NOTIFICAR \u00a0a los sujetos procesales el presente fallo, por el medio m\u00e1s \u00a0expedito. \u00a0<\/p>\n<p>TERCERO. \u00a0Env\u00edese la actuaci\u00f3n a la Corte Constitucional para su \u00a0eventual revisi\u00f3n, dentro del t\u00e9rmino indicado en el \u00a0art\u00edculo 31 del Decreto 2591 de 1991. \u00a0<\/p>\n<p>NOTIF\u00cdQUESE \u00a0Y C\u00daMPLASE \u00a0<\/p>\n<p>JOS\u00c9 \u00a0FRANCISCO ACU\u00d1A VIZCAYA \u00a0<\/p>\n<p>FERNANDO \u00a0LEON BOLA\u00d1OS PALACIOS \u00a0<\/p>\n<p>PATRICIA \u00a0SALAZAR CU\u00c9LLAR \u00a0<\/p>\n<p>NUBIA \u00a0YOLANDA NOVA GARC\u00cdA \u00a0<\/p>\n<p>Secretaria \u00a0<\/p>\n<p>\u00a0 \u00a0 \u00a0\u00a0<\/p>\n<p><\/p>\n","protected":false},"excerpt":{"rendered":"<p>\u00a0 \u00a0 \u00a0 \u00a0\u00a0 JOS\u00c9 \u00a0FRANCISCO ACU\u00d1A VIZCAYA \u00a0 Magistrado \u00a0Ponente \u00a0 Radicaci\u00f3n \u00a0No. 120933 \u00a0 (Aprobado \u00a0Acta No.11) \u00a0 Bogot\u00e1 \u00a0D.C., veinticinco (25) de enero de dos mil veintid\u00f3s (2022) \u00a0 VISTOS \u00a0 Decide \u00a0la Sala la impugnaci\u00f3n interpuesta por RODRIGO \u00a0HERN\u00c1N RIVEROS CUERVO, \u00a0contra \u00a0el fallo de tutela proferido el 22 de noviembre [&hellip;]<\/p>\n","protected":false},"author":1,"featured_media":0,"comment_status":"open","ping_status":"open","sticky":false,"template":"","format":"standard","meta":{"footnotes":""},"categories":[44,45],"tags":[],"class_list":["post-61661","post","type-post","status-publish","format-standard","hentry","category-44","category-enero-2022"],"_links":{"self":[{"href":"https:\/\/dmsjuridica.com\/buscador_20179478954\/salapenalcronologico20230723\/wp-json\/wp\/v2\/posts\/61661","targetHints":{"allow":["GET"]}}],"collection":[{"href":"https:\/\/dmsjuridica.com\/buscador_20179478954\/salapenalcronologico20230723\/wp-json\/wp\/v2\/posts"}],"about":[{"href":"https:\/\/dmsjuridica.com\/buscador_20179478954\/salapenalcronologico20230723\/wp-json\/wp\/v2\/types\/post"}],"author":[{"embeddable":true,"href":"https:\/\/dmsjuridica.com\/buscador_20179478954\/salapenalcronologico20230723\/wp-json\/wp\/v2\/users\/1"}],"replies":[{"embeddable":true,"href":"https:\/\/dmsjuridica.com\/buscador_20179478954\/salapenalcronologico20230723\/wp-json\/wp\/v2\/comments?post=61661"}],"version-history":[{"count":0,"href":"https:\/\/dmsjuridica.com\/buscador_20179478954\/salapenalcronologico20230723\/wp-json\/wp\/v2\/posts\/61661\/revisions"}],"wp:attachment":[{"href":"https:\/\/dmsjuridica.com\/buscador_20179478954\/salapenalcronologico20230723\/wp-json\/wp\/v2\/media?parent=61661"}],"wp:term":[{"taxonomy":"category","embeddable":true,"href":"https:\/\/dmsjuridica.com\/buscador_20179478954\/salapenalcronologico20230723\/wp-json\/wp\/v2\/categories?post=61661"},{"taxonomy":"post_tag","embeddable":true,"href":"https:\/\/dmsjuridica.com\/buscador_20179478954\/salapenalcronologico20230723\/wp-json\/wp\/v2\/tags?post=61661"}],"curies":[{"name":"wp","href":"https:\/\/api.w.org\/{rel}","templated":true}]}}