{"id":61345,"date":"2024-02-20T15:54:43","date_gmt":"2024-02-20T15:54:43","guid":{"rendered":"https:\/\/dmsjuridica.com\/buscador_20179478954\/salapenalcronologico20230723\/2024\/02\/20\/ap172-202260083\/"},"modified":"2024-02-20T15:54:43","modified_gmt":"2024-02-20T15:54:43","slug":"ap172-202260083","status":"publish","type":"post","link":"https:\/\/dmsjuridica.com\/buscador_20179478954\/salapenalcronologico20230723\/2024\/02\/20\/ap172-202260083\/","title":{"rendered":"AP172-2022(60083)"},"content":{"rendered":"\n<p>\u00a0 \u00a0 \u00a0 \u00a0\u00a0<\/p>\n<p>FABIO \u00a0OSPITIA GARZ\u00d3N \u00a0<\/p>\n<p>Magistrado \u00a0Ponente \u00a0<\/p>\n<p>AP172 \u00a0&#8211; 2022 \u00a0<\/p>\n<p>Extradici\u00f3n \u00a0No. 60083 \u00a0<\/p>\n<p>Acta \u00a0No. 012 \u00a0<\/p>\n<p>Bogot\u00e1, \u00a0D. C., veintis\u00e9is (26) de enero de dos mil veintid\u00f3s \u00a0(2022). \u00a0<\/p>\n<p>La \u00a0Corte se pronuncia sobre la viabilidad de continuar el tramite de \u00a0extradici\u00f3n del ciudadano estadounidense NATHAN \u00a0ALLEN WEBB, \u00a0requerido \u00a0por el Gobierno de los Estados Unidos de Am\u00e9rica. \u00a0<\/p>\n<p>ANTECEDENTES \u00a0<\/p>\n<p>\u00a0 \u00a0\u00a0 \u00a0 \u00a0 \u00a0 \u00a0<\/p>\n<p>1. Con \u00a0 \u00a0 \u00a0 \u00a0 \u00a0fundamento en la Notificaci\u00f3n Roja de INTERPOL No. \u00a0 \u00a0 \u00a0 \u00a0 \u00a0A-5387\/6-2021, publicada el 19 de junio de 2021, miembros de la \u00a0 \u00a0 \u00a0 \u00a0 \u00a0Polic\u00eda Nacional capturaron en la ciudad de Pereira al \u00a0 \u00a0 \u00a0 \u00a0 \u00a0ciudadano estadounidense NATHAN \u00a0 \u00a0 \u00a0 \u00a0 \u00a0ALLEN WEBB. \u00a0<\/p>\n<p>\u00a0 \u00a0\u00a0 \u00a0 \u00a0 \u00a0 \u00a0<\/p>\n<p>2. Mediante \u00a0 \u00a0 \u00a0 \u00a0 \u00a0Nota \u00a0 \u00a0 \u00a0 \u00a0 \u00a0Verbal 1163 del 24 de junio 2021, el \u00a0 \u00a0 \u00a0 \u00a0 \u00a0Gobierno de los Estados Unidos de Am\u00e9rica, a trav\u00e9s de \u00a0 \u00a0 \u00a0 \u00a0 \u00a0su embajada en Colombia, solicit\u00f3 \u00a0 \u00a0 \u00a0 \u00a0 \u00a0la detenci\u00f3n provisional con fines de extradici\u00f3n de \u00a0 \u00a0 \u00a0 \u00a0 \u00a0NATHAN \u00a0 \u00a0 \u00a0 \u00a0 \u00a0ALLEN WEBB. \u00a0<\/p>\n<p>\u00a0 \u00a0\u00a0 \u00a0 \u00a0 \u00a0 \u00a0<\/p>\n<p>\u00a0 \u00a0\u00a0 \u00a0 \u00a0 \u00a0 \u00a0<\/p>\n<p>4. Con \u00a0 \u00a0 \u00a0 \u00a0 \u00a0la Nota Verbal No. 1496, del 13 de agosto de 2021, se formaliz\u00f3 \u00a0 \u00a0 \u00a0 \u00a0 \u00a0la solicitud de extradici\u00f3n de NATHAN \u00a0 \u00a0 \u00a0 \u00a0 \u00a0ALLEN WEBB, \u00a0 \u00a0 \u00a0 \u00a0 \u00a0con fundamento en la acusaci\u00f3n dictada por la Corte Distrital \u00a0 \u00a0 \u00a0 \u00a0 \u00a0de los Estados Unidos para el Distrito Norte de Texas, Divisi\u00f3n \u00a0 \u00a0 \u00a0 \u00a0 \u00a0LUBBOCK, en el caso No. 5-21CR0089-H (tambi\u00e9n referido como \u00a0 \u00a0 \u00a0 \u00a0 \u00a0caso No. 5:21-CR-089-H y caso 5:21-cr-00089-H-BQ), el 14 de julio de \u00a0 \u00a0 \u00a0 \u00a0 \u00a02021. \u00a0<\/p>\n<p>5. \u00a0Con oficio S-DIAJI 21-018767 del 13 de agosto de 2021, la Directora \u00a0de Asuntos Jur\u00eddicos Internacionales del Ministerio de \u00a0Relaciones Exteriores remiti\u00f3 a su hom\u00f3logo de Justicia \u00a0y del Derecho la Nota Verbal 1496 de \u00a0la misma fecha, \u00a0con la cual se formaliz\u00f3 por v\u00eda diplom\u00e1tica el \u00a0requerimiento, junto con sus anexos. \u00a0<\/p>\n<p>6. \u00a0Perfeccionado el expediente, la actuaci\u00f3n fue remitida a la \u00a0Corte por el Ministerio de Justicia y del Derecho, mediante oficio \u00a0MJD-OFI21-0030735-DAI-1100- \u00a0del 20 de agosto de 2021. \u00a0<\/p>\n<p>7. \u00a0El 24 de agosto de 2021, la Sala asumi\u00f3 el conocimiento del \u00a0asunto y requiri\u00f3 a NATHAN \u00a0ALLEN WEBB para \u00a0la designaci\u00f3n de un abogado que lo asistiera en este tr\u00e1mite, \u00a0sin embargo, como no lo hizo, le fue asignado un defensor p\u00fablico. \u00a0<\/p>\n<p>8. \u00a0El 11 de octubre de 2021, el requerido alleg\u00f3 memorial a \u00a0trav\u00e9s del cual solicit\u00f3 aplicar el tr\u00e1mite de \u00a0extradici\u00f3n simplificada, por lo que en auto del 15 siguiente \u00a0se corri\u00f3 traslado a su defensor para que manifestara si \u00a0coadyuvada la petici\u00f3n presentada, obteni\u00e9ndose \u00a0respuesta afirmativa. \u00a0<\/p>\n<p>9. \u00a0En auto del 9 de noviembre de 2021, se corri\u00f3 traslado al \u00a0Ministerio P\u00fablico de la petici\u00f3n de tr\u00e1mite de \u00a0extradici\u00f3n simplificada. En \u00a0el mismo auto, se ordenaron pruebas de oficio con el fin de \u00a0establecer si NATHAN \u00a0ALLEN WEBB \u00a0ten\u00eda procesos penales pendientes en Colombia. \u00a0<\/p>\n<p>10. \u00a0Con \u00a0oficio del 19 de noviembre de 2021, radicado 20212700081291, la \u00a0Directora de Asuntos Internacionales de la Fiscal\u00eda General de \u00a0la Naci\u00f3n alleg\u00f3 copia de la Resoluci\u00f3n del 19 \u00a0de noviembre de 2021, proferida por el Fiscal General de la Naci\u00f3n, \u00a0mediante la cual cancel\u00f3 la orden de captura con fines de \u00a0extradici\u00f3n, proferida el 25 de junio de 2021 en contra del \u00a0ciudadano estadounidense NATHAN \u00a0ALLEN WEBB. \u00a0<\/p>\n<p>En la referida \u00a0Resoluci\u00f3n, se indic\u00f3 que la Unidad Administrativa \u00a0Especial de Migraci\u00f3n Colombia, mediante Resoluci\u00f3n No. \u00a0202117050002996 del 16 de junio de 2021, orden\u00f3 la expulsi\u00f3n \u00a0del territorio colombiano del ciudadano estadounidense NATHAN \u00a0ALLEN WEBB, \u00a0la que se llev\u00f3 a cabo el 5 de noviembre del 2021. \u00a0<\/p>\n<p>Se se\u00f1al\u00f3 \u00a0tambi\u00e9n que la Directora de Asuntos Jur\u00eddicos \u00a0Internacionales del Ministerio de Relaciones Exteriores, mediante \u00a0oficio S-DIAJI-21-027607 del 12 de noviembre de 2021, remiti\u00f3 \u00a0la Nota Verbal No.2179 de esta misma fecha, por medio de la cual la \u00a0Embajada de los Estados Unidos de Am\u00e9rica retir\u00f3 la \u00a0solicitud de extradici\u00f3n del ciudadano NATHAN \u00a0ALLEN WEBB. \u00a0<\/p>\n<p>11. Como la \u00a0referida Nota Verbal No. 2179 del 12 de noviembre de 2021 no hac\u00eda \u00a0parte de esta actuaci\u00f3n, por auto del 1\u00b0 de diciembre de \u00a02021 se dispuso oficiar al Ministerio de Relaciones Exteriores, con \u00a0el fin de obtener copia de ella. \u00a0<\/p>\n<p>12. Con oficio \u00a0MJF-OFI21-0042209-GEX-1100, el Director de Asuntos Internacionales \u00a0del Ministerio de Justicia remiti\u00f3 copia de la Nota Verbal \u00a0solicitada, mediante la cual la Embajada de Estados Unidos de Am\u00e9rica \u00a0comunic\u00f3 el retiro de la solicitud de extradici\u00f3n del \u00a0ciudadano NATHAN \u00a0ALLEN WEBB, \u00a0por haber sido expulsado de Colombia a ese pa\u00eds. \u00a0<\/p>\n<p>CONSIDERACIONES \u00a0<\/p>\n<p>1. \u00a0En reiterados pronunciamientos1 \u00a0la Corte ha \u00a0precisado que la renuncia al pedido de extradici\u00f3n por parte \u00a0del Estado solicitante conlleva \u00a0la finalizaci\u00f3n de la actuaci\u00f3n procesal ante la Corte, \u00a0puesto que, efectuada dicha manifestaci\u00f3n, carece \u00a0de objeto cualquier tr\u00e1mite orientado a materializar la \u00a0entrega. \u00a0<\/p>\n<p>2. \u00a0Del contenido de la Nota \u00a0Verbal No. 2179 del 12 de noviembre de 2021, \u00a0proveniente \u00a0de la Embajada de Estados Unidos de Am\u00e9rica, allegada \u00a0regularmente \u00a0por v\u00eda diplom\u00e1tica, se establece que el Gobierno del \u00a0pa\u00eds reclamante desiste de la solicitud de entrega en \u00a0extradici\u00f3n del ciudadano estadounidense NATHAN \u00a0ALLEN WEBB. \u00a0<\/p>\n<p>En la mencionada \u00a0Nota Verbal, se indica: \u00a0<\/p>\n<p>\u00abLa \u00a0Embajada de los Estados Unidos de Am\u00e9rica saluda muy \u00a0atentamente al Ministerio de Relaciones Exteriores de la Rep\u00fablica \u00a0de Colombia y tiene el honor de referirse a la Nota Diplom\u00e1tica \u00a0No. 1496, de fecha 13 de agosto de 2021, por medio de la cual se \u00a0solicit\u00f3 la extradici\u00f3n de Nathan Allen WEBB. \u00a0<\/p>\n<p>Los Estados \u00a0Unidos de Am\u00e9rica formalmente retira su solicitud a Colombia \u00a0de la Extradici\u00f3n de WEBB debido a que fue expulsado de \u00a0Colombia a los Estados Unidos el 5 de noviembre de 2021. De esta \u00a0forma, la Embajada solicita a la Fiscal\u00eda General de la Naci\u00f3n \u00a0proceder acorde. WEBB es portador del pasaporte estadounidense n\u00famero \u00a056117265\u00bb \u00a0<\/p>\n<p>3. \u00a0En \u00a0las condiciones rese\u00f1adas, se impone declarar la terminaci\u00f3n \u00a0del tr\u00e1mite de extradici\u00f3n adelantado a instancias del \u00a0Gobierno de los Estados Unidos de Am\u00e9rica en contra del \u00a0ciudadano NATHAN \u00a0ALLEN WEBB \u00a0y ordenar la devoluci\u00f3n de la actuaci\u00f3n al Ministerio \u00a0de Justicia y del Derecho, para lo de su cargo. \u00a0<\/p>\n<p>En m\u00e9rito \u00a0de lo expuesto, la CORTE \u00a0SUPREMA DE JUSTICIA, \u00a0SALA DE CASACI\u00d3N PENAL, \u00a0<\/p>\n<p>RESUELVE \u00a0<\/p>\n<p>1\u00ba. \u00a0DECLARAR \u00a0la terminaci\u00f3n del tr\u00e1mite de extradici\u00f3n que se \u00a0adelanta contra el ciudadano Estadounidense NATHAN \u00a0ALLEN WEBB, \u00a0a instancias del Gobierno de Estados Unidos de Am\u00e9rica. \u00a0<\/p>\n<p>2\u00ba. Por \u00a0la Secretar\u00eda de la Sala, comun\u00edquese esta \u00a0determinaci\u00f3n al \u00a0defensor del ciudadano NATHAN \u00a0ALLEN WEBB, \u00a0al Ministerio P\u00fablico, al Fiscal General de la Naci\u00f3n y \u00a0al Ministerio de Relaciones Exteriores. \u00a0<\/p>\n<p>3\u00ba. \u00a0REMITIR las \u00a0diligencias al Ministerio de Justicia y del Derecho para lo de su \u00a0cargo. \u00a0<\/p>\n<p>FABIO OSPITIA \u00a0GARZ\u00d3N \u00a0<\/p>\n<p>Presidente \u00a0<\/p>\n<p>JOS\u00c9 \u00a0FRANCISCO ACU\u00d1A VIZCAYA \u00a0<\/p>\n<p>MYRIAM \u00a0\u00c1VILA ROLD\u00c1N \u00a0<\/p>\n<p>FERNANDO \u00a0LE\u00d3N BOLA\u00d1OS PALACIOS \u00a0<\/p>\n<p>GERSON \u00a0CHAVERRA CASTRO \u00a0<\/p>\n<p>DIEGO \u00a0EUGENIO CORREDOR BELTR\u00c1N \u00a0<\/p>\n<p>LUIS \u00a0ANTONIO HERN\u00c1NDEZ BARBOSA \u00a0<\/p>\n<p>HUGO \u00a0QUINTERO BERNATE \u00a0<\/p>\n<p>PATRICIA \u00a0SALAZAR CU\u00c9LLAR \u00a0<\/p>\n<p>NUBIA \u00a0YOLANDA NOVA GARC\u00cdA \u00a0<\/p>\n<p>Secretaria \u00a0<\/p>\n<p>1 \u00a0 \u00a0 \u00a0 \u00a0 \u00a0Entre \u00a0 \u00a0 \u00a0 \u00a0 \u00a0ellos los efectuados en los tr\u00e1mites de extradici\u00f3n \u00a0 \u00a0 \u00a0 \u00a0 \u00a0con radicaciones 45737 y 51832. \u00a0<\/p>\n<p>\u00a0 \u00a0 \u00a0\u00a0<\/p>\n<p><\/p>\n","protected":false},"excerpt":{"rendered":"<p>\u00a0 \u00a0 \u00a0 \u00a0\u00a0 FABIO \u00a0OSPITIA GARZ\u00d3N \u00a0 Magistrado \u00a0Ponente \u00a0 AP172 \u00a0&#8211; 2022 \u00a0 Extradici\u00f3n \u00a0No. 60083 \u00a0 Acta \u00a0No. 012 \u00a0 Bogot\u00e1, \u00a0D. C., veintis\u00e9is (26) de enero de dos mil veintid\u00f3s \u00a0(2022). \u00a0 La \u00a0Corte se pronuncia sobre la viabilidad de continuar el tramite de \u00a0extradici\u00f3n del ciudadano estadounidense NATHAN \u00a0ALLEN WEBB, [&hellip;]<\/p>\n","protected":false},"author":1,"featured_media":0,"comment_status":"open","ping_status":"open","sticky":false,"template":"","format":"standard","meta":{"footnotes":""},"categories":[44,45],"tags":[],"class_list":["post-61345","post","type-post","status-publish","format-standard","hentry","category-44","category-enero-2022"],"_links":{"self":[{"href":"https:\/\/dmsjuridica.com\/buscador_20179478954\/salapenalcronologico20230723\/wp-json\/wp\/v2\/posts\/61345","targetHints":{"allow":["GET"]}}],"collection":[{"href":"https:\/\/dmsjuridica.com\/buscador_20179478954\/salapenalcronologico20230723\/wp-json\/wp\/v2\/posts"}],"about":[{"href":"https:\/\/dmsjuridica.com\/buscador_20179478954\/salapenalcronologico20230723\/wp-json\/wp\/v2\/types\/post"}],"author":[{"embeddable":true,"href":"https:\/\/dmsjuridica.com\/buscador_20179478954\/salapenalcronologico20230723\/wp-json\/wp\/v2\/users\/1"}],"replies":[{"embeddable":true,"href":"https:\/\/dmsjuridica.com\/buscador_20179478954\/salapenalcronologico20230723\/wp-json\/wp\/v2\/comments?post=61345"}],"version-history":[{"count":0,"href":"https:\/\/dmsjuridica.com\/buscador_20179478954\/salapenalcronologico20230723\/wp-json\/wp\/v2\/posts\/61345\/revisions"}],"wp:attachment":[{"href":"https:\/\/dmsjuridica.com\/buscador_20179478954\/salapenalcronologico20230723\/wp-json\/wp\/v2\/media?parent=61345"}],"wp:term":[{"taxonomy":"category","embeddable":true,"href":"https:\/\/dmsjuridica.com\/buscador_20179478954\/salapenalcronologico20230723\/wp-json\/wp\/v2\/categories?post=61345"},{"taxonomy":"post_tag","embeddable":true,"href":"https:\/\/dmsjuridica.com\/buscador_20179478954\/salapenalcronologico20230723\/wp-json\/wp\/v2\/tags?post=61345"}],"curies":[{"name":"wp","href":"https:\/\/api.w.org\/{rel}","templated":true}]}}