{"id":61334,"date":"2024-02-20T15:54:42","date_gmt":"2024-02-20T15:54:42","guid":{"rendered":"https:\/\/dmsjuridica.com\/buscador_20179478954\/salapenalcronologico20230723\/2024\/02\/20\/ap130-202258805\/"},"modified":"2024-02-20T15:54:42","modified_gmt":"2024-02-20T15:54:42","slug":"ap130-202258805","status":"publish","type":"post","link":"https:\/\/dmsjuridica.com\/buscador_20179478954\/salapenalcronologico20230723\/2024\/02\/20\/ap130-202258805\/","title":{"rendered":"AP130-2022(58805)"},"content":{"rendered":"\n<p>\u00a0 \u00a0 \u00a0 \u00a0\u00a0<\/p>\n<p>Magistrado \u00a0ponente \u00a0<\/p>\n<p>AP130-2022 \u00a0<\/p>\n<p>Radicado No. \u00a058805. \u00a0<\/p>\n<p>Acta 12. \u00a0<\/p>\n<p>Bogot\u00e1 \u00a0D.C., veintis\u00e9is (26) de enero de dos mil veintid\u00f3s \u00a0(2022). \u00a0<\/p>\n<p>ASUNTO \u00a0<\/p>\n<p>Se pronuncia la \u00a0Sala respecto de la solicitud efectuada por el Director de la Oficina \u00a0de Asuntos Internaciones del Ministerio de Justicia y del Derecho, \u00a0atinente a que se aclare el concepto favorable de extradici\u00f3n \u00a0CP187-2021 del primero de diciembre de 2021, en lo que tiene que ver \u00a0con los cargos numerados: \u201cTrece, \u00a0Diecisiete y Treinta y Tres al Treinta y Cinco\u201d contenidos \u00a0en la acusaci\u00f3n 19-790 (PAD), dictada el 17 de diciembre de \u00a02019, por la Corte Distrital de los Estados Unidos de Am\u00e9rica \u00a0para el Distrito de Puerto Rico, en contra del ciudadano Henry \u00a0Omar Medina Rojas. \u00a0<\/p>\n<p>ANTECEDENTES \u00a0<\/p>\n<p>1. El Gobierno de \u00a0los Estados Unidos de Am\u00e9rica, a trav\u00e9s de su Embajada \u00a0en Colombia, mediante Nota Verbal No. 1320 del 18 de septiembre de \u00a02020, solicit\u00f3 la detenci\u00f3n preventiva con fines de \u00a0extradici\u00f3n del ciudadano Henry \u00a0Omar Medina Rojas, \u00a0requerido para comparecer a juicio por hechos ocurridos entre \u00a0septiembre de 2015 y diciembre de 2019 al participar de una \u00a0organizaci\u00f3n criminal destinada al tr\u00e1fico de \u00a0estupefacientes y lavado de dinero, con base en la acusaci\u00f3n \u00a019-790 (PAD), dictada el 17 de diciembre de 2019, por la Corte \u00a0Distrital de los Estados Unidos de Am\u00e9rica para el Distrito de \u00a0Puerto Rico. \u00a0<\/p>\n<p>2. \u00a0En atenci\u00f3n a lo anterior, el Fiscal General de la Naci\u00f3n \u00a0mediante resoluci\u00f3n de 22 de septiembre de 2020 decret\u00f3 \u00a0la captura con fines de extradici\u00f3n del ciudadano en menci\u00f3n, \u00a0que se materializ\u00f3 el 23 de octubre siguiente, por miembros de \u00a0la Direcci\u00f3n de Investigaci\u00f3n Criminal e Interpol de la \u00a0Polic\u00eda Nacional. \u00a0<\/p>\n<p>3. El Gobierno de \u00a0los Estados Unidos de Am\u00e9rica, a trav\u00e9s de Nota Verbal \u00a0No 2075 de 17 de diciembre de 2020 present\u00f3 solicitud formal \u00a0de extradici\u00f3n del requerido. \u00a0<\/p>\n<p>5. El Director de \u00a0la Oficina de Asuntos Internacionales del Ministerio de Justicia y \u00a0del Derecho con oficio MJD-OFI21-0048231-GEX-1100 del 27 de diciembre \u00a0del a\u00f1o 2021, solicit\u00f3 aclaraci\u00f3n sobre la \u00a0acusaci\u00f3n teniendo en cuenta que el concepto favorable se \u00a0emiti\u00f3 por dos cargos, (i) concierto para importar coca\u00edna \u00a0a los Estados Unidos y (ii) concierto para lavar instrumentos \u00a0monetarios, cuando en la Nota Verbal No. 2075 del 17 de diciembre de \u00a02020, la embajada del Gobierno de los Estados Unidos de Am\u00e9rica, \u00a0present\u00f3 solicitud formal de extradici\u00f3n no s\u00f3lo \u00a0por los dos antes mencionados sino por un tercer grupo que denomin\u00f3 \u00a0\u201cCargos \u00a0Trece, Diecisiete y Treinta y Tres al Treinta y Cinco\u201d \u00a0relacionados \u00a0con lavar instrumentos monetarios. \u00a0<\/p>\n<p>CONSIDERACIONES \u00a0<\/p>\n<p>Con fundamento en \u00a0lo dispuesto en los art\u00edculos 10\u00b0 inciso quinto y 139.3 de \u00a0la Ley 906 de 20041, \u00a0que autorizan al juez corregir los actos irregulares no sancionables \u00a0con nulidad, y lo previsto en el art\u00edculo 287 del C\u00f3digo \u00a0General del Proceso2, \u00a0que permite igualmente la adici\u00f3n de las providencias cuando \u00a0se omita resolver sobre cualquiera de los extremos de la litis o \u00a0sobre cualquier otro punto que de conformidad con la ley deb\u00eda \u00a0ser objeto de pronunciamiento, la Sala proceder\u00e1 a adicionar \u00a0el concepto de extradici\u00f3n CP187-2021 de primero de diciembre \u00a0de 2021, conforme a la solicitud elevada por el \u00a0Director de la Oficina de Asuntos Internacionales del Ministerio de \u00a0Justicia y del Derecho. \u00a0<\/p>\n<p>En primer lugar, \u00a0el director \u00a0de la Oficina de Asuntos Internacionales del Ministerio de Justicia y \u00a0del Derecho solicit\u00f3 aclarar que la acusaci\u00f3n que \u00a0motiv\u00f3 el concepto favorable de extradici\u00f3n CP187-2021, \u00a0lo \u00a0fue tambi\u00e9n por los cargos \u201cTrece, \u00a0Diecisiete y Treinta y Tres al Treinta y Cinco\u201d. \u00a0<\/p>\n<p>Sobre ese \u00a0particular, al revisar el contenido del concepto, la Sala advierte \u00a0que al momento de dictar el concepto favorable, se indic\u00f3 que \u00a0Henry \u00a0Omar Medina Rojas era \u00a0requerido para responder por los cargos formulados en la acusaci\u00f3n \u00a019-790 (PAD), dictada el 17 de diciembre de 2019, por la Corte \u00a0Distrital de los Estados Unidos de Am\u00e9rica para el Distrito de \u00a0Puerto Rico. Concretamente por los cargos uno \u201cConcierto \u00a0para importar coca\u00edna a los Estados Unidos\u201d \u00a0y dos \u201cConcierto \u00a0para lavar instrumentos monetarios\u201d. \u00a0<\/p>\n<p>Sin embargo, el \u00a0pa\u00eds requirente, en la petici\u00f3n formal de extradici\u00f3n, \u00a0Nota Verbal No. 2075 del 17 de diciembre de 2020 precis\u00f3 que \u00a0el sujeto es solicitado adem\u00e1s por los cargos \u201cTrece, \u00a0Diecisiete y Treinta y Tres al Treinta y Cinco\u201d. \u00a0<\/p>\n<p>En la aludida nota \u00a0verbal se hace referencia a los cargos de la siguiente forma: \u00a0<\/p>\n<p>MEDINA ROJAS es \u00a0requerido para comparecer por delitos de tr\u00e1fico de narc\u00f3ticos \u00a0y delitos de lavado de dinero. MEDINA ROJAS es el sujeto de una \u00a0Acusaci\u00f3n en el Caso No. 19-790 (PAD), dictada el 17 de \u00a0diciembre de 2019, en la Corte Distrital de los Estados Unidos para \u00a0el Distrito de Puerto Rico, mediante la cual se acusa a MEDINA ROJAS \u00a0de los siguientes delitos: \u00a0<\/p>\n<p>\u2014Cargo \u00a0Uno: Concierto para importar cinco kilogramos o m\u00e1s de coca\u00edna \u00a0a los Estados Unidos desde un lugar fuera de los Estados Unidos, en \u00a0violaci\u00f3n del T\u00edtulo 21, Secciones 952, 960 y 963 del \u00a0C\u00f3digo de los Estados Unidos; \u00a0<\/p>\n<p>\u2014Cargo \u00a0Dos: Concierto para lavar instrumentos monetarios, espec\u00edficamente, \u00a0MEDINA ROJAS acord\u00f3 con una o m\u00e1s personas involucrarse \u00a0en transacciones financieras, con el conocimiento de que los bienes \u00a0representan en realidad las utilidades provenientes de alg\u00fan \u00a0tipo de actividad il\u00edcita (tr\u00e1fico de drogas il\u00edcitas), \u00a0la cual fue transferida entre lugares en los Estados Unidos y lugares \u00a0fuera de los Estados Unidos, con la intenci\u00f3n de promover la \u00a0continuidad de esa actividad il\u00edcita especificada, y con el \u00a0conocimiento de que la transacci\u00f3n est\u00e1 dise\u00f1ada \u00a0en su totalidad o en parte, para ocultar o encubrir la naturaleza, la \u00a0ubicaci\u00f3n, el origen, la propiedad o el control de las \u00a0utilidades de la actividad il\u00edcita especificada, en violaci\u00f3n \u00a0del T\u00edtulo 18. \u00a0<\/p>\n<p>Secciones \u00a01956(h), (a)(l)(A)(i), (a)(l)(B)(i), (a)(2)(A) y (a)(2)(B)(i) del \u00a0C\u00f3digo de los Estados Unidos; y \u00a0<\/p>\n<p>\u2014Cargos \u00a0Trece, Diecisiete y Treinta y Tres al Treinta y Cinco: \u00a0Lavar instrumentos monetarios, espec\u00edficamente, involucrarse \u00a0en transacciones financieras en las cuales los bienes representan las \u00a0utilidades alg\u00fan tipo de actividad il\u00edcita, la cual \u00a0est\u00e1 dise\u00f1ada para promover la continuidad de esa \u00a0actividad il\u00edcita especificada, con el conocimiento de que la \u00a0transacci\u00f3n est\u00e1 dise\u00f1ada en su totalidad o en \u00a0parte, para ocultar o encubrir la naturaleza, la ubicaci\u00f3n, el \u00a0origen, la propiedad o el control de las utilidades de la actividad \u00a0il\u00edcita especificada, y colaborando e instigando dicho delito, \u00a0en violaci\u00f3n del T\u00edtulo 18, Secciones 1956(a)(l)(A)(i), \u00a0(a)(l)(B)(i) y 2 del C\u00f3digo de los Estados Unidos. (negrilla \u00a0fuera del texto). \u00a0<\/p>\n<p>Asimismo, en la \u00a0acusaci\u00f3n 19-790 (PAD), dictada el 17 de diciembre de 2019, \u00a0por la Corte Distrital de los Estados Unidos de Am\u00e9rica para \u00a0el Distrito de Puerto Rico, se relacionaron dichos cargos agrupados \u00a0en la conducta \u201cLavado \u00a0de instrumentos monetarios\u201d. \u00a0<\/p>\n<p>En consecuencia, \u00a0la Sala procede a adicionar el concepto, en los aspectos que resulte \u00a0pertinente, frente a los cargos \u201cTrece, \u00a0Diecisiete y Treinta y Tres al Treinta y Cinco\u201d formulados \u00a0por el delito de \u201cLavado \u00a0de instrumentos monetarios\u201d que \u00a0aparecen referidos en la acusaci\u00f3n 19-790 (PAD), dictada el 17 \u00a0de diciembre de 2019, por la Corte Distrital de los Estados Unidos de \u00a0Am\u00e9rica para el Distrito de Puerto Rico. \u00a0<\/p>\n<p>As\u00ed las \u00a0cosas, se advierte en lo que tiene que ver con los requisitos que \u00a0deben verificarse para la procedencia de la extradici\u00f3n, que \u00a0en este caso corresponden a los previstos en los art\u00edculos 493 \u00a0y 502 de la Ley 906 de 20043, \u00a0la Sala extender\u00e1 el an\u00e1lisis efectuado en el concepto \u00a0CP187-2021 del primero de diciembre de 2021 frente a los cargos ac\u00e1 \u00a0estudiados, respecto de (i) \u00a0las condiciones \u00a0constitucionales de improcedencia de la extradici\u00f3n; \u00a0(ii) \u00a0validez formal de la documentaci\u00f3n presentada; (iii) \u00a0la demostraci\u00f3n plena de la identidad del solicitado; y (vi) \u00a0la equivalencia de la providencia proferida en el extranjero. Lo \u00a0anterior, comoquiera que el estudio que ya realiz\u00f3 la Sala \u00a0sobre dichos t\u00f3picos resulta plenamente aplicable al cargo \u00a0omitido. \u00a0<\/p>\n<p>En lo que tiene \u00a0que ver con la doble incriminaci\u00f3n, se itera, no se incluyeron \u00a0concretamente los cargos 13, 17, 33, 34 y 35 \u00a0por \u00a0el delito de \u201cLavado \u00a0de instrumentos monetarios\u201d \u00a0contemplado en la acusaci\u00f3n 19-790 (PAD), dictada el 17 de \u00a0diciembre de 2019, por la Corte Distrital de los Estados Unidos de \u00a0Am\u00e9rica para el Distrito de Puerto Rico, el cual se transcribe \u00a0para efectos de adicionar el concepto: \u00a0<\/p>\n<p>CARGOS \u00a0TRES to TREINTA Y SEIS \u00a0<\/p>\n<p>Lavado \u00a0de instrumentos monetarios \u00a0<\/p>\n<p>T\u00edtulo \u00a018, C\u00f3digo de los EE.UU., Secci\u00f3n 1956(a)(l)(A)(i) &amp; \u00a0(a)(l)(B)(i) \u00a0<\/p>\n<p>En \u00a0o cerca de las fechas abajo indicadas, en el Distrito de Puerto Rico, \u00a0en otros lugares y dentro de la jurisdicci\u00f3n de este Tribunal, \u00a0los acusados abajo mencionados, a sabiendas llevaron a cabo e \u00a0intentaron llevar a cabo transacciones financieras que afectaban el \u00a0comercio interestatal y for\u00e1neo, a saber, la entrega y \u00a0transferencia de moneda de los Estados Unidos, la cual envolv\u00eda \u00a0las ganancias de una actividad il\u00edcita espec\u00edfica, a \u00a0saber: la manufactura, importaci\u00f3n, recibo, ocultamiento, \u00a0compra, venta y cualquier otro manejo criminal de sustancias \u00a0controladas con la intenci\u00f3n de promover la continuidad de \u00a0dicha actividad il\u00edcita espec\u00edfica y a sabiendas de que \u00a0la transacci\u00f3n financi\u00e9is estaba dise\u00f1ada, en \u00a0todo o en parte, para ocultar y disimular la naturaleza, \u00a0localizaci\u00f3n, origen, propiedad y control de las ganancias de \u00a0dicha actividad il\u00edcita espec\u00edfica y que mientras \u00a0llevaban a cabo o intentaban llevar a cabo dicha transacci\u00f3n \u00a0financiera conoc\u00edan que la propiedad envuelta en la \u00a0transacci\u00f3n financiera representaban las ganancias de alg\u00fan \u00a0tipo de actividad il\u00edcita. \u00a0<\/p>\n<p>(\u2026) \u00a0<\/p>\n<p>\u00a0 \u00a0\u00a0 \u00a0 \u00a0 \u00a0 \u00a0 \u00a0 \u00a0 \u00a0 \u00a0 \u00a0 \u00a0 \u00a0 \u00a0 \u00a0 \u00a0 \u00a0 \u00a0 \u00a0 \u00a0 \u00a0 \u00a0 \u00a0 \u00a0 \u00a0 \u00a0<\/p>\n<p>09\/02\/2017 \u00a0 \u00a0 \u00a0 \u00a0 \u00a0 \u00a0 \u00a0 \u00a0 \u00a0 \u00a0 \u00a0 \u00a0 \u00a0 \u00a0 \u00a0 \u00a0 \u00a0 \u00a0 \u00a0 \u00a0 \u00a0 \u00a0 \u00a0 \u00a0 \u00a0 \u00a0 \u00a0 \u00a0 \u00a0 \u00a0 \u00a0 \u00a0 \u00a0 \u00a0 \u00a0<\/p>\n<p>(\u2026) \u00a0 \u00a0 \u00a0 \u00a0 \u00a0 \u00a0 \u00a0 \u00a0 \u00a0 \u00a0 \u00a0 \u00a0 \u00a0<\/p>\n<p>[6] \u00a0 \u00a0 \u00a0 \u00a0 \u00a0 \u00a0 \u00a0 \u00a0 \u00a0 \u00a0 \u00a0 \u00a0 \u00a0HENRY MEDINA \u00a0 \u00a0 \u00a0 \u00a0 \u00a0 \u00a0 \u00a0 \u00a0 \u00a0 \u00a0 \u00a0 \u00a0 \u00a0 \u00a0 \u00a0 \u00a0 \u00a0 \u00a0 \u00a0 \u00a0 \u00a0 \u00a0 \u00a0 \u00a0 \u00a0 \u00a0 \u00a0 \u00a0 \u00a0 \u00a0 \u00a0 \u00a0 \u00a0 \u00a0 \u00a0<\/p>\n<p>$603,260 \u00a0 \u00a0 \u00a0 \u00a0 \u00a0<\/p>\n<p>17 \u00a0 \u00a0 \u00a0 \u00a0 \u00a0 \u00a0 \u00a0 \u00a0 \u00a0 \u00a0 \u00a0 \u00a0 \u00a0 \u00a0 \u00a0 \u00a0 \u00a0 \u00a0 \u00a0 \u00a0 \u00a0 \u00a0 \u00a0 \u00a0 \u00a0 \u00a0 \u00a0 \u00a0 \u00a0 \u00a0 \u00a0 \u00a0 \u00a0 \u00a0 \u00a0<\/p>\n<p>21\/03\/2017 \u00a0 \u00a0 \u00a0 \u00a0 \u00a0 \u00a0 \u00a0 \u00a0 \u00a0 \u00a0 \u00a0 \u00a0 \u00a0 \u00a0 \u00a0 \u00a0 \u00a0 \u00a0 \u00a0 \u00a0 \u00a0 \u00a0 \u00a0 \u00a0 \u00a0 \u00a0 \u00a0 \u00a0 \u00a0 \u00a0 \u00a0 \u00a0 \u00a0 \u00a0 \u00a0<\/p>\n<p>[6] \u00a0 \u00a0 \u00a0 \u00a0 \u00a0 \u00a0 \u00a0 \u00a0 \u00a0 \u00a0 \u00a0 \u00a0 \u00a0HENRY MEDINA \u00a0 \u00a0 \u00a0 \u00a0 \u00a0 \u00a0 \u00a0 \u00a0 \u00a0 \u00a0 \u00a0 \u00a0 \u00a0 \u00a0 \u00a0 \u00a0 \u00a0 \u00a0 \u00a0 \u00a0 \u00a0 \u00a0 \u00a0 \u00a0 \u00a0 \u00a0 \u00a0 \u00a0 \u00a0 \u00a0 \u00a0 \u00a0 \u00a0 \u00a0 \u00a0<\/p>\n<p>$396,510 \u00a0 \u00a0 \u00a0 \u00a0 \u00a0<\/p>\n<p>33 \u00a0 \u00a0 \u00a0 \u00a0 \u00a0 \u00a0 \u00a0 \u00a0 \u00a0 \u00a0 \u00a0 \u00a0 \u00a0 \u00a0 \u00a0 \u00a0 \u00a0 \u00a0 \u00a0 \u00a0 \u00a0 \u00a0 \u00a0 \u00a0 \u00a0 \u00a0 \u00a0 \u00a0 \u00a0 \u00a0 \u00a0 \u00a0 \u00a0 \u00a0 \u00a0<\/p>\n<p>27\/02\/2018 \u00a0 \u00a0 \u00a0 \u00a0 \u00a0 \u00a0 \u00a0 \u00a0 \u00a0 \u00a0 \u00a0 \u00a0 \u00a0 \u00a0 \u00a0 \u00a0 \u00a0 \u00a0 \u00a0 \u00a0 \u00a0 \u00a0 \u00a0 \u00a0 \u00a0 \u00a0 \u00a0 \u00a0 \u00a0 \u00a0 \u00a0 \u00a0 \u00a0 \u00a0 \u00a0<\/p>\n<p>[6] \u00a0 \u00a0 \u00a0 \u00a0 \u00a0 \u00a0 \u00a0 \u00a0 \u00a0 \u00a0 \u00a0 \u00a0 \u00a0HENRY MEDINA \u00a0 \u00a0 \u00a0 \u00a0 \u00a0 \u00a0 \u00a0 \u00a0 \u00a0 \u00a0 \u00a0 \u00a0 \u00a0 \u00a0 \u00a0 \u00a0 \u00a0 \u00a0 \u00a0 \u00a0 \u00a0 \u00a0 \u00a0 \u00a0 \u00a0 \u00a0 \u00a0 \u00a0 \u00a0 \u00a0 \u00a0 \u00a0 \u00a0 \u00a0 \u00a0<\/p>\n<p>$249,030 \u00a0 \u00a0 \u00a0 \u00a0 \u00a0<\/p>\n<p>34 \u00a0 \u00a0 \u00a0 \u00a0 \u00a0 \u00a0 \u00a0 \u00a0 \u00a0 \u00a0 \u00a0 \u00a0 \u00a0 \u00a0 \u00a0 \u00a0 \u00a0 \u00a0 \u00a0 \u00a0 \u00a0 \u00a0 \u00a0 \u00a0 \u00a0 \u00a0 \u00a0 \u00a0 \u00a0 \u00a0 \u00a0 \u00a0 \u00a0 \u00a0 \u00a0<\/p>\n<p>14\/03\/2018 \u00a0 \u00a0 \u00a0 \u00a0 \u00a0 \u00a0 \u00a0 \u00a0 \u00a0 \u00a0 \u00a0 \u00a0 \u00a0 \u00a0 \u00a0 \u00a0 \u00a0 \u00a0 \u00a0 \u00a0 \u00a0 \u00a0 \u00a0 \u00a0 \u00a0 \u00a0 \u00a0 \u00a0 \u00a0 \u00a0 \u00a0 \u00a0 \u00a0 \u00a0 \u00a0<\/p>\n<p>[6] \u00a0 \u00a0 \u00a0 \u00a0 \u00a0 \u00a0 \u00a0 \u00a0 \u00a0 \u00a0 \u00a0 \u00a0 \u00a0HENRY MEDINA<\/p>\n<p>(\u2026) \u00a0 \u00a0 \u00a0 \u00a0 \u00a0 \u00a0 \u00a0 \u00a0 \u00a0 \u00a0 \u00a0 \u00a0 \u00a0 \u00a0 \u00a0 \u00a0 \u00a0 \u00a0 \u00a0 \u00a0 \u00a0 \u00a0 \u00a0 \u00a0 \u00a0 \u00a0 \u00a0 \u00a0 \u00a0 \u00a0 \u00a0 \u00a0 \u00a0 \u00a0 \u00a0<\/p>\n<p>$186,000 \u00a0 \u00a0 \u00a0 \u00a0 \u00a0<\/p>\n<p>35 \u00a0 \u00a0 \u00a0 \u00a0 \u00a0 \u00a0 \u00a0 \u00a0 \u00a0 \u00a0 \u00a0 \u00a0 \u00a0 \u00a0 \u00a0 \u00a0 \u00a0 \u00a0 \u00a0 \u00a0 \u00a0 \u00a0 \u00a0 \u00a0 \u00a0 \u00a0 \u00a0 \u00a0 \u00a0 \u00a0 \u00a0 \u00a0 \u00a0 \u00a0 \u00a0<\/p>\n<p>15\/03\/2018 \u00a0 \u00a0 \u00a0 \u00a0 \u00a0 \u00a0 \u00a0 \u00a0 \u00a0 \u00a0 \u00a0 \u00a0 \u00a0 \u00a0 \u00a0 \u00a0 \u00a0 \u00a0 \u00a0 \u00a0 \u00a0 \u00a0 \u00a0 \u00a0 \u00a0 \u00a0 \u00a0 \u00a0 \u00a0 \u00a0 \u00a0 \u00a0 \u00a0 \u00a0 \u00a0<\/p>\n<p>[6] \u00a0 \u00a0 \u00a0 \u00a0 \u00a0 \u00a0 \u00a0 \u00a0 \u00a0 \u00a0 \u00a0 \u00a0 \u00a0HENRY MEDINA \u00a0 \u00a0 \u00a0 \u00a0 \u00a0 \u00a0 \u00a0 \u00a0 \u00a0 \u00a0 \u00a0 \u00a0 \u00a0 \u00a0 \u00a0 \u00a0 \u00a0 \u00a0 \u00a0 \u00a0 \u00a0 \u00a0 \u00a0 \u00a0 \u00a0 \u00a0 \u00a0 \u00a0 \u00a0 \u00a0 \u00a0 \u00a0 \u00a0 \u00a0 \u00a0<\/p>\n<p>$330,000 \u00a0 \u00a0<\/p>\n<p>Ahora, la Sala \u00a0encuentra que los hechos reproducidos en el concepto CP187-2021 del \u00a0primero de diciembre de 2021, constituyen el respaldo f\u00e1ctico \u00a0de los cargos antes mencionados. En ese sentido, se encuentra que en \u00a0la parte motiva del concepto, al momento de traer al texto la \u00a0declaraci\u00f3n jurada en apoyo a la solicitud de extradici\u00f3n \u00a0que rindi\u00f3 el Agente Especial del Departamento de Seguridad \u00a0Nacional (DHS), Gerardo E. Mujica, se abordaron todos los hechos4 \u00a0que respaldaban la acusaci\u00f3n, incluyendo los relacionados con \u00a0el delito de lavado de instrumentos monetarios cuando se anot\u00f3 \u00a0literalmente lo acontecido en las fechas destacadas en el cuadro \u00a0anterior. \u00a0<\/p>\n<p>Igualmente, se \u00a0constata que en punto a la adecuaci\u00f3n de las conductas \u00a0descritas en la acusaci\u00f3n for\u00e1nea con las normas del \u00a0C\u00f3digo de los Estados Unidos de Am\u00e9rica, en el concepto \u00a0se transcribi\u00f3 el \u201cT\u00edtulo \u00a018, C\u00f3digo de los Estado Unidos, Secci\u00f3n 1956\u201d \u00a0que concierne al delito de \u201cLavado \u00a0de instrumentos monetarios\u201d5. \u00a0<\/p>\n<p>As\u00ed, \u00a0tambi\u00e9n, se consign\u00f3 \u00a0que los comportamientos atribuidos al reclamado como il\u00edcitos \u00a0en los Estados Unidos de Am\u00e9rica tienen en Colombia la misma \u00a0connotaci\u00f3n y se adec\u00faan \u00a0t\u00edpicamente a los reatos de concierto para delinquir (art. \u00a0340 \u00a0C.P. modificado por los Arts. 8\u00ba de la Ley 733 de 2002, 14 de la \u00a0Ley 890 de 2004, 19 de la Ley 1121 de 2006 y 5\u00ba de la Ley 1908 \u00a0de 2018); tr\u00e1fico, \u00a0fabricaci\u00f3n o porte de estupefacientes (art. \u00a0376 C.P.\u2500 reformado \u00a0por los Arts. \u00a014 de la Ley 890 de 2004 y 11 de la Ley \u00a01453 de 2011); y \u00a0lavado \u00a0de activos \u00a0(art. \u00a0323 C.P. \u2014modificado por el Art. 11 de la Ley 1762 de 2015). \u00a0\u00daltimo delito que guarda equivalencia con el cargo por \u201cLavado \u00a0de instrumentos monetarios\u201d, imputado \u00a0al ciudadano Henry \u00a0Omar Medina Rojas. \u00a0<\/p>\n<p>Corolario de lo \u00a0expuesto y, una vez acreditado que se cumplen todos los requisitos \u00a0para la emisi\u00f3n del concepto favorable tambi\u00e9n por los \u00a0cargos \u201cTrece, \u00a0Diecisiete y Treinta y Tres al Treinta y Cinco\u201d \u00a0por el delito de \u201cLavado \u00a0de instrumentos monetarios\u201d, contenido \u00a0en la acusaci\u00f3n 19-790 (PAD), dictada el 17 de diciembre de \u00a02019, por la Corte Distrital de los Estados Unidos de Am\u00e9rica \u00a0para el Distrito de Puerto Rico, se adicionar\u00e1 en ese sentido \u00a0el concepto CP187-2021. \u00a0<\/p>\n<p>En ese sentido, se \u00a0resalta que los condicionamientos previstos en el concepto \u00a0CP187-2021, son aplicables, igualmente, a los cargos \u201cTrece, \u00a0Diecisiete y Treinta y Tres al Treinta y Cinco\u201d, \u00a0por el delito de \u201cLavado \u00a0de instrumentos monetarios\u201d, \u00a0al que hace referencia este prove\u00eddo. \u00a0<\/p>\n<p>En m\u00e9rito \u00a0de lo expuesto, la CORTE SUPREMA DE JUSTICIA, SALA DE CASACI\u00d3N \u00a0PENAL, \u00a0<\/p>\n<p>RESUELVE \u00a0<\/p>\n<p>ADICIONAR el \u00a0concepto CP187-2021, \u00a0emitido el primero de diciembre de 2021, \u00a0respecto del requerido Henry \u00a0Omar Medina Rojas, \u00a0en el sentido de conceptuar \u00a0favorablemente, tambi\u00e9n, por los cargos \u201cTrece, \u00a0Diecisiete y Treinta y Tres al Treinta y Cinco\u201d \u00a0contenidos \u00a0en la acusaci\u00f3n \u00a019-790 (PAD), dictada el 17 de diciembre de 2019, por la Corte \u00a0Distrital de los Estados Unidos de Am\u00e9rica para el Distrito de \u00a0Puerto Rico, que hace referencia al \u00a0\u201cLavado \u00a0de instrumentos monetarios.\u201d \u00a0<\/p>\n<p>Comun\u00edquese \u00a0esta determinaci\u00f3n al solicitado en extradici\u00f3n Henry \u00a0Omar Medina Rojas, \u00a0a su defensor y al Ministerio P\u00fablico. \u00a0<\/p>\n<p>Devu\u00e9lvase \u00a0el expediente al Ministerio de Justicia y del Derecho para lo de Ley. \u00a0<\/p>\n<p>FABIO OSPITIA \u00a0GARZ\u00d3N \u00a0<\/p>\n<p>JOS\u00c9 \u00a0FRANCISCO ACU\u00d1A VIZCAYA \u00a0<\/p>\n<p>MYRIAM \u00c1VILA \u00a0ROLD\u00c1N \u00a0<\/p>\n<p>FERNANDO LE\u00d3N \u00a0BOLA\u00d1OS PALACIOS \u00a0<\/p>\n<p>GERSON CHAVERRA \u00a0CASTRO \u00a0<\/p>\n<p>DIEGO EUGENIO \u00a0CORREDOR BELTR\u00c1N \u00a0<\/p>\n<p>LUIS ANTONIO \u00a0HERN\u00c1NDEZ BARBOSA \u00a0<\/p>\n<p>HUGO QUINTERO \u00a0BERNATE \u00a0<\/p>\n<p>PATRICIA \u00a0SALAZAR CU\u00c9LLAR \u00a0<\/p>\n<p>Nubia \u00a0Yolanda Nova Garc\u00eda \u00a0<\/p>\n<p>Secretaria \u00a0<\/p>\n<p>2 \u00a0 \u00a0 \u00a0 \u00a0 \u00a0\u201cArt\u00edculo \u00a0 \u00a0 \u00a0 \u00a0 \u00a0287. Adici\u00f3n. \u00a0 \u00a0 \u00a0 \u00a0 \u00a0Cuando la sentencia omita resolver sobre cualquiera de los extremos \u00a0 \u00a0 \u00a0 \u00a0 \u00a0de la litis o sobre cualquier otro punto que de conformidad con la \u00a0 \u00a0 \u00a0 \u00a0 \u00a0ley deb\u00eda ser objeto de pronunciamiento, deber\u00e1 \u00a0 \u00a0 \u00a0 \u00a0 \u00a0adicionarse por medio de sentencia complementaria, dentro de la \u00a0 \u00a0 \u00a0 \u00a0 \u00a0ejecutoria, de oficio o a solicitud de parte presentada en la misma \u00a0 \u00a0 \u00a0 \u00a0 \u00a0oportunidad. \u00a0 \u00a0 \u00a0 \u00a0 \u00a0<\/p>\n<p>\u00a0\u00a0 \u00a0 \u00a0 \u00a0 \u00a0<\/p>\n<p>El \u00a0 \u00a0 \u00a0 \u00a0 \u00a0juez de segunda instancia deber\u00e1 complementar la sentencia \u00a0 \u00a0 \u00a0 \u00a0 \u00a0del inferior siempre que la parte perjudicada con la omisi\u00f3n \u00a0 \u00a0 \u00a0 \u00a0 \u00a0haya apelado; pero si dej\u00f3 de resolver la demanda de \u00a0 \u00a0 \u00a0 \u00a0 \u00a0reconvenci\u00f3n o la de un proceso acumulado, le devolver\u00e1 \u00a0 \u00a0 \u00a0 \u00a0 \u00a0el expediente para que dicte sentencia complementaria. \u00a0 \u00a0 \u00a0 \u00a0 \u00a0<\/p>\n<p>\u00a0\u00a0 \u00a0 \u00a0 \u00a0 \u00a0<\/p>\n<p>Los \u00a0 \u00a0 \u00a0 \u00a0 \u00a0autos solo podr\u00e1n adicionarse de oficio dentro del t\u00e9rmino \u00a0 \u00a0 \u00a0 \u00a0 \u00a0de su ejecutoria, o a solicitud de parte presentada en el mismo \u00a0 \u00a0 \u00a0 \u00a0 \u00a0t\u00e9rmino. \u00a0 \u00a0 \u00a0 \u00a0 \u00a0<\/p>\n<p>\u00a0\u00a0 \u00a0 \u00a0 \u00a0 \u00a0<\/p>\n<p>Dentro \u00a0 \u00a0 \u00a0 \u00a0 \u00a0del t\u00e9rmino de ejecutoria de la providencia que resuelva \u00a0 \u00a0 \u00a0 \u00a0 \u00a0sobre la complementaci\u00f3n podr\u00e1 recurrirse tambi\u00e9n \u00a0 \u00a0 \u00a0 \u00a0 \u00a0la providencia principal.\u201d \u00a0<\/p>\n<p>3 \u00a0 \u00a0 \u00a0 \u00a0 \u00a0Disposici\u00f3n vigente para la fecha en que se inici\u00f3 el \u00a0 \u00a0 \u00a0 \u00a0 \u00a0tr\u00e1mite de extradici\u00f3n a instancias del pa\u00eds \u00a0 \u00a0 \u00a0 \u00a0 \u00a0requirente, conforme lo precis\u00f3 la Sala en CP163-2021, 27 \u00a0 \u00a0 \u00a0 \u00a0 \u00a0oct. 2021. \u00a0<\/p>\n<p>4 \u00a0 \u00a0 \u00a0 \u00a0 \u00a0P\u00e1ginas \u00a0 \u00a0 \u00a0 \u00a0 \u00a017-19 \u00a0<\/p>\n<p>5 \u00a0 \u00a0 \u00a0 \u00a0 \u00a0P\u00e1gina 21. \u00a0 \u00a0 \u00a0<\/p>\n<p><\/p>\n","protected":false},"excerpt":{"rendered":"<p>\u00a0 \u00a0 \u00a0 \u00a0\u00a0 Magistrado \u00a0ponente \u00a0 AP130-2022 \u00a0 Radicado No. \u00a058805. \u00a0 Acta 12. \u00a0 Bogot\u00e1 \u00a0D.C., veintis\u00e9is (26) de enero de dos mil veintid\u00f3s \u00a0(2022). \u00a0 ASUNTO \u00a0 Se pronuncia la \u00a0Sala respecto de la solicitud efectuada por el Director de la Oficina \u00a0de Asuntos Internaciones del Ministerio de Justicia y del Derecho, [&hellip;]<\/p>\n","protected":false},"author":1,"featured_media":0,"comment_status":"open","ping_status":"open","sticky":false,"template":"","format":"standard","meta":{"footnotes":""},"categories":[44,45],"tags":[],"class_list":["post-61334","post","type-post","status-publish","format-standard","hentry","category-44","category-enero-2022"],"_links":{"self":[{"href":"https:\/\/dmsjuridica.com\/buscador_20179478954\/salapenalcronologico20230723\/wp-json\/wp\/v2\/posts\/61334","targetHints":{"allow":["GET"]}}],"collection":[{"href":"https:\/\/dmsjuridica.com\/buscador_20179478954\/salapenalcronologico20230723\/wp-json\/wp\/v2\/posts"}],"about":[{"href":"https:\/\/dmsjuridica.com\/buscador_20179478954\/salapenalcronologico20230723\/wp-json\/wp\/v2\/types\/post"}],"author":[{"embeddable":true,"href":"https:\/\/dmsjuridica.com\/buscador_20179478954\/salapenalcronologico20230723\/wp-json\/wp\/v2\/users\/1"}],"replies":[{"embeddable":true,"href":"https:\/\/dmsjuridica.com\/buscador_20179478954\/salapenalcronologico20230723\/wp-json\/wp\/v2\/comments?post=61334"}],"version-history":[{"count":0,"href":"https:\/\/dmsjuridica.com\/buscador_20179478954\/salapenalcronologico20230723\/wp-json\/wp\/v2\/posts\/61334\/revisions"}],"wp:attachment":[{"href":"https:\/\/dmsjuridica.com\/buscador_20179478954\/salapenalcronologico20230723\/wp-json\/wp\/v2\/media?parent=61334"}],"wp:term":[{"taxonomy":"category","embeddable":true,"href":"https:\/\/dmsjuridica.com\/buscador_20179478954\/salapenalcronologico20230723\/wp-json\/wp\/v2\/categories?post=61334"},{"taxonomy":"post_tag","embeddable":true,"href":"https:\/\/dmsjuridica.com\/buscador_20179478954\/salapenalcronologico20230723\/wp-json\/wp\/v2\/tags?post=61334"}],"curies":[{"name":"wp","href":"https:\/\/api.w.org\/{rel}","templated":true}]}}