{"id":60981,"date":"2023-12-22T22:21:13","date_gmt":"2023-12-22T22:21:13","guid":{"rendered":"https:\/\/dmsjuridica.com\/buscador_20179478954\/salapenalcronologico20230723\/2023\/12\/22\/ap5877-202157800\/"},"modified":"2023-12-22T22:21:13","modified_gmt":"2023-12-22T22:21:13","slug":"ap5877-202157800","status":"publish","type":"post","link":"https:\/\/dmsjuridica.com\/buscador_20179478954\/salapenalcronologico20230723\/2023\/12\/22\/ap5877-202157800\/","title":{"rendered":"AP5877-2021(57800)"},"content":{"rendered":"\n<p>\u00a0 \u00a0 \u00a0 \u00a0\u00a0<\/p>\n<p>DIEGO \u00a0EUGENIO CORREDOR BELTR\u00c1N \u00a0<\/p>\n<p>Magistrado \u00a0ponente \u00a0<\/p>\n<p>AP5877-2021 \u00a0<\/p>\n<p>Radicado \u00a0N\u00b0 57800. \u00a0<\/p>\n<p>Acta \u00a0326. \u00a0<\/p>\n<p>Bogot\u00e1, \u00a0D.C., nueve (9) de diciembre de dos mil veintiuno (2021). \u00a0<\/p>\n<p>V \u00a0I S T O S \u00a0<\/p>\n<p>1. \u00a0 Se pronuncia la \u00a0Corte sobre el desistimiento del recurso de casaci\u00f3n \u00a0presentado por el procesado JHONNY \u00a0DAVIS MART\u00cdNEZ ARTEAGA. \u00a0<\/p>\n<p>ANTECEDENTES \u00a0Y CONSIDERACIONES \u00a0<\/p>\n<p>2. \u00a0La defensora del se\u00f1or JHONNY DAVIS MART\u00cdNEZ ARTEAGA \u00a0interpuso recurso de casaci\u00f3n contra la sentencia dictada por \u00a0el Tribunal Superior del Distrito Judicial de Pasto, el 24 de junio \u00a0de 2020, mediante la cual modific\u00f3 la proferida por el Juzgado \u00a0Segundo Penal del Circuito de Conocimiento de Ipiales, el 23 de abril \u00a0de 2018, en su lugar, conden\u00f3 al procesado como autor del \u00a0delito de acceso carnal abuso con incapaz de resistir a la pena de \u00a0146 meses de prisi\u00f3n y la inhabilidad para el ejercicio de \u00a0derechos y funciones p\u00fablicas por igual t\u00e9rmino. \u00a0<\/p>\n<p>3. \u00a0Hall\u00e1ndose el expediente a despacho para resolver sobre la \u00a0admisi\u00f3n de la demanda de casaci\u00f3n, JHONNY DAVIS \u00a0MART\u00cdNEZ ARTEAGA hizo llegar a la Secretar\u00eda de la Sala \u00a0escrito en el que desiste del recurso. \u00a0<\/p>\n<p>4. \u00a0Con el fin de conocer la posici\u00f3n de la defensa y precaver la \u00a0existencia de un eventual conflicto entre sus pretensiones y las del \u00a0procesado, se corri\u00f3 traslado de la manifestaci\u00f3n a \u00a0quien en la actualidad se encuentra acreditada como su \u00a0representante1, \u00a0solicit\u00f3 \u00ab \u00a0que se desatienda la solicitud elevada por el encartado y se contin\u00fae \u00a0con el proceso con el que se busca que la Corte case la decisi\u00f3n \u00a0del Tribunal Superior de Pasto.2\u00bb, \u00a0e indic\u00f3 \u00a0que sobre el tema hizo la respectiva explicaci\u00f3n al procesado. \u00a0<\/p>\n<p>5. \u00a0Comoquiera que el art\u00edculo 130 de la Ley 906 de 2004, estatuto \u00a0aplicable al caso, establece que de mediar \u00a0conflicto entre las peticiones o actuaciones de la defensa con las \u00a0del imputado o procesado, prevalecen las de aqu\u00e9lla, la \u00a0Sala se atendr\u00e1 a la voluntad de \u00e9sta y negar\u00e1 \u00a0la pretensi\u00f3n de su representado. \u00a0<\/p>\n<p>En \u00a0m\u00e9rito de lo expuesto, la CORTE \u00a0SUPREMA DE JUSTICIA, SALA DE CASACI\u00d3N PENAL, \u00a0<\/p>\n<p>RESUELVE \u00a0<\/p>\n<p>PRIMERO.- \u00a0NO ACEPTAR el desistimiento del recurso de casaci\u00f3n presentado \u00a0por el procesado JHONNY DAVIS MART\u00cdNEZ ARTEAGA. \u00a0<\/p>\n<p>SEGUNDO.- \u00a0Contra esta decisi\u00f3n procede el recurso de reposici\u00f3n. \u00a0<\/p>\n<p>Notif\u00edquese y c\u00famplase. \u00a0<\/p>\n<p>GERSON \u00a0CHAVERRA CASTRO \u00a0<\/p>\n<p>JOS\u00c9 \u00a0FRANCISCO ACU\u00d1A VIZCAYA \u00a0<\/p>\n<p>DIEGO \u00a0EUGENIO CORREDOR BELTR\u00c1N \u00a0<\/p>\n<p>LUIS \u00a0ANTONIO HERN\u00c1NDEZ BARBOSA \u00a0<\/p>\n<p>FABIO \u00a0OSPITIA GARZ\u00d3N \u00a0<\/p>\n<p>HUGO \u00a0QUINTERO BERNATE \u00a0<\/p>\n<p>PATRICIA \u00a0SALAZAR CU\u00c9LLAR \u00a0<\/p>\n<p>Nubia \u00a0Yolanda Nova Garc\u00eda \u00a0<\/p>\n<p>Secretaria \u00a0<\/p>\n<p>1 \u00a0 \u00a0 \u00a0 \u00a0 \u00a0Poder otorgado 5 de marzo de 2020. \u00a0<\/p>\n<p>2 \u00a0 \u00a0 \u00a0 \u00a0 \u00a0Documento allegado v\u00eda virtual. \u00a0 \u00a0 \u00a0<\/p>\n<p><\/p>\n","protected":false},"excerpt":{"rendered":"<p>\u00a0 \u00a0 \u00a0 \u00a0\u00a0 DIEGO \u00a0EUGENIO CORREDOR BELTR\u00c1N \u00a0 Magistrado \u00a0ponente \u00a0 AP5877-2021 \u00a0 Radicado \u00a0N\u00b0 57800. \u00a0 Acta \u00a0326. \u00a0 Bogot\u00e1, \u00a0D.C., nueve (9) de diciembre de dos mil veintiuno (2021). \u00a0 V \u00a0I S T O S \u00a0 1. \u00a0 Se pronuncia la \u00a0Corte sobre el desistimiento del recurso de casaci\u00f3n \u00a0presentado por [&hellip;]<\/p>\n","protected":false},"author":1,"featured_media":0,"comment_status":"open","ping_status":"open","sticky":false,"template":"","format":"standard","meta":{"footnotes":""},"categories":[30,43],"tags":[],"class_list":["post-60981","post","type-post","status-publish","format-standard","hentry","category-30","category-diciembre"],"_links":{"self":[{"href":"https:\/\/dmsjuridica.com\/buscador_20179478954\/salapenalcronologico20230723\/wp-json\/wp\/v2\/posts\/60981","targetHints":{"allow":["GET"]}}],"collection":[{"href":"https:\/\/dmsjuridica.com\/buscador_20179478954\/salapenalcronologico20230723\/wp-json\/wp\/v2\/posts"}],"about":[{"href":"https:\/\/dmsjuridica.com\/buscador_20179478954\/salapenalcronologico20230723\/wp-json\/wp\/v2\/types\/post"}],"author":[{"embeddable":true,"href":"https:\/\/dmsjuridica.com\/buscador_20179478954\/salapenalcronologico20230723\/wp-json\/wp\/v2\/users\/1"}],"replies":[{"embeddable":true,"href":"https:\/\/dmsjuridica.com\/buscador_20179478954\/salapenalcronologico20230723\/wp-json\/wp\/v2\/comments?post=60981"}],"version-history":[{"count":0,"href":"https:\/\/dmsjuridica.com\/buscador_20179478954\/salapenalcronologico20230723\/wp-json\/wp\/v2\/posts\/60981\/revisions"}],"wp:attachment":[{"href":"https:\/\/dmsjuridica.com\/buscador_20179478954\/salapenalcronologico20230723\/wp-json\/wp\/v2\/media?parent=60981"}],"wp:term":[{"taxonomy":"category","embeddable":true,"href":"https:\/\/dmsjuridica.com\/buscador_20179478954\/salapenalcronologico20230723\/wp-json\/wp\/v2\/categories?post=60981"},{"taxonomy":"post_tag","embeddable":true,"href":"https:\/\/dmsjuridica.com\/buscador_20179478954\/salapenalcronologico20230723\/wp-json\/wp\/v2\/tags?post=60981"}],"curies":[{"name":"wp","href":"https:\/\/api.w.org\/{rel}","templated":true}]}}