{"id":59617,"date":"2023-12-22T19:33:19","date_gmt":"2023-12-22T19:33:19","guid":{"rendered":"https:\/\/dmsjuridica.com\/buscador_20179478954\/salapenalcronologico20230723\/2023\/12\/22\/ap5096-202155397\/"},"modified":"2023-12-22T19:33:19","modified_gmt":"2023-12-22T19:33:19","slug":"ap5096-202155397","status":"publish","type":"post","link":"https:\/\/dmsjuridica.com\/buscador_20179478954\/salapenalcronologico20230723\/2023\/12\/22\/ap5096-202155397\/","title":{"rendered":"AP5096-2021(55397)"},"content":{"rendered":"\n<p>\u00a0 \u00a0 \u00a0 \u00a0\u00a0<\/p>\n<p>LUIS ANTONIO \u00a0HERN\u00c1NDEZ BARBOSA \u00a0<\/p>\n<p>AP5096-2021 \u00a0<\/p>\n<p>Radicaci\u00f3n \u00a0# 55397 \u00a0<\/p>\n<p>Acta 281 \u00a0<\/p>\n<p>Bogot\u00e1 \u00a0D.C., veintisiete (27) de octubre de dos mil veintiuno (2021). \u00a0<\/p>\n<p>I. VISTOS: \u00a0<\/p>\n<p>Se pronuncia la \u00a0Sala sobre el desistimiento del recurso de casaci\u00f3n presentado \u00a0por el procesado HUMBERTO EL\u00cdAS FANDI\u00d1O MAC\u00cdAS y \u00a0su defensor. \u00a0<\/p>\n<p>II. \u00a0ANTECEDENTES: \u00a0<\/p>\n<p>Mediante fallo de \u00a013 de febrero de 2019, recurrido en casaci\u00f3n, la Sala Penal \u00a0del Tribunal Superior de Bogot\u00e1 confirm\u00f3 la sentencia \u00a0de primer grado proferida el 11 de enero de 2019 por el Juzgado 9\u00ba \u00a0Penal Municipal con Funciones de Conocimiento de la misma ciudad, a \u00a0trav\u00e9s de la cual fue condenado HUMBERTO EL\u00cdAS FANDI\u00d1O \u00a0MAC\u00cdAS como autor del delito de hurto \u00a0calificado, \u00a0por hechos ocurridos el 5 de octubre de 2018 en el barrio Jacqueline, \u00a0localidad de Kennedy de Bogot\u00e1, cuando aqu\u00e9l intercept\u00f3 \u00a0a Janine Andrea Gonz\u00e1lez L\u00f3pez, la intimid\u00f3 con \u00a0un elemento cortopunzante, la despoj\u00f3 de su tel\u00e9fono \u00a0celular y emprendi\u00f3 la huida, para luego ser capturado por una \u00a0patrulla de polic\u00eda que estaba realizando labores de \u00a0vigilancia por ese sector. \u00a0<\/p>\n<p>Encontr\u00e1ndose \u00a0el asunto para calificar la demanda de casaci\u00f3n, el defensor \u00a0del acusado alleg\u00f3 un escrito en el cual expres\u00f3 que \u00a0desiste del recurso extraordinario. De igual forma y tras ser \u00a0requerido por la Corte para que se pronunciara al respecto, el \u00a0procesado HUMBERTO EL\u00cdAS FANDI\u00d1O MAC\u00cdAS, a \u00a0trav\u00e9s de escrito allegado v\u00eda correo electr\u00f3nico, \u00a0manifest\u00f3: \u00abs\u00ed \u00a0quiero desistir al recurso extraordinario de casaci\u00f3n\u00bb. \u00a0<\/p>\n<p>III. \u00a0CONSIDERACIONES DE LA SALA: \u00a0<\/p>\n<p>Ha sido tradici\u00f3n \u00a0en nuestro medio que se les confiera a los impugnantes la facultad de \u00a0desistir de los recursos, seg\u00fan se puede constatar en los \u00a0art\u00edculos 199 de la Ley 600 de 2000, 212 del Decreto 2700 de \u00a01991 y 215 del Decreto 050 de 1987. \u00a0<\/p>\n<p>El art\u00edculo \u00a0199 de la Ley 906 de 2004 que gobierna este procedimiento dispone: \u00a0\u00abDesistimiento. \u00a0Podr\u00e1 desistirse del recurso de casaci\u00f3n y de la acci\u00f3n \u00a0de revisi\u00f3n antes de que la Sala las decida\u00bb. \u00a0<\/p>\n<p>De acuerdo con lo \u00a0anterior y en atenci\u00f3n a que los escritos de la defensa y del \u00a0procesado se encuentran dentro de la exigencia legal referida a que \u00a0a\u00fan no haya sido resuelta la impugnaci\u00f3n extraordinaria \u00a0propuesta por quien desiste de la misma, se impone aceptar el \u00a0desistimiento presentado por HUMBERTO EL\u00cdAS FANDI\u00d1O \u00a0MAC\u00cdAS y su defensor. \u00a0<\/p>\n<p>IV. DECISI\u00d3N \u00a0<\/p>\n<p>En m\u00e9rito \u00a0de lo expuesto, la Sala de Casaci\u00f3n Penal de la Corte Suprema \u00a0de Justicia, \u00a0<\/p>\n<p>RESUELVE \u00a0<\/p>\n<p>ADMITIR el \u00a0desistimiento del recurso de casaci\u00f3n presentado por HUMBERTO \u00a0EL\u00cdAS FANDI\u00d1O MAC\u00cdAS y su defensor. \u00a0<\/p>\n<p>Devu\u00e9lvase \u00a0al Tribunal de origen. \u00a0<\/p>\n<p>C\u00f3piese, \u00a0comun\u00edquese y c\u00famplase. \u00a0<\/p>\n<p>GERSON \u00a0CHAVERRA CASTRO\u00a0 \u00a0<\/p>\n<p>\u00a0 \u00a0<\/p>\n<p>\u00a0 \u00a0<\/p>\n<p>\u00a0 \u00a0<\/p>\n<p>JOS\u00c9 \u00a0FRANCISCO ACU\u00d1A VIZCAYA\u00a0 \u00a0<\/p>\n<p>\u00a0 \u00a0<\/p>\n<p>\u00a0 \u00a0<\/p>\n<p>\u00a0 \u00a0<\/p>\n<p>DIEGO \u00a0EUGENIO CORREDOR BELTR\u00c1N \u00a0 \u00a0<\/p>\n<p>\u00a0 \u00a0<\/p>\n<p>\u00a0LUIS \u00a0ANTONIO HERN\u00c1NDEZ BARBOSA \u00a0<\/p>\n<p>\u00a0 \u00a0<\/p>\n<p>\u00a0 \u00a0<\/p>\n<p>\u00a0 \u00a0<\/p>\n<p>\u00a0 \u00a0<\/p>\n<p>FABIO \u00a0OSPITIA GARZ\u00d3N\u00a0\u00a0 \u00a0<\/p>\n<p>\u00a0 \u00a0<\/p>\n<p>\u00a0 \u00a0<\/p>\n<p>\u00a0 \u00a0<\/p>\n<p>\u00a0 \u00a0<\/p>\n<p>\u00a0 \u00a0<\/p>\n<p>HUGO \u00a0QUINTERO BERNATE\u00a0 \u00a0<\/p>\n<p>\u00a0 \u00a0<\/p>\n<p>\u00a0 \u00a0<\/p>\n<p>PATRICIA \u00a0SALAZAR CU\u00c9LLAR \u00a0<\/p>\n<p>NUBIA \u00a0YOLANDA NOVA GARC\u00cdA \u00a0<\/p>\n<p>Secretaria \u00a0<\/p>\n<p>\u00a0 \u00a0 \u00a0\u00a0<\/p>\n<p><\/p>\n","protected":false},"excerpt":{"rendered":"<p>\u00a0 \u00a0 \u00a0 \u00a0\u00a0 LUIS ANTONIO \u00a0HERN\u00c1NDEZ BARBOSA \u00a0 AP5096-2021 \u00a0 Radicaci\u00f3n \u00a0# 55397 \u00a0 Acta 281 \u00a0 Bogot\u00e1 \u00a0D.C., veintisiete (27) de octubre de dos mil veintiuno (2021). \u00a0 I. VISTOS: \u00a0 Se pronuncia la \u00a0Sala sobre el desistimiento del recurso de casaci\u00f3n presentado \u00a0por el procesado HUMBERTO EL\u00cdAS FANDI\u00d1O MAC\u00cdAS y \u00a0su defensor. [&hellip;]<\/p>\n","protected":false},"author":1,"featured_media":0,"comment_status":"open","ping_status":"open","sticky":false,"template":"","format":"standard","meta":{"footnotes":""},"categories":[30,41],"tags":[],"class_list":["post-59617","post","type-post","status-publish","format-standard","hentry","category-30","category-octubre"],"_links":{"self":[{"href":"https:\/\/dmsjuridica.com\/buscador_20179478954\/salapenalcronologico20230723\/wp-json\/wp\/v2\/posts\/59617","targetHints":{"allow":["GET"]}}],"collection":[{"href":"https:\/\/dmsjuridica.com\/buscador_20179478954\/salapenalcronologico20230723\/wp-json\/wp\/v2\/posts"}],"about":[{"href":"https:\/\/dmsjuridica.com\/buscador_20179478954\/salapenalcronologico20230723\/wp-json\/wp\/v2\/types\/post"}],"author":[{"embeddable":true,"href":"https:\/\/dmsjuridica.com\/buscador_20179478954\/salapenalcronologico20230723\/wp-json\/wp\/v2\/users\/1"}],"replies":[{"embeddable":true,"href":"https:\/\/dmsjuridica.com\/buscador_20179478954\/salapenalcronologico20230723\/wp-json\/wp\/v2\/comments?post=59617"}],"version-history":[{"count":0,"href":"https:\/\/dmsjuridica.com\/buscador_20179478954\/salapenalcronologico20230723\/wp-json\/wp\/v2\/posts\/59617\/revisions"}],"wp:attachment":[{"href":"https:\/\/dmsjuridica.com\/buscador_20179478954\/salapenalcronologico20230723\/wp-json\/wp\/v2\/media?parent=59617"}],"wp:term":[{"taxonomy":"category","embeddable":true,"href":"https:\/\/dmsjuridica.com\/buscador_20179478954\/salapenalcronologico20230723\/wp-json\/wp\/v2\/categories?post=59617"},{"taxonomy":"post_tag","embeddable":true,"href":"https:\/\/dmsjuridica.com\/buscador_20179478954\/salapenalcronologico20230723\/wp-json\/wp\/v2\/tags?post=59617"}],"curies":[{"name":"wp","href":"https:\/\/api.w.org\/{rel}","templated":true}]}}