{"id":58154,"date":"2023-12-22T18:42:23","date_gmt":"2023-12-22T18:42:23","guid":{"rendered":"https:\/\/dmsjuridica.com\/buscador_20179478954\/salapenalcronologico20230723\/2023\/12\/22\/atp1262-2021_1\/"},"modified":"2023-12-22T18:42:23","modified_gmt":"2023-12-22T18:42:23","slug":"atp1262-2021_1","status":"publish","type":"post","link":"https:\/\/dmsjuridica.com\/buscador_20179478954\/salapenalcronologico20230723\/2023\/12\/22\/atp1262-2021_1\/","title":{"rendered":"ATP1262-2021_1"},"content":{"rendered":"\n<p>\u00a0 \u00a0 \u00a0 \u00a0\u00a0<\/p>\n<p>PATRICIA \u00a0SALAZAR CU\u00c9LLAR \u00a0<\/p>\n<p>Magistrada Ponente \u00a0<\/p>\n<p>ATP1262-2021 \u00a0<\/p>\n<p>Radicaci\u00f3n \u00a0n\u00b0. 118973 \u00a0<\/p>\n<p>Acta 214 \u00a0<\/p>\n<p>Bogot\u00e1, \u00a0D.C., veintis\u00e9is (26) de agosto de dos mil veintiuno (2021). \u00a0<\/p>\n<p>LUCIA ROJAS DE \u00a0P\u00c9REZ \u00a0instaur\u00f3 \u00a0acci\u00f3n de tutela contra \u00a0la SOCIEDAD \u00a0DE ACTIVOS ESPECIALES SAE S.A.S. ante \u00a0la supuesta vulneraci\u00f3n de su derecho de petici\u00f3n \u00a0porque el 9 de agosto del a\u00f1o en curso, mediante correo \u00a0electr\u00f3nico, solicit\u00f3 informaci\u00f3n sobre el \u00a0estado de los tr\u00e1mites adelantados con fundamento en la \u00a0Resoluci\u00f3n n\u00b01500 de 13 de junio de 2021, suscrita por el \u00a0presidente de esa entidad, sin que haya obtenido respuesta a su \u00a0requerimiento. Asimismo, se\u00f1al\u00f3 que ha pasado el plazo \u00a0de 15 d\u00edas fijado en dicho acto para cumplir las medidas all\u00ed \u00a0dispuestas sin que se haya procedido de conformidad, lo cual le \u00a0genera perjuicios dado que no se ha completado el proceso de \u00a0devoluci\u00f3n del inmueble. \u00a0<\/p>\n<p>Mediante \u00a0auto de 18 de agosto del a\u00f1o en curso, el Juzgado Trece Civil \u00a0del Circuito de Bogot\u00e1 orden\u00f3 remitir la acci\u00f3n \u00a0a la Corte Suprema de Justicia argumentando lo siguiente: \u00a0<\/p>\n<p>\u201cen \u00a0principio la competencia radica en los jueces de circuito, si no \u00a0fuere porque es indispensable la vinculaci\u00f3n a la misma de la \u00a0Fiscal\u00eda 43 DE LA UNIDAD DE EXTINCI\u00d3N DE DOMINIO, \u00a0JUZGADO 3\u00b0 DE CIRCUITO ESPECIALIZADO DE EXTINCI\u00d3N DE \u00a0DOMINIO, TRIBUNAL SUPERIOR DE BOGOT\u00c1 D.C. \u2013 SALA DE \u00a0EXTINCI\u00d3N DE DOMINIO y JUZGADO 23 PENAL DEL CIRCUITO CON \u00a0FUNCIONES DE CONOCIMIENTO, de quienes no es este estrado judicial el \u00a0superior jer\u00e1rquico, correspondi\u00e9ndole a la Honorable \u00a0Corte Suprema de Justicia \u2013 Sala Penal\u201d. \u00a0<\/p>\n<p>Revisada \u00a0la demanda de tutela se establece que la actuaci\u00f3n que motiva \u00a0la acci\u00f3n de tutela es la omisi\u00f3n de dar respuesta a la \u00a0petici\u00f3n de 9 de agosto pasado, as\u00ed como el \u00a0incumplimiento en el plazo se\u00f1alado de las medidas adoptadas \u00a0en la Resoluci\u00f3n 1500 de 13 de julio de 2021, las cuales no \u00a0involucran acciones a cargo de ninguno de los \u00a0despachos judiciales \u00a0mencionados, que si bien pudieron tener alguna intervenci\u00f3n en \u00a0el proceso de extinci\u00f3n de dominio adelantado contra el predio \u00a0de la accionante, no se relacionan con las actuaciones que \u00a0puntualmente son se\u00f1aladas por \u00e9sta como presuntamente \u00a0violatorias de sus derechos fundamentales. \u00a0<\/p>\n<p>En \u00a0efecto, revisado el escrito de tutela f\u00e1cilmente se observa \u00a0que la acci\u00f3n de amparo no busca dejar sin efecto la \u00a0providencia de 3 de diciembre de 2020 de la Sala de Extinci\u00f3n \u00a0de Dominio del Tribunal Superior de Distrito Judicial de Bogot\u00e1 \u00a0que declar\u00f3 la ilegalidad de la suspensi\u00f3n del poder \u00a0dispositivo, embargo y secuestro materializadas en el inmueble de la \u00a0accionante, y aunque se alude a ella en el texto de la tutela, lo es \u00a0porque es la que sustenta la Resoluci\u00f3n 1500 cuyo cumplimiento \u00a0reclama la demandante. \u00a0<\/p>\n<p>Por \u00a0lo expuesto, con fundamento en el numeral 4 del art\u00edculo \u00a02.2.3.1.2.1 del Decreto 1069 de 2015, modificado por el art\u00edculo \u00a01 del Decreto 333 de 6 de abril de 2021, se ordena la devoluci\u00f3n \u00a0inmediata de las diligencias al Juzgado Trece Civil del Circuito de \u00a0Bogot\u00e1 para que, de manera inmediata y sin dilaci\u00f3n \u00a0alguna, avoque el conocimiento y resuelva dentro del t\u00e9rmino \u00a0previsto en el Decreto 2591 de 1991 la solicitud de amparo. \u00a0<\/p>\n<p>Inf\u00f3rmese \u00a0de esta decisi\u00f3n al accionante, de acuerdo a lo establecido en \u00a0el par\u00e1grafo 1 del art\u00edculo 2.2.3.1.2.1 del Decreto \u00a01069 de 2015. \u00a0<\/p>\n<p>C\u00daMPLASE \u00a0<\/p>\n<p>PATRICIA \u00a0SALAZAR CU\u00c9LLAR \u00a0<\/p>\n<p>JOS\u00c9 \u00a0FRANCISCO ACU\u00d1A VIZCAYA \u00a0<\/p>\n<p>EUGENIO \u00a0FERN\u00c1NDEZ CARLIER \u00a0<\/p>\n<p>NUBIA YOLANDA \u00a0NOVA GARC\u00cdA \u00a0<\/p>\n<p>Secretaria \u00a0<\/p>\n<p>ARRP \u00a0 \u00a0 \u00a0<\/p>\n<p><\/p>\n","protected":false},"excerpt":{"rendered":"<p>\u00a0 \u00a0 \u00a0 \u00a0\u00a0 PATRICIA \u00a0SALAZAR CU\u00c9LLAR \u00a0 Magistrada Ponente \u00a0 ATP1262-2021 \u00a0 Radicaci\u00f3n \u00a0n\u00b0. 118973 \u00a0 Acta 214 \u00a0 Bogot\u00e1, \u00a0D.C., veintis\u00e9is (26) de agosto de dos mil veintiuno (2021). \u00a0 LUCIA ROJAS DE \u00a0P\u00c9REZ \u00a0instaur\u00f3 \u00a0acci\u00f3n de tutela contra \u00a0la SOCIEDAD \u00a0DE ACTIVOS ESPECIALES SAE S.A.S. ante \u00a0la supuesta vulneraci\u00f3n de su derecho [&hellip;]<\/p>\n","protected":false},"author":1,"featured_media":0,"comment_status":"open","ping_status":"open","sticky":false,"template":"","format":"standard","meta":{"footnotes":""},"categories":[30,39],"tags":[],"class_list":["post-58154","post","type-post","status-publish","format-standard","hentry","category-30","category-agosto"],"_links":{"self":[{"href":"https:\/\/dmsjuridica.com\/buscador_20179478954\/salapenalcronologico20230723\/wp-json\/wp\/v2\/posts\/58154","targetHints":{"allow":["GET"]}}],"collection":[{"href":"https:\/\/dmsjuridica.com\/buscador_20179478954\/salapenalcronologico20230723\/wp-json\/wp\/v2\/posts"}],"about":[{"href":"https:\/\/dmsjuridica.com\/buscador_20179478954\/salapenalcronologico20230723\/wp-json\/wp\/v2\/types\/post"}],"author":[{"embeddable":true,"href":"https:\/\/dmsjuridica.com\/buscador_20179478954\/salapenalcronologico20230723\/wp-json\/wp\/v2\/users\/1"}],"replies":[{"embeddable":true,"href":"https:\/\/dmsjuridica.com\/buscador_20179478954\/salapenalcronologico20230723\/wp-json\/wp\/v2\/comments?post=58154"}],"version-history":[{"count":0,"href":"https:\/\/dmsjuridica.com\/buscador_20179478954\/salapenalcronologico20230723\/wp-json\/wp\/v2\/posts\/58154\/revisions"}],"wp:attachment":[{"href":"https:\/\/dmsjuridica.com\/buscador_20179478954\/salapenalcronologico20230723\/wp-json\/wp\/v2\/media?parent=58154"}],"wp:term":[{"taxonomy":"category","embeddable":true,"href":"https:\/\/dmsjuridica.com\/buscador_20179478954\/salapenalcronologico20230723\/wp-json\/wp\/v2\/categories?post=58154"},{"taxonomy":"post_tag","embeddable":true,"href":"https:\/\/dmsjuridica.com\/buscador_20179478954\/salapenalcronologico20230723\/wp-json\/wp\/v2\/tags?post=58154"}],"curies":[{"name":"wp","href":"https:\/\/api.w.org\/{rel}","templated":true}]}}