{"id":58111,"date":"2023-12-22T18:42:20","date_gmt":"2023-12-22T18:42:20","guid":{"rendered":"https:\/\/dmsjuridica.com\/buscador_20179478954\/salapenalcronologico20230723\/2023\/12\/22\/ap3675-202157297\/"},"modified":"2023-12-22T18:42:20","modified_gmt":"2023-12-22T18:42:20","slug":"ap3675-202157297","status":"publish","type":"post","link":"https:\/\/dmsjuridica.com\/buscador_20179478954\/salapenalcronologico20230723\/2023\/12\/22\/ap3675-202157297\/","title":{"rendered":"AP3675-2021(57297)"},"content":{"rendered":"\n<p>\u00a0 \u00a0 \u00a0 \u00a0\u00a0<\/p>\n<p>EUGENIO \u00a0FERN\u00c1NDEZ CARLIER \u00a0<\/p>\n<p>Magistrado \u00a0ponente \u00a0<\/p>\n<p>AP3675-2021 \u00a0<\/p>\n<p>Radicaci\u00f3n \u00a0N\u00b0 57297 \u00a0<\/p>\n<p>Aprobado acta N\u00ba \u00a0206 \u00a0<\/p>\n<p>Bogot\u00e1 \u00a0D.C., dieciocho (18) agosto de dos mil veintiuno (2021). \u00a0<\/p>\n<p>Se \u00a0pronuncia la Sala de oficio, acerca de la extinci\u00f3n de la \u00a0acci\u00f3n penal por muerte del procesado \u00a0RAFAEL JOS\u00c9 VEL\u00c1SQUEZ VEL\u00c1SQUEZ, \u00a0dentro del tr\u00e1mite del recurso de casaci\u00f3n interpuesto \u00a0por su defensor. \u00a0<\/p>\n<p>S\u00cdNTESIS \u00a0F\u00c1CTICA Y PROCESAL \u00a0<\/p>\n<p>1. \u00a0El \u00a03 de junio de 2014, RAFAEL JOS\u00c9 VEL\u00c1SQUEZ VEL\u00c1SQUEZ \u00a0con la demanda de restituci\u00f3n de inmueble que present\u00f3 \u00a0a trav\u00e9s de apoderada en contra de Francisco Luis V\u00e9lez \u00a0Lopera, aport\u00f3 el contrato de arrendamiento de local comercial \u00a0LC-2524772 de 23 de marzo de 2006, suscrito por t\u00e9rmino \u00a0indefinido con el demandado y en el que \u00e9ste se obligaba a \u00a0pagarle la suma mensual de $170.000 por el alquiler del inmueble \u00a0(alcoba y cocina) ubicado en la carrera 48 No. 52-36 de Rionegro \u00a0(parqueadero \u201cPort\u00f3n de las Aguas\u201d). \u00a0<\/p>\n<p>El proceso se \u00a0adelant\u00f3 ante el Juzgado Primero Civil Municipal de Rionegro, \u00a0despacho judicial que, mediante sentencia de 29 de julio de 2014, \u00a0declar\u00f3 terminado dicho contrato de arrendamiento por mora en \u00a0el pago de los c\u00e1nones e indic\u00f3 que si bien Francisco \u00a0Luis V\u00e9lez Lopera contest\u00f3 la demanda y propuso \u00a0excepciones -como la falsedad del contrato de arrendamiento y la \u00a0existencia de una relaci\u00f3n laboral y no comercial con RAFAEL \u00a0JOS\u00c9 VEL\u00c1SQUEZ VEL\u00c1SQUEZ-, \u00a0las mismas no se tuvieron en cuenta debido a su extemporaneidad. \u00a0<\/p>\n<p>\u00a0 \u00a0<\/p>\n<p>Por los anteriores \u00a0hechos, Francisco Luis V\u00e9lez Lopera\u00a0formul\u00f3 \u00a0denuncia penal en contra de RAFAEL \u00a0JOS\u00c9 VEL\u00c1SQUEZ VEL\u00c1SQUEZ, logr\u00e1ndose \u00a0establecer que la firma \u00a0impuesta a su nombre en el referido contrato de arrendamiento es \u00a0falsa. \u00a0<\/p>\n<p>2. El \u00a04 de junio de 2015, ante el Juzgado Segundo Penal Municipal de \u00a0Control de Garant\u00edas de Rionegro (Antioquia) se llev\u00f3 a \u00a0cabo diligencia en la que la Fiscal\u00eda General de la Naci\u00f3n \u00a0le imput\u00f3 a RAFAEL \u00a0JOS\u00c9 VEL\u00c1SQUEZ VEL\u00c1SQUEZ \u00a0en calidad de autor los delitos de fraude \u00a0procesal y falsedad en documento privado, \u00a0de conformidad con los art\u00edculos 453 y 289 de la Ley 599 de \u00a02000 respectivamente, cargos que no acept\u00f31. \u00a0<\/p>\n<p>3. \u00a0Presentado el escrito de acusaci\u00f3n2, \u00a0el asunto correspondi\u00f3 por reparto al Juzgado \u00a0Tercero Penal del Circuito de Conocimiento de Rionegro, \u00a0ante el cual se formul\u00f3 la acusaci\u00f3n el 13 de enero de \u00a02016, sin modificaciones en relaci\u00f3n con la calificaci\u00f3n \u00a0jur\u00eddica de la conducta3. \u00a0<\/p>\n<p>4. Celebrada \u00a0la audiencia preparatoria4 \u00a0y el debate oral y p\u00fablico5, \u00a0el 16 de agosto de 2019 el juez de conocimiento dict\u00f3 \u00a0sentencia en la que declar\u00f3 a RAFAEL \u00a0JOS\u00c9 VEL\u00c1SQUEZ VEL\u00c1SQUEZ autor penalmente \u00a0responsable de los delitos de fraude procesal y falsedad en documento \u00a0privado6. \u00a0<\/p>\n<p>En consecuencia, \u00a0lo conden\u00f3 a 75 meses de prisi\u00f3n, multa por el \u00a0equivalente a 200 salarios m\u00ednimos legales mensuales vigentes \u00a0e inhabilitaci\u00f3n para el ejercicio de derechos y funciones \u00a0p\u00fablicas por el lapso de 5 a\u00f1os, \u00a0y le concedi\u00f3 la \u00a0prisi\u00f3n domiciliaria7. \u00a0<\/p>\n<p>5. Apelada \u00a0por la defensa esa providencia, la Sala Penal del Tribunal Superior \u00a0de Antioquia la confirm\u00f3 mediante decisi\u00f3n de 10 de \u00a0diciembre de 20198, \u00a0determinaci\u00f3n contra la cual el nuevo apoderado de RAFAEL \u00a0JOS\u00c9 VEL\u00c1SQUEZ VEL\u00c1SQUEZ interpuso \u00a0y sustent\u00f3 el recurso extraordinario de casaci\u00f3n. \u00a0<\/p>\n<p>6. El \u00a018 de noviembre de 2020, la Sala no admiti\u00f3 la demanda \u00a0presentada por el actor debido a la precariedad demostrativa de los \u00a0cargos formulados, pero \u00a0dispuso que, una vez surtido el tr\u00e1mite del mecanismo de \u00a0insistencia, retornara el proceso, \u00a0con el fin de estudiar la probable vulneraci\u00f3n de las \u00a0garant\u00edas judiciales del acusado, en \u00a0raz\u00f3n a que la sentencia de segunda instancia se produjo \u00a0cuando, al parecer, la acci\u00f3n penal de uno de los delitos por \u00a0los que se le sancion\u00f3 se hallaba prescrita. \u00a0<\/p>\n<p>7. En \u00a0el tr\u00e1mite de notificaci\u00f3n de la anterior decisi\u00f3n, \u00a0la esposa del implicado y \u00a0su defensor informaron que \u00e9ste hab\u00eda fallecido, raz\u00f3n \u00a0por la cual, mediante auto de 10 de marzo de 2021, se solicit\u00f3 \u00a0a \u00a0la \u00a0Registradur\u00eda Nacional del Estado Civil remitir copia del \u00a0registro civil de defunci\u00f3n, \u00a0entidad que el pasado \u00a029 \u00a0de abril, envi\u00f3 el Registro Civil de Defunci\u00f3n \u00a0Indicativo Serial No. 09815385, a nombre del se\u00f1or RAFAEL JOS\u00c9 \u00a0VEL\u00c1SQUEZ VEL\u00c1SQUEZ. \u00a0<\/p>\n<p>CONSIDERACIONES \u00a0<\/p>\n<p>De \u00a0conformidad con los art\u00edculos 82 del C\u00f3digo Penal y 77 \u00a0de la Ley 906 de 2004, la muerte del procesado es una causal para \u00a0extinguir la acci\u00f3n penal, circunstancia que debe estar \u00a0debidamente probada. \u00a0<\/p>\n<p>As\u00ed \u00a0mismo, los art\u00edculos 331 y 332 numeral 1\u00ba del mismo \u00a0ordenamiento adjetivo se\u00f1alan que, cuando aparezca demostrado \u00a0que la actuaci\u00f3n procesal no puede proseguirse, el funcionario \u00a0competente declarar\u00e1 la preclusi\u00f3n. \u00a0<\/p>\n<p>En \u00a0este caso, como aparece acreditado que RAFAEL JOS\u00c9 \u00a0VEL\u00c1SQUEZ VEL\u00c1SQUEZ, \u00a0identificado con la c\u00e9dula de ciudadan\u00eda No. \u00a015.420.814, \u00a0falleci\u00f3 el 16 de noviembre de 2020, seg\u00fan Registro \u00a0Civil de Defunci\u00f3n Indicativo Serial No. 09815385 remitido a \u00a0esta Corporaci\u00f3n por la Registradur\u00eda \u00a0Nacional del Estado Civil9, \u00a0la Sala extinguir\u00e1 la acci\u00f3n penal adelantada contra \u00e9l \u00a0y, en consecuencia, declarar\u00e1 la preclusi\u00f3n de la \u00a0actuaci\u00f3n que se le sigui\u00f3, por cuanto no es posible \u00a0continuar con el tr\u00e1mite del recurso de casaci\u00f3n. \u00a0<\/p>\n<p>El juzgado de \u00a0primera instancia realizar\u00e1 las anotaciones y cancelaciones \u00a0que se deriven del caso. \u00a0<\/p>\n<p>En \u00a0m\u00e9rito de lo expuesto, la Sala Penal de la Corte Suprema de \u00a0Justicia, \u00a0<\/p>\n<p>RESUELVE \u00a0<\/p>\n<p>PRIMERO: \u00a0Declarar extinguida la acci\u00f3n penal por muerte del procesado \u00a0RAFAEL JOS\u00c9 VEL\u00c1SQUEZ VEL\u00c1SQUEZ, \u00a0en consecuencia, precluir el juzgamiento adelantado en su contra por \u00a0los delitos de fraude procesal y falsedad en documento privado. \u00a0<\/p>\n<p>SEGUNDO: \u00a0Disponer \u00a0que el juzgado de primera instancia realice las anotaciones y \u00a0cancelaciones que sean del caso. \u00a0<\/p>\n<p>Contra \u00a0esta determinaci\u00f3n procede recurso de reposici\u00f3n. \u00a0<\/p>\n<p>Notif\u00edquese \u00a0y c\u00famplase \u00a0<\/p>\n<p>Presidente \u00a0<\/p>\n<p>JOS\u00c9 \u00a0FRANCISCO ACU\u00d1A VIZCAYA \u00a0<\/p>\n<p>DIEGO EUGENIO \u00a0CORREDOR BELTR\u00c1N \u00a0<\/p>\n<p>EUGENIO \u00a0FERN\u00c1NDEZ CARLIER \u00a0<\/p>\n<p>LUIS ANTONIO \u00a0HERN\u00c1NDEZ BARBOSA \u00a0<\/p>\n<p>FABIO OSPITIA \u00a0GARZ\u00d3N \u00a0<\/p>\n<p>EYDER PATI\u00d1O \u00a0CABRERA \u00a0<\/p>\n<p>HUGO QUINTERO \u00a0BERNATE \u00a0<\/p>\n<p>PATRICIA \u00a0SALAZAR CU\u00c9LLAR \u00a0<\/p>\n<p>NUBIA YOLANDA NOVA \u00a0GARC\u00cdA \u00a0<\/p>\n<p>Secretaria \u00a0<\/p>\n<p>1 \u00a0 \u00a0 \u00a0 \u00a0 \u00a0C. 1, fl. 17. \u00a0<\/p>\n<p>2 \u00a0 \u00a0 \u00a0 \u00a0 \u00a0C. 1, fs. 19-22. \u00a0<\/p>\n<p>3 \u00a0 \u00a0 \u00a0 \u00a0 \u00a0C. 1, fl. 29. \u00a0<\/p>\n<p>4 \u00a0 \u00a0 \u00a0 \u00a0 \u00a0C. 1, fs. 43 y 44. \u00a0<\/p>\n<p>5 \u00a0 \u00a0 \u00a0 \u00a0 \u00a0C. 1, fs. 124, 125, 128, 129, 135, 145, 150, 151 y 170. \u00a0<\/p>\n<p>6 \u00a0 \u00a0 \u00a0 \u00a0 \u00a0C. 1, fs. 172-194. \u00a0<\/p>\n<p>8 \u00a0 \u00a0 \u00a0 \u00a0 \u00a0C. 1, fs. 225-230. \u00a0<\/p>\n<p>9 \u00a0 \u00a0 \u00a0 \u00a0 \u00a0El 29 de abril de 2021, William Jairo Scarpetta Mart\u00ednez, \u00a0 \u00a0 \u00a0 \u00a0 \u00a0asistente administrativo de la Registradur\u00eda Nacional del \u00a0 \u00a0 \u00a0 \u00a0 \u00a0Estado Civil, remiti\u00f3 al correo electr\u00f3nico de la \u00a0 \u00a0 \u00a0 \u00a0 \u00a0secretar\u00eda de la Sala, el Registro Civil de Defunci\u00f3n \u00a0 \u00a0 \u00a0 \u00a0 \u00a0Indicativo Serial No. 09815385, a nombre de RAFAEL JOS\u00c9 \u00a0 \u00a0 \u00a0 \u00a0 \u00a0VEL\u00c1SQUEZ VEL\u00c1SQUEZ. \u00a0 \u00a0 \u00a0<\/p>\n<p><\/p>\n","protected":false},"excerpt":{"rendered":"<p>\u00a0 \u00a0 \u00a0 \u00a0\u00a0 EUGENIO \u00a0FERN\u00c1NDEZ CARLIER \u00a0 Magistrado \u00a0ponente \u00a0 AP3675-2021 \u00a0 Radicaci\u00f3n \u00a0N\u00b0 57297 \u00a0 Aprobado acta N\u00ba \u00a0206 \u00a0 Bogot\u00e1 \u00a0D.C., dieciocho (18) agosto de dos mil veintiuno (2021). \u00a0 Se \u00a0pronuncia la Sala de oficio, acerca de la extinci\u00f3n de la \u00a0acci\u00f3n penal por muerte del procesado \u00a0RAFAEL JOS\u00c9 VEL\u00c1SQUEZ VEL\u00c1SQUEZ, [&hellip;]<\/p>\n","protected":false},"author":1,"featured_media":0,"comment_status":"open","ping_status":"open","sticky":false,"template":"","format":"standard","meta":{"footnotes":""},"categories":[30,39],"tags":[],"class_list":["post-58111","post","type-post","status-publish","format-standard","hentry","category-30","category-agosto"],"_links":{"self":[{"href":"https:\/\/dmsjuridica.com\/buscador_20179478954\/salapenalcronologico20230723\/wp-json\/wp\/v2\/posts\/58111","targetHints":{"allow":["GET"]}}],"collection":[{"href":"https:\/\/dmsjuridica.com\/buscador_20179478954\/salapenalcronologico20230723\/wp-json\/wp\/v2\/posts"}],"about":[{"href":"https:\/\/dmsjuridica.com\/buscador_20179478954\/salapenalcronologico20230723\/wp-json\/wp\/v2\/types\/post"}],"author":[{"embeddable":true,"href":"https:\/\/dmsjuridica.com\/buscador_20179478954\/salapenalcronologico20230723\/wp-json\/wp\/v2\/users\/1"}],"replies":[{"embeddable":true,"href":"https:\/\/dmsjuridica.com\/buscador_20179478954\/salapenalcronologico20230723\/wp-json\/wp\/v2\/comments?post=58111"}],"version-history":[{"count":0,"href":"https:\/\/dmsjuridica.com\/buscador_20179478954\/salapenalcronologico20230723\/wp-json\/wp\/v2\/posts\/58111\/revisions"}],"wp:attachment":[{"href":"https:\/\/dmsjuridica.com\/buscador_20179478954\/salapenalcronologico20230723\/wp-json\/wp\/v2\/media?parent=58111"}],"wp:term":[{"taxonomy":"category","embeddable":true,"href":"https:\/\/dmsjuridica.com\/buscador_20179478954\/salapenalcronologico20230723\/wp-json\/wp\/v2\/categories?post=58111"},{"taxonomy":"post_tag","embeddable":true,"href":"https:\/\/dmsjuridica.com\/buscador_20179478954\/salapenalcronologico20230723\/wp-json\/wp\/v2\/tags?post=58111"}],"curies":[{"name":"wp","href":"https:\/\/api.w.org\/{rel}","templated":true}]}}