{"id":57800,"date":"2023-12-22T17:21:40","date_gmt":"2023-12-22T17:21:40","guid":{"rendered":"https:\/\/dmsjuridica.com\/buscador_20179478954\/salapenalcronologico20230723\/2023\/12\/22\/stp8758-2021_1\/"},"modified":"2023-12-22T17:21:40","modified_gmt":"2023-12-22T17:21:40","slug":"stp8758-2021_1","status":"publish","type":"post","link":"https:\/\/dmsjuridica.com\/buscador_20179478954\/salapenalcronologico20230723\/2023\/12\/22\/stp8758-2021_1\/","title":{"rendered":"STP8758-2021_1"},"content":{"rendered":"\n<p>\u00a0 \u00a0 \u00a0 \u00a0\u00a0<\/p>\n<p>JOS\u00c9 \u00a0FRANCISCO ACU\u00d1A VIZCAYA \u00a0<\/p>\n<p>Magistrado \u00a0Ponente \u00a0<\/p>\n<p>STP8785-2021 \u00a0<\/p>\n<p>Radicaci\u00f3n \u00a0No. 117443 \u00a0<\/p>\n<p>(Aprobado \u00a0Acta No.175) \u00a0<\/p>\n<p>Bogot\u00e1 \u00a0D.C., trece (13) de julio de dos mil veintiuno (2021) \u00a0<\/p>\n<p>VISTOS \u00a0<\/p>\n<p>Decide \u00a0la Sala la impugnaci\u00f3n interpuesta por OMAIRA \u00a0DEL SOCORRO ECHEVERRI ARCILA en calidad de agente oficiosa de \u00a0CRISTIAN FERNEY RESTREPO ECHEVERRI, \u00a0contra el \u00a0fallo de tutela proferido el 27 de mayo de 2021 por la Sala Penal del \u00a0Tribunal Superior del Distrito Judicial de Medell\u00edn, \u00a0que neg\u00f3 \u00a0la solicitud de amparo interpuesta contra el Juzgado Primero Penal \u00a0del Circuito con Funciones de Conocimiento de Bello. \u00a0<\/p>\n<p>Y \u00a0<\/p>\n<p>FUNDAMENTOS \u00a0DE LA ACCI\u00d3N \u00a0<\/p>\n<p>Fueron recogidos en la decisi\u00f3n \u00a0de primera instancia, en los siguientes t\u00e9rminos: \u00a0<\/p>\n<p>Acude al \u00a0presente mecanismo constitucional la se\u00f1ora Omaira del Socorro \u00a0Echeverri Arcila como agente oficiosa de su hijo Cristian Ferney \u00a0Restrepo Echeverri, invocando la protecci\u00f3n a sus derechos \u00a0fundamentales al debido proceso, libertad, defensa, igualdad y \u00a0dignidad humana. \u00a0<\/p>\n<p>Refiere que el \u00a0Juzgado Primero Penal del Circuito de Bello adelanta proceso penal \u00a0identificado con CUI 05212 60 00201 2019 01154 en contra Cristian \u00a0Ferney, por varias conductas punibles, entre ellas hurto agravado. \u00a0<\/p>\n<p>Advera que este \u00a0funcionario libr\u00f3 orden de captura en contra de su hijo, sin \u00a0tener en cuenta que: (i) su hijo debe continuar en libertad en la \u00a0medida que no constituye un peligro para la sociedad en raz\u00f3n \u00a0de su discapacidad intelectual leve y trastorno por d\u00e9ficit de \u00a0atenci\u00f3n \/ hiperactividad, (ii) fue dejado en libertad por \u00a0vencimiento de t\u00e9rminos, hasta que la sentencia que resuelva \u00a0su situaci\u00f3n jur\u00eddica quede ejecutoriada y, (iii) que \u00a0el juzgado accionado no es la autoridad competente para hacerlo, pues \u00a0este tipo de \u00f3rdenes solo puede emitirlas un juez de control \u00a0de garant\u00edas. \u00a0<\/p>\n<p>Por lo \u00a0expuesto, deprec\u00f3 se amparen los derechos fundamentales de su \u00a0hijo y en consecuencia se ordene la cancelaci\u00f3n de la orden de \u00a0captura. \u00a0<\/p>\n<p>EL \u00a0FALLO IMPUGNADO \u00a0<\/p>\n<p>La \u00a0Sala Penal del \u00a0Tribunal Superior del Distrito Judicial de Medell\u00edn, mediante \u00a0decisi\u00f3n adoptada el 27 \u00a0de mayo de 2021, \u00a0neg\u00f3 el \u00a0amparo invocado, en tanto que, \u00a0la decisi\u00f3n \u00a0proferida por el Juzgado \u00a0Primero Penal del Circuito con Funciones de Conocimiento de Bello \u00a0mediante auto del 26 de marzo de 2021, al \u00a0interior del proceso penal 2019-01154, es razonable, en la medida que \u00a0obedece a la labor hermen\u00e9utica propia del juez natural. \u00a0<\/p>\n<p>Asever\u00f3 que, no es dable \u00a0recurrir al uso de este mecanismo preferente y sumario, como si se \u00a0tratase de una tercera instancia, a efectos de debatir de nuevo sus \u00a0tesis jur\u00eddicas y probatorias sobre un determinado asunto, el \u00a0cual, en su momento fue sometido a los ritos propios de una actuaci\u00f3n \u00a0judicial, y con el \u00fanico fin de conseguir el resultado \u00a0procesal que le fue esquivo en su oportunidad legal. \u00a0<\/p>\n<p>LA IMPUGNACI\u00d3N \u00a0<\/p>\n<p>La parte \u00a0accionante interpuso recurso de impugnaci\u00f3n, sin determinar \u00a0claramente las razones de su inconformidad. \u00a0 \u00a0<\/p>\n<p>CONSIDERACIONES \u00a0DE LA SALA \u00a0<\/p>\n<p>De \u00a0conformidad con lo previsto en el art\u00edculo 32 del Decreto 2591 \u00a0de 1991, en concordancia con el art\u00edculo 44 del Reglamento \u00a0Interno de esta Corporaci\u00f3n, esta Sala es competente para \u00a0resolver el recurso de impugnaci\u00f3n interpuesto por OMAIRA \u00a0DEL SOCORRO ECHEVERRI ARCILA en calidad de agente oficiosa de \u00a0CRISTIAN FERNEY RESTREPO ECHEVERRI, \u00a0contra el \u00a0fallo de tutela proferido el 27 de mayo de 2021 por la Sala Penal del \u00a0Tribunal Superior del Distrito Judicial de Medell\u00edn, \u00a0que neg\u00f3 \u00a0la solicitud de amparo interpuesta contra el Juzgado Primero Penal \u00a0del Circuito con Funciones de Conocimiento de Bello. \u00a0<\/p>\n<p>Requisitos de procedibilidad de \u00a0la acci\u00f3n de tutela contra providencias judiciales \u00a0<\/p>\n<p>La \u00a0tutela es un mecanismo de protecci\u00f3n excepcional frente a \u00a0providencias judiciales, su prosperidad va ligada al cumplimiento de \u00a0estrictos requisitos \u00a0de \u00a0procedibilidad que implican una carga para el actor, tanto en su \u00a0planteamiento como en su demostraci\u00f3n, como lo ha expuesto la \u00a0propia Corte Constitucional1. \u00a0<\/p>\n<p>a. Que la cuesti\u00f3n que se \u00a0discuta resulte de evidente relevancia constitucional. \u00a0<\/p>\n<p>b. Que se hayan agotado todos los \u00a0medios -ordinarios y extraordinarios- de defensa judicial al alcance \u00a0de la persona afectada, salvo que se trate de evitar la consumaci\u00f3n \u00a0de un perjuicio iusfundamental irremediable. \u00a0<\/p>\n<p>c. \u00a0Que se cumpla el requisito de la inmediatez, es decir, que la tutela \u00a0se hubiere interpuesto en un t\u00e9rmino razonable y proporcionado \u00a0a partir del hecho que origin\u00f3 la vulneraci\u00f3n. \u00a0<\/p>\n<p>d. Cuando se trate de una \u00a0irregularidad procesal, debe quedar claro que la misma tiene un \u00a0efecto decisivo o determinante en la sentencia que se impugna y que \u00a0ata\u00f1e a los derechos fundamentales del accionante. \u00a0<\/p>\n<p>e. \u00a0Que la parte actora identifique de manera razonable tanto los hechos \u00a0que generaron la vulneraci\u00f3n como los derechos vulnerados y \u00a0que hubiere alegado tal vulneraci\u00f3n en el proceso judicial \u00a0siempre que esto hubiere sido posible.2 \u00a0<\/p>\n<p>f. Que no se trate de sentencias de \u00a0tutela. \u00a0<\/p>\n<p>Mientras que, en punto de las \u00a0exigencias espec\u00edficas, se han establecido las que a \u00a0continuaci\u00f3n se relacionan: \u00a0<\/p>\n<p>i) Defecto org\u00e1nico, que se \u00a0presenta cuando el funcionario judicial que profiri\u00f3 la \u00a0providencia impugnada carece absolutamente de competencia para ello. \u00a0<\/p>\n<p>ii) Defecto procedimental \u00a0absoluto, que se origina cuando el juez actu\u00f3 completamente al \u00a0margen del procedimiento establecido. \u00a0<\/p>\n<p>iii) Defecto f\u00e1ctico, el \u00a0cual surge cuando el juez carece del apoyo probatorio que permita la \u00a0aplicaci\u00f3n del supuesto legal en el que se sustenta la \u00a0decisi\u00f3n. \u00a0<\/p>\n<p>iv) \u00a0Defecto material o sustantivo, como son los casos en que se decide \u00a0con base en normas inexistentes o inconstitucionales3 \u00a0o que presentan una evidente y grosera contradicci\u00f3n entre los \u00a0fundamentos y la decisi\u00f3n; \u00a0<\/p>\n<p>v) Error inducido, el cual surge \u00a0cuando el juez o tribunal fue v\u00edctima de un enga\u00f1o por \u00a0parte de terceros y ese enga\u00f1o lo condujo a la toma de una \u00a0decisi\u00f3n que afecta derechos fundamentales. \u00a0<\/p>\n<p>vi) Decisi\u00f3n sin \u00a0motivaci\u00f3n, que implica el incumplimiento de los funcionarios \u00a0judiciales de explicitar los fundamentos f\u00e1cticos y jur\u00eddicos \u00a0de sus decisiones, en el entendido que precisamente en esa motivaci\u00f3n \u00a0reposa la legitimidad de su \u00f3rbita funcional. \u00a0<\/p>\n<p>vii) \u00a0Desconocimiento del precedente, hip\u00f3tesis que se presenta, por \u00a0ejemplo, cuando la Corte Constitucional establece el alcance de un \u00a0derecho fundamental y el juez ordinario aplica una ley limitando \u00a0sustancialmente dicho alcance. En estos casos la tutela procede como \u00a0mecanismo para garantizar la eficacia jur\u00eddica del contenido \u00a0constitucionalmente vinculante del derecho fundamental vulnerado4. \u00a0<\/p>\n<p>viii) Violaci\u00f3n directa de \u00a0la Constituci\u00f3n. \u00a0<\/p>\n<p>Los \u00a0anteriores requisitos, no pueden quedarse en meros enunciados, pues \u00a0han sido reiterados por la Corte Constitucional, primero en la \u00a0sentencia C-590 \u00a0de 2005, luego en las decisiones T-332, T-780 y T-212 de 2006, \u00a0reforzando lo dicho en la primera de las mencionadas providencias, en \u00a0el sentido de que, cuando se trata \u00a0de acciones de tutela contra providencias judiciales, las mismas solo \u00a0pueden tener cabida \u00ab\u2026 \u00a0si se cumplen ciertos y rigurosos requisitos de procedibilidad. \u00a0Dentro de estos pueden distinguirse unos de car\u00e1cter general, \u00a0que habilitan la interposici\u00f3n de la tutela, y otros de \u00a0car\u00e1cter espec\u00edfico, que tocan con la procedencia misma \u00a0del amparo, una vez interpuesta\u00bb. \u00a0-C-590 de 2005-. \u00a0<\/p>\n<p>AN\u00c1LISIS \u00a0DEL CASO CONCRETO \u00a0<\/p>\n<p>La impugnaci\u00f3n se centra en un \u00a0punto espec\u00edfico: determinar si la \u00a0solicitud de amparo presentada por OMAIRA \u00a0DEL SOCORRO ECHEVERRI ARCILA en calidad de agente oficiosa de \u00a0CRISTIAN FERNEY RESTREPO ECHEVERRI, \u00a0contra el auto emitido por el \u00a0Juzgado \u00a0Primero Penal del Circuito con Funciones de Conocimiento de Bello el \u00a026 de marzo de 2021, al \u00a0interior del proceso penal 2019-01154, se \u00a0encuentra entre una de las excepciones del requisito de \u00a0subsidiariedad de la acci\u00f3n de tutela. \u00a0<\/p>\n<p>La jurisprudencia de la Corte \u00a0Constitucional ha reiterado en numerosas ocasiones que el requisito \u00a0de la subsidiariedad puede ser flexibilizado en dos situaciones, la \u00a0primera es cuando se demuestre que el mecanismo ordinario es inid\u00f3neo \u00a0o ineficaz para el cumplimiento de las pretensiones del actor y, el \u00a0segundo, cuando a pesar de la idoneidad y efectividad del mecanismo, \u00a0se demuestre la existencia de un perjuicio irremediable que requiera \u00a0la intervenci\u00f3n inmediata del juez constitucional. \u00a0<\/p>\n<p>En ese sentido se pronunci\u00f3 el \u00a0\u00f3rgano de cierre de la jurisdicci\u00f3n constitucional, en \u00a0la sentencia T397 \u2013 18, al reiterar su propia jurisprudencia: \u00a0<\/p>\n<p>No \u00a0obstante, se ha reconocido que existen ciertos eventos en los que, a \u00a0pesar de la existencia de mecanismos ordinarios de protecci\u00f3n, \u00a0resulta admisible acudir directamente a la acci\u00f3n de tutela, \u00a0los cuales han sido sintetizados de la siguiente manera:\u00a0(i)\u00a0cuando \u00a0se acredita que a trav\u00e9s de estos es imposible obtener un \u00a0amparo integral de los derechos fundamentales del actor, esto es, en \u00a0los eventos en los que el mecanismo existente carece de \u00a0la\u00a0idoneidad\u00a0y\u00a0eficacia\u00a0necesaria \u00a0para otorgar la protecci\u00f3n de \u00e9l requerida, y, por \u00a0tanto, resulta indispensable un pronunciamiento por parte del juez \u00a0constitucional que resuelva en forma definitiva la\u00a0litis\u00a0planteada; \u00a0hip\u00f3tesis dentro de las que se encuentran inmersas las \u00a0situaciones en las cuales la persona que solicita el amparo ostenta \u00a0la condici\u00f3n de sujeto de especial protecci\u00f3n \u00a0constitucional y, por ello, su situaci\u00f3n requiere de una \u00a0particular consideraci\u00f3n por parte del juez de tutela; \u00a0y\u00a0(ii)\u00a0cuando \u00a0se evidencia que la protecci\u00f3n a trav\u00e9s de los \u00a0procedimientos ordinarios no resulta lo suficientemente expedita como \u00a0para impedir la configuraci\u00f3n de un\u00a0perjuicio \u00a0de car\u00e1cter irremediable, \u00a0evento en el cual el juez de la acci\u00f3n de amparo se encuentra \u00a0compelido a proferir una orden que permita la protecci\u00f3n \u00a0provisional de los derechos del actor, mientras sus pretensiones se \u00a0resuelven ante el juez natural. \u00a0<\/p>\n<p>\u00a0 \u00a0<\/p>\n<p>Sobre \u00a0el primero de los eventos anteriormente mencionados, esta Corporaci\u00f3n \u00a0indic\u00f3 en la Sentencia SU-772 de 2014, que para determinar la \u00a0idoneidad y eficacia del mecanismo ordinario es necesario que el juez \u00a0constitucional valore: \u00a0<\/p>\n<p>\u201ci) \u00a0que el tiempo de tr\u00e1mite no sea desproporcionado frente a las \u00a0consecuencias de la decisi\u00f3n (\u2026); ii) que las \u00a0exigencias procesales no sean excesivas, dada la situaci\u00f3n en \u00a0que se encuentra el afectado (\u2026); iii) que el remedio que \u00a0puede ordenar el juez no sea adecuado para satisfacer el derecho de \u00a0que se trate, por ejemplo, cuando el juez no pueda ordenar medidas de \u00a0restablecimiento del derecho; y iv) cuando el otro mecanismo no \u00a0permita atender las particularidades de los sujetos, como cuando la \u00a0resoluci\u00f3n del problema (\u2026) dependa estrictamente de \u00a0criterios legales ajenos a las condiciones particulares y especiales \u00a0de vulnerabilidad en que se encuentre una persona.\u201d \u00a0<\/p>\n<p>\u00a0 \u00a0<\/p>\n<p>(&#8230;) \u00a0<\/p>\n<p>Respecto \u00a0del segundo de ellos, la jurisprudencia de esta Corte ha establecido \u00a0ciertos criterios con base en los cuales es posible determinar la \u00a0ocurrencia o no de un perjuicio que pueda tildarse de irremediable. \u00a0Entre ellos se encuentran: que\u00a0(i)\u00a0se \u00a0est\u00e9 ante un da\u00f1o\u00a0inminente\u00a0o \u00a0pr\u00f3ximo a suceder, lo que exige un grado suficiente de certeza \u00a0respecto de los hechos y la causa del da\u00f1o;\u00a0(ii)\u00a0de \u00a0ocurrir, no existir\u00eda forma de repararlo, esto es, que \u00a0resulta\u00a0irreparable;\u00a0(iii)\u00a0debe \u00a0ser\u00a0grave\u00a0y \u00a0que, por tanto, conlleve la afectaci\u00f3n de un bien susceptible \u00a0de determinaci\u00f3n jur\u00eddica que se estima como altamente \u00a0significativo para la persona;\u00a0(iv)\u00a0se \u00a0requieran medidas\u00a0urgentes\u00a0para \u00a0superar la condici\u00f3n de amenaza en la que se encuentra, las \u00a0cuales deben ser adecuadas frente a la inminencia del perjuicio y, a \u00a0su vez, deben considerar las circunstancias particulares del caso; \u00a0y\u00a0(v)\u00a0las \u00a0medidas de protecci\u00f3n deben ser\u00a0impostergables, \u00a0lo que significa que deben responder a condiciones de oportunidad y \u00a0eficacia, que eviten la consumaci\u00f3n del da\u00f1o \u00a0irreparable. \u00a0<\/p>\n<p>Adicional \u00a0a lo expuesto por el juez de tutela de primera instancia, que neg\u00f3 \u00a0el amparo invocado al advertir que, la \u00a0finalidad de la parte accionante, es acudir a la acci\u00f3n de \u00a0tutela como una v\u00eda alterna para que se brinde un concepto \u00a0diferente al que dieron los \u00f3rganos ordinarios competentes; \u00a0esta Sala considera que no existen los elementos suficientes para \u00a0considerar que los \u00a0mecanismos ordinarios propuestos son inid\u00f3neos e ineficaces, \u00a0m\u00e1xime cuando no acudi\u00f3 al recurso de reposici\u00f3n \u00a0en subsidio de apelaci\u00f3n planteado. \u00a0<\/p>\n<p>La Sala ha precisado que la acci\u00f3n \u00a0de tutela no fue dise\u00f1ada con miras a reemplazar al juez \u00a0competente, de ah\u00ed que no sea de recibo cuando se advierte que \u00a0el accionante cuenta con otro medio judicial para invocar la \u00a0protecci\u00f3n de los derechos fundamentales que considera le han \u00a0sido vulnerados. \u00a0<\/p>\n<p>Siendo as\u00ed, \u00a0se pone en duda las razones reales que conllevaron a omitir la \u00a0presentaci\u00f3n del recurso de reposici\u00f3n, en subsidio de \u00a0apelaci\u00f3n; mecanismo id\u00f3neo y eficaz para subsanar \u00a0vulneraciones de garant\u00edas fundamentales, toda vez que, no \u00a0existen razones de peso, para vislumbrar la imposibilidad de acciones \u00a0para su presentaci\u00f3n. \u00a0<\/p>\n<p>Luego, como se anticip\u00f3, la \u00a0acci\u00f3n de tutela resulta improcedente frente a estos aspectos, \u00a0por no cumplir el presupuesto de la subsidiariedad. \u00a0<\/p>\n<p>En este caso, adem\u00e1s que el \u00a0accionante no acredit\u00f3 la urgencia, la gravedad, la inminencia \u00a0y la impostergabilidad del amparo, tampoco hay lugar a considerar que \u00a0se encuentra ante un perjuicio irremediable. \u00a0<\/p>\n<p>Por \u00a0lo expuesto, \u00a0la \u00a0CORTE SUPREMA DE JUSTICIA, SALA DE CASACI\u00d3N PENAL \u2013 EN \u00a0SALA DE DECISI\u00d3N DE ACCIONES DE TUTELA No. 1, \u00a0administrando justicia, en nombre de la Rep\u00fablica y por \u00a0autoridad de la Ley, \u00a0<\/p>\n<p>RESUELVE \u00a0<\/p>\n<p>PRIMERO. \u00a0CONFIRMAR el fallo de tutela impugnado, \u00a0por las razones expuesta. \u00a0<\/p>\n<p>SEGUNDO. \u00a0NOTIFICAR \u00a0a los sujetos procesales el presente fallo, por el medio m\u00e1s \u00a0expedito. \u00a0<\/p>\n<p>TERCERO. \u00a0Env\u00edese la actuaci\u00f3n a la Corte Constitucional para su \u00a0eventual revisi\u00f3n, dentro del t\u00e9rmino indicado en el \u00a0art\u00edculo 31 del Decreto 2591 de 1991. \u00a0<\/p>\n<p>NOTIF\u00cdQUESE \u00a0Y C\u00daMPLASE \u00a0<\/p>\n<p>JOS\u00c9 \u00a0FRANCISCO ACU\u00d1A VIZCAYA \u00a0<\/p>\n<p>PATRICIA \u00a0SALAZAR CU\u00c9LLAR \u00a0<\/p>\n<p>EUGENIO \u00a0FERN\u00c1NDEZ CARLIER \u00a0<\/p>\n<p>NUBIA \u00a0YOLANDA NOVA GARC\u00cdA \u00a0<\/p>\n<p>Secretaria \u00a0<\/p>\n<p>1 \u00a0 \u00a0 \u00a0 \u00a0 \u00a0Fallos C-590 de 2005 y T-332 de 2006 \u00a0<\/p>\n<p>2 \u00a0 \u00a0 \u00a0 \u00a0 \u00a0Ib\u00eddem \u00a0<\/p>\n<p>3 \u00a0 \u00a0 \u00a0 \u00a0 \u00a0Sentencia T-522 de 2001 \u00a0<\/p>\n<p>4 \u00a0 \u00a0 \u00a0 \u00a0 \u00a0Cfr. Sentencias T-462 de 2003; SU-1184 de 2001; T-1625 de 2000 y \u00a0 \u00a0 \u00a0 \u00a0 \u00a0T-1031 de 2001 \u00a0<\/p>\n<p>\u00a0 \u00a0 \u00a0\u00a0<\/p>\n<p><\/p>\n","protected":false},"excerpt":{"rendered":"<p>\u00a0 \u00a0 \u00a0 \u00a0\u00a0 JOS\u00c9 \u00a0FRANCISCO ACU\u00d1A VIZCAYA \u00a0 Magistrado \u00a0Ponente \u00a0 STP8785-2021 \u00a0 Radicaci\u00f3n \u00a0No. 117443 \u00a0 (Aprobado \u00a0Acta No.175) \u00a0 Bogot\u00e1 \u00a0D.C., trece (13) de julio de dos mil veintiuno (2021) \u00a0 VISTOS \u00a0 Decide \u00a0la Sala la impugnaci\u00f3n interpuesta por OMAIRA \u00a0DEL SOCORRO ECHEVERRI ARCILA en calidad de agente oficiosa de \u00a0CRISTIAN [&hellip;]<\/p>\n","protected":false},"author":1,"featured_media":0,"comment_status":"open","ping_status":"open","sticky":false,"template":"","format":"standard","meta":{"footnotes":""},"categories":[30,38],"tags":[],"class_list":["post-57800","post","type-post","status-publish","format-standard","hentry","category-30","category-julio"],"_links":{"self":[{"href":"https:\/\/dmsjuridica.com\/buscador_20179478954\/salapenalcronologico20230723\/wp-json\/wp\/v2\/posts\/57800","targetHints":{"allow":["GET"]}}],"collection":[{"href":"https:\/\/dmsjuridica.com\/buscador_20179478954\/salapenalcronologico20230723\/wp-json\/wp\/v2\/posts"}],"about":[{"href":"https:\/\/dmsjuridica.com\/buscador_20179478954\/salapenalcronologico20230723\/wp-json\/wp\/v2\/types\/post"}],"author":[{"embeddable":true,"href":"https:\/\/dmsjuridica.com\/buscador_20179478954\/salapenalcronologico20230723\/wp-json\/wp\/v2\/users\/1"}],"replies":[{"embeddable":true,"href":"https:\/\/dmsjuridica.com\/buscador_20179478954\/salapenalcronologico20230723\/wp-json\/wp\/v2\/comments?post=57800"}],"version-history":[{"count":0,"href":"https:\/\/dmsjuridica.com\/buscador_20179478954\/salapenalcronologico20230723\/wp-json\/wp\/v2\/posts\/57800\/revisions"}],"wp:attachment":[{"href":"https:\/\/dmsjuridica.com\/buscador_20179478954\/salapenalcronologico20230723\/wp-json\/wp\/v2\/media?parent=57800"}],"wp:term":[{"taxonomy":"category","embeddable":true,"href":"https:\/\/dmsjuridica.com\/buscador_20179478954\/salapenalcronologico20230723\/wp-json\/wp\/v2\/categories?post=57800"},{"taxonomy":"post_tag","embeddable":true,"href":"https:\/\/dmsjuridica.com\/buscador_20179478954\/salapenalcronologico20230723\/wp-json\/wp\/v2\/tags?post=57800"}],"curies":[{"name":"wp","href":"https:\/\/api.w.org\/{rel}","templated":true}]}}