{"id":5762,"date":"2023-09-08T16:23:46","date_gmt":"2023-09-08T16:23:46","guid":{"rendered":"https:\/\/dmsjuridica.com\/buscador_20179478954\/salapenalcronologico20230723\/2023\/09\/08\/1548428-05-02\/"},"modified":"2023-09-08T16:23:46","modified_gmt":"2023-09-08T16:23:46","slug":"1548428-05-02","status":"publish","type":"post","link":"https:\/\/dmsjuridica.com\/buscador_20179478954\/salapenalcronologico20230723\/2023\/09\/08\/1548428-05-02\/","title":{"rendered":"15484(28-05-02)"},"content":{"rendered":"\n<p>\u00a0 \u00a0 Proceso No 15484 \u00a0<\/p>\n<p>CORTE SUPREMA DE JUSTICIA \u00a0<\/p>\n<p>SALA DE CASACI\u00d3N PENAL0 \u00a0<\/p>\n<p>\u00a0\u00a0\u00a0\u00a0\u00a0\u00a0\u00a0\u00a0\u00a0 \u00a0 \u00a0 \u00a0 \u00a0 \u00a0 \u00a0 \u00a0 \u00a0 \u00a0\u00a0 \u00a0 \u00a0 \u00a0 \u00a0\u00a0 \u00a0 \u00a0 \u00a0 \u00a0\u00a0\u00a0\u00a0\u00a0\u00a0\u00a0\u00a0\u00a0\u00a0 MAGISTRADO \u00a0PONENTE: \u00a0\u00a0<\/p>\n<p>\u00a0\u00a0\u00a0\u00a0\u00a0\u00a0\u00a0\u00a0\u00a0\u00a0\u00a0\u00a0 \u00a0Dr. CARLOS AUGUSTO G\u00c1LVEZ ARGOTE \u00a0\u00a0<\/p>\n<p>\u00a0\u00a0\u00a0\u00a0\u00a0\u00a0\u00a0\u00a0\u00a0\u00a0\u00a0\u00a0\u00a0\u00a0\u00a0\u00a0\u00a0\u00a0\u00a0\u00a0\u00a0\u00a0\u00a0\u00a0\u00a0 \u00a0Aprobado: Acta No.\u00a0 56 \u00a0\u00a0<\/p>\n<p>Bogot\u00e1, \u00a0D.C.,\u00a0 veintiocho (28) de mayo \u00a0de dos mil dos (2.002). \u00a0\u00a0<\/p>\n<p>VISTOS: \u00a0<\/p>\n<p>Se \u00a0pronuncia \u00a0la Sala sobre el desistimiento \u00a0que \u00a0a \u00a0la \u00a0casaci\u00f3n \u00a0presenta el procesado RUBEN DARIO HINCAPI\u00c9 DAVID, con la \u00a0coadyuvancia de su defensora. \u00a0\u00a0<\/p>\n<p>ANTECEDENTES Y CONSIDERACIONES: \u00a0<\/p>\n<p>1.\u00a0 Mediante sentencia del 4 de junio de \u00a01.998, \u00a0el \u00a0Juzgado \u00a0Veinticuatro \u00a0Penal \u00a0del \u00a0Circuito de Medell\u00edn conden\u00f3 al \u00a0se\u00f1or \u00a0RUBEN \u00a0DARIO HINCAPIE DAVID a la pena principal de veintid\u00f3s (22) a\u00f1os \u00a0y \u00a0seis \u00a0(6) \u00a0meses \u00a0de prisi\u00f3n como responsable de los delitos de tentativa de \u00a0homicidio \u00a0agravado \u00a0y \u00a0porte \u00a0ilegal \u00a0de \u00a0arma \u00a0de \u00a0fuego \u00a0de defensa personal, \u00a0decisi\u00f3n \u00a0que \u00a0fuera \u00a0confirmada por el Tribunal Superior del Distrito Judicial \u00a0de \u00a0Medell\u00edn \u00a0en \u00a0sentencia \u00a0del \u00a023 \u00a0de \u00a0diciembre \u00a0de \u00a01.998, \u00a0con \u00a0la \u00fanica \u00a0modificaci\u00f3n \u00a0de \u00a0que \u00a0la pena ser\u00eda de veinti\u00fan (21) a\u00f1os y diez (10) meses \u00a0de prisi\u00f3n. \u00a0\u00a0<\/p>\n<p>2.\u00a0 \u00a0Una \u00a0vez el expediente en la Corte, \u00a0con \u00a0ocasi\u00f3n \u00a0de \u00a0la \u00a0casaci\u00f3n \u00a0interpuesta \u00a0en \u00a0contra del fallo proferido en \u00a0segunda \u00a0instancia, el procesado, con la aquiescencia de su apoderada manifest\u00f3 \u00a0expresamente \u00a0su \u00a0deseo \u00a0de \u00a0desistir \u00a0del medio extraordinario de impugnaci\u00f3n. \u00a0\u00a0<\/p>\n<p>3.\u00a0 Como quiera \u00a0que \u00a0el \u00a0art\u00edculo \u00a0230 \u00a0del \u00a0C\u00f3digo \u00a0de \u00a0Procedimiento \u00a0Penal, \u00a0establece \u00a0que \u00a0\u201cpodr\u00e1 \u00a0desistirse \u00a0de la casaci\u00f3n y de la acci\u00f3n \u00a0de \u00a0revisi\u00f3n \u00a0antes \u00a0de \u00a0que \u00a0la \u00a0Sala \u00a0las decida\u201d, \u00a0resulta \u00a0claro \u00a0que \u00a0en \u00a0este \u00a0evento \u00a0han \u00a0de \u00a0aplicarse los efectos del citado \u00a0precepto, \u00a0pues, \u00a0ciertamente, \u00a0el procesado, coadyuvado por su defensora, antes \u00a0de \u00a0que la Corte hubiere procedido a resolverlo, ha desistido del extraordinario \u00a0medio de impugnaci\u00f3n. \u00a0\u00a0<\/p>\n<p>Por tanto, bajo las consideraciones que se han \u00a0plasmado, \u00a0se \u00a0admitir\u00e1 \u00a0el \u00a0desistimiento \u00a0y \u00a0en \u00a0consecuencia se remitir\u00e1 el \u00a0expediente a su lugar de origen. \u00a0\u00a0<\/p>\n<p>En m\u00e9rito de lo expuesto, la CORTE SUPREMA DE \u00a0JUSTICIA, SALA DE CASACI\u00d3N PENAL, \u00a0\u00a0<\/p>\n<p>RESUELVE: \u00a0<\/p>\n<p>ACEPTAR \u00a0el \u00a0desistimiento que a la casaci\u00f3n \u00a0presentaron \u00a0 el \u00a0 procesado \u00a0y \u00a0su \u00a0defensora.\u00a0 \u00a0Por \u00a0ende, \u00a0regresen \u00a0las \u00a0diligencias al Tribunal de origen. \u00a0\u00a0<\/p>\n<p>C\u00f3piese, \u00a0 notif\u00edquese \u00a0 y \u00a0 c\u00famplase. \u00a0\u00a0<\/p>\n<p>\u00c1LVARO ORLANDO P\u00c9REZ PINZ\u00d3N \u00a0<\/p>\n<p>FERNANDO \u00a0 \u00a0 \u00a0 \u00a0 \u00a0 ARBOLEDA \u00a0RIPOLL\u00a0\u00a0\u00a0\u00a0\u00a0\u00a0\u00a0\u00a0\u00a0 \u00a0 \u00a0JORGE \u00a0 \u00a0ENRIQUE \u00a0C\u00d3RDOBA POVEDA \u00a0\u00a0<\/p>\n<p>HERMAN \u00a0 \u00a0 \u00a0 \u00a0 \u00a0 \u00a0GAL\u00c1N \u00a0CASTELLANOS\u00a0\u00a0\u00a0\u00a0\u00a0\u00a0\u00a0\u00a0 \u00a0 \u00a0CARLOS \u00a0 \u00a0AUGUSTO \u00a0G\u00c1LVEZ ARGOTE\u00a0\u00a0\u00a0\u00a0 \u00a0\u00a0<\/p>\n<p>JORGE \u00a0 \u00a0 \u00a0 \u00a0AN\u00cdBAL \u00a0 \u00a0 \u00a0 G\u00d3MEZ \u00a0GALLEGO\u00a0\u00a0\u00a0\u00a0\u00a0\u00a0\u00a0\u00a0\u00a0\u00a0\u00a0\u00a0\u00a0\u00a0\u00a0\u00a0\u00a0\u00a0 \u00a0EDGAR LOMBANA TRUJILLO\u00a0\u00a0\u00a0\u00a0\u00a0 \u00a0\u00a0<\/p>\n<p>CARLOS \u00a0 \u00a0 \u00a0 EDUARDO \u00a0 \u00a0 \u00a0 MEJ\u00cdA \u00a0ESCOBAR\u00a0\u00a0\u00a0\u00a0\u00a0\u00a0\u00a0\u00a0\u00a0\u00a0\u00a0\u00a0\u00a0\u00a0\u00a0\u00a0\u00a0\u00a0\u00a0\u00a0\u00a0\u00a0 \u00a0NILSON PINILLA PINILLA \u00a0\u00a0<\/p>\n<p>Teresa Ruiz N\u00fa\u00f1ez \u00a0<\/p>\n<p>Secretaria \u00a0<\/p>\n<p>\u00a0 \u00a0\u00a0<\/p>\n<p><\/p>\n","protected":false},"excerpt":{"rendered":"<p>\u00a0 \u00a0 Proceso No 15484 \u00a0 CORTE SUPREMA DE JUSTICIA \u00a0 SALA DE CASACI\u00d3N PENAL0 \u00a0 \u00a0\u00a0\u00a0\u00a0\u00a0\u00a0\u00a0\u00a0\u00a0 \u00a0 \u00a0 \u00a0 \u00a0 \u00a0 \u00a0 \u00a0 \u00a0 \u00a0\u00a0 \u00a0 \u00a0 \u00a0 \u00a0\u00a0 \u00a0 \u00a0 \u00a0 \u00a0\u00a0\u00a0\u00a0\u00a0\u00a0\u00a0\u00a0\u00a0\u00a0 MAGISTRADO \u00a0PONENTE: \u00a0\u00a0 \u00a0\u00a0\u00a0\u00a0\u00a0\u00a0\u00a0\u00a0\u00a0\u00a0\u00a0\u00a0 \u00a0Dr. CARLOS AUGUSTO G\u00c1LVEZ ARGOTE \u00a0\u00a0 \u00a0\u00a0\u00a0\u00a0\u00a0\u00a0\u00a0\u00a0\u00a0\u00a0\u00a0\u00a0\u00a0\u00a0\u00a0\u00a0\u00a0\u00a0\u00a0\u00a0\u00a0\u00a0\u00a0\u00a0\u00a0 \u00a0Aprobado: Acta No.\u00a0 56 \u00a0\u00a0 Bogot\u00e1, \u00a0D.C.,\u00a0 veintiocho (28) de [&hellip;]<\/p>\n","protected":false},"author":1,"featured_media":0,"comment_status":"open","ping_status":"open","sticky":false,"template":"","format":"standard","meta":{"footnotes":""},"categories":[10],"tags":[],"class_list":["post-5762","post","type-post","status-publish","format-standard","hentry","category-10"],"_links":{"self":[{"href":"https:\/\/dmsjuridica.com\/buscador_20179478954\/salapenalcronologico20230723\/wp-json\/wp\/v2\/posts\/5762","targetHints":{"allow":["GET"]}}],"collection":[{"href":"https:\/\/dmsjuridica.com\/buscador_20179478954\/salapenalcronologico20230723\/wp-json\/wp\/v2\/posts"}],"about":[{"href":"https:\/\/dmsjuridica.com\/buscador_20179478954\/salapenalcronologico20230723\/wp-json\/wp\/v2\/types\/post"}],"author":[{"embeddable":true,"href":"https:\/\/dmsjuridica.com\/buscador_20179478954\/salapenalcronologico20230723\/wp-json\/wp\/v2\/users\/1"}],"replies":[{"embeddable":true,"href":"https:\/\/dmsjuridica.com\/buscador_20179478954\/salapenalcronologico20230723\/wp-json\/wp\/v2\/comments?post=5762"}],"version-history":[{"count":0,"href":"https:\/\/dmsjuridica.com\/buscador_20179478954\/salapenalcronologico20230723\/wp-json\/wp\/v2\/posts\/5762\/revisions"}],"wp:attachment":[{"href":"https:\/\/dmsjuridica.com\/buscador_20179478954\/salapenalcronologico20230723\/wp-json\/wp\/v2\/media?parent=5762"}],"wp:term":[{"taxonomy":"category","embeddable":true,"href":"https:\/\/dmsjuridica.com\/buscador_20179478954\/salapenalcronologico20230723\/wp-json\/wp\/v2\/categories?post=5762"},{"taxonomy":"post_tag","embeddable":true,"href":"https:\/\/dmsjuridica.com\/buscador_20179478954\/salapenalcronologico20230723\/wp-json\/wp\/v2\/tags?post=5762"}],"curies":[{"name":"wp","href":"https:\/\/api.w.org\/{rel}","templated":true}]}}