{"id":5721,"date":"2023-09-08T16:23:44","date_gmt":"2023-09-08T16:23:44","guid":{"rendered":"https:\/\/dmsjuridica.com\/buscador_20179478954\/salapenalcronologico20230723\/2023\/09\/08\/1529318-01-02\/"},"modified":"2023-09-08T16:23:44","modified_gmt":"2023-09-08T16:23:44","slug":"1529318-01-02","status":"publish","type":"post","link":"https:\/\/dmsjuridica.com\/buscador_20179478954\/salapenalcronologico20230723\/2023\/09\/08\/1529318-01-02\/","title":{"rendered":"15293(18-01-02)"},"content":{"rendered":"\n<p>\u00a0 \u00a0 Proceso No 15293 \u00a0<\/p>\n<p>\u00a0 \u00a0\u00a0 \u00a0\u00a0 \u00a0\u00a0CORTE SUPREMA DE JUSTICIA \u00a0\u00a0<\/p>\n<p>\u00a0 \u00a0\u00a0 \u00a0\u00a0 \u00a0\u00a0SALA DE CASACION PENAL \u00a0\u00a0<\/p>\n<p>\u00a0 \u00a0\u00a0 \u00a0\u00a0 \u00a0\u00a0Magistrado Ponente: \u00a0\u00a0<\/p>\n<p>\u00a0 \u00a0\u00a0 \u00a0\u00a0 \u00a0\u00a0Dr. JORGE E. CORDOBA POVEDA \u00a0\u00a0<\/p>\n<p>\u00a0 \u00a0\u00a0 \u00a0\u00a0 \u00a0\u00a0Aprobado acta N\u00ba 04 \u00a0\u00a0<\/p>\n<p>\u00a0 \u00a0 \u00a0 \u00a0 \u00a0<\/p>\n<p>Bogot\u00e1, D. C., dieciocho (18) de enero de dos \u00a0mil dos (2002). \u00a0\u00a0<\/p>\n<p>\u00a0 \u00a0\u00a0 \u00a0\u00a0 \u00a0\u00a0V I S T O S : \u00a0\u00a0<\/p>\n<p>Resuelve \u00a0 la \u00a0 Corte \u00a0 la \u00a0 solicitud \u00a0 de \u00a0desistimiento \u00a0 del \u00a0recurso \u00a0extraordinario \u00a0de \u00a0casaci\u00f3n \u00a0presentada \u00a0por \u00a0el \u00a0procesado Dar\u00edo Mendoza Parra. \u00a0\u00a0<\/p>\n<p>A N T E C E D E N T E S \u00a0<\/p>\n<p>\u00a0 \u00a0\u00a0<\/p>\n<p>1. El \u00a0defensor, \u00a0en \u00a0escrito que hace \u00a0llegar \u00a0 a \u00a0 esta \u00a0 Corporaci\u00f3n, \u00a0 manifiesta \u00a0que \u00a0coadyuva \u00a0la \u00a0petici\u00f3n \u00a0de \u00a0desistimiento \u00a0del \u00a0recurso \u00a0extraordinario \u00a0de \u00a0casaci\u00f3n interpuesto contra la \u00a0sentencia de segunda instancia, presentada por su procurado. \u00a0 \u00a0\u00a0<\/p>\n<p>\u00a0 \u00a0\u00a0<\/p>\n<p>1. El \u00a0extinto \u00a0Tribunal \u00a0Nacional, \u00a0mediante \u00a0 sentencia \u00a0 del \u00a0 26 \u00a0 de \u00a0 agosto \u00a0 de \u00a01997, \u00a0confirm\u00f3, \u00a0con \u00a0unas \u00a0modificaciones, \u00a0la \u00a0condena \u00a0que \u00a0un Juez Regional de la ciudad de Medell\u00edn le \u00a0impuso \u00a0al \u00a0citado \u00a0procesado, \u00a0por \u00a0los \u00a0delitos de homicidio, conservaci\u00f3n de \u00a0estupefacientes, \u00a0 concierto \u00a0 para \u00a0 cometer \u00a0delitos \u00a0de \u00a0narcotr\u00e1fico,\u00a0 \u00a0promover \u00a0un \u00a0grupo \u00a0armado \u00a0de los llamados escuadrones de la muerte y concurso \u00a0homog\u00e9neo \u00a0de \u00a0falsedad \u00a0de \u00a0particular \u00a0en documento p\u00fablico, agravada por el \u00a0uso. \u00a0 \u00a0\u00a0<\/p>\n<p>3. \u00a0Interpuesto \u00a0oportunamente \u00a0el \u00a0recurso \u00a0extraordinario \u00a0de casaci\u00f3n por los defensores de los procesados Dar\u00edo Mendoza \u00a0Parra, \u00a0Luis Jer\u00f3nimo Berrocal Fern\u00e1ndez y Hern\u00e1n Vicente S\u00e1nchez Mej\u00eda, el \u00a0mismo fue concedido. \u00a0\u00a0<\/p>\n<p>4. Encontr\u00e1ndose el proceso al despacho para \u00a0proferir \u00a0 el \u00a0 fallo \u00a0 de \u00a0casaci\u00f3n, \u00a0se \u00a0present\u00f3 \u00a0la \u00a0citada \u00a0solicitud \u00a0de \u00a0desistimiento del recurso extraordinario. \u00a0\u00a0<\/p>\n<p>\u00a0 \u00a0\u00a0 \u00a0\u00a0 \u00a0\u00a0CONSIDERACIONES DE LA CORTE \u00a0\u00a0<\/p>\n<p>Es \u00a0de \u00a0reconocer \u00a0que \u00a0la \u00a0prerrogativa \u00a0de \u00a0desistir \u00a0del \u00a0recurso \u00a0extraordinario \u00a0de casaci\u00f3n le asiste a la parte que lo \u00a0interpone, \u00a0hasta \u00a0antes \u00a0de \u00a0que la Sala decida, al tenor del art\u00edculo 230 del \u00a0nuevo C\u00f3digo de Procedimiento Penal (Ley 600 de 2000). \u00a0\u00a0<\/p>\n<p>Teniendo \u00a0en \u00a0cuenta \u00a0la \u00a0anterior \u00a0premisa y \u00a0siendo \u00a0claro \u00a0que \u00a0el \u00a0presente \u00a0asunto \u00a0aun \u00a0no \u00a0ha sido decidido por la Sala, \u00a0resulta \u00a0procedente \u00a0la petici\u00f3n formulada por el procesado y coadyuvada por su \u00a0defensor. \u00a0 En \u00a0 consecuencia, \u00a0 se \u00a0 admitir\u00e1 \u00a0el \u00a0desistimiento \u00a0del \u00a0recurso \u00a0extraordinario, \u00a0 \u00a0en \u00a0 \u00a0lo \u00a0 que \u00a0 respecta \u00a0 al \u00a0 procesado \u00a0 Dar\u00edo \u00a0 Mendoza \u00a0Parra. \u00a0\u00a0<\/p>\n<p>En m\u00e9rito de lo expuesto, la Corte Suprema de \u00a0Justicia, Sala de Casaci\u00f3n Penal, \u00a0\u00a0<\/p>\n<p>\u00a0 \u00a0\u00a0 \u00a0\u00a0 \u00a0\u00a0R E S U E L V E \u00a0\u00a0<\/p>\n<p>Primero: Admitir \u00a0el \u00a0desistimiento \u00a0del \u00a0recurso extraordinario de casaci\u00f3n \u00a0interpuesto por el procesado Dar\u00edo Mendoza Parra. \u00a0\u00a0<\/p>\n<p>Segundo: Ejecutoriada \u00a0 la \u00a0 presente \u00a0decisi\u00f3n, \u00a0vuelva \u00a0el \u00a0expediente \u00a0al \u00a0despacho, \u00a0para \u00a0que \u00a0se \u00a0contin\u00fae con el tr\u00e1mite de la impugnaci\u00f3n propuesta \u00a0por \u00a0los \u00a0defensores \u00a0de \u00a0Luis \u00a0Jer\u00f3nimo \u00a0Berrocal Fern\u00e1ndez y Hern\u00e1n Vicente \u00a0S\u00e1nchez Mej\u00eda. \u00a0\u00a0<\/p>\n<p>Contra \u00a0esta \u00a0decisi\u00f3n \u00a0procede \u00a0recurso \u00a0de \u00a0reposici\u00f3n. \u00a0\u00a0<\/p>\n<p>C\u00f3piese, \u00a0notif\u00edquese \u00a0y\u00a0 \u00a0c\u00famplase. \u00a0\u00a0<\/p>\n<p>ALVARO ORLANDO P\u00c9REZ PINZ\u00d3N \u00a0<\/p>\n<p>FERNANDO \u00a0 ARBOLEDA \u00a0 RIPOLL \u00a0\u00a0 \u00a0 \u00a0 \u00a0 \u00a0 \u00a0 \u00a0\u00a0 \u00a0JORGE E. C\u00d3RDOBA POVEDA \u00a0\u00a0<\/p>\n<p>HERMAN \u00a0 GAL\u00c1N \u00a0 CASTELLANOS \u00a0\u00a0 \u00a0 \u00a0 \u00a0 \u00a0 \u00a0 \u00a0\u00a0 \u00a0CARLOS AUGUSTO GALVEZ ARGOTE \u00a0\u00a0<\/p>\n<p>JORGE \u00a0ANIBAL \u00a0G\u00d3MEZ \u00a0GALLEGO \u00a0\u00a0 \u00a0\u00a0 \u00a0 \u00a0EDGAR LOMBANA \u00a0TRUJILLO \u00a0 \u00a0 \u00a0 \u00a0 \u00a0\u00a0<\/p>\n<p>CARLOS \u00a0EDUARDO \u00a0MEJ\u00cdA \u00a0ESCOBAR \u00a0\u00a0 \u00a0 \u00a0 \u00a0NILSON PINILLA \u00a0PINILLA \u00a0 \u00a0 \u00a0 \u00a0 \u00a0\u00a0 \u00a0\u00a0 \u00a0 \u00a0 \u00a0 \u00a0 \u00a0\u00a0<\/p>\n<p>No hay firma \u00a0<\/p>\n<p>TERESA RU\u00cdZ NU\u00d1EZ \u00a0<\/p>\n<p>Secretaria\u00a0\u00a0 \u00a0<\/p>\n<p>\u00a0 \u00a0\u00a0<\/p>\n<p><\/p>\n","protected":false},"excerpt":{"rendered":"<p>\u00a0 \u00a0 Proceso No 15293 \u00a0 \u00a0 \u00a0\u00a0 \u00a0\u00a0 \u00a0\u00a0CORTE SUPREMA DE JUSTICIA \u00a0\u00a0 \u00a0 \u00a0\u00a0 \u00a0\u00a0 \u00a0\u00a0SALA DE CASACION PENAL \u00a0\u00a0 \u00a0 \u00a0\u00a0 \u00a0\u00a0 \u00a0\u00a0Magistrado Ponente: \u00a0\u00a0 \u00a0 \u00a0\u00a0 \u00a0\u00a0 \u00a0\u00a0Dr. JORGE E. CORDOBA POVEDA \u00a0\u00a0 \u00a0 \u00a0\u00a0 \u00a0\u00a0 \u00a0\u00a0Aprobado acta N\u00ba 04 \u00a0\u00a0 \u00a0 \u00a0 \u00a0 \u00a0 \u00a0 Bogot\u00e1, D. C., dieciocho (18) [&hellip;]<\/p>\n","protected":false},"author":1,"featured_media":0,"comment_status":"open","ping_status":"open","sticky":false,"template":"","format":"standard","meta":{"footnotes":""},"categories":[10],"tags":[],"class_list":["post-5721","post","type-post","status-publish","format-standard","hentry","category-10"],"_links":{"self":[{"href":"https:\/\/dmsjuridica.com\/buscador_20179478954\/salapenalcronologico20230723\/wp-json\/wp\/v2\/posts\/5721","targetHints":{"allow":["GET"]}}],"collection":[{"href":"https:\/\/dmsjuridica.com\/buscador_20179478954\/salapenalcronologico20230723\/wp-json\/wp\/v2\/posts"}],"about":[{"href":"https:\/\/dmsjuridica.com\/buscador_20179478954\/salapenalcronologico20230723\/wp-json\/wp\/v2\/types\/post"}],"author":[{"embeddable":true,"href":"https:\/\/dmsjuridica.com\/buscador_20179478954\/salapenalcronologico20230723\/wp-json\/wp\/v2\/users\/1"}],"replies":[{"embeddable":true,"href":"https:\/\/dmsjuridica.com\/buscador_20179478954\/salapenalcronologico20230723\/wp-json\/wp\/v2\/comments?post=5721"}],"version-history":[{"count":0,"href":"https:\/\/dmsjuridica.com\/buscador_20179478954\/salapenalcronologico20230723\/wp-json\/wp\/v2\/posts\/5721\/revisions"}],"wp:attachment":[{"href":"https:\/\/dmsjuridica.com\/buscador_20179478954\/salapenalcronologico20230723\/wp-json\/wp\/v2\/media?parent=5721"}],"wp:term":[{"taxonomy":"category","embeddable":true,"href":"https:\/\/dmsjuridica.com\/buscador_20179478954\/salapenalcronologico20230723\/wp-json\/wp\/v2\/categories?post=5721"},{"taxonomy":"post_tag","embeddable":true,"href":"https:\/\/dmsjuridica.com\/buscador_20179478954\/salapenalcronologico20230723\/wp-json\/wp\/v2\/tags?post=5721"}],"curies":[{"name":"wp","href":"https:\/\/api.w.org\/{rel}","templated":true}]}}