{"id":57150,"date":"2023-12-22T16:47:33","date_gmt":"2023-12-22T16:47:33","guid":{"rendered":"https:\/\/dmsjuridica.com\/buscador_20179478954\/salapenalcronologico20230723\/2023\/12\/22\/sp2555-202151149\/"},"modified":"2023-12-22T16:47:33","modified_gmt":"2023-12-22T16:47:33","slug":"sp2555-202151149","status":"publish","type":"post","link":"https:\/\/dmsjuridica.com\/buscador_20179478954\/salapenalcronologico20230723\/2023\/12\/22\/sp2555-202151149\/","title":{"rendered":"SP2555-2021(51149)"},"content":{"rendered":"\n<p>\u00a0 \u00a0 \u00a0 \u00a0\u00a0<\/p>\n<p>JOS\u00c9 \u00a0FRANCISCO ACU\u00d1A VIZCAYA \u00a0<\/p>\n<p>SP2555-2021 \u00a0<\/p>\n<p>Radicaci\u00f3n \u00a0N\u00b0 51149 \u00a0<\/p>\n<p>Aprobado \u00a0Acta No 158 \u00a0<\/p>\n<p>Bogot\u00e1, \u00a0D. C., veintitr\u00e9s (23) de junio de dos mil veintiuno \u00a0(2021). \u00a0<\/p>\n<p>VISTOS \u00a0<\/p>\n<p>Ejecutoriada la \u00a0decisi\u00f3n del 18 de noviembre de 2020, por cuyo medio se \u00a0inadmiti\u00f3 la demanda de casaci\u00f3n presentada en nombre \u00a0\u00d3scar \u00a0Eduardo Lozano Mar\u00edn \u00a0y Cristian \u00a0Juli\u00e1n Rodr\u00edguez Saa, \u00a0contra la sentencia dictada por el Tribunal Superior del Distrito \u00a0Judicial de Cali el 09 de junio de 2017, que confirm\u00f3 la \u00a0proferida por el Juzgado D\u00e9cimo Penal del Circuito con \u00a0Funciones de Conocimiento de la misma ciudad del 08 de septiembre de \u00a02015, \u00a0la Corte se pronuncia oficiosamente \u00a0a fin de garantizar la efectividad del derecho material y preservar \u00a0las garant\u00edas fundamentales, conforme a lo anunciado en el \u00a0referido auto inadmisorio. \u00a0<\/p>\n<p>HECHOS \u00a0<\/p>\n<p>\u00a0 \u00a0\u00a0 \u00a0 \u00a0 \u00a0 \u00a0<\/p>\n<p>1. Del \u00a0 \u00a0 \u00a0 \u00a0 \u00a0decurso procesal se desprende que el 21 de febrero de 2010, en horas \u00a0 \u00a0 \u00a0 \u00a0 \u00a0de la noche, frente a la Carrera 42A No. 42-16 del barrio \u201cLa \u00a0 \u00a0 \u00a0 \u00a0 \u00a0uni\u00f3n de Vivienda Popular\u201d \u00a0 \u00a0 \u00a0 \u00a0 \u00a0en la ciudad de Cali, se encontraban dentro de un veh\u00edculo \u00a0 \u00a0 \u00a0 \u00a0 \u00a0Mazda de placas GQP-897, Francisco \u00a0 \u00a0 \u00a0 \u00a0 \u00a0Javier Villamil Ruiz \u00a0 \u00a0 \u00a0 \u00a0 \u00a0y \u00a0 \u00a0 \u00a0 \u00a0 \u00a0Joan \u00a0 \u00a0 \u00a0 \u00a0 \u00a0Sebasti\u00e1n Dominic \u00a0 \u00a0 \u00a0 \u00a0 \u00a0-menor \u00a0 \u00a0 \u00a0 \u00a0 \u00a0de edad para la \u00e9poca de los hechos-, \u00a0 \u00a0 \u00a0 \u00a0 \u00a0cuando les dispararon con arma de fuego, provocando la muerte del \u00a0 \u00a0 \u00a0 \u00a0 \u00a0primero e hiriendo de gravedad al segundo, dej\u00e1ndolo \u00a0 \u00a0 \u00a0 \u00a0 \u00a0minusv\u00e1lido. \u00a0<\/p>\n<p>Se \u00a0determin\u00f3 que dichas lesiones fueron provocadas por \u00d3scar \u00a0Eduardo Lozano Mar\u00edn, \u00a0quien huy\u00f3 del lugar de los hechos en una motocicleta \u00a0conducida por Cristian \u00a0Juli\u00e1n Rodr\u00edguez Saa1. \u00a0<\/p>\n<p>ANTECEDENTES \u00a0PROCESALES \u00a0<\/p>\n<p>\u00a0 \u00a0\u00a0 \u00a0 \u00a0 \u00a0 \u00a0<\/p>\n<p>2. Adelantadas \u00a0 \u00a0 \u00a0 \u00a0 \u00a0las labores investigativas por parte de la Fiscal\u00eda General \u00a0 \u00a0 \u00a0 \u00a0 \u00a0de la Naci\u00f3n, quienes realizaron trabajo de campo en el \u00a0 \u00a0 \u00a0 \u00a0 \u00a0barrio donde tuvieron ocurrencia los hechos, se logr\u00f3 \u00a0 \u00a0 \u00a0 \u00a0 \u00a0determinar la identificaci\u00f3n de los ahora procesados, \u00a0 \u00a0 \u00a0 \u00a0 \u00a0orden\u00e1ndose su captura y haci\u00e9ndose efectiva el 05 de \u00a0 \u00a0 \u00a0 \u00a0 \u00a0febrero de 2012 para \u00d3scar \u00a0 \u00a0 \u00a0 \u00a0 \u00a0Eduardo Lozano Mar\u00edn \u00a0 \u00a0 \u00a0 \u00a0 \u00a0y el 07 del mismo mes y a\u00f1o, para Cristian \u00a0 \u00a0 \u00a0 \u00a0 \u00a0Juli\u00e1n Rodr\u00edguez Saa. \u00a0<\/p>\n<p>\u00a0 \u00a0\u00a0 \u00a0 \u00a0 \u00a0 \u00a0<\/p>\n<p>3. El \u00a0 \u00a0 \u00a0 \u00a0 \u00a07 de febrero de 2012, ante el Juzgado 20 Penal Municipal con \u00a0 \u00a0 \u00a0 \u00a0 \u00a0Funciones de Control de Garant\u00edas se desarrollaron las \u00a0 \u00a0 \u00a0 \u00a0 \u00a0audiencias preliminares2, \u00a0 \u00a0 \u00a0 \u00a0 \u00a0dentro de las cuales el ente acusador les formul\u00f3 imputaci\u00f3n \u00a0 \u00a0 \u00a0 \u00a0 \u00a0en calidad de coautores por los delitos de homicidio (Art. \u00a0 \u00a0 \u00a0 \u00a0 \u00a0103), \u00a0 \u00a0 \u00a0 \u00a0 \u00a0en concurso con homicidio tentado (Art. \u00a0 \u00a0 \u00a0 \u00a0 \u00a027) \u00a0 \u00a0 \u00a0 \u00a0 \u00a0y fabricaci\u00f3n, tr\u00e1fico o porte de armas de fuego y \u00a0 \u00a0 \u00a0 \u00a0 \u00a0municiones (Art. \u00a0 \u00a0 \u00a0 \u00a0 \u00a0365), \u00a0 \u00a0 \u00a0 \u00a0 \u00a0imponi\u00e9ndoles adem\u00e1s, medida de aseguramiento de \u00a0 \u00a0 \u00a0 \u00a0 \u00a0detenci\u00f3n preventiva en establecimiento carcelario. \u00a0<\/p>\n<p>\u00a0 \u00a0\u00a0 \u00a0 \u00a0 \u00a0 \u00a0<\/p>\n<p>4. Presentado \u00a0 \u00a0 \u00a0 \u00a0 \u00a0el escrito de acusaci\u00f3n3, \u00a0 \u00a0 \u00a0 \u00a0 \u00a0la audiencia correspondiente se realiz\u00f3 el 28 de mayo de 2012 \u00a0 \u00a0 \u00a0 \u00a0 \u00a0ante el Juzgado 10\u00b0 Penal del Circuito con Funciones de \u00a0 \u00a0 \u00a0 \u00a0 \u00a0Conocimiento de Cali4. \u00a0<\/p>\n<p>\u00a0 \u00a0\u00a0 \u00a0 \u00a0 \u00a0 \u00a0<\/p>\n<p>5. La \u00a0 \u00a0 \u00a0 \u00a0 \u00a0audiencia preparatoria tuvo lugar el 06 de julio de 20125, \u00a0 \u00a0 \u00a0 \u00a0 \u00a0en la cual se estipul\u00f3 la plena identidad de Cristi\u00e1n \u00a0 \u00a0 \u00a0 \u00a0 \u00a0Juli\u00e1n Rodr\u00edguez Saa, \u00a0 \u00a0 \u00a0 \u00a0 \u00a0su ausencia de permiso para portar armas de fuego y las lesiones \u00a0 \u00a0 \u00a0 \u00a0 \u00a0ocasionadas a una de las v\u00edctimas. Adem\u00e1s, las partes \u00a0 \u00a0 \u00a0 \u00a0 \u00a0solicitaron pruebas y se decretaron las pertinentes para la \u00a0 \u00a0 \u00a0 \u00a0 \u00a0siguiente etapa procesal. \u00a0<\/p>\n<p>\u00a0 \u00a0\u00a0 \u00a0 \u00a0 \u00a0 \u00a0<\/p>\n<p>6. La \u00a0 \u00a0 \u00a0 \u00a0 \u00a0audiencia de juicio oral6 \u00a0 \u00a0 \u00a0 \u00a0 \u00a0se desarroll\u00f3 durante los d\u00edas 10 de julio y 04 de \u00a0 \u00a0 \u00a0 \u00a0 \u00a0octubre de 2012, 16 de enero, 15 de marzo, 24 de junio y 27 de \u00a0 \u00a0 \u00a0 \u00a0 \u00a0septiembre de 2013, 22 y 23 de abril, 22 y 24 de octubre de 2014, \u00a0 \u00a0 \u00a0 \u00a0 \u00a0as\u00ed como el 20 de abril de 2015, dentro de la cual el ente \u00a0 \u00a0 \u00a0 \u00a0 \u00a0acusador present\u00f3 su teor\u00eda del caso, se practicaron \u00a0 \u00a0 \u00a0 \u00a0 \u00a0las pruebas solicitadas y las partes formularon sus alegatos de \u00a0 \u00a0 \u00a0 \u00a0 \u00a0conclusi\u00f3n. \u00a0<\/p>\n<p>\u00a0 \u00a0\u00a0 \u00a0 \u00a0 \u00a0 \u00a0<\/p>\n<p>7. El \u00a0 \u00a0 \u00a0 \u00a0 \u00a008 de septiembre de 20157, \u00a0 \u00a0 \u00a0 \u00a0 \u00a0el Juzgado D\u00e9cimo Penal del Circuito con Funciones de \u00a0 \u00a0 \u00a0 \u00a0 \u00a0Conocimiento, emiti\u00f3 fallo condenatorio al estimar acreditada \u00a0 \u00a0 \u00a0 \u00a0 \u00a0la responsabilidad penal de los procesados -en \u00a0 \u00a0 \u00a0 \u00a0 \u00a0calidad de coautores-, \u00a0 \u00a0 \u00a0 \u00a0 \u00a0por los delitos de homicidio (Art. \u00a0 \u00a0 \u00a0 \u00a0 \u00a0103), en \u00a0 \u00a0 \u00a0 \u00a0 \u00a0concurso \u00a0 \u00a0 \u00a0 \u00a0 \u00a0homog\u00e9neo \u00a0 \u00a0 \u00a0 \u00a0 \u00a0con \u00a0 \u00a0 \u00a0 \u00a0 \u00a0homicidio \u00a0 \u00a0 \u00a0 \u00a0 \u00a0en grado de tentativa (Art. \u00a0 \u00a0 \u00a0 \u00a0 \u00a027), \u00a0 \u00a0 \u00a0 \u00a0 \u00a0en perjuicio de Francisco \u00a0 \u00a0 \u00a0 \u00a0 \u00a0Javier Villamil Ru\u00edz \u00a0 \u00a0 \u00a0 \u00a0 \u00a0y \u00a0 \u00a0 \u00a0 \u00a0 \u00a0Joan \u00a0 \u00a0 \u00a0 \u00a0 \u00a0Sebasti\u00e1n Dominic Villegas, \u00a0 \u00a0 \u00a0 \u00a0 \u00a0y heterog\u00e9neo \u00a0 \u00a0 \u00a0 \u00a0 \u00a0con el punible de fabricaci\u00f3n, tr\u00e1fico o porte de \u00a0 \u00a0 \u00a0 \u00a0 \u00a0armas de fuego y municiones (Art. \u00a0 \u00a0 \u00a0 \u00a0 \u00a0365). \u00a0<\/p>\n<p>\u00a0 \u00a0\u00a0 \u00a0 \u00a0 \u00a0 \u00a0<\/p>\n<p>8. Como \u00a0 \u00a0 \u00a0 \u00a0 \u00a0consecuencia, se les impuso la pena principal de 326 meses de \u00a0 \u00a0 \u00a0 \u00a0 \u00a0prisi\u00f3n para \u00d3scar \u00a0 \u00a0 \u00a0 \u00a0 \u00a0Eduardo Lozano Mar\u00edn, \u00a0 \u00a0 \u00a0 \u00a0 \u00a0as\u00ed como 298 meses y 15 d\u00edas de prisi\u00f3n a \u00a0 \u00a0 \u00a0 \u00a0 \u00a0Cristi\u00e1n \u00a0 \u00a0 \u00a0 \u00a0 \u00a0Juli\u00e1n Rodr\u00edguez Saa. \u00a0 \u00a0 \u00a0 \u00a0 \u00a0De igual forma, se atribuy\u00f3 como pena accesoria la \u00a0 \u00a0 \u00a0 \u00a0 \u00a0inhabilitaci\u00f3n para el ejercicio de derechos y funciones \u00a0 \u00a0 \u00a0 \u00a0 \u00a0p\u00fablicas por un t\u00e9rmino de 20 a\u00f1os y la \u00a0 \u00a0 \u00a0 \u00a0 \u00a0privaci\u00f3n del derecho a portar armas de fuego por 10 a\u00f1os \u00a0 \u00a0 \u00a0 \u00a0 \u00a0para ambos procesados. \u00a0<\/p>\n<p>\u00a0 \u00a0\u00a0 \u00a0 \u00a0 \u00a0 \u00a0<\/p>\n<p>9. Se \u00a0 \u00a0 \u00a0 \u00a0 \u00a0determin\u00f3 que los procesados no eran acreedores de los \u00a0 \u00a0 \u00a0 \u00a0 \u00a0subrogados correspondientes a la suspensi\u00f3n condicional de la \u00a0 \u00a0 \u00a0 \u00a0 \u00a0ejecuci\u00f3n de la pena, ni de prisi\u00f3n domiciliaria, al \u00a0 \u00a0 \u00a0 \u00a0 \u00a0no cumplir con lo requerido para su concesi\u00f3n. \u00a0<\/p>\n<p>\u00a0 \u00a0\u00a0 \u00a0 \u00a0 \u00a0 \u00a0<\/p>\n<p>10. La \u00a0 \u00a0 \u00a0 \u00a0 \u00a0anterior decisi\u00f3n fue confirmada en su totalidad por la Sala \u00a0 \u00a0 \u00a0 \u00a0 \u00a0Penal del Tribunal Superior del Distrito Judicial de Cali el 09 de \u00a0 \u00a0 \u00a0 \u00a0 \u00a0junio de 20178. \u00a0<\/p>\n<p>11. \u00a0Dentro \u00a0del t\u00e9rmino legal, el defensor interpuso el recurso \u00a0extraordinario de casaci\u00f3n9, \u00a0cuya demanda fue inadmitida10. \u00a0Empero, advirtiendo la Corte yerros en la dosificaci\u00f3n de la \u00a0pena accesoria de privaci\u00f3n \u00a0del derecho \u00a0a la tenencia y porte de armas, \u00a0dispuso la necesidad de revisar oficiosamente \u00a0tal aspecto, a lo que a continuaci\u00f3n se procede. \u00a0<\/p>\n<p>\u00a0 \u00a0 CONSIDERACIONES \u00a0DE LA CORTE \u00a0<\/p>\n<p>12. Ha sido \u00a0pac\u00edfico el criterio de la Sala de Casaci\u00f3n Penal sobre \u00a0la determinaci\u00f3n \u00a0de la pena accesoria de privaci\u00f3n \u00a0del derecho \u00a0a la tenencia y porte de armas, expres\u00e1ndose en reiteradas \u00a0ocasiones que aplica el sistema de \u00a0cuartos, regido por el proceso de individualizaci\u00f3n \u00a0(art. 61 del C.P.)11. \u00a0As\u00ed, debe tenerse \u00a0en cuenta que dicha sanci\u00f3n accesoria tiene prevista una pena \u00a0de entre uno y quince a\u00f1os (art. \u00a051 inc. 6\u00ba \u00eddem). \u00a0En \u00a0consecuencia, los cuartos derivados del \u00e1mbito punitivo de \u00a0movilidad corresponden a: primer cuarto, de 12 a 54 meses; cuartos \u00a0medios, de 54 a 138 meses y, \u00faltimo cuarto, de 138 a 180 \u00a0meses. \u00a0<\/p>\n<p>13. Sin embargo, \u00a0desconociendo el debido proceso sancionatorio12, \u00a0en \u00a0su componente de legalidad \u00a0de la pena, \u00a0el a \u00a0quo \u00a0-a \u00a0su arbitrio-, \u00a0fij\u00f3 la mencionada sanci\u00f3n accesoria en un t\u00e9rmino \u00a0de 10 a\u00f1os, sin guardar proporci\u00f3n con la pena \u00a0impuesta, \u00a0yerro \u00a0que no fue corregido por el Tribunal. \u00a0<\/p>\n<p>14. Por \u00a0consiguiente, a fin de reestablecer la garant\u00eda conculcada, la \u00a0Sala dosificar\u00e1 dicha pena con respeto a los par\u00e1metros \u00a0de legalidad pertinentes. De esta forma -teniendo \u00a0en cuenta los mismos criterios que guiaron al juzgador en la \u00a0atribuci\u00f3n de la pena de prisi\u00f3n por el delito de porte \u00a0de armas-, \u00a0se fij\u00f3 para Cristian \u00a0Juli\u00e1n Rodr\u00edguez Saa \u00a0en el extremo m\u00ednimo del primer cuarto -4 \u00a0a\u00f1os-, \u00a0y para \u00d3scar \u00a0Eduardo Lozano Mar\u00edn \u00a0se le asign\u00f3 un a\u00f1o m\u00e1s de pena13. \u00a0En conclusi\u00f3n, se procede \u00a0entonces a imponerle al primer nombrado un total de 12 \u00a0meses, \u00a0y para el segundo la sanci\u00f3n de 15 \u00a0meses \u00a0como pena accesoria \u00a0de \u00a0privaci\u00f3n del derecho \u00a0a la tenencia y porte de armas14. \u00a0<\/p>\n<p>En m\u00e9rito \u00a0de lo expuesto, \u00a0la \u00a0SALA \u00a0DE CASACI\u00d3N PENAL DE LA CORTE SUPREMA DE JUSTICIA, \u00a0administrando justicia en nombre de la Rep\u00fablica y por \u00a0autoridad de la ley, \u00a0<\/p>\n<p>RESUELVE: \u00a0<\/p>\n<p>1\u00ba.- \u00a0CASAR OFICIOSA Y PARCIALMENTE \u00a0la sentencia impugnada, a fin de condenar a \u00d3scar \u00a0Eduardo Lozano Mar\u00edn \u00a0a la pena accesoria de privaci\u00f3n del derecho \u00a0a la tenencia y porte de armas, por el t\u00e9rmino de 15 \u00a0meses \u00a0y a Cristian \u00a0Juli\u00e1n Rodr\u00edguez Saa \u00a0durante12 \u00a0meses. \u00a0<\/p>\n<p>En lo dem\u00e1s, \u00a0la sentencia permanece inc\u00f3lume. \u00a0<\/p>\n<p>Contra \u00a0esta decisi\u00f3n no proceden recursos. \u00a0<\/p>\n<p>Notif\u00edquese, \u00a0c\u00famplase y devu\u00e9lvase al Tribunal de origen. \u00a0<\/p>\n<p>GERSON \u00a0CHAVERRA CASTRO \u00a0<\/p>\n<p>JOS\u00c9 \u00a0FRANCISCO ACU\u00d1A VIZCAYA \u00a0<\/p>\n<p>DIEGO \u00a0EUGENIO CORREDOR BELTR\u00c1N \u00a0<\/p>\n<p>EUGENIO \u00a0FERN\u00c1NDEZ CARLIER \u00a0<\/p>\n<p>LUIS \u00a0ANTONIO HERN\u00c1NDEZ BARBOSA \u00a0<\/p>\n<p>FABIO \u00a0OSPITIA GARZ\u00d3N \u00a0<\/p>\n<p>EYDER \u00a0PATI\u00d1O CABRERA \u00a0<\/p>\n<p>HUGO \u00a0QUINTERO BERNATE \u00a0<\/p>\n<p>PATRICIA \u00a0SALAZAR CU\u00c9LLAR \u00a0<\/p>\n<p>NUBIA YOLANDA \u00a0NOVA GARC\u00cdA \u00a0<\/p>\n<p>Secretaria \u00a0<\/p>\n<p>1 \u00a0 \u00a0 \u00a0 \u00a0 \u00a0Cfr. \u00a0 \u00a0 \u00a0 \u00a0 \u00a0Cuaderno Original No 2, Fls. \u00a0 \u00a0 \u00a0 \u00a0 \u00a0193-215 y 276- 320. \u00a0<\/p>\n<p>2 \u00a0 \u00a0 \u00a0 \u00a0 \u00a0Cfr. \u00a0 \u00a0 \u00a0 \u00a0 \u00a0Cuaderno Original No 1, Fls. \u00a0 \u00a0 \u00a0 \u00a0 \u00a05-13. \u00a0<\/p>\n<p>3 \u00a0 \u00a0 \u00a0 \u00a0 \u00a0Cfr. \u00a0 \u00a0 \u00a0 \u00a0 \u00a0Cuaderno Original No 1, Fls. \u00a0 \u00a0 \u00a0 \u00a0 \u00a030-35. \u00a0<\/p>\n<p>4 \u00a0 \u00a0 \u00a0 \u00a0 \u00a0Cfr. \u00a0 \u00a0 \u00a0 \u00a0 \u00a0Cuaderno Original No 1, Fls. \u00a0 \u00a0 \u00a0 \u00a0 \u00a065-66. \u00a0<\/p>\n<p>5 \u00a0 \u00a0 \u00a0 \u00a0 \u00a0Cfr. \u00a0 \u00a0 \u00a0 \u00a0 \u00a0Cuaderno Original No 1, Fls. \u00a0 \u00a0 \u00a0 \u00a0 \u00a087-89. \u00a0<\/p>\n<p>6 \u00a0 \u00a0 \u00a0 \u00a0 \u00a0Cfr. \u00a0 \u00a0 \u00a0 \u00a0 \u00a0Cuaderno Original No 1, Fls. \u00a0 \u00a0 \u00a0 \u00a0 \u00a090-92, 108, 109, 129, 130, 134, 135, 139, 155, 158, 159, Cuaderno \u00a0 \u00a0 \u00a0 \u00a0 \u00a0Original No 2 Fls. \u00a0 \u00a0 \u00a0 \u00a0 \u00a0169, 173, 190. \u00a0<\/p>\n<p>7 \u00a0 \u00a0 \u00a0 \u00a0 \u00a0Cfr. \u00a0 \u00a0 \u00a0 \u00a0 \u00a0Cuaderno Original No 2, Fls. \u00a0 \u00a0 \u00a0 \u00a0 \u00a0191- 215. \u00a0<\/p>\n<p>8 \u00a0 \u00a0 \u00a0 \u00a0 \u00a0Cfr. \u00a0 \u00a0 \u00a0 \u00a0 \u00a0Cuaderno Original No 2, Fls. \u00a0 \u00a0 \u00a0 \u00a0 \u00a0276-320. \u00a0<\/p>\n<p>9 \u00a0 \u00a0 \u00a0 \u00a0 \u00a0Demandas \u00a0 \u00a0 \u00a0 \u00a0 \u00a0presentadas el d\u00eda 11 de agosto de 2012, por la defensa de \u00a0 \u00a0 \u00a0 \u00a0 \u00a0\u00d3SCAR EDUARDO LOZANO MAR\u00cdN, Cuaderno Original No 3, \u00a0 \u00a0 \u00a0 \u00a0 \u00a0Fls.659- \u00a0 \u00a0 \u00a0 \u00a0 \u00a0690 y por la defensa de CRISTIAN JULI\u00c1N RODR\u00cdGUEZ SAA, \u00a0 \u00a0 \u00a0 \u00a0 \u00a0Cuaderno Original No 3, Fls.341-655. \u00a0<\/p>\n<p>10 \u00a0 \u00a0 \u00a0 \u00a0 \u00a0Cfr. \u00a0 \u00a0 \u00a0 \u00a0 \u00a0CSJ-AP3233-2020, 18 Nov. 2020. Rad. 51.149. \u00a0<\/p>\n<p>11 \u00a0 \u00a0 \u00a0 \u00a0 \u00a0Cfr. \u00a0 \u00a0 \u00a0 \u00a0 \u00a0CSJ-SP-17166-2014, 16 Dic. 2014, Rad. 42.536; SP\u20132636-2015, \u00a0 \u00a0 \u00a0 \u00a0 \u00a011 Mar. 2015, Rad. 43.881 y SP-3713-2016, 30 Mar. 2016, Rad. 44.443, \u00a0 \u00a0 \u00a0 \u00a0 \u00a0entre \u00a0 \u00a0 \u00a0 \u00a0 \u00a0otras. \u00a0<\/p>\n<p>12 \u00a0 \u00a0 \u00a0 \u00a0 \u00a0Cfr. \u00a0 \u00a0 \u00a0 \u00a0 \u00a0CSJ-SP 3 Feb. 2016, \u00a0 \u00a0 \u00a0 \u00a0 \u00a0Rad. 46.647 y recientemente en: SP4294-2020, 28 Oct.2020, Rad. \u00a0 \u00a0 \u00a0 \u00a0 \u00a051.234. \u00a0<\/p>\n<p>13 \u00a0 \u00a0 \u00a0 \u00a0 \u00a0Sentencia \u00a0 \u00a0 \u00a0 \u00a0 \u00a0de Primera Instancia, Fls. \u00a0 \u00a0 \u00a0 \u00a0 \u00a019-23. \u00a0<\/p>\n<p>14 \u00a0 \u00a0 \u00a0 \u00a0 \u00a0Lo \u00a0 \u00a0 \u00a0 \u00a0 \u00a0anterior se obtiene de la siguiente regla de 3 en donde 12 es el \u00a0 \u00a0 \u00a0 \u00a0 \u00a0m\u00ednimo de la prohibici\u00f3n para porte de armas, \u00a0 \u00a0 \u00a0 \u00a0 \u00a0equivalente al m\u00ednimo de la pena por este delito, esto es 4 \u00a0 \u00a0 \u00a0 \u00a0 \u00a0a\u00f1os. Por ello, para determinar el guarismo proporcional \u00a0 \u00a0 \u00a0 \u00a0 \u00a0equivalente a la sanci\u00f3n de 5 a\u00f1os impuesta se obtiene \u00a0 \u00a0 \u00a0 \u00a0 \u00a0de 5 x 12 \/ 4 = 15 meses. \u00a0<\/p>\n<p>\u00a0 \u00a0 \u00a0\u00a0<\/p>\n<p><\/p>\n","protected":false},"excerpt":{"rendered":"<p>\u00a0 \u00a0 \u00a0 \u00a0\u00a0 JOS\u00c9 \u00a0FRANCISCO ACU\u00d1A VIZCAYA \u00a0 SP2555-2021 \u00a0 Radicaci\u00f3n \u00a0N\u00b0 51149 \u00a0 Aprobado \u00a0Acta No 158 \u00a0 Bogot\u00e1, \u00a0D. C., veintitr\u00e9s (23) de junio de dos mil veintiuno \u00a0(2021). \u00a0 VISTOS \u00a0 Ejecutoriada la \u00a0decisi\u00f3n del 18 de noviembre de 2020, por cuyo medio se \u00a0inadmiti\u00f3 la demanda de casaci\u00f3n presentada en [&hellip;]<\/p>\n","protected":false},"author":1,"featured_media":0,"comment_status":"open","ping_status":"open","sticky":false,"template":"","format":"standard","meta":{"footnotes":""},"categories":[30,37],"tags":[],"class_list":["post-57150","post","type-post","status-publish","format-standard","hentry","category-30","category-junio"],"_links":{"self":[{"href":"https:\/\/dmsjuridica.com\/buscador_20179478954\/salapenalcronologico20230723\/wp-json\/wp\/v2\/posts\/57150","targetHints":{"allow":["GET"]}}],"collection":[{"href":"https:\/\/dmsjuridica.com\/buscador_20179478954\/salapenalcronologico20230723\/wp-json\/wp\/v2\/posts"}],"about":[{"href":"https:\/\/dmsjuridica.com\/buscador_20179478954\/salapenalcronologico20230723\/wp-json\/wp\/v2\/types\/post"}],"author":[{"embeddable":true,"href":"https:\/\/dmsjuridica.com\/buscador_20179478954\/salapenalcronologico20230723\/wp-json\/wp\/v2\/users\/1"}],"replies":[{"embeddable":true,"href":"https:\/\/dmsjuridica.com\/buscador_20179478954\/salapenalcronologico20230723\/wp-json\/wp\/v2\/comments?post=57150"}],"version-history":[{"count":0,"href":"https:\/\/dmsjuridica.com\/buscador_20179478954\/salapenalcronologico20230723\/wp-json\/wp\/v2\/posts\/57150\/revisions"}],"wp:attachment":[{"href":"https:\/\/dmsjuridica.com\/buscador_20179478954\/salapenalcronologico20230723\/wp-json\/wp\/v2\/media?parent=57150"}],"wp:term":[{"taxonomy":"category","embeddable":true,"href":"https:\/\/dmsjuridica.com\/buscador_20179478954\/salapenalcronologico20230723\/wp-json\/wp\/v2\/categories?post=57150"},{"taxonomy":"post_tag","embeddable":true,"href":"https:\/\/dmsjuridica.com\/buscador_20179478954\/salapenalcronologico20230723\/wp-json\/wp\/v2\/tags?post=57150"}],"curies":[{"name":"wp","href":"https:\/\/api.w.org\/{rel}","templated":true}]}}