{"id":56879,"date":"2023-12-22T16:47:08","date_gmt":"2023-12-22T16:47:08","guid":{"rendered":"https:\/\/dmsjuridica.com\/buscador_20179478954\/salapenalcronologico20230723\/2023\/12\/22\/ap2156-202156843\/"},"modified":"2023-12-22T16:47:08","modified_gmt":"2023-12-22T16:47:08","slug":"ap2156-202156843","status":"publish","type":"post","link":"https:\/\/dmsjuridica.com\/buscador_20179478954\/salapenalcronologico20230723\/2023\/12\/22\/ap2156-202156843\/","title":{"rendered":"AP2156-2021(56843)"},"content":{"rendered":"\n<p>\u00a0 \u00a0 \u00a0 \u00a0\u00a0<\/p>\n<p>EYDER PATI\u00d1O \u00a0CABRERA \u00a0<\/p>\n<p>Magistrado \u00a0Ponente \u00a0<\/p>\n<p>AP2156-2021 \u00a0<\/p>\n<p>Radicaci\u00f3n \u00a0N\u00ba 56843 \u00a0<\/p>\n<p>Acta No. 136 \u00a0<\/p>\n<p>Bogot\u00e1 \u00a0D.C., dos (2) de junio de dos mil veintiuno (2021). \u00a0<\/p>\n<p>ASUNTO \u00a0<\/p>\n<p>Se \u00a0pronuncia \u00a0la Corte en \u00a0relaci\u00f3n con \u00a0el desistimiento del recurso de reposici\u00f3n presentado por la \u00a0apoderada de Jhonny \u00a0Evangelista Cheme Torres \u00a0contra \u00a0el auto mediante el cual se resolvi\u00f3 la petici\u00f3n de \u00a0pruebas. \u00a0<\/p>\n<p>ANTECEDENTES \u00a0Y CONSIDERACIONES \u00a0<\/p>\n<p>1. \u00a0A trav\u00e9s de Nota Verbal n.\u00b0 1725 del 16 de octubre de \u00a020191, \u00a0la Embajada estadounidense solicit\u00f3 la detenci\u00f3n \u00a0provisional con fines de extradici\u00f3n de Jhonny \u00a0Evangelista Cheme Torres, \u00a0formalizada \u00a0con la Comunicaci\u00f3n Diplom\u00e1tica n.\u00b0 2082 del 19 de \u00a0diciembre de la misma anualidad2. \u00a0<\/p>\n<p>2. Lo \u00a0anterior, a efectos de que comparezca al proceso que en ese pa\u00eds \u00a0se tramita en la \u00a0Corte Distrital de los Estados Unidos para el Distrito Este de \u00a0Texas3, \u00a0por \u00abdelitos \u00a0de tr\u00e1fico de narc\u00f3ticos\u00bb. \u00a0<\/p>\n<p>3. La Fiscal\u00eda \u00a0General de la Naci\u00f3n, \u00a0mediante resoluci\u00f3n del 18 de octubre de 20194, \u00a0decret\u00f3 la captura con fines de extradici\u00f3n del \u00a0ciudadano Jhony \u00a0Evangelista Cheme Torres, \u00a0la cual se hizo efectiva el 21 de octubre5 \u00a0de ese mismo a\u00f1o en \u00a0Envigado -Antioquia-. \u00a0<\/p>\n<p>4. El \u00a031 de diciembre siguiente6, \u00a0el Ministerio de Justicia y del Derecho remiti\u00f3 a la Corte la \u00a0documentaci\u00f3n enviada por la Embajada de los Estados Unidos de \u00a0Am\u00e9rica, debidamente traducida y autenticada. \u00a0<\/p>\n<p>5. Recibida \u00a0la actuaci\u00f3n en la Corporaci\u00f3n y acreditada la \u00a0representaci\u00f3n adjetiva7, \u00a0se orden\u00f3 correr traslado por el t\u00e9rmino de diez d\u00edas \u00a0a los intervinientes, en orden a que efectuaran las postulaciones \u00a0probatorias que consideraran necesarias. \u00a0<\/p>\n<p>6. \u00a0Durante \u00a0ese interregno, el representante del Ministerio P\u00fablico se \u00a0abstuvo de pedir la pr\u00e1ctica de pruebas, en tanto que la \u00a0defensora de confianza del requerido solicit\u00f3 \u00a0que el Instituto Nacional de Medicina Legal y Ciencias Forenses o un \u00a0laboratorio cl\u00ednico privado realizaran valoraci\u00f3n \u00a0pericial a su prohijado. \u00a0<\/p>\n<p>7. \u00a0La Sala, en auto del 9 \u00a0de septiembre de 2020, neg\u00f3 por improcedente la pretensi\u00f3n \u00a0probatoria de la defensa encaminada a certificar \u00a0el estado actual de salud del \u00a0reclamado. Por otra parte, se orden\u00f3, de oficio, requerir a la \u00a0Fiscal\u00eda General de la Naci\u00f3n y a la Polic\u00eda \u00a0Nacional, en orden a verificar que no se hubiera ejercido \u00a0jurisdicci\u00f3n respecto del hecho que sustenta el pedido de \u00a0entrega. \u00a0<\/p>\n<p>8. \u00a0Inconforme \u00a0con esa determinaci\u00f3n, la apoderada de Jhonny \u00a0Evangelista Cheme Torres \u00a0present\u00f3 recurso de reposici\u00f3n. Sin embargo, \u00a0encontr\u00e1ndose el tr\u00e1mite al despacho, la censora \u00a0desisti\u00f3 de \u00e9ste. \u00a0<\/p>\n<p>En este contexto, \u00a0seg\u00fan \u00a0lo prescribe el art\u00edculo 179 F de la Ley 906 de 20048, \u00a0se estima que es procedente la manifestaci\u00f3n realizada por la \u00a0representante de \u00a0Cheme \u00a0Torres, \u00a0en consideraci\u00f3n a que a\u00fan no se ha adoptado alguna \u00a0decisi\u00f3n de fondo sobre el recurso. \u00a0<\/p>\n<p>En m\u00e9rito \u00a0de lo expuesto, la Sala \u00a0de Casaci\u00f3n Penal de \u00a0la Corte Suprema de Justicia, \u00a0<\/p>\n<p>RESUELVE: \u00a0<\/p>\n<p>ACEPTAR \u00a0el desistimiento del recurso de reposici\u00f3n interpuesto por la \u00a0apoderada del requerido Jhony \u00a0Evangelista Cheme Torres. \u00a0<\/p>\n<p>Contra esta \u00a0decisi\u00f3n no procede recurso alguno. \u00a0<\/p>\n<p>Notif\u00edquese \u00a0y c\u00famplase. \u00a0<\/p>\n<p>GERSON \u00a0CHAVERRA CASTRO \u00a0<\/p>\n<p>JOS\u00c9 \u00a0FRANCISCO ACU\u00d1A VIZCAYA \u00a0<\/p>\n<p>DIEGO \u00a0EUGENIO CORREDOR BELTR\u00c1N \u00a0<\/p>\n<p>EUGENIO \u00a0FERN\u00c1NDEZ CARLIER \u00a0<\/p>\n<p>LUIS \u00a0ANTONIO HERN\u00c1NDEZ BARBOSA \u00a0<\/p>\n<p>FABIO \u00a0OSPITIA GARZ\u00d3N \u00a0<\/p>\n<p>EYDER \u00a0PATI\u00d1O CABRERA \u00a0<\/p>\n<p>HUGO \u00a0QUINTERO BERNATE \u00a0<\/p>\n<p>PATRICIA \u00a0SALAZAR CU\u00c9LLAR \u00a0<\/p>\n<p>NUBIA \u00a0YOLANDA NOVA GARC\u00cdA \u00a0<\/p>\n<p>Secretaria \u00a0<\/p>\n<p>1 \u00a0 \u00a0 \u00a0 \u00a0 \u00a0Folios \u00a0 \u00a0 \u00a0 \u00a0 \u00a03 a 6 y 7 a 10 (traducci\u00f3n no oficial) carpeta \u00a0 \u00a0 \u00a0 \u00a0 \u00a0anexa. \u00a0<\/p>\n<p>2 \u00a0 \u00a0 \u00a0 \u00a0 \u00a0Folios \u00a0 \u00a0 \u00a0 \u00a0 \u00a044 a 47 y 48 a 51 (Traducci\u00f3n no oficial) Ibidem. \u00a0<\/p>\n<p>3 \u00a0 \u00a0 \u00a0 \u00a0 \u00a0Acusaci\u00f3n \u00a0 \u00a0 \u00a0 \u00a0 \u00a0n.\u00b0 4:19CR208 dictada el 14 de agosto de 2019. \u00a0<\/p>\n<p>4 \u00a0 \u00a0 \u00a0 \u00a0 \u00a0Folios \u00a0 \u00a0 \u00a0 \u00a0 \u00a011 a 14 de la carpeta anexa. \u00a0<\/p>\n<p>5 \u00a0 \u00a0 \u00a0 \u00a0 \u00a0Folio \u00a0 \u00a0 \u00a0 \u00a0 \u00a018 y adverso Ib\u00eddem. \u00a0<\/p>\n<p>6 \u00a0 \u00a0 \u00a0 \u00a0 \u00a0Folio \u00a0 \u00a0 \u00a0 \u00a0 \u00a01 y adverso cuaderno de la Corte. \u00a0<\/p>\n<p>7 \u00a0 \u00a0 \u00a0 \u00a0 \u00a0Auto \u00a0 \u00a0 \u00a0 \u00a0 \u00a0que reconoce personer\u00eda adjetiva del 17 de junio de 2020. \u00a0<\/p>\n<p>8 \u00a0 \u00a0 \u00a0 \u00a0 \u00a0Art\u00edculo \u00a0 \u00a0 \u00a0 \u00a0 \u00a0179F. Desistimiento de los recursos. Podr\u00e1 desistirse de los \u00a0 \u00a0 \u00a0 \u00a0 \u00a0recursos antes de que el funcionario judicial los decida. \u00a0 \u00a0 \u00a0<\/p>\n<p><\/p>\n","protected":false},"excerpt":{"rendered":"<p>\u00a0 \u00a0 \u00a0 \u00a0\u00a0 EYDER PATI\u00d1O \u00a0CABRERA \u00a0 Magistrado \u00a0Ponente \u00a0 AP2156-2021 \u00a0 Radicaci\u00f3n \u00a0N\u00ba 56843 \u00a0 Acta No. 136 \u00a0 Bogot\u00e1 \u00a0D.C., dos (2) de junio de dos mil veintiuno (2021). \u00a0 ASUNTO \u00a0 Se \u00a0pronuncia \u00a0la Corte en \u00a0relaci\u00f3n con \u00a0el desistimiento del recurso de reposici\u00f3n presentado por la \u00a0apoderada de Jhonny \u00a0Evangelista [&hellip;]<\/p>\n","protected":false},"author":1,"featured_media":0,"comment_status":"open","ping_status":"open","sticky":false,"template":"","format":"standard","meta":{"footnotes":""},"categories":[30,37],"tags":[],"class_list":["post-56879","post","type-post","status-publish","format-standard","hentry","category-30","category-junio"],"_links":{"self":[{"href":"https:\/\/dmsjuridica.com\/buscador_20179478954\/salapenalcronologico20230723\/wp-json\/wp\/v2\/posts\/56879","targetHints":{"allow":["GET"]}}],"collection":[{"href":"https:\/\/dmsjuridica.com\/buscador_20179478954\/salapenalcronologico20230723\/wp-json\/wp\/v2\/posts"}],"about":[{"href":"https:\/\/dmsjuridica.com\/buscador_20179478954\/salapenalcronologico20230723\/wp-json\/wp\/v2\/types\/post"}],"author":[{"embeddable":true,"href":"https:\/\/dmsjuridica.com\/buscador_20179478954\/salapenalcronologico20230723\/wp-json\/wp\/v2\/users\/1"}],"replies":[{"embeddable":true,"href":"https:\/\/dmsjuridica.com\/buscador_20179478954\/salapenalcronologico20230723\/wp-json\/wp\/v2\/comments?post=56879"}],"version-history":[{"count":0,"href":"https:\/\/dmsjuridica.com\/buscador_20179478954\/salapenalcronologico20230723\/wp-json\/wp\/v2\/posts\/56879\/revisions"}],"wp:attachment":[{"href":"https:\/\/dmsjuridica.com\/buscador_20179478954\/salapenalcronologico20230723\/wp-json\/wp\/v2\/media?parent=56879"}],"wp:term":[{"taxonomy":"category","embeddable":true,"href":"https:\/\/dmsjuridica.com\/buscador_20179478954\/salapenalcronologico20230723\/wp-json\/wp\/v2\/categories?post=56879"},{"taxonomy":"post_tag","embeddable":true,"href":"https:\/\/dmsjuridica.com\/buscador_20179478954\/salapenalcronologico20230723\/wp-json\/wp\/v2\/tags?post=56879"}],"curies":[{"name":"wp","href":"https:\/\/api.w.org\/{rel}","templated":true}]}}