{"id":56203,"date":"2023-12-22T15:42:15","date_gmt":"2023-12-22T15:42:15","guid":{"rendered":"https:\/\/dmsjuridica.com\/buscador_20179478954\/salapenalcronologico20230723\/2023\/12\/22\/atp633-2022\/"},"modified":"2023-12-22T15:42:15","modified_gmt":"2023-12-22T15:42:15","slug":"atp633-2022","status":"publish","type":"post","link":"https:\/\/dmsjuridica.com\/buscador_20179478954\/salapenalcronologico20230723\/2023\/12\/22\/atp633-2022\/","title":{"rendered":"ATP633-2022"},"content":{"rendered":"\n<p>\u00a0 \u00a0 \u00a0 \u00a0\u00a0<\/p>\n<p>JOS\u00c9 \u00a0FRANCISCO ACU\u00d1A VIZCAYA \u00a0<\/p>\n<p>Magistrado \u00a0Ponente \u00a0<\/p>\n<p>ATP633-2022 \u00a0<\/p>\n<p>Radicaci\u00f3n \u00a0N\u00ba 123211 \u00a0<\/p>\n<p>(Aprobado \u00a0Acta N\u00ba 100) \u00a0<\/p>\n<p>Bogot\u00e1 \u00a0D.C., diez (10) de mayo de dos mil veintiuno (2021) \u00a0<\/p>\n<p>Decide \u00a0la Sala sobre el desistimiento de la impugnaci\u00f3n presentada \u00a0por el la titular del JUZGADO \u00a0TERCERO DE EJECUCI\u00d3N DE PENAS Y MEDIDAS DE SEGURIDAD DE \u00a0ACAC\u00cdAS &#8211; META, \u00a0contra el fallo de tutela proferido el 24 \u00a0de marzo de 2022 por la Sala Penal del Tribunal Superior del Distrito \u00a0Judicial de Bogot\u00e1, \u00a0el cual concedi\u00f3 el amparo invocado por SEBASTI\u00c1N \u00a0ISNARDO B\u00c1EZ LIZCANO, \u00a0frente a ese Juzgado. \u00a0<\/p>\n<p>ANTECEDENTES \u00a0F\u00c1CTICOS Y PROCESALES \u00a0<\/p>\n<p>\u201cConsciente \u00a0del arduo trabajo y la m\u00faltiple carga laboral que aqueja a la \u00a0Rama Judicial, y como quiera que el H. Magistrado de conocimiento de \u00a0primera instancia de la acci\u00f3n de amparo emiti\u00f3 \u00a0pronunciamiento indicando el cumplimiento de la sentencia, DESISTO de \u00a0la impugnaci\u00f3n presentada. \u00a0<\/p>\n<p>Para \u00a0el tr\u00e1mite pertinente, me permito informar que conforme al \u00a0auto adiado de fecha 03 de mayo de 2022, emitido por el H. Tribunal \u00a0Superior de Bogot\u00e1- Sala Penal, el cual se anexa, me permito \u00a0informar que DESISTO DE LA IMPUGNACI\u00d3N interpuesta a fallo de \u00a0Tutela 2022-00956 del accionante Sebasti\u00e1n Isnardo B\u00e1ez \u00a0Lizcano\u201d \u00a0<\/p>\n<p>CONSIDERACIONES \u00a0DE LA CORTE \u00a0<\/p>\n<p>La \u00a0acci\u00f3n de tutela es un mecanismo de raigambre constitucional, \u00a0establecido para proteger los derechos fundamentales de los \u00a0ciudadanos, cuando se vean amenazados o vulnerados por acciones u \u00a0omisiones de las autoridades p\u00fablicas o de los particulares en \u00a0los casos previstos por el legislador, al cual puede acceder \u00a0cualquier persona que considere se encuentra en alguna de tales \u00a0eventualidades, cuyo ejercicio surge de la voluntad del demandante, \u00a0quien, por lo tanto, tambi\u00e9n tiene la facultad de renunciar a \u00a0esa atribuci\u00f3n. \u00a0<\/p>\n<p>Dicha \u00a0circunstancia se encuentra prevista en el inciso 2\u00ba del art\u00edculo \u00a026 del Decreto 2591 de 1991, en cuanto dispone \u00abel \u00a0recurrente podr\u00e1 desistir de la tutela (\u2026)\u00bb. \u00a0<\/p>\n<p>En \u00a0el caso objeto de an\u00e1lisis, el accionante ha manifestado su \u00a0deseo de desistir de la impugnaci\u00f3n presentada contra el fallo \u00a0de \u00a0tutela proferido el 24 \u00a0de marzo de 2022 por la Sala Penal del Tribunal Superior del Distrito \u00a0Judicial de Bogot\u00e1. \u00a0En vista de lo anterior, sumado a la inexistencia de vicio de \u00a0consentimiento alguno en su manifestaci\u00f3n, se acceder\u00e1 \u00a0a la pretensi\u00f3n y \u00a0el archivo de las presentes diligencias. \u00a0<\/p>\n<p>En \u00a0m\u00e9rito de lo expuesto, la Corte \u00a0Suprema de Justicia Sala de Casaci\u00f3n Penal, \u00a0en Sala de Decisi\u00f3n de Tutelas No. 1, \u00a0<\/p>\n<p>RESUELVE \u00a0<\/p>\n<p>1. \u00a0ACEPTAR \u00a0el \u00a0desistimiento de la impugnaci\u00f3n presentada por la titular del \u00a0JUZGADO \u00a0TERCERO DE EJECUCI\u00d3N DE PENAS Y MEDIDAS DE SEGURIDAD DE \u00a0ACAC\u00cdAS, \u00a0contra el fallo de tutela proferido el 24 \u00a0de marzo de 2022 por la Sala Penal del Tribunal Superior del Distrito \u00a0Judicial de Bogot\u00e1. \u00a0<\/p>\n<p>2. \u00a0NOTIFICAR \u00a0esta \u00a0decisi\u00f3n, seg\u00fan lo dispuesto en el art\u00edculo 16 \u00a0del Decreto 2591 de 1991. \u00a0<\/p>\n<p>3. \u00a0REMITIR \u00a0el \u00a0expediente a la Corte Constitucional para su eventual revisi\u00f3n. \u00a0<\/p>\n<p>C\u00daMPLASE \u00a0<\/p>\n<p>JOS\u00c9 \u00a0FRANCISCO ACU\u00d1A VIZCAYA \u00a0<\/p>\n<p>FERNANDO \u00a0LEON BOLA\u00d1OS PALACIOS \u00a0<\/p>\n<p>NUBIA \u00a0YOLANDA NOVA GARC\u00cdA \u00a0<\/p>\n<p>Secretaria \u00a0<\/p>\n<p>\u00a0 \u00a0 \u00a0\u00a0<\/p>\n<p><\/p>\n","protected":false},"excerpt":{"rendered":"<p>\u00a0 \u00a0 \u00a0 \u00a0\u00a0 JOS\u00c9 \u00a0FRANCISCO ACU\u00d1A VIZCAYA \u00a0 Magistrado \u00a0Ponente \u00a0 ATP633-2022 \u00a0 Radicaci\u00f3n \u00a0N\u00ba 123211 \u00a0 (Aprobado \u00a0Acta N\u00ba 100) \u00a0 Bogot\u00e1 \u00a0D.C., diez (10) de mayo de dos mil veintiuno (2021) \u00a0 Decide \u00a0la Sala sobre el desistimiento de la impugnaci\u00f3n presentada \u00a0por el la titular del JUZGADO \u00a0TERCERO DE EJECUCI\u00d3N DE [&hellip;]<\/p>\n","protected":false},"author":1,"featured_media":0,"comment_status":"open","ping_status":"open","sticky":false,"template":"","format":"standard","meta":{"footnotes":""},"categories":[30,36],"tags":[],"class_list":["post-56203","post","type-post","status-publish","format-standard","hentry","category-30","category-mayo"],"_links":{"self":[{"href":"https:\/\/dmsjuridica.com\/buscador_20179478954\/salapenalcronologico20230723\/wp-json\/wp\/v2\/posts\/56203","targetHints":{"allow":["GET"]}}],"collection":[{"href":"https:\/\/dmsjuridica.com\/buscador_20179478954\/salapenalcronologico20230723\/wp-json\/wp\/v2\/posts"}],"about":[{"href":"https:\/\/dmsjuridica.com\/buscador_20179478954\/salapenalcronologico20230723\/wp-json\/wp\/v2\/types\/post"}],"author":[{"embeddable":true,"href":"https:\/\/dmsjuridica.com\/buscador_20179478954\/salapenalcronologico20230723\/wp-json\/wp\/v2\/users\/1"}],"replies":[{"embeddable":true,"href":"https:\/\/dmsjuridica.com\/buscador_20179478954\/salapenalcronologico20230723\/wp-json\/wp\/v2\/comments?post=56203"}],"version-history":[{"count":0,"href":"https:\/\/dmsjuridica.com\/buscador_20179478954\/salapenalcronologico20230723\/wp-json\/wp\/v2\/posts\/56203\/revisions"}],"wp:attachment":[{"href":"https:\/\/dmsjuridica.com\/buscador_20179478954\/salapenalcronologico20230723\/wp-json\/wp\/v2\/media?parent=56203"}],"wp:term":[{"taxonomy":"category","embeddable":true,"href":"https:\/\/dmsjuridica.com\/buscador_20179478954\/salapenalcronologico20230723\/wp-json\/wp\/v2\/categories?post=56203"},{"taxonomy":"post_tag","embeddable":true,"href":"https:\/\/dmsjuridica.com\/buscador_20179478954\/salapenalcronologico20230723\/wp-json\/wp\/v2\/tags?post=56203"}],"curies":[{"name":"wp","href":"https:\/\/api.w.org\/{rel}","templated":true}]}}