{"id":56146,"date":"2023-12-22T15:42:11","date_gmt":"2023-12-22T15:42:11","guid":{"rendered":"https:\/\/dmsjuridica.com\/buscador_20179478954\/salapenalcronologico20230723\/2023\/12\/22\/ap1898-202157833\/"},"modified":"2023-12-22T15:42:11","modified_gmt":"2023-12-22T15:42:11","slug":"ap1898-202157833","status":"publish","type":"post","link":"https:\/\/dmsjuridica.com\/buscador_20179478954\/salapenalcronologico20230723\/2023\/12\/22\/ap1898-202157833\/","title":{"rendered":"AP1898-2021(57833)"},"content":{"rendered":"\n<p>\u00a0 \u00a0 \u00a0 \u00a0\u00a0<\/p>\n<p>GERSON CHAVERRA \u00a0CASTRO \u00a0<\/p>\n<p>Magistrado \u00a0Ponente \u00a0<\/p>\n<p>AP1898-2021 \u00a0<\/p>\n<p>Radicaci\u00f3n \u00a0n\u00b0 57833 \u00a0<\/p>\n<p>Acta No 118 \u00a0<\/p>\n<p>Bogot\u00e1 \u00a0D.C., diecinueve (19) de mayo de dos mil veintiuno (2021). \u00a0<\/p>\n<p>Se pronuncia la \u00a0Sala acerca de la solicitud probatoria de la defensa de FREDY MANUEL \u00a0NEGRETE MONTERROSA, colombiano \u00a0requerido en extradici\u00f3n por el Gobierno de los Estados \u00a0Unidos. \u00a0<\/p>\n<p>ANTECEDENTES \u00a0<\/p>\n<p>1. Mediante Nota \u00a0Verbal 0202 de 5 de febrero de 2018, el Gobierno de los Estados \u00a0Unidos solicit\u00f3 al de Colombia la detenci\u00f3n provisional \u00a0con fines de extradici\u00f3n del ciudadano FREDY MANUEL NEGRETE \u00a0MONTERROSA, requerido para comparecer a juicio por delitos de tr\u00e1fico \u00a0de narc\u00f3ticos y concierto para delinquir, seg\u00fan la \u00a0primera acusaci\u00f3n sustitutiva No. 4:17CR12 (tambi\u00e9n \u00a0conocida como 4:17-cr-00012-ALM-KPJ20y 4:17-cr-0012-17-ALM) dictada \u00a0el 9 de agosto de 2017 en la Corte Distrital de los Estados Unidos \u00a0para el Distrito Este de Texas. \u00a0<\/p>\n<p>2. El Fiscal \u00a0General de la Naci\u00f3n mediante resoluci\u00f3n proferida el \u00a020 de febrero de 2018 dispuso la captura de NEGRETE MONTERROSA, acto \u00a0materializado el 19 de febrero de 2020 en el corregimiento Carrizal \u00a0del municipio de Monter\u00eda C\u00f3rdoba. \u00a0<\/p>\n<p>3. Con Nota Verbal \u00a00674 de 5 de junio de 2020, el Gobierno de los Estados Unidos \u00a0formaliz\u00f3 la solicitud de extradici\u00f3n. \u00a0<\/p>\n<p>LAS SOLICITUDES \u00a0PROBATORIAS \u00a0<\/p>\n<p>En el t\u00e9rmino \u00a0de traslado, la defensa solicita la pr\u00e1ctica de la siguiente \u00a0prueba: \u00a0<\/p>\n<p>Oficiar a la \u00a0Fiscal\u00eda General de la Naci\u00f3n, para que informe si \u00a0contra NEGRETE MONTERROSA existen investigaciones, acusaciones o \u00a0sentencias por la comisi\u00f3n de delitos y, en caso positivo, \u00a0especifique el contexto f\u00e1ctico que dio lugar a la respectiva \u00a0actuaci\u00f3n, la autoridad judicial encargada de esta y su estado \u00a0actual. \u00a0<\/p>\n<p>Considera que \u00a0dicha prueba es conducente por ser un medio de conocimiento admitido \u00a0por la ley; pertinente al permitir establecer si los hechos que \u00a0motivan el pedido de extradici\u00f3n fueron conocidos y decididos \u00a0por alguna autoridad, para descartar una posible doble incriminaci\u00f3n; \u00a0y, \u00fatil y necesaria por cuanto el operador jur\u00eddico \u00a0contar\u00e1 con mayores elementos de juicio para adoptar la \u00a0decisi\u00f3n de fondo en este asunto. \u00a0<\/p>\n<p>CONSIDERACIONES \u00a0<\/p>\n<p>1. La pertinencia \u00a0y utilidad de las pruebas en el tr\u00e1mite de extradici\u00f3n, \u00a0guarda relaci\u00f3n con los fundamentos que la Corte Suprema de \u00a0Justicia tiene en cuenta al momento de emitir su concepto, la \u00a0garant\u00eda non bis in \u00eddem y los condicionamientos que el \u00a0Gobierno Nacional imponga a la autoridad extranjera o que la \u00a0Corporaci\u00f3n juzgue necesarios, en caso de autorizarla. \u00a0<\/p>\n<p>A falta de tratado \u00a0vigente con el Estado requirente, el tr\u00e1mite se rige por lo \u00a0dispuesto en la Ley 906 de 2004, de modo que el juicio de pertinencia \u00a0debe guardar relaci\u00f3n con sus disposiciones en materia de \u00a0extradici\u00f3n y con aquellas que la proh\u00edben o contemplan \u00a0las garant\u00edas establecidas a favor de los nacionales. \u00a0<\/p>\n<p>2. La Corte \u00a0dispondr\u00e1 la pr\u00e1ctica de la prueba pedida por la \u00a0defensa, por estar encaminada a preservar la garant\u00eda \u00a0universal non bis in \u00eddem, al buscar establecer si la Fiscal\u00eda \u00a0adelanta al requerido alguna investigaci\u00f3n, ha formulado \u00a0acusaci\u00f3n, o si alg\u00fan despacho judicial ha emitido \u00a0decisi\u00f3n con fuerza de cosa juzgada por los hechos que motivan \u00a0la extradici\u00f3n. \u00a0<\/p>\n<p>3. Con el mismo \u00a0prop\u00f3sito perseguido por la defensa, la Corte oficiosamente \u00a0solicitar\u00e1 a la Polic\u00eda Nacional Direcci\u00f3n de \u00a0Investigaci\u00f3n Criminal e Interpol, informar si NEGRETE \u00a0MONTERROSA tiene requerimientos judiciales, en cuyo caso positivo \u00a0comunicar\u00e1 el nombre de la autoridad judicial y el delito \u00a0atribuido, autoridad esta a la que se le pedir\u00e1 la informaci\u00f3n \u00a0correspondiente. \u00a0<\/p>\n<p>Esta prueba \u00a0igualmente guarda relaci\u00f3n con la facultad legal del Gobierno \u00a0Nacional de diferir su entrega, en el evento que el requerido haya \u00a0delinquido en el pa\u00eds. \u00a0<\/p>\n<p>En m\u00e9rito \u00a0de lo expuesto, la CORTE \u00a0SUPREMA DE JUSTICIA en Sala de Casaci\u00f3n Penal, \u00a0<\/p>\n<p>RESUELVE \u00a0<\/p>\n<p>1. Ordenar la \u00a0prueba solicitada por la apoderada de FREDY MANUEL NEGRETE \u00a0MONTERROSA. \u00a0<\/p>\n<p>2. Disponer \u00a0oficiosamente la pr\u00e1ctica de las pruebas enunciadas en el \u00a0numeral 3, conforme con los fines se\u00f1alados en ellos. \u00a0<\/p>\n<p>Contra esta \u00a0decisi\u00f3n no procede recurso alguno. \u00a0<\/p>\n<p>C\u00f3piese, \u00a0notif\u00edquese y c\u00famplase. \u00a0<\/p>\n<p>GERSON CHAVERRA \u00a0CASTRO \u00a0<\/p>\n<p>JOS\u00c9 \u00a0FRANCISCO ACU\u00d1A VIZCAYA \u00a0<\/p>\n<p>DIEGO EUGENIO \u00a0CORREDOR BELTR\u00c1N \u00a0<\/p>\n<p>EUGENIO FERN\u00c1NDEZ \u00a0CARLIER \u00a0<\/p>\n<p>LUIS ANTONIO \u00a0HERN\u00c1NDEZ BARBOSA \u00a0<\/p>\n<p>FABIO OSPITIA \u00a0GARZ\u00d3N \u00a0<\/p>\n<p>EYDER PATI\u00d1O \u00a0CABRERA \u00a0<\/p>\n<p>HUGO QUINTERO \u00a0BERNATE \u00a0<\/p>\n<p>PATRICIA SALAZAR \u00a0CU\u00c9LLAR \u00a0<\/p>\n<p>NUBIA YOLANDA NOVA \u00a0GARC\u00cdA \u00a0<\/p>\n<p>Secretaria \u00a0<\/p>\n<p>\u00a0 \u00a0 \u00a0\u00a0<\/p>\n<p><\/p>\n","protected":false},"excerpt":{"rendered":"<p>\u00a0 \u00a0 \u00a0 \u00a0\u00a0 GERSON CHAVERRA \u00a0CASTRO \u00a0 Magistrado \u00a0Ponente \u00a0 AP1898-2021 \u00a0 Radicaci\u00f3n \u00a0n\u00b0 57833 \u00a0 Acta No 118 \u00a0 Bogot\u00e1 \u00a0D.C., diecinueve (19) de mayo de dos mil veintiuno (2021). \u00a0 Se pronuncia la \u00a0Sala acerca de la solicitud probatoria de la defensa de FREDY MANUEL \u00a0NEGRETE MONTERROSA, colombiano \u00a0requerido en extradici\u00f3n por [&hellip;]<\/p>\n","protected":false},"author":1,"featured_media":0,"comment_status":"open","ping_status":"open","sticky":false,"template":"","format":"standard","meta":{"footnotes":""},"categories":[30,36],"tags":[],"class_list":["post-56146","post","type-post","status-publish","format-standard","hentry","category-30","category-mayo"],"_links":{"self":[{"href":"https:\/\/dmsjuridica.com\/buscador_20179478954\/salapenalcronologico20230723\/wp-json\/wp\/v2\/posts\/56146","targetHints":{"allow":["GET"]}}],"collection":[{"href":"https:\/\/dmsjuridica.com\/buscador_20179478954\/salapenalcronologico20230723\/wp-json\/wp\/v2\/posts"}],"about":[{"href":"https:\/\/dmsjuridica.com\/buscador_20179478954\/salapenalcronologico20230723\/wp-json\/wp\/v2\/types\/post"}],"author":[{"embeddable":true,"href":"https:\/\/dmsjuridica.com\/buscador_20179478954\/salapenalcronologico20230723\/wp-json\/wp\/v2\/users\/1"}],"replies":[{"embeddable":true,"href":"https:\/\/dmsjuridica.com\/buscador_20179478954\/salapenalcronologico20230723\/wp-json\/wp\/v2\/comments?post=56146"}],"version-history":[{"count":0,"href":"https:\/\/dmsjuridica.com\/buscador_20179478954\/salapenalcronologico20230723\/wp-json\/wp\/v2\/posts\/56146\/revisions"}],"wp:attachment":[{"href":"https:\/\/dmsjuridica.com\/buscador_20179478954\/salapenalcronologico20230723\/wp-json\/wp\/v2\/media?parent=56146"}],"wp:term":[{"taxonomy":"category","embeddable":true,"href":"https:\/\/dmsjuridica.com\/buscador_20179478954\/salapenalcronologico20230723\/wp-json\/wp\/v2\/categories?post=56146"},{"taxonomy":"post_tag","embeddable":true,"href":"https:\/\/dmsjuridica.com\/buscador_20179478954\/salapenalcronologico20230723\/wp-json\/wp\/v2\/tags?post=56146"}],"curies":[{"name":"wp","href":"https:\/\/api.w.org\/{rel}","templated":true}]}}