{"id":56127,"date":"2023-12-22T15:42:10","date_gmt":"2023-12-22T15:42:10","guid":{"rendered":"https:\/\/dmsjuridica.com\/buscador_20179478954\/salapenalcronologico20230723\/2023\/12\/22\/ap1841-202155788\/"},"modified":"2023-12-22T15:42:10","modified_gmt":"2023-12-22T15:42:10","slug":"ap1841-202155788","status":"publish","type":"post","link":"https:\/\/dmsjuridica.com\/buscador_20179478954\/salapenalcronologico20230723\/2023\/12\/22\/ap1841-202155788\/","title":{"rendered":"AP1841-2021(55788)"},"content":{"rendered":"\n<p>\u00a0 \u00a0 \u00a0 \u00a0\u00a0<\/p>\n<p>FABIO OSPITIA \u00a0GARZ\u00d3N \u00a0<\/p>\n<p>Magistrado Ponente \u00a0<\/p>\n<p>AP1841 &#8211; 2021 \u00a0<\/p>\n<p>Impugnaci\u00f3n \u00a0especial No. 55788 \u00a0<\/p>\n<p>Acta No. 112 \u00a0<\/p>\n<p>Bogot\u00e1, D. \u00a0C., doce (12) de mayo de dos mil veintiuno (2021). \u00a0<\/p>\n<p>ASUNTO \u00a0<\/p>\n<p>Procede la Sala a \u00a0dejar sin efecto la decisi\u00f3n AP274 \u00a0de 3 de febrero de 2021, en la que se dio cumplimiento \u00a0al \u00a0fallo de tutela STC173 \u00a0de 22 de enero de 2021, \u00a0dictado por la Sala de Casaci\u00f3n Civil de esta Corte, mediante \u00a0el cual ampar\u00f3 \u00a0el derecho al debido proceso y acceso a la administraci\u00f3n de \u00a0justicia de MAR\u00cdA \u00a0CONSUELO DUQUE MART\u00cdNEZ. \u00a0<\/p>\n<p>1. MAR\u00cdA \u00a0CONSUELO DUQUE MART\u00cdNEZ present\u00f3 \u00a0ante la Sala de Casaci\u00f3n Civil acci\u00f3n \u00a0de tutela con el fin de obtener acceso a la casaci\u00f3n, \u00a0corporaci\u00f3n que mediante fallo STC173 \u00a0de 22 de enero de 2021, concedi\u00f3 el amparo y orden\u00f3 \u201ca \u00a0la Sala de Casaci\u00f3n Penal, que en el t\u00e9rmino m\u00e1ximo \u00a0de diez (10) d\u00edas h\u00e1biles, contados a partir de la \u00a0notificaci\u00f3n de esta sentencia, retome \u00a0su competencia frente a la decisi\u00f3n de la impugnaci\u00f3n \u00a0especial, y proceda conforme las precisiones de la parte \u00a0considerativa de esta providencia.\u201d. \u00a0<\/p>\n<p>2. En decisi\u00f3n \u00a0AP274 de 3 de febrero de 2021 la Sala acat\u00f3 \u00a0la orden impartida por la Sala de Casaci\u00f3n \u00a0Civil en el fallo de tutela y dispuso: \u00a0<\/p>\n<p>\u201cPRIMERO: \u00a0ADICIONAR a \u00a0la \u00a0sentencia SP2190 de 8 de julio de 2020 (rad. \u00a055788) en los t\u00e9rminos anteriormente expuestos, \u00a0en acatamiento del fallo de tutela STC00173 \u00a0de 22 de enero de 2021. \u00a0<\/p>\n<p>SEGUNDO: \u00a0En consecuencia, el \u00a0inciso \u00faltimo del numeral quinto de la parte resolutiva, en \u00a0relaci\u00f3n \u00a0con el sentenciado MAR\u00cdA CONSUELO DUQUE MART\u00cdNEZ, \u00a0quedar\u00e1 as\u00ed: \u201cContra esta determinaci\u00f3n no \u00a0proceden recursos, de conformidad con lo expuesto en el ac\u00e1pite \u00a07 \u00a0de \u00a0la parte motiva.\u201d \u00a0<\/p>\n<p>3. En fallo de \u00a0tutela STL3824 \u00a0de 7 de abril de 2021 la Sala de Casaci\u00f3n Laboral de esta \u00a0Corte revoc\u00f3 \u00a0el \u00a0fallo de \u00a0la Sala de Casaci\u00f3n Civil y, en su lugar, neg\u00f3 la \u00a0acci\u00f3n \u00a0de tutela interpuesta por MAR\u00cdA CONSUELO DUQUE MART\u00cdNEZ. \u00a0<\/p>\n<p>SE CONSIDERA \u00a0<\/p>\n<p>Del recuento \u00a0procesal que antecede se establece que el fallo de tutela \u00a0STC00173-2020 emitido por la Sala de Casaci\u00f3n Civil de esta \u00a0corporaci\u00f3n perdi\u00f3 vigencia y que las \u00f3rdenes \u00a0impartidas por esta Sala con el fin de dar cumplimiento a sus \u00a0disposiciones corren, en consecuencia, igual suerte. Por tanto, se \u00a0impone dejarlas sin efecto. \u00a0<\/p>\n<p>En m\u00e9rito \u00a0de lo expuesto, la CORTE SUPREMA DE JUSTICIA, SALA DE CASACION PENAL, \u00a0<\/p>\n<p>R E S U E L V E \u00a0<\/p>\n<p>PRIMERO: \u00a0Dejar \u00a0sin \u00a0efecto la \u00a0decisi\u00f3n AP274 \u00a0de 3 de febrero de 2021 mediante la cual se dio cumplimiento \u00a0al \u00a0fallo de tutela STC00173 \u00a0de 22 de enero de 2021 y las actuaciones \u00a0judiciales surtidas con ocasi\u00f3n de esa determinaci\u00f3n. \u00a0<\/p>\n<p>SEGUNDO: \u00a0Estarse a lo resuelto en la sentencia de 8 \u00a0de julio de 2020 (rad. 55788). \u00a0<\/p>\n<p>Contra esta \u00a0decisi\u00f3n no proceden recursos. \u00a0<\/p>\n<p>Notif\u00edquese \u00a0y c\u00famplase. \u00a0<\/p>\n<p>Presidente \u00a0<\/p>\n<p>JOS\u00c9 \u00a0FRANCISCO ACU\u00d1A VIZCAYA \u00a0<\/p>\n<p>DIEGO \u00a0EUGENIO CORREDOR BELTR\u00c1N \u00a0<\/p>\n<p>EUGENIO \u00a0FERN\u00c1NDEZ CARLIER \u00a0<\/p>\n<p>LUIS \u00a0ANTONIO HERN\u00c1NDEZ BARBOSA \u00a0<\/p>\n<p>FABIO \u00a0OSPITIA GARZ\u00d3N \u00a0<\/p>\n<p>EYDER \u00a0PATI\u00d1O CABRERA \u00a0<\/p>\n<p>HUGO \u00a0QUINTERO BERNATE \u00a0<\/p>\n<p>PATRICIA \u00a0SALAZAR CU\u00c9LLAR \u00a0<\/p>\n<p>NUBIA \u00a0YOLANDA NOVA GARC\u00cdA \u00a0<\/p>\n<p>Secretaria \u00a0<\/p>\n<p>\u00a0 \u00a0 \u00a0\u00a0<\/p>\n<p><\/p>\n","protected":false},"excerpt":{"rendered":"<p>\u00a0 \u00a0 \u00a0 \u00a0\u00a0 FABIO OSPITIA \u00a0GARZ\u00d3N \u00a0 Magistrado Ponente \u00a0 AP1841 &#8211; 2021 \u00a0 Impugnaci\u00f3n \u00a0especial No. 55788 \u00a0 Acta No. 112 \u00a0 Bogot\u00e1, D. \u00a0C., doce (12) de mayo de dos mil veintiuno (2021). \u00a0 ASUNTO \u00a0 Procede la Sala a \u00a0dejar sin efecto la decisi\u00f3n AP274 \u00a0de 3 de febrero de 2021, [&hellip;]<\/p>\n","protected":false},"author":1,"featured_media":0,"comment_status":"open","ping_status":"open","sticky":false,"template":"","format":"standard","meta":{"footnotes":""},"categories":[30,36],"tags":[],"class_list":["post-56127","post","type-post","status-publish","format-standard","hentry","category-30","category-mayo"],"_links":{"self":[{"href":"https:\/\/dmsjuridica.com\/buscador_20179478954\/salapenalcronologico20230723\/wp-json\/wp\/v2\/posts\/56127","targetHints":{"allow":["GET"]}}],"collection":[{"href":"https:\/\/dmsjuridica.com\/buscador_20179478954\/salapenalcronologico20230723\/wp-json\/wp\/v2\/posts"}],"about":[{"href":"https:\/\/dmsjuridica.com\/buscador_20179478954\/salapenalcronologico20230723\/wp-json\/wp\/v2\/types\/post"}],"author":[{"embeddable":true,"href":"https:\/\/dmsjuridica.com\/buscador_20179478954\/salapenalcronologico20230723\/wp-json\/wp\/v2\/users\/1"}],"replies":[{"embeddable":true,"href":"https:\/\/dmsjuridica.com\/buscador_20179478954\/salapenalcronologico20230723\/wp-json\/wp\/v2\/comments?post=56127"}],"version-history":[{"count":0,"href":"https:\/\/dmsjuridica.com\/buscador_20179478954\/salapenalcronologico20230723\/wp-json\/wp\/v2\/posts\/56127\/revisions"}],"wp:attachment":[{"href":"https:\/\/dmsjuridica.com\/buscador_20179478954\/salapenalcronologico20230723\/wp-json\/wp\/v2\/media?parent=56127"}],"wp:term":[{"taxonomy":"category","embeddable":true,"href":"https:\/\/dmsjuridica.com\/buscador_20179478954\/salapenalcronologico20230723\/wp-json\/wp\/v2\/categories?post=56127"},{"taxonomy":"post_tag","embeddable":true,"href":"https:\/\/dmsjuridica.com\/buscador_20179478954\/salapenalcronologico20230723\/wp-json\/wp\/v2\/tags?post=56127"}],"curies":[{"name":"wp","href":"https:\/\/api.w.org\/{rel}","templated":true}]}}