{"id":5450,"date":"2023-09-08T16:23:26","date_gmt":"2023-09-08T16:23:26","guid":{"rendered":"https:\/\/dmsjuridica.com\/buscador_20179478954\/salapenalcronologico20230723\/2023\/09\/08\/1278719-03-02\/"},"modified":"2023-09-08T16:23:26","modified_gmt":"2023-09-08T16:23:26","slug":"1278719-03-02","status":"publish","type":"post","link":"https:\/\/dmsjuridica.com\/buscador_20179478954\/salapenalcronologico20230723\/2023\/09\/08\/1278719-03-02\/","title":{"rendered":"12787(19-03-02)"},"content":{"rendered":"\n<p>\u00a0 \u00a0 Rep\u00fablica de Colombia \u00a0<\/p>\n<p>\u00a0\u00a0\u00a0\u00a0 \u00a0 \u00a0\u00a0<\/p>\n<p>Corte Suprema de Justicia \u00a0<\/p>\n<p>Proceso No 12787 \u00a0<\/p>\n<p>CORTE SUPREMA DE JUSTICIA \u00a0<\/p>\n<p>SALA DE CASACI\u00d3N PENAL \u00a0<\/p>\n<p>MAGISTRADO PONENTE: \u00a0<\/p>\n<p>\u00c1LVARO ORLANDO P\u00c9REZ PINZ\u00d3N \u00a0<\/p>\n<p>APROBADO ACTA No. 35 \u00a0<\/p>\n<p>Bogot\u00e1, \u00a0D.C., \u00a0diecinueve (19) de marzo de \u00a0dos mil dos (2002). \u00a0\u00a0<\/p>\n<p>VISTOS \u00a0<\/p>\n<p>\u00a0 \u00a0\u00a0 \u00a0\u00a0 \u00a0El \u00a0se\u00f1or \u00a0IV\u00c1N \u00a0DARIO \u00a0OSORIO \u00a0ZAPATA \u00a0desiste \u00a0de \u00a0la casaci\u00f3n \u00a0interpuesta \u00a0contra \u00a0la \u00a0sentencia \u00a0proferida \u00a0el \u00a011 \u00a0de \u00a0junio \u00a0de 1996 por el \u00a0Tribunal \u00a0Superior \u00a0del Distrito Judicial de Cali, que lo conden\u00f3 por el delito \u00a0de homicidio.\u00a0 \u00a0\u00a0<\/p>\n<p>CONSIDERACIONES DE LA CORTE \u00a0<\/p>\n<p>El \u00a0 art\u00edculo \u00a0 230 \u00a0 del \u00a0 C\u00f3digo \u00a0 de \u00a0Procedimiento \u00a0Penal, \u00a0dispone \u00a0que \u00a0se podr\u00e1 desistir de la casaci\u00f3n antes de \u00a0que la Sala decida. \u00a0\u00a0<\/p>\n<p>En \u00a0el \u00a0presente \u00a0asunto, \u00a0el expediente se \u00a0encuentra \u00a0al \u00a0despacho \u00a0para decidir, previo concepto rendido por el Ministerio \u00a0P\u00fablico, \u00a0seg\u00fan \u00a0lo dispuesto en el art\u00edculo 213 del C\u00f3digo de Procedimiento \u00a0Penal. \u00a0\u00a0<\/p>\n<p>En \u00a0 consecuencia, \u00a0 es \u00a0 procedente \u00a0 el \u00a0desistimiento \u00a0de \u00a0la \u00a0casaci\u00f3n \u00a0manifestado \u00a0por \u00a0el se\u00f1or IV\u00c1N DARIO OSORIO \u00a0ZAPATA y coadyuvado por su defensor. \u00a0\u00a0<\/p>\n<p>\u00a0 \u00a0\u00a0 \u00a0\u00a0 \u00a0En \u00a0m\u00e9rito \u00a0de lo expuesto, la Sala de Casaci\u00f3n Penal de la Corte \u00a0Suprema de Justicia, \u00a0\u00a0<\/p>\n<p>RESUELVE \u00a0<\/p>\n<p>\u00a0 \u00a0 \u00a0 \u00a0 \u00a0<\/p>\n<p>\u00a0 \u00a0\u00a0 \u00a0\u00a0 \u00a0Aceptar \u00a0el \u00a0desistimiento \u00a0de \u00a0la \u00a0casaci\u00f3n, \u00a0manifestado \u00a0por el \u00a0se\u00f1or IV\u00c1N DARIO OSORIO ZAPATA y coadyuvado por su defensor. \u00a0\u00a0<\/p>\n<p>\u00a0 \u00a0\u00a0 \u00a0\u00a0 \u00a0Contra \u00a0 \u00a0 esta \u00a0 \u00a0 providencia \u00a0 \u00a0 procede \u00a0 \u00a0 el \u00a0 \u00a0recurso \u00a0 \u00a0de \u00a0reposici\u00f3n. \u00a0\u00a0<\/p>\n<p>\u00a0 \u00a0\u00a0 \u00a0\u00a0 \u00a0Notif\u00edquese, \u00a0 \u00a0c\u00famplase \u00a0 \u00a0y \u00a0 \u00a0devu\u00e9lvase \u00a0 al \u00a0 Tribunal \u00a0 de \u00a0origen. \u00a0\u00a0<\/p>\n<p>\u00a0 \u00a0\u00a0 \u00a0\u00a0 \u00a0 \u00a0 \u00a0 \u00a0 \u00a0 \u00a0\u00a0<\/p>\n<p>\u00c1LVARO ORLANDO P\u00c9REZ PINZ\u00d3N \u00a0<\/p>\n<p>FERNANDO \u00a0E. \u00a0ARBOLEDA \u00a0RIPOLL \u00a0\u00a0 \u00a0\u00a0 \u00a0\u00a0 \u00a0\u00a0 \u00a0\u00a0 \u00a0\u00a0 \u00a0 \u00a0 \u00a0 \u00a0JORGE \u00a0 E. \u00a0 CORDOBA \u00a0POVEDA \u00a0 \u00a0 \u00a0 \u00a0 \u00a0 \u00a0\u00a0<\/p>\n<p>HERMAN \u00a0 GALAN \u00a0 CASTELLANOS \u00a0\u00a0 \u00a0\u00a0 \u00a0\u00a0 \u00a0\u00a0 \u00a0\u00a0 \u00a0\u00a0 \u00a0 \u00a0 \u00a0 \u00a0 \u00a0 \u00a0CARLOS \u00a0 \u00a0A. \u00a0 \u00a0G\u00c1LVEZ \u00a0ARGOTE \u00a0\u00a0<\/p>\n<p>JORGE \u00a0AN\u00cdBAL \u00a0G\u00d3MEZ \u00a0GALLEGO \u00a0\u00a0 \u00a0\u00a0 \u00a0\u00a0 \u00a0\u00a0 \u00a0\u00a0 \u00a0\u00a0 \u00a0 \u00a0 \u00a0 \u00a0 \u00a0 \u00a0 \u00a0\u00a0EDGAR \u00a0 \u00a0 \u00a0LOMBANA \u00a0TRUJILLO \u00a0\u00a0<\/p>\n<p>\u00a0 \u00a0\u00a0 \u00a0\u00a0 \u00a0 \u00a0\u00a0 \u00a0\u00a0 \u00a0\u00a0 \u00a0\u00a0 \u00a0\u00a0 \u00a0\u00a0 \u00a0 \u00a0\u00a0 \u00a0 \u00a0 \u00a0 \u00a0 \u00a0 \u00a0 \u00a0 \u00a0 \u00a0\u00a0 \u00a0 \u00a0 \u00a0 \u00a0 \u00a0\u00a0 \u00a0\u00a0 \u00a0\u00a0 \u00a0\u00a0 \u00a0\u00a0 \u00a0\u00a0 \u00a0\u00a0 \u00a0\u00a0 \u00a0 \u00a0No hay firma \u00a0\u00a0<\/p>\n<p>CARLOS \u00a0 E. \u00a0 MEJ\u00cdA \u00a0ESCOBAR \u00a0\u00a0 \u00a0\u00a0 \u00a0\u00a0 \u00a0\u00a0 \u00a0\u00a0 \u00a0\u00a0 \u00a0 \u00a0 \u00a0\u00a0 \u00a0 \u00a0 \u00a0\u00a0NILSON \u00a0 \u00a0 \u00a0PINILLA \u00a0PINILLA \u00a0\u00a0<\/p>\n<p>TERESA RUIZ NU\u00d1EZ \u00a0<\/p>\n<p>Secretaria \u00a0<\/p>\n<p>\u00a0 \u00a0\u00a0<\/p>\n<p><\/p>\n","protected":false},"excerpt":{"rendered":"<p>\u00a0 \u00a0 Rep\u00fablica de Colombia \u00a0 \u00a0\u00a0\u00a0\u00a0 \u00a0 \u00a0\u00a0 Corte Suprema de Justicia \u00a0 Proceso No 12787 \u00a0 CORTE SUPREMA DE JUSTICIA \u00a0 SALA DE CASACI\u00d3N PENAL \u00a0 MAGISTRADO PONENTE: \u00a0 \u00c1LVARO ORLANDO P\u00c9REZ PINZ\u00d3N \u00a0 APROBADO ACTA No. 35 \u00a0 Bogot\u00e1, \u00a0D.C., \u00a0diecinueve (19) de marzo de \u00a0dos mil dos (2002). \u00a0\u00a0 VISTOS \u00a0 [&hellip;]<\/p>\n","protected":false},"author":1,"featured_media":0,"comment_status":"open","ping_status":"open","sticky":false,"template":"","format":"standard","meta":{"footnotes":""},"categories":[10],"tags":[],"class_list":["post-5450","post","type-post","status-publish","format-standard","hentry","category-10"],"_links":{"self":[{"href":"https:\/\/dmsjuridica.com\/buscador_20179478954\/salapenalcronologico20230723\/wp-json\/wp\/v2\/posts\/5450","targetHints":{"allow":["GET"]}}],"collection":[{"href":"https:\/\/dmsjuridica.com\/buscador_20179478954\/salapenalcronologico20230723\/wp-json\/wp\/v2\/posts"}],"about":[{"href":"https:\/\/dmsjuridica.com\/buscador_20179478954\/salapenalcronologico20230723\/wp-json\/wp\/v2\/types\/post"}],"author":[{"embeddable":true,"href":"https:\/\/dmsjuridica.com\/buscador_20179478954\/salapenalcronologico20230723\/wp-json\/wp\/v2\/users\/1"}],"replies":[{"embeddable":true,"href":"https:\/\/dmsjuridica.com\/buscador_20179478954\/salapenalcronologico20230723\/wp-json\/wp\/v2\/comments?post=5450"}],"version-history":[{"count":0,"href":"https:\/\/dmsjuridica.com\/buscador_20179478954\/salapenalcronologico20230723\/wp-json\/wp\/v2\/posts\/5450\/revisions"}],"wp:attachment":[{"href":"https:\/\/dmsjuridica.com\/buscador_20179478954\/salapenalcronologico20230723\/wp-json\/wp\/v2\/media?parent=5450"}],"wp:term":[{"taxonomy":"category","embeddable":true,"href":"https:\/\/dmsjuridica.com\/buscador_20179478954\/salapenalcronologico20230723\/wp-json\/wp\/v2\/categories?post=5450"},{"taxonomy":"post_tag","embeddable":true,"href":"https:\/\/dmsjuridica.com\/buscador_20179478954\/salapenalcronologico20230723\/wp-json\/wp\/v2\/tags?post=5450"}],"curies":[{"name":"wp","href":"https:\/\/api.w.org\/{rel}","templated":true}]}}