{"id":54268,"date":"2023-10-31T14:53:58","date_gmt":"2023-10-31T14:53:58","guid":{"rendered":"https:\/\/dmsjuridica.com\/buscador_20179478954\/salapenalcronologico20230723\/2023\/10\/31\/cp024-202157092\/"},"modified":"2023-10-31T14:53:58","modified_gmt":"2023-10-31T14:53:58","slug":"cp024-202157092","status":"publish","type":"post","link":"https:\/\/dmsjuridica.com\/buscador_20179478954\/salapenalcronologico20230723\/2023\/10\/31\/cp024-202157092\/","title":{"rendered":"CP024-2021(57092)"},"content":{"rendered":"\n<p>\u00a0 \u00a0 \u00a0 \u00a0\u00a0<\/p>\n<p>\u00a0\u00a0<\/p>\n<p>\u00a0\u00a0<\/p>\n<p>\u00a0\u00a0<\/p>\n<p>\u00a0\u00a0<\/p>\n<p>\u00a0\u00a0<\/p>\n<p>HUGO \u00a0QUINTERO BERNATE \u00a0<\/p>\n<p>Magistrado \u00a0Ponente \u00a0<\/p>\n<p>\u00a0\u00a0<\/p>\n<p>\u00a0\u00a0<\/p>\n<p>\u00a0\u00a0<\/p>\n<p>CP024-2021 \u00a0<\/p>\n<p>Radicaci\u00f3n \u00a0No. 57092 \u00a0<\/p>\n<p>(Aprobado \u00a0Acta No. 32) \u00a0<\/p>\n<p>\u00a0\u00a0<\/p>\n<p>Produced by the free evaluation copy of TotalHTMLConverter<\/p>\n<p>Bogot\u00e1, \u00a0D.C., diecisiete (17) de febrero de dos mil veintiuno (2021). \u00a0<\/p>\n<p>\u00a0\u00a0<\/p>\n<p>ASUNTO: \u00a0<\/p>\n<p>\u00a0\u00a0<\/p>\n<p>La Corte procede a \u00a0emitir concepto sobre la solicitud de extradici\u00f3n del \u00a0ciudadano colombiano JUAN \u00a0PABLO ZULUAGA, \u00a0formulada por el Gobierno de los Estados Unidos de Am\u00e9rica. \u00a0<\/p>\n<p>ANTECEDENTES: \u00a0<\/p>\n<p>\u00a0\u00a0<\/p>\n<p>\u00a0\u00a0<\/p>\n<p>1. \u00a0A trav\u00e9s de Nota Verbal No. 0794 del 11 de junio de 2019, la \u00a0representaci\u00f3n diplom\u00e1tica del pa\u00eds requirente \u00a0solicit\u00f3 la extradici\u00f3n de JUAN \u00a0PABLO ZULUAGA para \u00a0que comparezca a juicio \u201cpor \u00a0delitos de tr\u00e1fico de narc\u00f3ticos y delitos relacionados \u00a0con concierto para delinquir\u201d ante \u00a0la Corte Distrital de los Estados Unidos para el Distrito Sur de \u00a0Florida, donde el 23 de abril de 2019 se le dict\u00f3 la acusaci\u00f3n \u00a0o caso No. 19-20220-CR-SCOLA\/TORRES. \u00a0<\/p>\n<p>\u00a0\u00a0<\/p>\n<p>2. \u00a0En \u00a0orden a formalizar el tr\u00e1mite de extradici\u00f3n, se \u00a0aportaron los siguientes documentos con su correspondiente \u00a0autenticaci\u00f3n por el Gobierno reclamante, la traducci\u00f3n \u00a0necesaria y su legalizaci\u00f3n ante el Ministerio de Relaciones \u00a0Exteriores, as\u00ed: \u00a0<\/p>\n<p>\u00a0\u00a0<\/p>\n<p>2.1. Las \u00a0Notas Verbales n\u00fameros 0794 del 11 de junio de 2019 y 0230 del \u00a07 de febrero de 2020, a trav\u00e9s de las cuales la Embajada de \u00a0los Estados Unidos de Am\u00e9rica hizo conocer y formaliz\u00f3 \u00a0la petici\u00f3n de extradici\u00f3n. \u00a0<\/p>\n<p>\u00a0\u00a0<\/p>\n<p>En la primera de \u00a0ellas se inform\u00f3 al Ministerio de Relaciones Exteriores que \u00a0JUAN \u00a0PABLO ZULUAGA, \u201ces \u00a0nacional de Colombia, nacido el 27 de abril de 1984, en Colombia. Es \u00a0portador de la c\u00e9dula colombiana No. 6.429.987\u201d. \u00a0<\/p>\n<p>\u00a0\u00a0<\/p>\n<p>2.2. \u00a0Copia de la acusaci\u00f3n No. 19-20220-CR-SCOLA\/TORRES proferida \u00a0el 23 de abril de 2019, en la Corte del Distrito Sur de Florida. \u00a0<\/p>\n<p>\u00a0\u00a0<\/p>\n<p>2.3. \u00a0Reproducci\u00f3n de las normas penales relevantes para el presente \u00a0caso. \u00a0<\/p>\n<p>\u00a0\u00a0<\/p>\n<p>2.4. \u00a0Declaraciones juradas de Yeney \u00a0Hern\u00e1ndez, \u00a0Fiscal Auxiliar de los Estados Unidos Distrito Sur de Florida, \u00a0y James Board \u00a0Agente Especial de la -Administraci\u00f3n de control de Drogas \u00a0(DEA). \u00a0<\/p>\n<p>\u00a0\u00a0<\/p>\n<p>2.5. \u00a0Duplicado de la orden de arresto proferida en la Corte del Distrito \u00a0Sur de Florida contra el requerido. \u00a0<\/p>\n<p>\u00a0\u00a0<\/p>\n<p>2.6. \u00a0Informe sobre consulta Web de la Registradur\u00eda Nacional del \u00a0Estado Civil de la c\u00e9dula de ciudadan\u00eda No. 12.624.445. \u00a0<\/p>\n<p>\u00a0\u00a0<\/p>\n<p>3. \u00a0En Colombia se realiz\u00f3 el siguiente tr\u00e1mite: \u00a0<\/p>\n<p>\u00a0\u00a0<\/p>\n<p>3.1. \u00a0El Ministerio de Relaciones Exteriores remiti\u00f3 al Fiscal \u00a0General de la Naci\u00f3n la Nota Diplom\u00e1tica No. 0794 del \u00a011 de junio de 2019 procedente de la Embajada de los Estados Unidos \u00a0de Am\u00e9rica, mediante la cual se solicit\u00f3 la detenci\u00f3n \u00a0provisional con fines de extradici\u00f3n de JUAN \u00a0PABLO ZULUAGA y \u00a0el citado funcionario con Resoluci\u00f3n del \u00a0d\u00eda \u00a017 de junio siguiente, profiri\u00f3 la respectiva orden de \u00a0captura. \u00a0<\/p>\n<p>\u00a0\u00a0<\/p>\n<p>Produced by the free evaluation copy of TotalHTMLConverter<\/p>\n<p>\u00a0\u00a0<\/p>\n<p>3.3. \u00a0El 10 de febrero de 2020 el Ministerio de Relaciones Exteriores envi\u00f3 \u00a0las diligencias y la Nota Verbal No. 0230 de la misma fecha al \u00a0Ministerio de Justicia y del Derecho, a trav\u00e9s de la cual el \u00a0Gobierno de los Estados Unidos de Am\u00e9rica formaliz\u00f3 la \u00a0solicitud de extradici\u00f3n de JUAN \u00a0PABLO ZULUAGA. \u00a0<\/p>\n<p>\u00a0\u00a0<\/p>\n<p>En dicha \u00a0comunicaci\u00f3n la Canciller\u00eda conceptu\u00f3 que los \u00a0tratados aplicables al presente caso son \u201cla \u00a0Convenci\u00f3n de Naciones Unidas contra el tr\u00e1fico il\u00edcito \u00a0de estupefacientes y sustancias psicotr\u00f3picas, suscrita en \u00a0Viena el 20 de diciembre de 1988\u201d y \u201cla Convenci\u00f3n \u00a0de las Naciones Unidas Contra la Delincuencia Organizada \u00a0Transnacional adoptada en New York, el 27 de noviembre de 2000\u201d. \u00a0Indic\u00f3, \u00a0adem\u00e1s, que \u00a0de \u00a0conformidad con lo preceptuado en los art\u00edculos 491 y 496 de \u00a0la Ley 906 de 2004, en los aspectos no regulados en los aludidos \u00a0instrumentos internacionales, el \u00a0tr\u00e1mite se regir\u00e1 por lo previsto en el ordenamiento \u00a0jur\u00eddico colombiano. \u00a0<\/p>\n<p>\u00a0\u00a0<\/p>\n<p>3.4. \u00a0En el Ministerio de Justicia y del Derecho se determin\u00f3 que se \u00a0encuentran reunidos los requisitos formales exigidos en la \u00a0normatividad procesal penal aplicable \u00a0y, \u00a0por \u00a0ende, mediante oficio del 13 de febrero de 2020, remiti\u00f3 a la \u00a0Corte la documentaci\u00f3n allegada por el pa\u00eds \u00a0solicitante. \u00a0<\/p>\n<p>\u00a0\u00a0<\/p>\n<p>3.5. \u00a0Recibido el expediente en esta Corporaci\u00f3n, con auto del 18 de \u00a0febrero de 2020, se requiri\u00f3 a JUAN PABLO ZULUAGA para que \u00a0designara un defensor o en su defecto, por secretar\u00eda se \u00a0procediera a nombrarle uno de oficio. \u00a0<\/p>\n<p>\u00a0\u00a0<\/p>\n<p>3.6 Por \u00a0auto del 19 de febrero siguiente, se le reconoci\u00f3 personer\u00eda \u00a0al defensor de confianza designado por el pedido en extradici\u00f3n \u00a0y se \u00a0orden\u00f3 correr traslado para solicitud de pruebas. \u00a0<\/p>\n<p>\u00a0\u00a0<\/p>\n<p>3.7. \u00a0Mediante escrito del 9 de marzo de 2020 el apoderado de ZULUAGA \u00a0rehus\u00f3 formular solicitudes probatorias. A la par, el \u00a0reclamado manifest\u00f3 no \u00a0oponerse al \u00a0tr\u00e1mite de extradici\u00f3n. \u00a0<\/p>\n<p>\u00a0\u00a0<\/p>\n<p>3.8 \u00a0Ante tal manifestaci\u00f3n, por auto del 18 de marzo siguiente, la \u00a0Sala requiri\u00f3 a JUAN PABLO ZULUAGA para que informara si era \u00a0su pretensi\u00f3n someterse al tr\u00e1mite simplificado de \u00a0extradici\u00f3n. \u00a0<\/p>\n<p>\u00a0\u00a0<\/p>\n<p>3.9 \u00a0En respuesta al anterior requerimiento, el reclamado en extradici\u00f3n, \u00a0expres\u00f3 \u00a0su voluntad de acogerse al tr\u00e1mite de extradici\u00f3n \u00a0simplificado, la solicitud fue coadyuvada por el defensor. Por tanto, \u00a0se orden\u00f3 dar traslado al Ministerio P\u00fablico quien \u00a0aval\u00f3 la petici\u00f3n luego de entrevistar -mediante \u00a0comisionado- al reclamado en orden a constatar si su manifestaci\u00f3n \u00a0era libre, consciente, voluntaria y debidamente informada. \u00a0<\/p>\n<p>\u00a0\u00a0<\/p>\n<p>Adicionalmente el \u00a0Delegado indic\u00f3, que en este caso se cumplen los requisitos \u00a0contemplados en el art\u00edculo 35 de la Constituci\u00f3n \u00a0Pol\u00edtica para la procedencia de la extradici\u00f3n, por \u00a0cuanto JUAN PABLO ZULUAGA \u00a0es \u00a0requerido por conductas punibles cometidas con posterioridad al Acto \u00a0Legislativo 01 de 1997, que no tienen la connotaci\u00f3n de \u00a0delitos pol\u00edticos y encuentran correspondencia en los \u00a0art\u00edculos 375 al 385 del C\u00f3digo Penal Colombiano; \u00a0adem\u00e1s que no hay duda acerca de su identidad como lo acept\u00f3 \u00a0en la entrevista realizada. \u00a0<\/p>\n<p>\u00a0\u00a0<\/p>\n<p>En consecuencia, \u00a0el representante del Ministerio P\u00fablico pidi\u00f3 a la \u00a0Corte, en el evento de que emita concepto favorable a la petici\u00f3n \u00a0de extradici\u00f3n del requerido \u00a0ZULUAGA, \u00a0exhorte \u00a0al Gobierno Nacional para que su entrega se condicione a que se \u00a0reconozcan todos los derechos y garant\u00edas inherentes al ser \u00a0humano consagradas en la Carta Pol\u00edtica, en el bloque de \u00a0constitucionalidad y en los instrumentos internacionales que refieren \u00a0a los derechos humanos, en particular, que no sea juzgado por un \u00a0hecho diverso del que motiv\u00f3 la extradici\u00f3n, ni sea \u00a0sometido a tratos o penas crueles inhumanas o degradantes, ni a la \u00a0pena de muerte. \u00a0<\/p>\n<p>\u00a0\u00a0<\/p>\n<p>As\u00ed mismo a \u00a0que se le respeten todas las garant\u00edas debidas en su condici\u00f3n \u00a0de procesado, que su situaci\u00f3n de privaci\u00f3n de libertad \u00a0se desarrolle en condiciones dignas y se le ofrezcan posibilidades \u00a0reales para que pueda tener contacto con sus familiares m\u00e1s \u00a0cercanos. \u00a0<\/p>\n<p>\u00a0\u00a0<\/p>\n<p>3.10. Mediante \u00a0auto del 2 de octubre de 2020, previo a emitir concepto, de oficio se \u00a0orden\u00f3 la pr\u00e1ctica de diferentes pruebas a efecto de \u00a0precaver una eventual lesi\u00f3n a los principios de cosa juzgada \u00a0y non \u00a0bis in \u00eddem. \u00a0<\/p>\n<p>\u00a0\u00a0<\/p>\n<p>3.11. \u00a0Una vez recibida la informaci\u00f3n requerida por la Corte, se \u00a0procede a emitir el respectivo concepto. \u00a0<\/p>\n<p>\u00a0\u00a0<\/p>\n<p>\u00a0\u00a0<\/p>\n<p>CONCEPTO DE LA \u00a0CORTE: \u00a0<\/p>\n<p>\u00a0\u00a0<\/p>\n<p>\u00a0 \u00a0\u00a0 \u00a0 \u00a0 \u00a0 \u00a0<\/p>\n<p>I. Cuesti\u00f3n previa: \u00a0<\/p>\n<p>\u00a0\u00a0<\/p>\n<p>El tr\u00e1mite \u00a0simplificado de extradici\u00f3n. \u00a0<\/p>\n<p>\u00a0\u00a0<\/p>\n<p>El art\u00edculo \u00a070 de la Ley 1453 de 2011 adicion\u00f3 dos par\u00e1grafos al \u00a0art\u00edculo 500 de la Ley 906 de 2004. Esa disposici\u00f3n \u00a0introdujo al ordenamiento jur\u00eddico nacional la figura de la \u00a0extradici\u00f3n simplificada mediante la cual, quien es requerido \u00a0en extradici\u00f3n puede renunciar al procedimiento y solicitar la \u00a0emisi\u00f3n de plano del concepto correspondiente, siempre y \u00a0cuando la petici\u00f3n sea coadyuvada por su defensor y, adem\u00e1s, \u00a0el representante del Ministerio P\u00fablico verifique que no se \u00a0afectaron las garant\u00edas fundamentales del reclamado al \u00a0acogerse a dicho tr\u00e1mite. \u00a0<\/p>\n<p>\u00a0\u00a0<\/p>\n<p>En el evento \u00a0examinado, la Sala encuentra reunidas las exigencias establecidas en \u00a0la norma en cita para conceptuar de plano sobre la solicitud de \u00a0extradici\u00f3n formulada por el Gobierno de los Estados Unidos de \u00a0Am\u00e9rica, respecto del ciudadano colombiano JUAN PABLO ZULUAGA. \u00a0<\/p>\n<p>\u00a0\u00a0<\/p>\n<p>En efecto, la \u00a0petici\u00f3n del requerido se radic\u00f3 en forma oportuna, fue \u00a0coadyuvada por su abogado \u00a0y \u00a0el Procurador Segundo Delegado para la Casaci\u00f3n Penal \u00a0verific\u00f3, mediante entrevista personal con el reclamado, la \u00a0ausencia de vulneraci\u00f3n de garant\u00edas fundamentales en \u00a0la manifestaci\u00f3n. \u00a0<\/p>\n<p>\u00a0\u00a0<\/p>\n<p>As\u00ed las \u00a0cosas, como constata la Corte que se re\u00fanen los presupuestos \u00a0para emitir concepto bajo el rito del tr\u00e1mite simplificado, a \u00a0ello proceder\u00e1. \u00a0<\/p>\n<p>\u00a0 \u00a0\u00a0 \u00a0 \u00a0 \u00a0 \u00a0<\/p>\n<p>II. Aspectos generales. \u00a0<\/p>\n<p>\u00a0\u00a0<\/p>\n<p>Seg\u00fan el \u00a0art\u00edculo 35 de la Carta Pol\u00edtica, modificado por el \u00a0Acto Legislativo No. 01 de 1997, la extradici\u00f3n se podr\u00e1 \u00a0solicitar, conceder u ofrecer de conformidad con los tratados \u00a0p\u00fablicos y, a falta de estos, acorde con lo establecido en la \u00a0normatividad interna. \u00a0<\/p>\n<p>\u00a0\u00a0<\/p>\n<p>Ahora, \u00a0a pesar de que entre Colombia y los Estados Unidos de Am\u00e9rica \u00a0el 14 de septiembre de 1979 se suscribi\u00f3 un \u00abTratado \u00a0de Extradici\u00f3n\u00bb \u00a0que se encuentra vigente, en la medida que las Partes contratantes no \u00a0lo han dado por terminado, denunciado o celebrado uno nuevo, ni han \u00a0acudido a ninguno de los mecanismos previstos en la \u00abConvenci\u00f3n \u00a0de Viena sobre el Derecho de los Tratados de 1969\u00bb \u00a0para finiquitarlo, actualmente no resulta posible aplicar sus \u00a0cl\u00e1usulas en Colombia, en raz\u00f3n de la ausencia de una \u00a0ley que lo incorpore al ordenamiento interno, como lo exigen los \u00a0art\u00edculos 150-14 y 241-10 de la Constituci\u00f3n Pol\u00edtica, \u00a0pues aunque se expidieron con tal prop\u00f3sito las Leyes 27 de \u00a01980 y 68 de 1986, la Corte Suprema de Justicia las declar\u00f3 \u00a0inexequibles por vicios de forma1. \u00a0<\/p>\n<p>\u00a0\u00a0<\/p>\n<p>Por \u00a0consiguiente, el requerimiento del Gobierno de los Estados Unidos de \u00a0Am\u00e9rica debe estudiarse de conformidad con el ordenamiento \u00a0procesal colombiano, como lo precis\u00f3 el Ministerio de \u00a0Relaciones Exteriores al indicar la normatividad a tener en cuenta en \u00a0el presente tr\u00e1mite. \u00a0<\/p>\n<p>\u00a0\u00a0<\/p>\n<p>Produced by the free evaluation copy of TotalHTMLConverter<\/p>\n<p>\u00a0\u00a0<\/p>\n<p>Los \u00a0requisitos all\u00ed contenidos se contraen a verificar (i) \u00a0la validez formal de la documentaci\u00f3n allegada por el pa\u00eds \u00a0requirente; (ii) la demostraci\u00f3n plena de la identidad de la \u00a0persona solicitada; (iii) la concurrencia de la doble incriminaci\u00f3n, \u00a0esto es, que el hecho que motiva la solicitud de extradici\u00f3n \u00a0tanto en el Estado reclamante como en Colombia sea delito y que la \u00a0legislaci\u00f3n nacional lo sancione con pena privativa de la \u00a0libertad cuyo m\u00ednimo no sea inferior a 4 a\u00f1os y; (iv) \u00a0respecto de la equivalencia que debe existir entre la providencia \u00a0proferida en el extranjero y \u2014por lo menos\u2014 la acusaci\u00f3n \u00a0del sistema procesal interno. \u00a0<\/p>\n<p>\u00a0\u00a0<\/p>\n<p>Asimismo, \u00a0corresponde verificar las \u00a0restricciones contenidas en el art\u00edculo 35 de la Constituci\u00f3n \u00a0Pol\u00edtica, a saber, que las conductas se hayan cometido en el \u00a0exterior, pero, adem\u00e1s, en caso de colombianos por nacimiento, \u00a0que \u00a0los hechos se hayan ejecutado despu\u00e9s de la promulgaci\u00f3n \u00a0del Acto Legislativo 01 de 1997 y que no se trate de delitos \u00a0pol\u00edticos. \u00a0<\/p>\n<p>\u00a0\u00a0<\/p>\n<p>Igualmente, \u00a0si concurre alguna \u00a0de las circunstancias que impiden la procedencia de la extradici\u00f3n, \u00a0tales como, el \u00a0respeto por el principio de \u00a0non \u00a0bis in \u00eddem3 \u00a0y, \u00a0si es del caso, establecer \u00a0si el solicitado es beneficiario de la prohibici\u00f3n de \u00a0extradici\u00f3n prevista en el art\u00edculo transitorio 19 del \u00a0Acto Legislativo No. 01 de 20174. \u00a0<\/p>\n<p>\u00a0\u00a0<\/p>\n<p>La \u00a0Corte, por consiguiente, procede a estudiar en primer lugar si en el \u00a0asunto bajo examen concurre alg\u00fan impedimento constitucional \u00a0que induzca a negar la extradici\u00f3n. \u00a0<\/p>\n<p>\u00a0\u00a0<\/p>\n<p>1. \u00a0 Sobre el requisito previsto en el inciso final del art\u00edculo \u00a035 de la Constituci\u00f3n Pol\u00edtica, modificado por el Acto \u00a0Legislativo No. 01 del 16 de diciembre de 1997, relativo a que la \u00a0entrega de ciudadanos colombianos \u00fanicamente opera por hechos \u00a0cometidos con posterioridad a la promulgaci\u00f3n de la referida \u00a0reforma. \u00a0<\/p>\n<p>\u00a0\u00a0<\/p>\n<p>En este sentido, \u00a0de la petici\u00f3n de extradici\u00f3n formulada por el Gobierno \u00a0de los Estados Unidos a trav\u00e9s de su Embajada en Colombia y de \u00a0los documentos aportados con ella, se tiene que los hechos atribuidos \u00a0a JUAN PABLO ZULUAGA se \u00a0habr\u00edan \u00a0cometido, de conformidad con los cargos contenidos en la acusaci\u00f3n \u00a0No.19-20220-CR-SCOLA\/TORRES, \u00abdesde \u00a0alguna fecha en 2016 o alrededor de esa fecha y de manera continuada \u00a0hasta el 24 de marzo de 2018 o alrededor de esa fecha\u00bb. \u00a0<\/p>\n<p>\u00a0\u00a0<\/p>\n<p>A su vez, el \u00a0Agente Especial James Board, en su declaraci\u00f3n jurada, se \u00a0refiri\u00f3 a la misma \u00e9poca; de donde se sigue que las \u00a0conductas por las que se acusa al solicitado fueron realizadas con \u00a0posterioridad a la entrada en vigencia del Acto Legislativo No. 01 de \u00a01997, modificatorio del art\u00edculo 35 de la Constituci\u00f3n \u00a0Pol\u00edtica, por tanto, no se configura la prohibici\u00f3n \u00a0constitucional objeto de an\u00e1lisis. \u00a0<\/p>\n<p>\u00a0\u00a0<\/p>\n<p>2. \u00a0 Respecto al requisito relativo a que los delitos se hayan cometido \u00a0en el exterior, en los cargos que se le atribuyen al reclamado en la \u00a0acusaci\u00f3n for\u00e1nea se indica que las infracciones se \u00a0habr\u00edan cometido en Colombia, Centroam\u00e9rica y Estados \u00a0Unidos. \u00a0<\/p>\n<p>\u00a0\u00a0<\/p>\n<p>Ese supuesto \u00a0f\u00e1ctico a su vez es reiterado en la declaraci\u00f3n jurada \u00a0del Agente Especial James Board, \u00a0en \u00a0la cual se se\u00f1ala que se investig\u00f3 una organizaci\u00f3n \u00a0de narcotr\u00e1fico de la que es parte el reclamado, que opera \u201cen \u00a0Colombia \u00a0y Centroam\u00e9rica que usa embarcaciones mar\u00edtimas para \u00a0transportar cientos de kilogramos de coca\u00edna a los Estados \u00a0Unidos\u201d. \u00a0<\/p>\n<p>\u00a0\u00a0<\/p>\n<p>En esa medida, en \u00a0atenci\u00f3n a lo establecido por la jurisprudencia y la doctrina \u00a0como criterio para determinar el lugar de ocurrencia del delito, como \u00a0es la teor\u00eda mixta o de la ubicuidad, conforme a la cual se \u00a0considera cometido el hecho donde se desarroll\u00f3 total o \u00a0parcialmente la acci\u00f3n, o en el lugar donde debi\u00f3 \u00a0realizarse la acci\u00f3n omitida, o en el sitio donde se produjo o \u00a0debi\u00f3 materializarse el resultado, \u00a0la \u00a0Sala encuentra que los comportamientos atribuidos a JUAN \u00a0PABLO ZULUAGA en \u00a0la acusaci\u00f3n No.19-20220-CR-SCOLA\/TORRES, proferida el 23 de \u00a0abril de 2019, traspasaron las fronteras de Colombia, raz\u00f3n \u00a0por lo cual se satisface la condicionante constitucional de que los \u00a0delitos se hayan cometido en el exterior. \u00a0<\/p>\n<p>\u00a0\u00a0<\/p>\n<p>3. \u00a0Ahora, \u00a0frente a la exigencia relativa a que los delitos que sirvan de \u00a0fundamento a la petici\u00f3n de extradici\u00f3n no tengan el \u00a0car\u00e1cter de pol\u00edticos o de opini\u00f3n, se tiene que \u00a0de acuerdo con los cargos endilgados al reclamado en dicha \u00a0 acusaci\u00f3n, \u00e9ste se habr\u00eda asociado con otras \u00a0personas para \u201cposeer \u00a0con la intenci\u00f3n de distribuir una sustancia controlada \u00a0mientras estaban a bordo de una nave sujeta a la jurisdicci\u00f3n \u00a0de los Estados Unidos (\u2026) con respecto a todos los acusados, \u00a0la sustancia controlada involucrada en el concierto para delinquir \u00a0atribuible a ellos (\u2026) consiste en cinco (5) kilogramos o m\u00e1s \u00a0de una mezcla y sustancia que conten\u00eda una cantidad detectable \u00a0de coca\u00edna\u201d. \u00a0<\/p>\n<p>\u00a0\u00a0<\/p>\n<p>De \u00a0igual manera, el segundo cargo por el que el Tribunal de Distrito de \u00a0los Estados Unidos Distrito Sur de Florida solicita la extradici\u00f3n \u00a0de ZULUAGA, consiste en que se concert\u00f3 con otros para \u00a0\u201cdistribuir \u00a0sustancia controlada en la Categor\u00eda II, con la intenci\u00f3n, \u00a0conocimiento y teniendo causa razonable para creer que dicha \u00a0sustancia controlada ser\u00eda importada il\u00edcitamente a los \u00a0Estados Unidos\u201d, \u00a0de \u00a0lo cual se desprende que tales comportamientos no envuelven la \u00a0condici\u00f3n de pol\u00edticos o de opini\u00f3n, pues \u00a0atentan contra la seguridad y la salud p\u00fablica. \u00a0<\/p>\n<p>\u00a0\u00a0<\/p>\n<p>4. \u00a0En relaci\u00f3n con el respeto del principio de cosa juzgada y el \u00a0non bis in \u00eddem5. \u00a0<\/p>\n<p>\u00a0\u00a0<\/p>\n<p>En la actuaci\u00f3n \u00a0no se tiene conocimiento y no existe evidencia de que la persona \u00a0reclamada est\u00e9 siendo procesada, haya sido juzgada o dejada en \u00a0libertad por pena cumplida por los mismos hechos que sustentan la \u00a0petici\u00f3n de entrega, como lo corrobor\u00f3 la Polic\u00eda \u00a0Nacional y la Fiscal\u00eda General de la Naci\u00f3n, por \u00a0requerimiento de la Corte. \u00a0<\/p>\n<p>\u00a0\u00a0<\/p>\n<p>En efecto, \u00a0informaron dichas autoridades que JUAN \u00a0PABLO ZULUAGA \u00a0aparece mencionado y relacionado en diversas investigaciones por \u00a0hechos y delitos distintos por los que se solicita su entrega, a \u00a0saber: \u00a0<\/p>\n<p>\u00a0 \u00a0\u00a0 \u00a0 \u00a0 \u00a0 \u00a0 \u00a0 \u00a0 \u00a0 \u00a0 \u00a0 \u00a0 \u00a0 \u00a0 \u00a0 \u00a0 \u00a0 \u00a0 \u00a0 \u00a0 \u00a0 \u00a0 \u00a0 \u00a0 \u00a0 \u00a0 \u00a0 \u00a0 \u00a0 \u00a0 \u00a0 \u00a0 \u00a0 \u00a0 \u00a0 \u00a0 \u00a0 \u00a0 \u00a0 \u00a0 \u00a0 \u00a0 \u00a0 \u00a0 \u00a0 \u00a0 \u00a0 \u00a0 \u00a0 \u00a0 \u00a0<\/p>\n<p>Radicado \u00a0 \u00a0 \u00a0 \u00a0 \u00a0 \u00a0 \u00a0 \u00a0 \u00a0 \u00a0 \u00a0 \u00a0 \u00a0 \u00a0 \u00a0 \u00a0 \u00a0 \u00a0 \u00a0 \u00a0 \u00a0 \u00a0 \u00a0 \u00a0 \u00a0 \u00a0 \u00a0 \u00a0 \u00a0 \u00a0 \u00a0 \u00a0 \u00a0 \u00a0 \u00a0 \u00a0 \u00a0 \u00a0 \u00a0 \u00a0 \u00a0 \u00a0 \u00a0 \u00a0 \u00a0 \u00a0 \u00a0<\/p>\n<p>Autoridad \u00a0 \u00a0 \u00a0 \u00a0 \u00a0 \u00a0 \u00a0 \u00a0 \u00a0 \u00a0 \u00a0 \u00a0 \u00a0 \u00a0 \u00a0 \u00a0 \u00a0 \u00a0 \u00a0 \u00a0 \u00a0 \u00a0 \u00a0 \u00a0 \u00a0 \u00a0 \u00a0 \u00a0 \u00a0 \u00a0 \u00a0 \u00a0 \u00a0 \u00a0 \u00a0 \u00a0 \u00a0 \u00a0 \u00a0 \u00a0 \u00a0 \u00a0 \u00a0 \u00a0 \u00a0 \u00a0 \u00a0<\/p>\n<p>Delitos \u00a0 \u00a0 \u00a0 \u00a0 \u00a0 \u00a0 \u00a0 \u00a0 \u00a0 \u00a0 \u00a0 \u00a0 \u00a0 \u00a0 \u00a0 \u00a0 \u00a0 \u00a0 \u00a0 \u00a0 \u00a0 \u00a0 \u00a0 \u00a0 \u00a0 \u00a0 \u00a0 \u00a0 \u00a0 \u00a0 \u00a0 \u00a0 \u00a0 \u00a0 \u00a0 \u00a0 \u00a0 \u00a0 \u00a0 \u00a0 \u00a0 \u00a0 \u00a0 \u00a0 \u00a0 \u00a0 \u00a0<\/p>\n<p>Estado \u00a0 \u00a0 \u00a0 \u00a0 \u00a0 \u00a0 \u00a0 \u00a0 \u00a0<\/p>\n<p>698789 \u00a0 \u00a0 \u00a0 \u00a0 \u00a0 \u00a0 \u00a0 \u00a0 \u00a0 \u00a0 \u00a0 \u00a0 \u00a0 \u00a0 \u00a0 \u00a0 \u00a0(Ley 600 de 2000) \u00a0 \u00a0 \u00a0 \u00a0 \u00a0 \u00a0 \u00a0 \u00a0 \u00a0 \u00a0 \u00a0 \u00a0 \u00a0 \u00a0 \u00a0 \u00a0 \u00a0 \u00a0 \u00a0 \u00a0 \u00a0 \u00a0 \u00a0 \u00a0 \u00a0 \u00a0 \u00a0 \u00a0 \u00a0 \u00a0 \u00a0 \u00a0 \u00a0 \u00a0 \u00a0 \u00a0 \u00a0 \u00a0 \u00a0 \u00a0 \u00a0 \u00a0 \u00a0 \u00a0 \u00a0 \u00a0 \u00a0<\/p>\n<p>Fiscal\u00eda \u00a0 \u00a0 \u00a0 \u00a0 \u00a0 \u00a0 \u00a0 \u00a0 \u00a0 \u00a0 \u00a0 \u00a0 \u00a0 \u00a0 \u00a0 \u00a0 \u00a0263 de delitos contra la salud p\u00fablica de Bogot\u00e1 \u00a0 \u00a0 \u00a0 \u00a0 \u00a0 \u00a0 \u00a0 \u00a0 \u00a0 \u00a0 \u00a0 \u00a0 \u00a0 \u00a0 \u00a0 \u00a0 \u00a0 \u00a0 \u00a0 \u00a0 \u00a0 \u00a0 \u00a0 \u00a0 \u00a0 \u00a0 \u00a0 \u00a0 \u00a0 \u00a0 \u00a0 \u00a0 \u00a0 \u00a0 \u00a0 \u00a0 \u00a0 \u00a0 \u00a0 \u00a0 \u00a0 \u00a0 \u00a0 \u00a0 \u00a0 \u00a0 \u00a0<\/p>\n<p>Tr\u00e1fico, \u00a0 \u00a0 \u00a0 \u00a0 \u00a0 \u00a0 \u00a0 \u00a0 \u00a0 \u00a0 \u00a0 \u00a0 \u00a0 \u00a0 \u00a0 \u00a0 \u00a0fabricaci\u00f3n o porte de estupefacientes \u00a0 \u00a0 \u00a0 \u00a0 \u00a0 \u00a0 \u00a0 \u00a0 \u00a0 \u00a0 \u00a0 \u00a0 \u00a0 \u00a0 \u00a0 \u00a0 \u00a0 \u00a0 \u00a0 \u00a0 \u00a0 \u00a0 \u00a0 \u00a0 \u00a0 \u00a0 \u00a0 \u00a0 \u00a0 \u00a0 \u00a0 \u00a0 \u00a0 \u00a0 \u00a0 \u00a0 \u00a0 \u00a0 \u00a0 \u00a0 \u00a0 \u00a0 \u00a0 \u00a0 \u00a0 \u00a0 \u00a0<\/p>\n<p>Inactivo \u00a0 \u00a0 \u00a0 \u00a0 \u00a0 \u00a0 \u00a0 \u00a0 \u00a0<\/p>\n<p>505123 \u00a0 \u00a0 \u00a0 \u00a0 \u00a0 \u00a0 \u00a0 \u00a0 \u00a0 \u00a0 \u00a0 \u00a0 \u00a0 \u00a0 \u00a0 \u00a0 \u00a0(Ley 600 de 2000) \u00a0 \u00a0 \u00a0 \u00a0 \u00a0 \u00a0 \u00a0 \u00a0 \u00a0 \u00a0 \u00a0 \u00a0 \u00a0 \u00a0 \u00a0 \u00a0 \u00a0 \u00a0 \u00a0 \u00a0 \u00a0 \u00a0 \u00a0 \u00a0 \u00a0 \u00a0 \u00a0 \u00a0 \u00a0 \u00a0 \u00a0 \u00a0 \u00a0 \u00a0 \u00a0 \u00a0 \u00a0 \u00a0 \u00a0 \u00a0 \u00a0 \u00a0 \u00a0 \u00a0 \u00a0 \u00a0 \u00a0<\/p>\n<p>Fiscal\u00eda \u00a0 \u00a0 \u00a0 \u00a0 \u00a0 \u00a0 \u00a0 \u00a0 \u00a0 \u00a0 \u00a0 \u00a0 \u00a0 \u00a0 \u00a0 \u00a0 \u00a0188 de la unidad de delitos querellables Medell\u00edn \u00a0 \u00a0 \u00a0 \u00a0 \u00a0 \u00a0 \u00a0 \u00a0 \u00a0 \u00a0 \u00a0 \u00a0 \u00a0 \u00a0 \u00a0 \u00a0 \u00a0 \u00a0 \u00a0 \u00a0 \u00a0 \u00a0 \u00a0 \u00a0 \u00a0 \u00a0 \u00a0 \u00a0 \u00a0 \u00a0 \u00a0 \u00a0 \u00a0 \u00a0 \u00a0 \u00a0 \u00a0 \u00a0 \u00a0 \u00a0 \u00a0 \u00a0 \u00a0 \u00a0 \u00a0 \u00a0 \u00a0<\/p>\n<p>Da\u00f1o \u00a0 \u00a0 \u00a0 \u00a0 \u00a0 \u00a0 \u00a0 \u00a0 \u00a0 \u00a0 \u00a0 \u00a0 \u00a0 \u00a0 \u00a0 \u00a0 \u00a0en bien ajeno \u00a0 \u00a0 \u00a0 \u00a0 \u00a0 \u00a0 \u00a0 \u00a0 \u00a0 \u00a0 \u00a0 \u00a0 \u00a0 \u00a0 \u00a0 \u00a0 \u00a0 \u00a0 \u00a0 \u00a0 \u00a0 \u00a0 \u00a0 \u00a0 \u00a0 \u00a0 \u00a0 \u00a0 \u00a0 \u00a0 \u00a0 \u00a0 \u00a0 \u00a0 \u00a0 \u00a0 \u00a0 \u00a0 \u00a0 \u00a0 \u00a0 \u00a0 \u00a0 \u00a0 \u00a0 \u00a0 \u00a0<\/p>\n<p>inactivo \u00a0 \u00a0 \u00a0 \u00a0 \u00a0 \u00a0 \u00a0 \u00a0 \u00a0<\/p>\n<p>894086 \u00a0 \u00a0 \u00a0 \u00a0 \u00a0 \u00a0 \u00a0 \u00a0 \u00a0 \u00a0 \u00a0 \u00a0 \u00a0 \u00a0 \u00a0 \u00a0 \u00a0(Ley 600 de 2000) \u00a0 \u00a0 \u00a0 \u00a0 \u00a0 \u00a0 \u00a0 \u00a0 \u00a0 \u00a0 \u00a0 \u00a0 \u00a0 \u00a0 \u00a0 \u00a0 \u00a0 \u00a0 \u00a0 \u00a0 \u00a0 \u00a0 \u00a0 \u00a0 \u00a0 \u00a0 \u00a0 \u00a0 \u00a0 \u00a0 \u00a0 \u00a0 \u00a0 \u00a0 \u00a0 \u00a0 \u00a0 \u00a0 \u00a0 \u00a0 \u00a0 \u00a0 \u00a0 \u00a0 \u00a0 \u00a0 \u00a0<\/p>\n<p>Fiscal\u00eda \u00a0 \u00a0 \u00a0 \u00a0 \u00a0 \u00a0 \u00a0 \u00a0 \u00a0 \u00a0 \u00a0 \u00a0 \u00a0 \u00a0 \u00a0 \u00a0 \u00a0126 Local Medell\u00edn \u00a0 \u00a0 \u00a0 \u00a0 \u00a0 \u00a0 \u00a0 \u00a0 \u00a0 \u00a0 \u00a0 \u00a0 \u00a0 \u00a0 \u00a0 \u00a0 \u00a0 \u00a0 \u00a0 \u00a0 \u00a0 \u00a0 \u00a0 \u00a0 \u00a0 \u00a0 \u00a0 \u00a0 \u00a0 \u00a0 \u00a0 \u00a0 \u00a0 \u00a0 \u00a0 \u00a0 \u00a0 \u00a0 \u00a0 \u00a0 \u00a0 \u00a0 \u00a0 \u00a0 \u00a0 \u00a0 \u00a0<\/p>\n<p>Hurto \u00a0 \u00a0 \u00a0 \u00a0 \u00a0 \u00a0 \u00a0 \u00a0 \u00a0 \u00a0 \u00a0 \u00a0 \u00a0 \u00a0 \u00a0 \u00a0 \u00a0 \u00a0 \u00a0 \u00a0 \u00a0 \u00a0 \u00a0 \u00a0 \u00a0 \u00a0 \u00a0 \u00a0 \u00a0 \u00a0 \u00a0 \u00a0 \u00a0 \u00a0 \u00a0 \u00a0 \u00a0 \u00a0 \u00a0 \u00a0 \u00a0 \u00a0 \u00a0 \u00a0 \u00a0 \u00a0 \u00a0<\/p>\n<p>inactivo \u00a0 \u00a0 \u00a0 \u00a0 \u00a0 \u00a0 \u00a0 \u00a0 \u00a0<\/p>\n<p>050016000206200926176 \u00a0 \u00a0 \u00a0 \u00a0 \u00a0 \u00a0 \u00a0 \u00a0 \u00a0 \u00a0 \u00a0 \u00a0 \u00a0 \u00a0 \u00a0 \u00a0 \u00a0 \u00a0 \u00a0 \u00a0 \u00a0 \u00a0 \u00a0 \u00a0 \u00a0 \u00a0 \u00a0 \u00a0 \u00a0 \u00a0 \u00a0 \u00a0 \u00a0 \u00a0 \u00a0 \u00a0 \u00a0 \u00a0 \u00a0 \u00a0 \u00a0 \u00a0 \u00a0 \u00a0 \u00a0 \u00a0 \u00a0<\/p>\n<p>Fiscal\u00eda \u00a0 \u00a0 \u00a0 \u00a0 \u00a0 \u00a0 \u00a0 \u00a0 \u00a0 \u00a0 \u00a0 \u00a0 \u00a0 \u00a0 \u00a0 \u00a0 \u00a022 Local Medell\u00edn \u00a0 \u00a0 \u00a0 \u00a0 \u00a0 \u00a0 \u00a0 \u00a0 \u00a0 \u00a0 \u00a0 \u00a0 \u00a0 \u00a0 \u00a0 \u00a0 \u00a0 \u00a0 \u00a0 \u00a0 \u00a0 \u00a0 \u00a0 \u00a0 \u00a0 \u00a0 \u00a0 \u00a0 \u00a0 \u00a0 \u00a0 \u00a0 \u00a0 \u00a0 \u00a0 \u00a0 \u00a0 \u00a0 \u00a0 \u00a0 \u00a0 \u00a0 \u00a0 \u00a0 \u00a0 \u00a0 \u00a0<\/p>\n<p>Abuso \u00a0 \u00a0 \u00a0 \u00a0 \u00a0 \u00a0 \u00a0 \u00a0 \u00a0 \u00a0 \u00a0 \u00a0 \u00a0 \u00a0 \u00a0 \u00a0 \u00a0de confianza \u00a0 \u00a0 \u00a0 \u00a0 \u00a0 \u00a0 \u00a0 \u00a0 \u00a0 \u00a0 \u00a0 \u00a0 \u00a0 \u00a0 \u00a0 \u00a0 \u00a0 \u00a0 \u00a0 \u00a0 \u00a0 \u00a0 \u00a0 \u00a0 \u00a0 \u00a0 \u00a0 \u00a0 \u00a0 \u00a0 \u00a0 \u00a0 \u00a0 \u00a0 \u00a0 \u00a0 \u00a0 \u00a0 \u00a0 \u00a0 \u00a0 \u00a0 \u00a0 \u00a0 \u00a0 \u00a0 \u00a0<\/p>\n<p>Inactivo \u00a0 \u00a0 \u00a0 \u00a0 \u00a0 \u00a0 \u00a0 \u00a0 \u00a0<\/p>\n<p>050016000206201014867 \u00a0 \u00a0 \u00a0 \u00a0 \u00a0 \u00a0 \u00a0 \u00a0 \u00a0 \u00a0 \u00a0 \u00a0 \u00a0 \u00a0 \u00a0 \u00a0 \u00a0 \u00a0 \u00a0 \u00a0 \u00a0 \u00a0 \u00a0 \u00a0 \u00a0 \u00a0 \u00a0 \u00a0 \u00a0 \u00a0 \u00a0 \u00a0 \u00a0 \u00a0 \u00a0 \u00a0 \u00a0 \u00a0 \u00a0 \u00a0 \u00a0 \u00a0 \u00a0 \u00a0 \u00a0 \u00a0 \u00a0<\/p>\n<p>Fiscal\u00eda \u00a0 \u00a0 \u00a0 \u00a0 \u00a0 \u00a0 \u00a0 \u00a0 \u00a0 \u00a0 \u00a0 \u00a0 \u00a0 \u00a0 \u00a0 \u00a0 \u00a022 Local Medell\u00edn \u00a0 \u00a0 \u00a0 \u00a0 \u00a0 \u00a0 \u00a0 \u00a0 \u00a0 \u00a0 \u00a0 \u00a0 \u00a0 \u00a0 \u00a0 \u00a0 \u00a0 \u00a0 \u00a0 \u00a0 \u00a0 \u00a0 \u00a0 \u00a0 \u00a0 \u00a0 \u00a0 \u00a0 \u00a0 \u00a0 \u00a0 \u00a0 \u00a0 \u00a0 \u00a0 \u00a0 \u00a0 \u00a0 \u00a0 \u00a0 \u00a0 \u00a0 \u00a0 \u00a0 \u00a0 \u00a0 \u00a0<\/p>\n<p>Produced by the free evaluation copy of TotalHTMLConverter<\/p>\n<p>Inactivo \u00a0 \u00a0 \u00a0 \u00a0 \u00a0 \u00a0 \u00a0 \u00a0 \u00a0<\/p>\n<p>050016000206201652616 \u00a0 \u00a0 \u00a0 \u00a0 \u00a0 \u00a0 \u00a0 \u00a0 \u00a0 \u00a0 \u00a0 \u00a0 \u00a0 \u00a0 \u00a0 \u00a0 \u00a0 \u00a0 \u00a0 \u00a0 \u00a0 \u00a0 \u00a0 \u00a0 \u00a0 \u00a0 \u00a0 \u00a0 \u00a0 \u00a0 \u00a0 \u00a0 \u00a0 \u00a0 \u00a0 \u00a0 \u00a0 \u00a0 \u00a0 \u00a0 \u00a0 \u00a0 \u00a0 \u00a0 \u00a0 \u00a0 \u00a0<\/p>\n<p>Fiscal\u00eda \u00a0 \u00a0 \u00a0 \u00a0 \u00a0 \u00a0 \u00a0 \u00a0 \u00a0 \u00a0 \u00a0 \u00a0 \u00a0 \u00a0 \u00a0 \u00a0 \u00a0187 de la unidad de delitos querellables Medell\u00edn \u00a0 \u00a0 \u00a0 \u00a0 \u00a0 \u00a0 \u00a0 \u00a0 \u00a0 \u00a0 \u00a0 \u00a0 \u00a0 \u00a0 \u00a0 \u00a0 \u00a0 \u00a0 \u00a0 \u00a0 \u00a0 \u00a0 \u00a0 \u00a0 \u00a0 \u00a0 \u00a0 \u00a0 \u00a0 \u00a0 \u00a0 \u00a0 \u00a0 \u00a0 \u00a0 \u00a0 \u00a0 \u00a0 \u00a0 \u00a0 \u00a0 \u00a0 \u00a0 \u00a0 \u00a0 \u00a0 \u00a0<\/p>\n<p>Lesiones \u00a0 \u00a0 \u00a0 \u00a0 \u00a0 \u00a0 \u00a0 \u00a0 \u00a0 \u00a0 \u00a0 \u00a0 \u00a0 \u00a0 \u00a0 \u00a0 \u00a0personales \u00a0 \u00a0 \u00a0 \u00a0 \u00a0 \u00a0 \u00a0 \u00a0 \u00a0 \u00a0 \u00a0 \u00a0 \u00a0 \u00a0 \u00a0 \u00a0 \u00a0 \u00a0 \u00a0 \u00a0 \u00a0 \u00a0 \u00a0 \u00a0 \u00a0 \u00a0 \u00a0 \u00a0 \u00a0 \u00a0 \u00a0 \u00a0 \u00a0 \u00a0 \u00a0 \u00a0 \u00a0 \u00a0 \u00a0 \u00a0 \u00a0 \u00a0 \u00a0 \u00a0 \u00a0 \u00a0 \u00a0<\/p>\n<p>Inactivo \u00a0 \u00a0 \u00a0 \u00a0 \u00a0 \u00a0 \u00a0 \u00a0 \u00a0<\/p>\n<p>050016000248202001725 \u00a0 \u00a0 \u00a0 \u00a0 \u00a0 \u00a0 \u00a0 \u00a0 \u00a0 \u00a0 \u00a0 \u00a0 \u00a0 \u00a0 \u00a0 \u00a0 \u00a0 \u00a0 \u00a0 \u00a0 \u00a0 \u00a0 \u00a0 \u00a0 \u00a0 \u00a0 \u00a0 \u00a0 \u00a0 \u00a0 \u00a0 \u00a0 \u00a0 \u00a0 \u00a0 \u00a0 \u00a0 \u00a0 \u00a0 \u00a0 \u00a0 \u00a0 \u00a0 \u00a0 \u00a0 \u00a0 \u00a0<\/p>\n<p>Fiscal\u00eda \u00a0 \u00a0 \u00a0 \u00a0 \u00a0 \u00a0 \u00a0 \u00a0 \u00a0 \u00a0 \u00a0 \u00a0 \u00a0 \u00a0 \u00a0 \u00a0 \u00a0118 Medell\u00edn \u00a0 \u00a0 \u00a0 \u00a0 \u00a0 \u00a0 \u00a0 \u00a0 \u00a0 \u00a0 \u00a0 \u00a0 \u00a0 \u00a0 \u00a0 \u00a0 \u00a0 \u00a0 \u00a0 \u00a0 \u00a0 \u00a0 \u00a0 \u00a0 \u00a0 \u00a0 \u00a0 \u00a0 \u00a0 \u00a0 \u00a0 \u00a0 \u00a0 \u00a0 \u00a0 \u00a0 \u00a0 \u00a0 \u00a0 \u00a0 \u00a0 \u00a0 \u00a0 \u00a0 \u00a0 \u00a0 \u00a0<\/p>\n<p>Violencia \u00a0 \u00a0 \u00a0 \u00a0 \u00a0 \u00a0 \u00a0 \u00a0 \u00a0 \u00a0 \u00a0 \u00a0 \u00a0 \u00a0 \u00a0 \u00a0 \u00a0intrafamiliar agravado \u00a0 \u00a0 \u00a0 \u00a0 \u00a0 \u00a0 \u00a0 \u00a0 \u00a0 \u00a0 \u00a0 \u00a0 \u00a0 \u00a0 \u00a0 \u00a0 \u00a0 \u00a0 \u00a0 \u00a0 \u00a0 \u00a0 \u00a0 \u00a0 \u00a0 \u00a0 \u00a0 \u00a0 \u00a0 \u00a0 \u00a0 \u00a0 \u00a0 \u00a0 \u00a0 \u00a0 \u00a0 \u00a0 \u00a0 \u00a0 \u00a0 \u00a0 \u00a0 \u00a0 \u00a0 \u00a0 \u00a0<\/p>\n<p>Inactivo \u00a0 \u00a0 \u00a0 \u00a0 \u00a0 \u00a0 \u00a0<\/p>\n<p>\u00a0\u00a0<\/p>\n<p>Aquellos \u00a0tr\u00e1mites, adem\u00e1s, se encuentran en estado \u201cinactivo\u201d. \u00a0Verificado el sistema de consulta de procesos de la rama judicial, no \u00a0aparece que alguna de esas actuaciones de la fiscal\u00eda haya \u00a0avanzado hasta sentencia o a cualquier fase superior a la de mera \u00a0investigaci\u00f3n que de alguna manera pudiera inhibir el concepto \u00a0favorable que aqu\u00ed debe emitirse. \u00a0<\/p>\n<p>\u00a0\u00a0<\/p>\n<p>5. \u00a0Tampoco \u00a0es aplicable la garant\u00eda de no \u00a0extradici\u00f3n \u00a0contenida en el art\u00edculo transitorio 19 del Acto Legislativo \u00a001 de 2017, dado que, verificada la informaci\u00f3n, no \u00a0obra en el expediente indicio alguno que informe de la pertenencia \u00a0del solicitado a la desmovilizada guerrilla de las FARC-EP u otra \u00a0condici\u00f3n, que inhiba su extradici\u00f3n en raz\u00f3n de \u00a0los acuerdos de paz. \u00a0<\/p>\n<p>\u00a0\u00a0<\/p>\n<p>As\u00ed las \u00a0cosas, no concurre ninguna causal constitucional impediente de la \u00a0extradici\u00f3n, que imposibilite la entrega \u00a0<\/p>\n<p>\u00a0\u00a0<\/p>\n<p>II. \u00a0Cuesti\u00f3n \u00a0 \u00a0de \u00a0 fondo \u00a0<\/p>\n<p>\u00a0\u00a0<\/p>\n<p>1. Validez \u00a0 formal \u00a0de \u00a0la \u00a0documentaci\u00f3n presentada: \u00a0<\/p>\n<p>\u00a0\u00a0<\/p>\n<p>Seg\u00fan lo \u00a0dispone el art\u00edculo 495 de la Ley 906 de 2004, la solicitud de \u00a0extradici\u00f3n debe efectuarse por la v\u00eda diplom\u00e1tica \u00a0y, de manera excepcional, por la consular o de gobierno a gobierno, \u00a0adjuntando copia aut\u00e9ntica del fallo o de la acusaci\u00f3n \u00a0proferida en el extranjero, con indicaci\u00f3n de los actos que \u00a0determinan la petici\u00f3n, as\u00ed como del lugar y la fecha \u00a0en que fueron ejecutados, los datos que permitan establecer la plena \u00a0identidad del reclamado y la copia aut\u00e9ntica de las \u00a0disposiciones penales aplicables al caso, documentos que deben ser \u00a0expedidos en la forma prevista en la legislaci\u00f3n del pa\u00eds \u00a0requirente y traducidos al castellano, de ser necesario. \u00a0<\/p>\n<p>\u00a0\u00a0<\/p>\n<p>Por consiguiente, \u00a0la revisi\u00f3n sobre la validez formal de la documentaci\u00f3n \u00a0se orienta a verificar que los soportes con los cuales el Estado \u00a0reclamante solicita la entrega de una persona en extradici\u00f3n, \u00a0se sujeten a las referidas exigencias formales. \u00a0<\/p>\n<p>\u00a0\u00a0<\/p>\n<p>En este sentido, \u00a0encuentra la Sala que dicho presupuesto fue observado por el Gobierno \u00a0de los Estados Unidos de Am\u00e9rica al demandar la extradici\u00f3n \u00a0del ciudadano colombiano JUAN \u00a0PABLO ZULUAGA por \u00a0conducto de su Embajada. \u00a0<\/p>\n<p>\u00a0\u00a0<\/p>\n<p>En efecto, la \u00a0solicitud se hizo por la v\u00eda diplom\u00e1tica y a \u00a0ella se acompa\u00f1\u00f3 copia de la \u00a0acusaci\u00f3n No.19-20220-CR-SCOLA\/TORRES, proferida el 23 de \u00a0abril de 2019, decisi\u00f3n donde se indican los actos que \u00a0sustentan la petici\u00f3n de entrega, el lugar y las fechas de su \u00a0ejecuci\u00f3n y las normas trasgredidas, mientras que en los \u00a0restantes documentos aportados se precisaron tales datos y se ofrece \u00a0la informaci\u00f3n necesaria para establecer la plena identidad de \u00a0la persona requerida. \u00a0<\/p>\n<p>\u00a0\u00a0<\/p>\n<p>Esto se corrobora \u00a0al confrontar el contenido de las declaraciones juradas de Yeney \u00a0Hern\u00e1ndez, Fiscal \u00a0Auxiliar de los Estados Unidos para el Distrito Sur de Florida, y de \u00a0James \u00a0Board, \u00a0agente especial de la Administraci\u00f3n para el Control de Drogas \u00a0(DEA), quienes \u00a0rese\u00f1an los pormenores de la investigaci\u00f3n y posterior \u00a0acusaci\u00f3n, la imputaci\u00f3n y la normatividad aplicable al \u00a0caso, la cual est\u00e1 contenida en el C\u00f3digo Federal de \u00a0dicho pa\u00eds. \u00a0<\/p>\n<p>\u00a0\u00a0<\/p>\n<p>Los anteriores \u00a0documentos est\u00e1n certificados y autenticados por las \u00a0autoridades del pa\u00eds requirente y traducidos al castellano. \u00a0Adem\u00e1s, aparece la refrendaci\u00f3n efectuada por la C\u00f3nsul \u00a0de Colombia en Washington D.C. cuya firma fue abonada por el Jefe de \u00a0Legalizaciones del Ministerio de Relaciones Exteriores lo que, de \u00a0conformidad con el art\u00edculo 251 del C\u00f3digo General del \u00a0Proceso, permite suponer que se otorgaron de acuerdo con las leyes de \u00a0los Estados Unidos. \u00a0<\/p>\n<p>\u00a0\u00a0<\/p>\n<p>Por consiguiente, \u00a0la validez de la documentaci\u00f3n aportada por el Gobierno \u00a0requirente se encuentra debidamente acreditada. \u00a0<\/p>\n<p>\u00a0\u00a0<\/p>\n<p>2. Plena \u00a0identidad del reclamado: \u00a0<\/p>\n<p>\u00a0\u00a0<\/p>\n<p>Esta exigencia \u00a0hace relaci\u00f3n a la coincidencia que debe existir entre la \u00a0persona procesada (acusada o condenada) en el pa\u00eds reclamante, \u00a0y la sometida al tr\u00e1mite de extradici\u00f3n, sin que ello \u00a0implique determinar su verdadera identidad, por lo cual, \u00a0es bajo este contexto que corresponde analizar a la Corte la \u00a0\u201cidentificaci\u00f3n\u201d del ciudadano reclamado. \u00a0<\/p>\n<p>\u00a0\u00a0<\/p>\n<p>En \u00a0efecto, se tiene que mediante Nota Diplom\u00e1tica No. 0794 del 11 \u00a0de junio de 2019, la Embajada de los Estados Unidos solicit\u00f3 \u00a0la detenci\u00f3n provisional con fines de extradici\u00f3n de \u00a0JUAN \u00a0PABLO ZULUAGA, \u00a0nacional colombiano, nacido el 27 de abril de 1984, portador de la \u00a0c\u00e9dula colombiana No. 6.429.987. \u00a0<\/p>\n<p>\u00a0\u00a0<\/p>\n<p>Ahora, \u00a0de la documentaci\u00f3n reunida en Colombia se concluye que se \u00a0trata de la misma persona a que alude aquella petici\u00f3n, pues \u00a0el 10 de diciembre de 2019, fue capturado, con ese nombre y documento \u00a0se identific\u00f3, \u00a0lo cual coincide tanto con el \u00a0acta de los derechos del capturado y la constancia de buen trato, \u00a0como \u00a0con diversas actuaciones surtidas en el curso del tr\u00e1mite ante \u00a0la Corte. \u00a0<\/p>\n<p>\u00a0\u00a0<\/p>\n<p>Igualmente, en la \u00a0confrontaci\u00f3n dactilosc\u00f3pica realizada ese mismo d\u00eda, \u00a0se constat\u00f3 que las impresiones dactilares que obran en la \u00a0tarjeta decadactilar del capturado JUAN PABLO ZULUAGA, \u00a0corresponden \u00a0a quien se identifica con la c\u00e9dula de ciudadan\u00eda No. \u00a06.429.987, como figura \u00a0en \u00a0la base de datos de la Registradur\u00eda Nacional del Estado \u00a0Civil6. \u00a0<\/p>\n<p>\u00a0\u00a0<\/p>\n<p>En esa medida, se \u00a0satisface el segundo de los presupuestos del art\u00edculo 502 de \u00a0la Ley 906 de 2004. \u00a0<\/p>\n<p>\u00a0\u00a0<\/p>\n<p>3. \u00a0De la \u00a0condici\u00f3n de doble incriminaci\u00f3n: \u00a0<\/p>\n<p>\u00a0\u00a0<\/p>\n<p>3.1 \u00a0De acuerdo con lo estipulado en el art\u00edculo 493 de la Ley 906 \u00a0de 2004, para conceder la extradici\u00f3n es indispensable que los \u00a0hechos que la motivan est\u00e9n previstos en Colombia como delito \u00a0y que los mismos se encuentren reprimidos con una sanci\u00f3n \u00a0privativa de la libertad cuyo m\u00ednimo no sea inferior a cuatro \u00a0a\u00f1os. \u00a0<\/p>\n<p>\u00a0\u00a0<\/p>\n<p>En este sentido, \u00a0se tiene que JUAN PABLO ZULUAGA \u00a0es \u00a0requerido para que comparezca a juicio ante la Corte del Distrito Sur \u00a0de Florida en raz\u00f3n de la acusaci\u00f3n No. \u00a019-20220-CR-SCOLA\/TORRES dictada el 23 de abril de 2019, mediante la \u00a0cual se le imputan los siguientes cargos: \u00a0<\/p>\n<p>\u00a0\u00a0<\/p>\n<p>CARGO \u00a0UNO \u00a0<\/p>\n<p>Produced by the free evaluation copy of TotalHTMLConverter<\/p>\n<p>Que \u00a0desde alguna fecha en 2016 o alrededor de esa fecha y de manera \u00a0continuada hasta el 24 de marzo de 2018 o alrededor de esa fecha, en \u00a0los pa\u00edses de Colombia, Ecuador y en otros lugares, los \u00a0acusados, \u00a0<\/p>\n<p>(\u2026) \u00a0<\/p>\n<p>JUAN \u00a0PABLO ZULUAGA \u00a0<\/p>\n<p>\u00a0\u00a0<\/p>\n<p>Con \u00a0conocimiento e intencionalmente se aunaron, concertaron para \u00a0delinquir, se unieron y acordaron unos con otros y con otras personas \u00a0conocidas y desconocidas por parte del Gran Jurado, para poseer con \u00a0la intenci\u00f3n de distribuir una sustancia controlada mientras \u00a0estaban a bordo de una nave sujeta a la jurisdicci\u00f3n de los \u00a0Estados Unidos, en violaci\u00f3n de la Secci\u00f3n 70503(a)(1) \u00a0del T\u00edtulo 46 del C\u00f3digo de los Estados Unidos, en \u00a0violaci\u00f3n de la secci\u00f3n 70506(b) del T\u00edtulo 46 \u00a0del C\u00f3digo de los Estados Unidos. \u00a0<\/p>\n<p>\u00a0\u00a0<\/p>\n<p>Con \u00a0respecto a todos los acusados, la sustancia controlada involucrada en \u00a0el concierto para delinquir atribuible a ellos como resultado de su \u00a0propia conducta y la conducta de otros integrantes del concierto para \u00a0delinquir, razonablemente previsible para ellos, consiste en cinco \u00a0(5) kilogramos o m\u00e1s de una mezcla y sustancia que conten\u00eda \u00a0una cantidad detectable de coca\u00edna, en violaci\u00f3n de la \u00a0Secci\u00f3n 70506(a) del T\u00edtulo 46 del C\u00f3digo de los \u00a0Estados Unidos y la Secci\u00f3n 960(b)(1) (B) del T\u00edtulo 21 \u00a0del C\u00f3digo de los Estados Unidos. \u00a0<\/p>\n<p>\u00a0\u00a0<\/p>\n<p>CARGO \u00a02 \u00a0<\/p>\n<p>\u00a0\u00a0<\/p>\n<p>Que \u00a0desde alguna fecha en 2016 o alrededor de esa fecha y de manera \u00a0continuada hasta la fecha de la presentaci\u00f3n de esta acusaci\u00f3n \u00a0formal, en los pa\u00edses de Colombia, Ecuador y en otros lugares, \u00a0los acusados, \u00a0<\/p>\n<p>(\u2026) \u00a0<\/p>\n<p>JUAN \u00a0PABLO ZULUAGA \u00a0<\/p>\n<p>\u00a0\u00a0<\/p>\n<p>Con \u00a0conocimiento e intencionalmente se aunaron, concertaron para \u00a0delinquir, se unieron y acordaron unos con otros y con otras personas \u00a0conocidas y desconocidas por parte del Gran Jurado, para distribuir \u00a0una sustancia controlada en la Categor\u00eda II, con la intenci\u00f3n, \u00a0conocimiento y teniendo causa razonable para creer que dicha \u00a0sustancia controlada ser\u00eda importada il\u00edcitamente a los \u00a0Estados Unidos, en violaci\u00f3n de la Secci\u00f3n 959(a) del \u00a0T\u00edtulo 21 del C\u00f3digo de los Estados Unidos; todo ello \u00a0en violaci\u00f3n de la Secci\u00f3n 963 del T\u00edtulo 21 del \u00a0C\u00f3digo de los Estados Unidos; con respecto a todos los \u00a0acusados, la sustancia controlada involucrada en el concierto para \u00a0delinquir atribuible a ellos como resultado de su propia conducta y \u00a0la conducta de otros integrantes del concierto para delinquir \u00a0atribuible a ellos como resultado de su propia conducta y la conducta \u00a0de otros integrantes del concierto para delinquir razonablemente \u00a0previsible para ellos, consiste en cinco (5) kilogramos o m\u00e1s \u00a0de una mezcla y sustancia que conten\u00eda una cantidad detectable \u00a0de coca\u00edna, en violaci\u00f3n de las Secciones 963 y \u00a0960(b)(1)(B) del T\u00edtulo 21 del C\u00f3digo de los Estados \u00a0Unidos. \u00a0<\/p>\n<p>\u00a0\u00a0<\/p>\n<p>A su vez, el \u00a0Agente especial con la Administraci\u00f3n para el Control de \u00a0Drogas (DEA), James \u00a0Board, \u00a0en relaci\u00f3n con la imputaci\u00f3n atribuida al reclamado, \u00a0puntualiz\u00f3 lo siguiente: \u00a0<\/p>\n<p>\u00a0\u00a0<\/p>\n<p>I.RES\u00daMEN \u00a0<\/p>\n<p>\u00a0\u00a0<\/p>\n<p>\u00ab24. Una \u00a0investigaci\u00f3n realizada por las autoridades del orden p\u00fablico \u00a0identific\u00f3 una organizaci\u00f3n de tr\u00e1fico de drogas \u00a0que opera en Colombia y Centroam\u00e9rica que usa embarcaciones \u00a0mar\u00edtimas para transportar cientos de kilogramos de coca\u00edna \u00a0a los Estados Unidos desde aproximadamente enero de 2016. Durante el \u00a0curso de la investigaci\u00f3n, las autoridades del orden p\u00fablico \u00a0incautaron dos de los cargamentos de coca\u00edna de la \u00a0organizaci\u00f3n, incluso 1.027 kilogramos de coca\u00edna el 14 \u00a0de febrero de 2018 y 911 kilogramos de coca\u00edna el 24 de marzo \u00a0de 2018. La investigaci\u00f3n determin\u00f3 que LLANOS CORT\u00c9S \u00a0es un traficante de coca\u00edna de alto nivel y l\u00edder \u00a0dentro de la organizaci\u00f3n; CAICEDO SAAVEDRA es uno de los \u00a0socios e inversionistas dentro de la organizaci\u00f3n, y ZULUAGA \u00a0es el gerente de la organizaci\u00f3n. \u00a0<\/p>\n<p>\u00a0\u00a0<\/p>\n<p>II.PRUEBAS \u00a0<\/p>\n<p>\u00a0\u00a0<\/p>\n<p>25. El 14 de \u00a0febrero de 2018, miembros de la Armada mexicana, La Secretar\u00eda \u00a0de Marina (SEMAR), detuvieron una lancha r\u00e1pida (GVF, por sus \u00a0siglas en ingl\u00e9s) ap\u00e1trida, en aguas internacionales \u00a0del Oc\u00e9ano Pac\u00edfico del Este, aproximadamente a 110 \u00a0millas n\u00e1uticas al suroeste de L\u00e1zaro C\u00e1rdenas, \u00a0Michoac\u00e1n, M\u00e9xico. SEMAR detuvo a siete miembros de la \u00a0tripulaci\u00f3n (cuatro ciudadanos mexicanos, dos ciudadanos \u00a0colombianos y un ciudadano ecuatoriano) e incautaron 41 pacas que \u00a0conten\u00edan 1.027 kilogramos de coca\u00edna, aproximadamente, \u00a0de la lancha r\u00e1pida. \u00a0<\/p>\n<p>\u00a0\u00a0<\/p>\n<p>26. El 24 de \u00a0marzo de 2018, miembros del Servicio de la Guardia Costera de los \u00a0Estados Unidos (USCG, por sus siglas en ingl\u00e9s), detuvieron \u00a0una lancha r\u00e1pida, ap\u00e1trida, en aguas internacionales \u00a0en el Oc\u00e9ano Pac\u00edfico del Este, aproximadamente a 410 \u00a0millas n\u00e1uticas al noreste de la Isla de Darwin. El personal \u00a0del USCG detuvo a tres miembros de la tripulaci\u00f3n, todos \u00a0ciudadanos ecuatorianos, e incautaron 46 pacas que conten\u00edan \u00a0911 kilogramos de coca\u00edna, aproximadamente, de la lancha \u00a0r\u00e1pida. \u00a0<\/p>\n<p>\u00a0\u00a0<\/p>\n<p>27. Dos \u00a0testigos colaboradores implicados en contrabando mar\u00edtimo con \u00a0integrantes de la organizaci\u00f3n objetivo accedieron a colaborar \u00a0con la investigaci\u00f3n. El primero, CW-1, particip\u00f3 en \u00a0cargamentos de drogas con integrantes de la organizaci\u00f3n, \u00a0incluidos LLANOS CORT\u00c9S, CAICEDO SAAVEDRA y ZULUAGA. CW-1 \u00a0calcul\u00f3 que se despacharon entre 2.700 a 3.000 kilogramos de \u00a0coca\u00edna a bordo de embarcaciones de contrabando mar\u00edtimo \u00a0en sociedad con los acusados. \u00a0<\/p>\n<p>\u00a0\u00a0<\/p>\n<p>28. El otro \u00a0testigo colaborador, CW-2, particip\u00f3 en operaciones de \u00a0contrabando de drogas en sociedad con los integrantes de la \u00a0organizaci\u00f3n de tr\u00e1fico de drogas, incluido LLANOS \u00a0CORT\u00c9S. CW-2 inform\u00f3 que los cargamentos de drogas \u00a0tuvieron como destino M\u00e9xico, y que fueron recibidos por \u00a0integrantes narcotraficantes del Cartel de Sinaloa. \u00a0<\/p>\n<p>\u00a0\u00a0<\/p>\n<p>Comunicaciones \u00a0interceptadas relacionadas con la incautaci\u00f3n de 1.027 \u00a0kilogramos el 14 de febrero de 2018 \u00a0<\/p>\n<p>\u00a0\u00a0<\/p>\n<p>30. Durante las \u00a0comunicaciones l\u00edcitamente entre el 13 y 14 de febrero de \u00a02018, CW-1, ZULUAGA y otro c\u00f3mplice conversaron del progreso \u00a0del cargamento de drogas y de la coordinaci\u00f3n y punto de \u00a0reuni\u00f3n de una operaci\u00f3n de reabastecimiento de \u00a0combustible en altamar. \u00a0<\/p>\n<p>\u00a0\u00a0<\/p>\n<p>Comunicaciones \u00a0interceptadas relacionadas con la incautaci\u00f3n de 911 \u00a0kilogramos el 24 de marzo de 2018 \u00a0<\/p>\n<p>\u00a0\u00a0<\/p>\n<p>32. Durante las \u00a0comunicaciones l\u00edcitamente interceptadas entre el 17 y 22 de \u00a0marzo de 2018, ZULUAGA, CW-1 y otro c\u00f3mplice conversaron del \u00a0rastreo de un embarque mar\u00edtimo de coca\u00edna y de la \u00a0coordinaci\u00f3n del reabastecimiento de combustible de la \u00a0embarcaci\u00f3n. \u00a0<\/p>\n<p>\u00a0\u00a0<\/p>\n<p>34. Por mi \u00a0capacitaci\u00f3n, experiencia y conocimiento de esta \u00a0investigaci\u00f3n, considero que la coca\u00edna que se incaut\u00f3 \u00a0el 14 de febrero de 2018 y el 24 de marzo de 2018, ten\u00eda como \u00a0destino final los Estados Unidos. Esta ruta de contrabando en el \u00a0Pac\u00edfico se usa com\u00fanmente para enviar coca\u00edna a \u00a0los Estados Unidos, ya que la coca\u00edna se vende a un precio de \u00a0mercado m\u00e1s alto ah\u00ed que en Centroam\u00e9rica. \u00a0<\/p>\n<p>\u00a0\u00a0<\/p>\n<p>3.2 \u00a0Ahora, las conductas objeto de extradici\u00f3n est\u00e1n \u00a0descritas en las normas del pa\u00eds requirente, de la siguiente \u00a0manera: \u00a0<\/p>\n<p>Produced by the free evaluation copy of TotalHTMLConverter<\/p>\n<p>Categor\u00edas \u00a0de sustancias controladas \u00a0 \u00a0 \u00a0 \u00a0 \u00a0 \u00a0<\/p>\n<p>a. Establecimiento. \u00a0<\/p>\n<p>Existen cinco \u00a0categor\u00edas establecidas de sustancias controladas, conocidas \u00a0como las Categor\u00edas I, II, II, IV, y V\u2026 \u00a0<\/p>\n<p>(c) Categor\u00edas \u00a0iniciales de sustancias controladas \u00a0<\/p>\n<p>Las categor\u00edas \u00a0I, II, III, IV, y V\u2026 consistir\u00e1n en las siguientes \u00a0drogas u otras sustancias\u2026 \u00a0<\/p>\n<p>\u00a0\u00a0<\/p>\n<p>Categor\u00eda \u00a0II \u00a0<\/p>\n<p>\u00a0 \u00a0\u00a0 \u00a0 \u00a0 \u00a0 \u00a0<\/p>\n<p>a. \u2026 cualquiera \u00a0 \u00a0 \u00a0 \u00a0 \u00a0de las siguientes sustancias\u2026 \u00a0<\/p>\n<p>(4) \u2026 \u00a0coca\u00edna\u2026 o cualquier compuesto, mezcla o preparaci\u00f3n \u00a0que contenga cualquier cantidad de las sustancias referidas en este \u00a0p\u00e1rrafo. \u00a0<\/p>\n<p>\u00a0\u00a0<\/p>\n<p>Secci\u00f3n \u00a0959, T\u00edtulo 21, C\u00f3digo de los Estados Unidos. \u00a0<\/p>\n<p>Posesi\u00f3n, \u00a0elaboraci\u00f3n o distribuci\u00f3n de sustancias controladas \u00a0 \u00a0 \u00a0 \u00a0 \u00a0 \u00a0<\/p>\n<p>a. Elaboraci\u00f3n \u00a0 \u00a0 \u00a0 \u00a0 \u00a0o distribuci\u00f3n para fines de importaci\u00f3n il\u00edcita. \u00a0<\/p>\n<p>\u00a0\u00a0<\/p>\n<p>Ser\u00e1 \u00a0il\u00edcito para toda persona elaborar o distribuir \u00a0una sustancia controlada de Categor\u00eda I o II o flunitrazepam o \u00a0producto qu\u00edmico enumerado con la intenci\u00f3n, sabiendo o \u00a0con causa razonable para creer que dicha sustancia o producto qu\u00edmico \u00a0ser\u00e1 importado ilegalmente a los Estados Unidos o a aguas \u00a0dentro de una distancia de 12 millas de la costa de Estados Unidos. \u00a0<\/p>\n<p>\u00a0\u00a0<\/p>\n<p>Secci\u00f3n \u00a0960 del T\u00edtulo 21 del C\u00f3digo de los Estados Unidos. \u00a0<\/p>\n<p>Actos \u00a0prohibidos A \u00a0<\/p>\n<p>(b)Penas. \u00a0 \u00a0 \u00a0 \u00a0 \u00a0 \u00a0<\/p>\n<p>1. \u00a0\u00a0<\/p>\n<p>\u2026 \u00a0<\/p>\n<p>(B) 5 \u00a0kilogramos o m\u00e1s de una mezcla o sustancia que contenga una \u00a0cantidad detectable de\u2026 \u00a0<\/p>\n<p>\u00a0\u00a0<\/p>\n<p>(ii) coca\u00edna, \u00a0sus sales, is\u00f3meros \u00f3pticos y geom\u00e9tricos, y \u00a0sales e is\u00f3meros\u2026 \u00a0<\/p>\n<p>o\u2026 \u00a0<\/p>\n<p>(iv) cualquier \u00a0compuesto, mezcla o preparaci\u00f3n que contenga cualquier \u00a0cantidad de cualquiera de las substancias referidas en las cl\u00e1usulas \u00a0de la (i) a la (iii);\u2026 \u00a0<\/p>\n<p>\u00a0\u00a0<\/p>\n<p>La persona que \u00a0cometa dicha violaci\u00f3n ser\u00e1 sentenciada a un per\u00edodo \u00a0de c\u00e1rcel no menor de 10 a\u00f1os ni mayor que \u00a0encarcelamiento a cadena perpetua\u2026 una multa que no sobrepase \u00a0la cantidad mayor de la autorizada conforme a lo estipulado en el \u00a0T\u00edtulo 18, o $10.000.000\u2026 un per\u00edodo de libertad \u00a0supervisada de por lo menos 5 a\u00f1os adem\u00e1s de dicho \u00a0per\u00edodo de encarcelamiento\u2026 \u00a0<\/p>\n<p>\u00a0\u00a0<\/p>\n<p>Secci\u00f3n \u00a0963 del T\u00edtulo 21 del C\u00f3digo de los Estados Unidos. \u00a0<\/p>\n<p>Tentativa de \u00a0concierto y concierto para delinquir \u00a0<\/p>\n<p>Toda persona \u00a0que intente cometer o concierte para cometer alg\u00fan delito \u00a0definido en este subcap\u00edtulo, quedar\u00e1 sujeta a las \u00a0mismas penas que las que se indiquen para el delito cuya comisi\u00f3n \u00a0fue el objetivo de la tentativa de concierto o del concierto para \u00a0delinquir. \u00a0<\/p>\n<p>\u00a0\u00a0<\/p>\n<p>Produced by the free evaluation copy of TotalHTMLConverter<\/p>\n<p>Definiciones \u00a0<\/p>\n<p>(c) Embarcaci\u00f3n \u00a0sujeta a la jurisdicci\u00f3n de los Estados Unidos.- \u00a0<\/p>\n<p>(1) En general. \u00a0-En este cap\u00edtulo, el t\u00e9rmino \u201cembarcaci\u00f3n \u00a0sujeta a la jurisdicci\u00f3n de los Estados Unidos\u201d incluye- \u00a0<\/p>\n<p>\u00a0 \u00a0\u00a0 \u00a0 \u00a0 \u00a0 \u00a0<\/p>\n<p>A. una \u00a0 \u00a0 \u00a0 \u00a0 \u00a0embarcaci\u00f3n ap\u00e1trida;\u2026 \u00a0<\/p>\n<p>\u00a0\u00a0<\/p>\n<p>Secci\u00f3n \u00a070503 del T\u00edtulo 46 del C\u00f3digo de los Estados Unidos. \u00a0<\/p>\n<p>Actos \u00a0prohibidos \u00a0 \u00a0 \u00a0 \u00a0 \u00a0 \u00a0<\/p>\n<p>a. Prohibiciones. \u00a0 \u00a0 \u00a0 \u00a0 \u00a0 -Mientras est\u00e9 a bordo de una embarcaci\u00f3n cubierta, \u00a0 \u00a0 \u00a0 \u00a0 \u00a0una persona no deber\u00e1 con conocimiento e intencionalmente- \u00a0<\/p>\n<p>\u00a0 \u00a0\u00a0 \u00a0 \u00a0 \u00a0 \u00a0<\/p>\n<p>1. Elaborar o \u00a0 \u00a0 \u00a0 \u00a0 \u00a0distribuir, o poseer con la intenci\u00f3n de elaborar o \u00a0 \u00a0 \u00a0 \u00a0 \u00a0distribuir, una sustancia controlada\u2026. \u00a0<\/p>\n<p>\u00a0\u00a0<\/p>\n<p>(e) Definici\u00f3n \u00a0de embarcaci\u00f3n cubierta. \u2013 En esta secci\u00f3n el \u00a0t\u00e9rmino \u201cembarcaci\u00f3n cubierta\u201d significa &#8211; \u00a0<\/p>\n<p>(1) \u2026 \u00a0una embarcaci\u00f3n sujeta a la jurisdicci\u00f3n de los Estados \u00a0Unidos;\u2026 \u00a0<\/p>\n<p>\u00a0\u00a0<\/p>\n<p>Secci\u00f3n \u00a070506 del T\u00edtulo 46 del C\u00f3digo de los Estados Unidos. \u00a0<\/p>\n<p>Penas \u00a0 \u00a0 \u00a0 \u00a0 \u00a0 \u00a0<\/p>\n<p>a. Violaciones. \u00a0 \u00a0 \u00a0 \u00a0 \u00a0\u2013Una persona que viole el p\u00e1rrafo (1) de la Secci\u00f3n \u00a0 \u00a0 \u00a0 \u00a0 \u00a070503(a) de este T\u00edtulo ser\u00e1 castigada conforme se \u00a0 \u00a0 \u00a0 \u00a0 \u00a0estipula en la secci\u00f3n 1010 de la Ley Integral de Prevenci\u00f3n \u00a0 \u00a0 \u00a0 \u00a0 \u00a0y Control de Abuso de Sustancias de 1970 (Secci\u00f3n 960 del \u00a0 \u00a0 \u00a0 \u00a0 \u00a0T\u00edtulo 21 del C\u00f3digo de EE.UU.)\u2026 \u00a0<\/p>\n<p>\u00a0 \u00a0\u00a0 \u00a0 \u00a0 \u00a0 \u00a0<\/p>\n<p>b. Tentativa y \u00a0 \u00a0 \u00a0 \u00a0 \u00a0conciertos para delinquir. -Una persona que intente o concierte para \u00a0 \u00a0 \u00a0 \u00a0 \u00a0violar la secci\u00f3n 70503 de este t\u00edtulo est\u00e1 \u00a0 \u00a0 \u00a0 \u00a0 \u00a0sujeta a las mismas penas que las estipuladas por una violaci\u00f3n \u00a0 \u00a0 \u00a0 \u00a0 \u00a0de la secci\u00f3n 70503. \u00a0<\/p>\n<p>\u00a0\u00a0<\/p>\n<p>\u00a0\u00a0<\/p>\n<p>Precisada la \u00a0imputaci\u00f3n de que es objeto el solicitado JUAN \u00a0PABLO ZULUAGA, \u00a0se tiene que la conducta de presuntamente haberse asociado con otras \u00a0personas para \u00a0obtener y transportar coca\u00edna sabiendo que estaba destinada a \u00a0los Estados Unidos para su distribuci\u00f3n, guarda \u00a0identidad con lo descrito en los art\u00edculos 340 inciso 2\u00ba \u00a0(modificado por los art\u00edculos 8\u00ba de la Ley 733 de 2002, \u00a014 de la Ley 890 de 2004, 19 de la Ley 1121 de 2006 y 5\u00ba de la \u00a0Ley 1908 de 2018), 376 (reformado \u00a0por los art\u00edculos 14 de la Ley 890 de 2004 y 11 de la Ley 1453 \u00a0de 2011) \u00a0y 384 del \u00a0C\u00f3digo Penal, \u00a0normas que, en su orden, consagran lo siguiente: \u00a0<\/p>\n<p>\u00a0\u00a0<\/p>\n<p>Concierto \u00a0para delinquir. \u00a0Cuando varias personas se concierten \u00a0con el fin de cometer delitos, cada una de ellas ser\u00e1 penada, \u00a0por esa sola conducta, con prisi\u00f3n\u2026 de cuarenta y ocho \u00a0(48) meses a ciento ocho (108) meses. \u00a0<\/p>\n<p>\u00a0\u00a0<\/p>\n<p>Cuando \u00a0el concierto sea para cometer delitos de\u2026 tr\u00e1fico \u00a0de drogas t\u00f3xicas, estupefacientes o sustancias sicotr\u00f3picas\u2026 \u00a0la \u00a0pena ser\u00e1 de prisi\u00f3n de ocho (8) a dieciocho (18) a\u00f1os \u00a0y multa de dos mil setecientos (2.700) hasta treinta mil (30.000) \u00a0salarios m\u00ednimos legales mensuales vigentes. \u00a0<\/p>\n<p>\u00a0\u00a0<\/p>\n<p>La \u00a0pena privativa de la libertad se aumentar\u00e1 en la mitad para \u00a0quienes organicen, fomenten, promuevan, dirijan, encabecen, \u00a0constituyan o financien el concierto o la asociaci\u00f3n para \u00a0delinquir. \u00a0<\/p>\n<p>\u00a0\u00a0<\/p>\n<p>\u00a0\u00a0<\/p>\n<p>Tr\u00e1fico, \u00a0fabricaci\u00f3n o porte de estupefacientes. \u00a0El que sin permiso de autoridad competente, introduzca al pa\u00eds, \u00a0as\u00ed sea en tr\u00e1nsito o saque de \u00e9l, transporte, \u00a0lleve consigo, almacene, conserve, elabore, venda, ofrezca, adquiera, \u00a0financie o suministre a cualquier t\u00edtulo sustancia \u00a0estupefaciente, sicotr\u00f3pica o drogas sint\u00e9ticas que se \u00a0encuentren contempladas en los cuadros uno, dos, tres y cuatro del \u00a0Convenio de la Naciones Unidas sobre sustancias sicotr\u00f3picas, \u00a0incurrir\u00e1 en prisi\u00f3n de ciento veintiocho (128) a \u00a0trescientos sesenta (360) meses y multa de mil trescientos treinta y \u00a0cuatro (1.334) a cincuenta mil (50.000) salarios m\u00ednimos \u00a0legales mensuales vigentes. \u00a0<\/p>\n<p>\u00a0\u00a0<\/p>\n<p>Circunstancias \u00a0de agravaci\u00f3n punitiva. \u00a0El m\u00ednimo de las penas previstas en\u2026 [el] art\u00edculo\u2026 \u00a0anterior\u2026 se duplicar\u00e1 en los siguientes casos: \u00a0<\/p>\n<p>(\u2026) \u00a0<\/p>\n<p>\u00a0\u00a0<\/p>\n<p>3. \u00a0Cuando la cantidad incautada sea superior a\u2026 cinco (5) \u00a0kilogramos de coca\u00edna\u2026 \u00a0<\/p>\n<p>\u00a0\u00a0<\/p>\n<p>En esa medida, \u00a0queda demostrado que los hechos imputados en los cargos se\u00f1alados \u00a0en la \u00a0acusaci\u00f3n No. 19-20220-CR-SCOLA\/TORRES, proferida el 23 de \u00a0abril de 2019 \u00a0en la Corte del Distrito Sur de Florida, cumplen el requisito \u00a0establecido en los art\u00edculos 493 y 502 del C\u00f3digo de \u00a0Procedimiento Penal (Ley 906 de 2004), relativo a la doble \u00a0incriminaci\u00f3n, por cuanto se trata de conductas que son \u00a0consideradas delictivas en Colombia, y tienen una sanci\u00f3n \u00a0privativa de la libertad cuyo m\u00ednimo no es inferior a cuatro \u00a0a\u00f1os. \u00a0<\/p>\n<p>\u00a0\u00a0<\/p>\n<p>En este orden, \u00a0este presupuesto, al igual que los analizados en l\u00edneas \u00a0anteriores, tambi\u00e9n se satisface. \u00a0<\/p>\n<p>\u00a0\u00a0<\/p>\n<p>3.3 \u00a0Aunque la acusaci\u00f3n dictada por la Corte para el Distrito Sur \u00a0de Florida incluye la cl\u00e1usula de decomiso penal sobre los \u00a0bienes objeto de la conducta reprochada, dicha condici\u00f3n no \u00a0puede ser entendida en estricto sentido como un cargo. \u00a0<\/p>\n<p>\u00a0\u00a0<\/p>\n<p>Es que, como ha \u00a0venido expresando esta Corporaci\u00f3n pac\u00edficamente, la \u00a0alusi\u00f3n a esa figura no comporta imputaci\u00f3n alguna. Se \u00a0trata del anuncio de la consecuencia patrimonial que la declaratoria \u00a0de responsabilidad podr\u00eda acarrear respecto de los bienes \u00a0involucrados en los delitos de cuya comisi\u00f3n se acusa al \u00a0requerido. \u00a0<\/p>\n<p>\u00a0\u00a0<\/p>\n<p>Como ese tema es \u00a0ajeno a la solicitud de extradici\u00f3n, no puede ser analizado \u00a0por la Sala para los fines del concepto a su cargo. \u00a0<\/p>\n<p>\u00a0\u00a0<\/p>\n<p>4. \u00a0Equivalencia de la providencia proferida en el extranjero con la \u00a0acusaci\u00f3n del sistema procesal colombiano: \u00a0<\/p>\n<p>Produced by the free evaluation copy of TotalHTMLConverter<\/p>\n<p>Esta exigencia \u00a0igualmente se constata en el caso particular, por cuanto la decisi\u00f3n \u00a0proferida por el Distrito Sur de Florida \u00a0es \u00a0equivalente, en su contenido material, a la acusaci\u00f3n prevista \u00a0en el art\u00edculo 337 del C\u00f3digo de Procedimiento Penal \u00a0colombiano (Ley 906 de 2004). \u00a0<\/p>\n<p>\u00a0\u00a0<\/p>\n<p>En efecto, la \u00a0acusaci\u00f3n No. 19-20220-CR-SCOLA\/TORRES, dictada el 23 de abril \u00a0de 2019, \u00a0concreta la formulaci\u00f3n de los cargos, los hechos con su fecha \u00a0de ocurrencia y las disposiciones transgredidas (conforme qued\u00f3 \u00a0rese\u00f1ado en precedencia), as\u00ed como el nombre del \u00a0acusado y las conductas por \u00e9l desarrolladas. \u00a0<\/p>\n<p>\u00a0\u00a0<\/p>\n<p>En relaci\u00f3n \u00a0con el acervo probatorio que soporta la \u00a0acusaci\u00f3n en menci\u00f3n, \u00a0Yeney \u00a0Hern\u00e1ndez, \u00a0Fiscal \u00a0Auxiliar de los Estados Unidos Distrito Sur de Florida, al \u00a0rendir declaraci\u00f3n en apoyo de la solicitud de extradici\u00f3n, \u00a0manifest\u00f3 que la Fiscal\u00eda comprobar\u00e1 su caso \u00a0contra JUAN \u00a0PABLO ZULUAGA \u201cmediante \u00a0varios tipos de prueba, incluidas las comunicaciones l\u00edcitamente \u00a0interceptadas, pruebas f\u00edsicas y el testimonio de testigos\u201d. \u00a0<\/p>\n<p>\u00a0\u00a0<\/p>\n<p>Ninguna duda surge \u00a0entonces acerca del paralelismo existente entre el procedimiento \u00a0for\u00e1neo y la acusaci\u00f3n prevista en el ordenamiento \u00a0procesal penal del pa\u00eds, bajo el entendido de que se trata de \u00a0una equivalencia conceptual de decisiones y no de identidad de \u00a0formas, que en ambas legislaciones dan comienzo a la etapa del \u00a0juicio, donde la defensa del requerido \u00a0puede \u00a0controvertir los elementos probatorios y la acusaci\u00f3n \u00a0formulada ante la Corte del Distrito Sur de Florida. \u00a0<\/p>\n<p>\u00a0\u00a0<\/p>\n<p>En esas \u00a0condiciones, es evidente la equivalencia existente entre la acusaci\u00f3n \u00a0dictada en el pa\u00eds extranjero y la pieza procesal contemplada \u00a0en los art\u00edculos 336 y 337 de la Ley 906 de 2004, que aunque \u00a0no establece con exactitud la fecha de los hechos, si lo precisa con \u00a0la declaraci\u00f3n complementaria del agente de la Agencia \u00a0Antidrogas (DEA, por sus siglas en ingl\u00e9s) que establece los \u00a0hechos desde enero de 2016 y hasta por lo menos marzo de 2018. \u00a0<\/p>\n<p>\u00a0\u00a0<\/p>\n<p>\u00a0 \u00a0\u00a0 \u00a0 \u00a0 \u00a0 \u00a0<\/p>\n<p>III. Condicionamientos \u00a0<\/p>\n<p>\u00a0\u00a0<\/p>\n<p>1. \u00a0Como el reclamado es colombiano, el Gobierno Nacional est\u00e1 en \u00a0la obligaci\u00f3n de supeditar su entrega, en el evento de acceder \u00a0a ella, a que no pueda ser en ning\u00fan caso juzgado por hechos \u00a0anteriores ni distintos a los que la motivan que ocurrieron entre \u00a0enero de 2016 y marzo de 2018, a que se tenga como parte de la pena \u00a0que pueda llegar a impon\u00e9rsele en el pa\u00eds requirente el \u00a0tiempo que ha permanecido en detenci\u00f3n con motivo del presente \u00a0tr\u00e1mite, y a que se le conmute la pena de muerte. Igualmente, \u00a0a que no sea sometido a desaparici\u00f3n forzada, torturas, tratos \u00a0o penas crueles, inhumanas o degradantes, destierro, prisi\u00f3n \u00a0perpetua o confiscaci\u00f3n. \u00a0<\/p>\n<p>\u00a0\u00a0<\/p>\n<p>2. \u00a0Del mismo modo, corresponde condicionar la entrega del solicitado, a \u00a0que se le respeten todas las garant\u00edas debidas en raz\u00f3n \u00a0de su condici\u00f3n de nacional colombiano7, \u00a0en concreto a: tener acceso a un proceso p\u00fablico sin \u00a0dilaciones injustificadas, se presuma su inocencia, cuente con un \u00a0int\u00e9rprete y un defensor designado por \u00e9l o por el \u00a0Estado, se le conceda el tiempo y los medios adecuados para preparar \u00a0la defensa, pueda presentar pruebas y controvertir las que se \u00a0alleguen en su contra, su situaci\u00f3n de privaci\u00f3n de la \u00a0libertad se desarrolle en condiciones dignas, la pena que \u00a0eventualmente se le imponga no trascienda de su persona y tenga la \u00a0finalidad esencial de reforma y adaptaci\u00f3n social. \u00a0<\/p>\n<p>\u00a0\u00a0<\/p>\n<p>3. \u00a0As\u00ed mismo el Gobierno Nacional deber\u00e1 imponer al Estado \u00a0requirente, en orden a salvaguardar los derechos fundamentales del \u00a0reclamado, la obligaci\u00f3n de facilitar los medios necesarios \u00a0para garantizar su repatriaci\u00f3n en condiciones de dignidad y \u00a0respeto por la persona humana, en caso de llegar a ser sobrese\u00eddo, \u00a0absuelto, declarado no culpable o su situaci\u00f3n jur\u00eddica \u00a0resuelta definitivamente de manera semejante en el pa\u00eds \u00a0solicitante, incluso, con posterioridad a su liberaci\u00f3n una \u00a0vez cumpla la pena all\u00ed impuesta por sentencia condenatoria \u00a0originada en el cargo por el cual procede la presente extradici\u00f3n. \u00a0<\/p>\n<p>\u00a0\u00a0<\/p>\n<p>4. \u00a0Tambi\u00e9n deber\u00e1 condicionar la entrega a que el pa\u00eds \u00a0requirente, de acuerdo con sus pol\u00edticas internas sobre la \u00a0materia, ofrezca posibilidades racionales y reales para que el \u00a0solicitado pueda tener contacto regular con sus familiares m\u00e1s \u00a0cercanos, considerando que el art\u00edculo 42 de la Constituci\u00f3n \u00a0Pol\u00edtica de 1991 califica a la familia como n\u00facleo \u00a0esencial de la sociedad, garantiza su protecci\u00f3n y reconoce su \u00a0honra, dignidad e intimidad, la cual tambi\u00e9n es protegida por \u00a0el Pacto Internacional de Derechos Civiles y Pol\u00edticos en su \u00a0art\u00edculo 23. \u00a0<\/p>\n<p>\u00a0\u00a0<\/p>\n<p>5. \u00a0Adem\u00e1s, se advierte que en raz\u00f3n de lo dispuesto en el \u00a0numeral 2\u00b0 del art\u00edculo 189 de la Constituci\u00f3n \u00a0Pol\u00edtica, es del resorte del Presidente de la Rep\u00fablica, \u00a0en su condici\u00f3n de jefe de Estado y supremo director de la \u00a0pol\u00edtica exterior y de las relaciones internacionales, \u00a0realizar el respectivo seguimiento a los condicionamientos que se \u00a0impongan a la concesi\u00f3n de la extradici\u00f3n, quien a su \u00a0vez debe determinar las consecuencias que se deriven de su eventual \u00a0incumplimiento. \u00a0<\/p>\n<p>\u00a0\u00a0<\/p>\n<p>Produced by the free evaluation copy of TotalHTMLConverter<\/p>\n<p>\u00a0\u00a0<\/p>\n<p>De conformidad con \u00a0lo expuesto en precedencia, la Sala es del criterio que el Gobierno \u00a0Nacional puede extraditar al ciudadano colombiano JUAN \u00a0PABLO ZULUAGA bajo \u00a0los condicionamientos anotados, pues como viene de constatarse, est\u00e1n \u00a0satisfechos los requisitos establecidos en nuestra legislaci\u00f3n \u00a0procesal penal para que proceda su entrega. \u00a0<\/p>\n<p>\u00a0\u00a0<\/p>\n<p>En m\u00e9rito \u00a0de lo expuesto, la CORTE \u00a0SUPREMA DE JUSTICIA, SALA DE CASACI\u00d3N PENAL, \u00a0<\/p>\n<p>\u00a0\u00a0<\/p>\n<p>EMITE CONCEPTO \u00a0FAVORABLE \u00a0<\/p>\n<p>\u00a0\u00a0<\/p>\n<p>\u00a0\u00a0<\/p>\n<p>En relaci\u00f3n \u00a0con la solicitud de extradici\u00f3n del ciudadano colombiano JUAN \u00a0PABLO ZULUAGA, \u00a0formulada por v\u00eda diplom\u00e1tica por el Gobierno de los \u00a0Estados Unidos, respecto de los cargos contenidos en la \u00a0acusaci\u00f3n No. 19-20220-CR-SCOLA\/TORRES, proferida el 23 de \u00a0marzo de 2019 en la Corte del Distrito Sur de Florida, \u00a0conforme lo pide el Gobierno en menci\u00f3n. \u00a0<\/p>\n<p>\u00a0\u00a0<\/p>\n<p>Por \u00a0la Secretar\u00eda de la Sala se comunicar\u00e1 esta \u00a0determinaci\u00f3n al requerido JUAN \u00a0PABLO ZULUAGA, \u00a0a su defensor y al representante del Ministerio P\u00fablico, al \u00a0igual que al Fiscal General de la Naci\u00f3n para lo de su \u00a0competencia en relaci\u00f3n con el detenido preventivamente con \u00a0fines de extradici\u00f3n. \u00a0<\/p>\n<p>\u00a0\u00a0<\/p>\n<p>\u00a0\u00a0<\/p>\n<p>Finalmente, \u00a0se devolver\u00e1 la actuaci\u00f3n al Ministerio de Justicia y \u00a0del Derecho para los tr\u00e1mites legales subsiguientes. \u00a0<\/p>\n<p>\u00a0\u00a0<\/p>\n<p>\u00a0\u00a0<\/p>\n<p>GERSON CHAVERRA \u00a0CASTRO \u00a0<\/p>\n<p>\u00a0\u00a0<\/p>\n<p>\u00a0\u00a0<\/p>\n<p>\u00a0\u00a0<\/p>\n<p>JOSE FRANCISCO \u00a0ACU\u00d1A VIZCAYA \u00a0<\/p>\n<p>\u00a0\u00a0<\/p>\n<p>\u00a0\u00a0<\/p>\n<p>DIEGO EUGENIO \u00a0CORREDOR BELTR\u00c1N \u00a0<\/p>\n<p>\u00a0\u00a0<\/p>\n<p>\u00a0\u00a0<\/p>\n<p>EUGENIO \u00a0FERN\u00c1NDEZ CARLIER \u00a0<\/p>\n<p>\u00a0\u00a0<\/p>\n<p>\u00a0\u00a0<\/p>\n<p>LUIS ANTONIO \u00a0HERN\u00c0NDEZ BARBOSA \u00a0<\/p>\n<p>\u00a0\u00a0<\/p>\n<p>Produced by the free evaluation copy of TotalHTMLConverter<\/p>\n<p>FABIO OSPITIA \u00a0GARZ\u00d2N \u00a0<\/p>\n<p>\u00a0\u00a0<\/p>\n<p>\u00a0\u00a0<\/p>\n<p>\u00a0\u00a0<\/p>\n<p>EYDER PATI\u00d1O \u00a0CABRERA \u00a0<\/p>\n<p>\u00a0\u00a0<\/p>\n<p>\u00a0\u00a0<\/p>\n<p>HUGO QUINTERO \u00a0BERNATE \u00a0<\/p>\n<p>\u00a0\u00a0<\/p>\n<p>\u00a0\u00a0<\/p>\n<p>PATRICIA \u00a0SALAZAR CU\u00c8LLAR \u00a0<\/p>\n<p>\u00a0\u00a0<\/p>\n<p>\u00a0\u00a0<\/p>\n<p>MARTHA \u00a0LILIANA TRIANA SU\u00c1REZ \u00a0<\/p>\n<p>Secretaria \u00a0(E) \u00a0<\/p>\n<p>\u00a0\u00a0<\/p>\n<p>\u00a0\u00a0<\/p>\n<p>\u00a0\u00a0<\/p>\n<p>\u00a0\u00a0<\/p>\n<p>1 \u00a0 \u00a0 \u00a0 \u00a0 \u00a0Sentencias del 12 de diciembre de 1986 y 25 de junio de 1987, \u00a0 \u00a0 \u00a0 \u00a0 \u00a0respectivamente. \u00a0<\/p>\n<p>2 \u00a0 \u00a0 \u00a0 \u00a0 \u00a0En el presente caso se aplica la Ley 906 de 2004, por cuanto los \u00a0 \u00a0 \u00a0 \u00a0 \u00a0hechos que sustentan la petici\u00f3n de extradici\u00f3n se \u00a0 \u00a0 \u00a0 \u00a0 \u00a0habr\u00edan cometido despu\u00e9s del 1 de enero de 2005, fecha \u00a0 \u00a0 \u00a0 \u00a0 \u00a0en la cual entr\u00f3 en vigencia el nuevo C\u00f3digo de \u00a0 \u00a0 \u00a0 \u00a0 \u00a0Procedimiento Penal. En este sentido, ver CSJ AP, 4 abr. 2006, rad. \u00a0 \u00a0 \u00a0 \u00a0 \u00a024187 y CSJ AP, 3 oct. 2006, rad. 25080. \u00a0<\/p>\n<p>3 \u00a0 \u00a0 \u00a0 \u00a0 \u00a0Cfr. CSJ CP 30 may. 2014, rad. 42951, CP068-2014; CP 12 nov. 2014, \u00a0 \u00a0 \u00a0 \u00a0 \u00a0rad. 42711, CP188-2014 y 11 feb. 2015, rad. 44786, CP012-2015, entre \u00a0 \u00a0 \u00a0 \u00a0 \u00a0otras. \u00a0<\/p>\n<p>4 \u00a0 \u00a0 \u00a0 \u00a0 \u00a0\u201cPor \u00a0 \u00a0 \u00a0 \u00a0 \u00a0medio del cual se crea un t\u00edtulo de disposiciones \u00a0 \u00a0 \u00a0 \u00a0 \u00a0transitorias de la constituci\u00f3n para la terminaci\u00f3n \u00a0 \u00a0 \u00a0 \u00a0 \u00a0del conflicto armado y la construcci\u00f3n de una paz estable y \u00a0 \u00a0 \u00a0 \u00a0 \u00a0duradera y se dictan otras disposiciones\u201d. \u00a0<\/p>\n<p>5 \u00a0 \u00a0 \u00a0 \u00a0 \u00a0En los conceptos CSJ CP, 16 septiembre2009, rad. 31036; CSJ CP, 10 \u00a0 \u00a0 \u00a0 \u00a0 \u00a0marzo 2010, rad. 32329 y CSJ CP, 16 junio 2010, rad. 33363, se \u00a0 \u00a0 \u00a0 \u00a0 \u00a0aclar\u00f3 que \u00a0 \u00a0 \u00a0 \u00a0 \u00a0\u00absi antes de recibirse la petici\u00f3n de captura con fines \u00a0 \u00a0 \u00a0 \u00a0 \u00a0de extradici\u00f3n existe en Colombia decisi\u00f3n en firme, \u00a0 \u00a0 \u00a0 \u00a0 \u00a0cn car\u00e1cter de cosa juzgada, por los mismos hechos que \u00a0 \u00a0 \u00a0 \u00a0 \u00a0fundamentan la solicitud de env\u00edo fuera del pa\u00eds, el \u00a0 \u00a0 \u00a0 \u00a0 \u00a0concepto ser\u00e1 desfavorable con el fin de respetar los \u00a0 \u00a0 \u00a0 \u00a0 \u00a0principios de cosa juzgada y de non bis in \u00eddem (art\u00edculos \u00a0 \u00a0 \u00a0 \u00a0 \u00a029 Constitucional, 19 de la Ley 600 de 2000 y 21 de la Ley 906 de \u00a0 \u00a0 \u00a0 \u00a0 \u00a02004).\u00bb \u00a0<\/p>\n<p>6 \u00a0 \u00a0 \u00a0 \u00a0 \u00a0Folio \u00a0 \u00a0 \u00a0 \u00a0 \u00a08, carpeta anexos. \u00a0<\/p>\n<p>7 \u00a0 \u00a0 \u00a0 \u00a0 \u00a0Seg\u00fan el criterio de esta Corporaci\u00f3n, a pesar de que \u00a0 \u00a0 \u00a0 \u00a0 \u00a0se produzca la entrega del ciudadano colombiano, \u00e9ste \u00a0 \u00a0 \u00a0 \u00a0 \u00a0conserva los derechos inherentes a su nacionalidad consagrados en la \u00a0 \u00a0 \u00a0 \u00a0 \u00a0Constituci\u00f3n Pol\u00edtica y en los tratados sobre derechos \u00a0 \u00a0 \u00a0 \u00a0 \u00a0humanos suscritos por el pa\u00eds (CSJ CP, 5 sep. 2006, rad. \u00a0 \u00a0 \u00a0 \u00a0 \u00a025625). \u00a0 \u00a0 \u00a0<\/p>\n<p><\/p>\n","protected":false},"excerpt":{"rendered":"<p>\u00a0 \u00a0 \u00a0 \u00a0\u00a0 \u00a0\u00a0 \u00a0\u00a0 \u00a0\u00a0 \u00a0\u00a0 \u00a0\u00a0 HUGO \u00a0QUINTERO BERNATE \u00a0 Magistrado \u00a0Ponente \u00a0 \u00a0\u00a0 \u00a0\u00a0 \u00a0\u00a0 CP024-2021 \u00a0 Radicaci\u00f3n \u00a0No. 57092 \u00a0 (Aprobado \u00a0Acta No. 32) \u00a0 \u00a0\u00a0 Produced by the free evaluation copy of TotalHTMLConverter Bogot\u00e1, \u00a0D.C., diecisiete (17) de febrero de dos mil veintiuno (2021). \u00a0 \u00a0\u00a0 ASUNTO: \u00a0 \u00a0\u00a0 [&hellip;]<\/p>\n","protected":false},"author":1,"featured_media":0,"comment_status":"open","ping_status":"open","sticky":false,"template":"","format":"standard","meta":{"footnotes":""},"categories":[30,33],"tags":[],"class_list":["post-54268","post","type-post","status-publish","format-standard","hentry","category-30","category-febrero"],"_links":{"self":[{"href":"https:\/\/dmsjuridica.com\/buscador_20179478954\/salapenalcronologico20230723\/wp-json\/wp\/v2\/posts\/54268","targetHints":{"allow":["GET"]}}],"collection":[{"href":"https:\/\/dmsjuridica.com\/buscador_20179478954\/salapenalcronologico20230723\/wp-json\/wp\/v2\/posts"}],"about":[{"href":"https:\/\/dmsjuridica.com\/buscador_20179478954\/salapenalcronologico20230723\/wp-json\/wp\/v2\/types\/post"}],"author":[{"embeddable":true,"href":"https:\/\/dmsjuridica.com\/buscador_20179478954\/salapenalcronologico20230723\/wp-json\/wp\/v2\/users\/1"}],"replies":[{"embeddable":true,"href":"https:\/\/dmsjuridica.com\/buscador_20179478954\/salapenalcronologico20230723\/wp-json\/wp\/v2\/comments?post=54268"}],"version-history":[{"count":0,"href":"https:\/\/dmsjuridica.com\/buscador_20179478954\/salapenalcronologico20230723\/wp-json\/wp\/v2\/posts\/54268\/revisions"}],"wp:attachment":[{"href":"https:\/\/dmsjuridica.com\/buscador_20179478954\/salapenalcronologico20230723\/wp-json\/wp\/v2\/media?parent=54268"}],"wp:term":[{"taxonomy":"category","embeddable":true,"href":"https:\/\/dmsjuridica.com\/buscador_20179478954\/salapenalcronologico20230723\/wp-json\/wp\/v2\/categories?post=54268"},{"taxonomy":"post_tag","embeddable":true,"href":"https:\/\/dmsjuridica.com\/buscador_20179478954\/salapenalcronologico20230723\/wp-json\/wp\/v2\/tags?post=54268"}],"curies":[{"name":"wp","href":"https:\/\/api.w.org\/{rel}","templated":true}]}}