{"id":53038,"date":"2023-09-15T20:56:59","date_gmt":"2023-09-15T20:56:59","guid":{"rendered":"https:\/\/dmsjuridica.com\/buscador_20179478954\/salapenalcronologico20230723\/2023\/09\/15\/stp7815-2020\/"},"modified":"2023-09-15T20:56:59","modified_gmt":"2023-09-15T20:56:59","slug":"stp7815-2020","status":"publish","type":"post","link":"https:\/\/dmsjuridica.com\/buscador_20179478954\/salapenalcronologico20230723\/2023\/09\/15\/stp7815-2020\/","title":{"rendered":"STP7815-2020"},"content":{"rendered":"\n<p>\u00a0 \u00a0 \u00a0 \u00a0\u00a0<\/p>\n<p>EUGENIO \u00a0FERN\u00c1NDEZ CARLIER \u00a0<\/p>\n<p>Magistrado \u00a0Ponente \u00a0<\/p>\n<p>STP7815-2020 \u00a0<\/p>\n<p>Radicaci\u00f3n \u00a0n\u00b0 112528 \u00a0<\/p>\n<p>Acta \u00a0200 \u00a0<\/p>\n<p>Bogot\u00e1, \u00a0D.C., veintid\u00f3s (22) de septiembre de dos mil veinte (2020). \u00a0<\/p>\n<p>ASUNTO \u00a0<\/p>\n<p>Se \u00a0pronuncia la Sala en relaci\u00f3n con la demanda de tutela \u00a0presentada por LUIS \u00a0ALEJANDRO \u00daSUGA BECERRA, \u00a0contra \u00a0la \u00a0Sala Penal del Tribunal Superior de Bucaramanga y el Juzgado \u00a0Promiscuo del Circuito de San Vicente de Chucur\u00ed (Santander), \u00a0a quienes acusa de haber \u00a0vulnerado su derecho fundamental al debido proceso, al \u00a0interior de la causa penal con radicado No. No. 2017-80039-00 que se \u00a0adelant\u00f3 en su contra, tr\u00e1mite al que se orden\u00f3 \u00a0vincular las partes \u00a0e intervinientes en el citado proceso. \u00a0<\/p>\n<p>PROBLEMA \u00a0JUR\u00cdDICO A RESOLVER \u00a0<\/p>\n<p>Refiri\u00f3 \u00a0el accionante que el Juzgado y Tribunal demandados vulneraron sus \u00a0garant\u00edas constitucionales al condenarlo por el delito de \u00a0acceso carnal violento agravado, sin estar debidamente acreditada su \u00a0responsabilidad penal con las pruebas allegadas al proceso. \u00a0<\/p>\n<p>ANTECEDENTES \u00a0PROCESALES \u00a0<\/p>\n<p>Mediante \u00a0auto de 8 de septiembre de 2020, esta Sala avoc\u00f3 el \u00a0conocimiento de la acci\u00f3n de tutela y \u00a0orden\u00f3 correr traslado a las autoridades judiciales accionadas \u00a0y partes vinculadas a efectos de garantizarles sus derechos de \u00a0defensa y contradicci\u00f3n. \u00a0<\/p>\n<p>RESULTADOS \u00a0PROBATORIOS \u00a0<\/p>\n<p>1. \u00a0La Sala Penal del Tribunal Superior de Bucaramanga adujo que la \u00a0presente acci\u00f3n de tutela se ofrec\u00eda improcedente \u00a0puesto que el demandante no agot\u00f3 el recurso extraordinario de \u00a0casaci\u00f3n que ten\u00eda a su alcance para controvertir la \u00a0decisi\u00f3n de segundo grado, en virtud de la cual confirm\u00f3 \u00a0la sentencia condenatoria emitida en su contra. \u00a0<\/p>\n<p>2. \u00a0El Juzgado Promiscuo del Circuito de San Vicente de Chucur\u00ed \u00a0(Santander) hizo un recuento del proceso penal adelantado contra el \u00a0accionante, destacando que el fallo de primera instancia hab\u00eda \u00a0sido debidamente confirmado por el Tribunal. \u00a0<\/p>\n<p>3. \u00a0La Fiscal\u00eda 1\u00aa Seccional de San Vicente de Chucur\u00ed \u00a0sostuvo que el proceso se adelant\u00f3 bajo la garant\u00eda \u00a0debida a cada una de las partes en el proceso, no siendo entonces \u00a0procedente la acci\u00f3n de tutela para reabrir un debate sobre \u00a0hechos y pruebas que ya fue zanjado por el juez natural. \u00a0<\/p>\n<p>4. \u00a0El apoderado del accionante en la actuaci\u00f3n penal coadyub\u00f3 \u00a0su solicitud de amparo y agreg\u00f3 que de manera deliberada el \u00a0juez de conocimiento desech\u00f3 las pruebas aportadas por la \u00a0defensa, que desacreditaban lo dicho por la v\u00edctima y ubicaban \u00a0a su prohijado en un lugar distinto para el momento de los hechos. \u00a0<\/p>\n<p>5. \u00a0El Representante Judicial de la v\u00edctima sostuvo que el escrito \u00a0de tutela no expuso con claridad las valoraciones de los juzgadores \u00a0de instancia que supuestamente afectaron sus derechos fundamentales y \u00a0que por el contrario, lo pretendido era evadir la justicia a trav\u00e9s \u00a0de una tutela manifiestamente improcedente. \u00a0<\/p>\n<p>6. \u00a0Por su parte, la Personer\u00eda Municipal de San Vicente de \u00a0Chucur\u00ed aleg\u00f3 falta de legitimaci\u00f3n en la causa \u00a0por pasiva. \u00a0<\/p>\n<p>CONSIDERACIONES \u00a0<\/p>\n<p>1. \u00a0De conformidad con lo establecido en el numeral 5\u00ba del art\u00edculo \u00a02.2.3.1.2.1 del Decreto 1069 de 2015, modificado por el art\u00edculo \u00a01\u00ba del Decreto 1983 de 2017, la Sala de Casaci\u00f3n Penal es \u00a0competente para resolver la demanda de tutela instaurada por LUIS \u00a0ALEJANDRO \u00daSUGA BECERRA, \u00a0al comprometer presuntas irregularidades de la Sala \u00a0Penal del Tribunal Superior de Bucaramanga, \u00a0de quien es su superior funcional. \u00a0<\/p>\n<p>2. \u00a0El \u00a0problema jur\u00eddico planteado se resolver\u00e1 atendiendo la \u00a0l\u00ednea jurisprudencial fijada por esta Corporaci\u00f3n1 \u00a0respecto de la procedencia de la acci\u00f3n de tutela contra \u00a0providencias judiciales, concretamente, cuando no se agotaron los \u00a0medios de defensa judicial con los que contaba el accionante para la \u00a0protecci\u00f3n de sus garant\u00edas constitucionales, a saber2: \u00a0<\/p>\n<p>\u00ab3. \u00a0Recu\u00e9rdese que el legislador instituy\u00f3 diversas \u00a0herramientas al interior del proceso para que los sujetos procesales \u00a0sean o\u00eddos, reclamen la protecci\u00f3n de sus derechos \u00a0constitucionales e intenten la modificaci\u00f3n de una decisi\u00f3n \u00a0que consideren lesiva de sus pretensiones. \u00a0<\/p>\n<p>3.1. \u00a0As\u00ed, contempl\u00f3 una serie de recursos que resultan \u00a0id\u00f3neos para lograr el restablecimiento del orden jur\u00eddico \u00a0quebrantado y el respeto de las garant\u00edas constitucionales y \u00a0legales as\u00ed como provocar el escrutinio de la determinaci\u00f3n \u00a0judicial por otros funcionarios, quienes est\u00e1n igualmente \u00a0llamados a velar por la preservaci\u00f3n de la integridad de los \u00a0derechos consagrados en la Carta Pol\u00edtica. \u00a0<\/p>\n<p>3.2. \u00a0Es por ello reiterado el criterio de esta Corporaci\u00f3n, en \u00a0cuanto a que la procedencia del amparo constitucional contra \u00a0decisiones judiciales est\u00e1 atada a que previamente se agoten \u00a0todos los mecanismos ordinarios y extraordinarios de defensa \u00a0judicial, pues, salvo el caso del perjuicio irremediable debidamente \u00a0comprobado, el juez de tutela no puede desconocer la existencia del \u00a0juez natural e invadir su competencia. Lo anterior significa, que si \u00a0existen o existieron mecanismos de defensa judicial id\u00f3neos y \u00a0eficaces para proteger el derecho fundamental que se estima \u00a0conculcado o amenazado, no hay lugar a otorgar el amparo solicitado. \u00a0<\/p>\n<p>La \u00a0Corte Constitucional al respecto precis\u00f3 en sentencia CC \u00a0T-477 del 19 de mayo de 2004: \u00a0<\/p>\n<p>&#8220;&#8230;quien \u00a0no ha hecho uso oportuno y adecuado de los medios procesales que la \u00a0ley le ofrece para obtener el reconocimiento de sus derechos o \u00a0prerrogativas se abandona voluntariamente a las consecuencias de los \u00a0fallos que le son adversos. De su conducta omisiva no es responsable \u00a0el Estado ni puede admitirse que la firmeza de los prove\u00eddos \u00a0sobre los cuales el interesado no ejerci\u00f3 recurso constituya \u00a0trasgresi\u00f3n u ofensa a unos derechos que, pudiendo, no hizo \u00a0valer en ocasi\u00f3n propicia. Es in\u00fatil, por tanto, apelar \u00a0a la tutela, cual si se tratara de una instancia nueva y \u00a0extraordinaria, con el prop\u00f3sito de resarcir los da\u00f1os \u00a0causados por el propio descuido procesal&#8221;.\u00bb \u00a0<\/p>\n<p>3. \u00a0Ha sido insistente esta Sala en se\u00f1alar que la \u00a0acci\u00f3n de tutela es un mecanismo excepcional, subsidiario, \u00a0preferente, sumario y establecido constitucionalmente, por medio del \u00a0cual se le ha confiado a los jueces de la Rep\u00fablica la \u00a0protecci\u00f3n de forma inmediata de los derechos fundamentales de \u00a0las personas, cuando por la actividad u omisi\u00f3n de cualquier \u00a0autoridad p\u00fablica o de particulares, en los eventos \u00a0establecidos en la ley, se genere una amenaza o vulneraci\u00f3n a \u00a0los mismos. \u00a0<\/p>\n<p>Excepcionalmente, \u00a0la solicitud de amparo puede ejercitarse para demandar el \u00a0reconocimiento de un derecho fundamental que resulta vulnerado, \u00a0cuando en el tr\u00e1mite procesal el funcionario judicial act\u00faa \u00a0y decide de manera arbitraria o caprichosa, o en aquellos eventos en \u00a0los cuales la providencia es emitida desbordando el \u00e1mbito \u00a0funcional o en forma manifiestamente contraria al ordenamiento \u00a0jur\u00eddico; esto es, cuando se configuran las llamadas causales \u00a0generales de procedibilidad, o en los casos en que el mecanismo \u00a0pertinente, previamente establecido en el ordenamiento jur\u00eddico, \u00a0es claramente ineficaz para la defensa de \u00e9stas, evento en el \u00a0cual el amparo constitucional procede como dispositivo transitorio, \u00a0con el fin de evitar un perjuicio de car\u00e1cter irremediable. \u00a0<\/p>\n<p>En \u00a0sentido contrario, cuando en la demanda lo \u00fanico que se hace \u00a0es insistir en puntos que fueron resueltos de fondo por otros jueces \u00a0en virtud de sus espec\u00edficas competencias, la acci\u00f3n de \u00a0tutela pierde su car\u00e1cter aut\u00f3nomo excepcional y se \u00a0convierte en un recurso m\u00e1s, utilizado por el demandante para \u00a0lograr sus pretensiones, que como, se dijo, pertenecen a la \u00f3rbita \u00a0del juez natural. \u00a0<\/p>\n<p>Este \u00a0car\u00e1cter estrictamente subsidiario impide que la acci\u00f3n \u00a0de tutela se emplee como un medio alternativo para atacar, impugnar o \u00a0censurar las decisiones expedidas dentro de un proceso judicial \u00a0cuando las razones all\u00ed expuestas no son compartidas por quien \u00a0formula el reproche; criterio que se debe reiterar en el presente \u00a0asunto, en el cual la demanda se dirige a resquebrajar la firmeza de \u00a0una decisi\u00f3n que no fue recurrida a trav\u00e9s de los \u00a0canales dispuestos por el Legislador. \u00a0<\/p>\n<p>4. \u00a0En el caso sub \u00a0judice \u00a0se \u00a0observa que el demandante desconoci\u00f3 ese presupuesto de \u00a0subsidiariedad que rige la acci\u00f3n de tutela, pues no acredit\u00f3 \u00a0el agotamiento de los \u00a0medios de defensa judicial que ten\u00eda a su alcance como el \u00a0recurso extraordinario de casaci\u00f3n. \u00a0<\/p>\n<p>As\u00ed, \u00a0se tiene que aun cuando contaba con la posibilidad de ejercer el \u00a0derecho de contradicci\u00f3n y presentar las correspondientes \u00a0censuras a trav\u00e9s de una demanda de casaci\u00f3n, el actor \u00a0asumi\u00f3 una actitud pasiva y permiti\u00f3 que las decisiones \u00a0de instancia cobraran firmeza, luego bajo ese entendido resulta \u00a0improcedente ahora acudir de manera directa a la jurisdicci\u00f3n \u00a0constitucional, desconociendo su car\u00e1cter residual y \u00a0subsidiario como se indic\u00f3 anteriormente. \u00a0<\/p>\n<p>En \u00a0ese orden, lo pretendido resulta improcedente toda vez que desconoce \u00a0la \u00f3rbita de competencia del juez constitucional frente a \u00a0providencias judiciales, \u00a0pues no \u00a0puede soslayarse que las etapas, recursos y procedimientos que \u00a0conforman una actuaci\u00f3n son el primer escenario de protecci\u00f3n \u00a0de los derechos fundamentales de los asociados, especialmente en lo \u00a0que tiene que ver con las garant\u00edas que conforman el debido \u00a0proceso. \u00a0<\/p>\n<p>La \u00a0acci\u00f3n de tutela deviene impropia cuando en el decurso de un \u00a0tr\u00e1mite procesal, ordinario o especial, se alega la presunta \u00a0violaci\u00f3n de alg\u00fan derecho fundamental, cuyo \u00a0restablecimiento es imperioso buscar en el mismo proceso mediante los \u00a0mecanismos all\u00ed dispuestos, mas no a trav\u00e9s del \u00a0mecanismo de amparo que, por su naturaleza residual y subsidiaria, no \u00a0es constitutivo de instancia adicional y menos puede converger a \u00a0manera de instrumento paralelo o alternativo desquiciador de los \u00a0procedimientos ordinarios. \u00a0<\/p>\n<p>En \u00a0m\u00e9rito de lo expuesto, la Corte Suprema de Justicia, Sala de \u00a0Casaci\u00f3n Penal, en Sala de Decisi\u00f3n de Tutelas No. 1, \u00a0administrando justicia en nombre de la Rep\u00fablica y por \u00a0autoridad de la ley, \u00a0<\/p>\n<p>RESUELVE \u00a0<\/p>\n<p>1. \u00a0Negar \u00a0el \u00a0amparo constitucional reclamado por LUIS \u00a0ALEJANDRO \u00daSUGA BECERRA, \u00a0por las razones expuestas en la parte motiva de esta providencia. \u00a0<\/p>\n<p>2. \u00a0Notificar \u00a0a \u00a0las partes de acuerdo con lo previsto en el art\u00edculo 30 del \u00a0Decreto 2591 de 1991. \u00a0<\/p>\n<p>3. \u00a0Enviar \u00a0el expediente a la Corte Constitucional para la eventual revisi\u00f3n \u00a0de este fallo, en caso de no ser impugnado. \u00a0<\/p>\n<p>C\u00famplase \u00a0<\/p>\n<p>PATRICIA \u00a0SALAZAR CU\u00c9LLAR \u00a0<\/p>\n<p>JOS\u00c9 \u00a0FRANCISCO ACU\u00d1A VIZCAYA \u00a0<\/p>\n<p>EUGENIO \u00a0FERN\u00c1NDEZ CARLIER \u00a0<\/p>\n<p>NUBIA \u00a0YOLANDA NOVA GARC\u00cdA \u00a0<\/p>\n<p>Secretaria \u00a0<\/p>\n<p>1 \u00a0 \u00a0 \u00a0 \u00a0 \u00a0CSJ. STP5654-2019, 7 may. abr. 2019, rad. 104440. STP5364-2019, 30 \u00a0 \u00a0 \u00a0 \u00a0 \u00a0abr. 2019, rad. 104159. STP5055-2019, 23 abr. 2019, rad.103859. \u00a0<\/p>\n<p>2 \u00a0 \u00a0 \u00a0 \u00a0 \u00a0CSJ. STP5944-2019, 9 may. 2019, rad. 104320. \u00a0 \u00a0 \u00a0<\/p>\n<p><\/p>\n","protected":false},"excerpt":{"rendered":"<p>\u00a0 \u00a0 \u00a0 \u00a0\u00a0 EUGENIO \u00a0FERN\u00c1NDEZ CARLIER \u00a0 Magistrado \u00a0Ponente \u00a0 STP7815-2020 \u00a0 Radicaci\u00f3n \u00a0n\u00b0 112528 \u00a0 Acta \u00a0200 \u00a0 Bogot\u00e1, \u00a0D.C., veintid\u00f3s (22) de septiembre de dos mil veinte (2020). \u00a0 ASUNTO \u00a0 Se \u00a0pronuncia la Sala en relaci\u00f3n con la demanda de tutela \u00a0presentada por LUIS \u00a0ALEJANDRO \u00daSUGA BECERRA, \u00a0contra \u00a0la \u00a0Sala Penal [&hellip;]<\/p>\n","protected":false},"author":1,"featured_media":0,"comment_status":"open","ping_status":"open","sticky":false,"template":"","format":"standard","meta":{"footnotes":""},"categories":[29],"tags":[],"class_list":["post-53038","post","type-post","status-publish","format-standard","hentry","category-29"],"_links":{"self":[{"href":"https:\/\/dmsjuridica.com\/buscador_20179478954\/salapenalcronologico20230723\/wp-json\/wp\/v2\/posts\/53038","targetHints":{"allow":["GET"]}}],"collection":[{"href":"https:\/\/dmsjuridica.com\/buscador_20179478954\/salapenalcronologico20230723\/wp-json\/wp\/v2\/posts"}],"about":[{"href":"https:\/\/dmsjuridica.com\/buscador_20179478954\/salapenalcronologico20230723\/wp-json\/wp\/v2\/types\/post"}],"author":[{"embeddable":true,"href":"https:\/\/dmsjuridica.com\/buscador_20179478954\/salapenalcronologico20230723\/wp-json\/wp\/v2\/users\/1"}],"replies":[{"embeddable":true,"href":"https:\/\/dmsjuridica.com\/buscador_20179478954\/salapenalcronologico20230723\/wp-json\/wp\/v2\/comments?post=53038"}],"version-history":[{"count":0,"href":"https:\/\/dmsjuridica.com\/buscador_20179478954\/salapenalcronologico20230723\/wp-json\/wp\/v2\/posts\/53038\/revisions"}],"wp:attachment":[{"href":"https:\/\/dmsjuridica.com\/buscador_20179478954\/salapenalcronologico20230723\/wp-json\/wp\/v2\/media?parent=53038"}],"wp:term":[{"taxonomy":"category","embeddable":true,"href":"https:\/\/dmsjuridica.com\/buscador_20179478954\/salapenalcronologico20230723\/wp-json\/wp\/v2\/categories?post=53038"},{"taxonomy":"post_tag","embeddable":true,"href":"https:\/\/dmsjuridica.com\/buscador_20179478954\/salapenalcronologico20230723\/wp-json\/wp\/v2\/tags?post=53038"}],"curies":[{"name":"wp","href":"https:\/\/api.w.org\/{rel}","templated":true}]}}