{"id":52804,"date":"2023-09-15T20:56:47","date_gmt":"2023-09-15T20:56:47","guid":{"rendered":"https:\/\/dmsjuridica.com\/buscador_20179478954\/salapenalcronologico20230723\/2023\/09\/15\/stp6613-2020\/"},"modified":"2023-09-15T20:56:47","modified_gmt":"2023-09-15T20:56:47","slug":"stp6613-2020","status":"publish","type":"post","link":"https:\/\/dmsjuridica.com\/buscador_20179478954\/salapenalcronologico20230723\/2023\/09\/15\/stp6613-2020\/","title":{"rendered":"STP6613-2020"},"content":{"rendered":"\n<p>\u00a0 \u00a0 \u00a0 \u00a0\u00a0<\/p>\n<p>Eyder \u00a0Pati\u00f1o Cabrera \u00a0<\/p>\n<p>Magistrado Ponente \u00a0<\/p>\n<p>STP6613-2020 \u00a0<\/p>\n<p>Radicaci\u00f3n \u00a0n.\u00b0 \u00a01446\/111415 \u00a0<\/p>\n<p>(Aprobado \u00a0Acta n\u00b0 159) \u00a0<\/p>\n<p>Bogot\u00e1, \u00a0D.C., treinta (30) de julio de dos mil veinte (2020) \u00a0<\/p>\n<p>ASUNTO \u00a0<\/p>\n<p>Se resuelve la \u00a0acci\u00f3n de tutela promovida por \u00a0Gabriel \u00a0Alberto Arce Sep\u00falveda contra \u00a0la \u00a0Sala Penal del Tribunal Superior y el Juzgado 3\u00ba Penal del \u00a0Circuito, ambos de Cali \u00a0por la presunta vulneraci\u00f3n de sus derechos al debido proceso, \u00a0a la defensa y al acceso a la administraci\u00f3n de justicia. \u00a0<\/p>\n<p>Al presente \u00a0tr\u00e1mite fueron vinculadas las partes e intervinientes dentro \u00a0del proceso penal adelantado en contra del actor. \u00a0<\/p>\n<p>ANTECEDENTES \u00a0<\/p>\n<p>1. \u00a0Fundamentos de la acci\u00f3n \u00a0<\/p>\n<p>\u00a0 \u00a0\u00a0 \u00a0 \u00a0 \u00a0 \u00a0 \u00a0 \u00a0 \u00a0 \u00a0 \u00a0 \u00a0 \u00a0 \u00a0 \u00a0<\/p>\n<p>1. En \u00a0 \u00a0 \u00a0 \u00a0 \u00a0 \u00a0 \u00a0 \u00a0 \u00a0el Juzgado 3\u00ba Penal del Circuito de Cali se adelanta proceso \u00a0 \u00a0 \u00a0 \u00a0 \u00a0 \u00a0 \u00a0 \u00a0 \u00a0en contra de Gabriel \u00a0 \u00a0 \u00a0 \u00a0 \u00a0 \u00a0 \u00a0 \u00a0 \u00a0Alberto Arce Sep\u00falveda \u00a0 \u00a0 \u00a0 \u00a0 \u00a0 \u00a0 \u00a0 \u00a0 \u00a0por los punibles de concierto para delinquir agravado, prevaricato \u00a0 \u00a0 \u00a0 \u00a0 \u00a0 \u00a0 \u00a0 \u00a0 \u00a0por acci\u00f3n y fraude procesal, dentro del radicado No. \u00a0 \u00a0 \u00a0 \u00a0 \u00a0 \u00a0 \u00a0 \u00a0 \u00a07600160000002018-00598. \u00a0 \u00a0<\/p>\n<p>El \u00a022 de febrero de 2019, se llev\u00f3 a cabo la audiencia \u00a0de formulaci\u00f3n de \u00a0acusaci\u00f3n por los delitos mencionados y el 18 de marzo, 8 de \u00a0mayo, 6 de junio, 11 de julio y 12 de agosto de ese a\u00f1o, se \u00a0hizo la preparatoria. \u00a0<\/p>\n<p>En \u00a0la ultima sesi\u00f3n, ese despacho rechaz\u00f3 unas pruebas e \u00a0inadmiti\u00f3 otras, requeridas por la defensa del actor, as\u00ed \u00a0como de la Fiscal\u00eda. \u00a0<\/p>\n<p>Contra \u00a0esa decisi\u00f3n el procesado y el ente acusador interpusieron el \u00a0recurso de apelaci\u00f3n y el 7 de noviembre de esa anualidad, la \u00a0Sala Penal del Tribunal Superior de la capital del Valle del Cauca, \u00a0la confirm\u00f3 parcialmente, en el sentido de decretar algunos \u00a0elementos de juicio pedidos por el apoderado judicial del actor. \u00a0<\/p>\n<p>1.2. Arce \u00a0Sep\u00falveda \u00a0acude \u00a0al amparo en busca de la protecci\u00f3n de sus derechos al debido \u00a0proceso, a la defensa y al acceso a la administraci\u00f3n de \u00a0justicia los cuales estima quebrantados con las determinaciones \u00a0adoptadas por las autoridades accionadas mediante las cuales negaron \u00a0parcialmente sus solicitudes probatorias al interior del proceso que \u00a0se adelanta en su contra. \u00a0<\/p>\n<p>Pone de presente \u00a0que las determinaciones emitidas el 12 de agosto y 7 de noviembre de \u00a02019, incurrieron en causales de procedibilidad, en tanto, no \u00a0motivaron adecuadamente los motivos para no acceder a sus pedimentos, \u00a0al tiempo que no decretaron la nulidad, pese a advertir que una \u00a0prueba testimonial no hab\u00eda sido descubierta. \u00a0<\/p>\n<p>En consecuencia, \u00a0pide que se decrete la nulidad del proceso que se adelanta en su \u00a0contra y se rehaga la audiencia preparatoria con respeto a los \u00a0derechos de defensa y contradicci\u00f3n. \u00a0<\/p>\n<p>2. Las \u00a0respuestas \u00a0<\/p>\n<p>2.1 Sala \u00a0Penal del Tribunal Superior de Cali \u00a0<\/p>\n<p>La \u00a0Magistrada Socorro \u00a0Mora Insuasty \u00a0inform\u00f3 que el auto del 24 de junio de la presente anualidad, \u00a0esta Corte neg\u00f3 el cambio de radicaci\u00f3n propuesto por \u00a0el actor al interior del diligenciamiento que se adelanta en su \u00a0contra. \u00a0<\/p>\n<p>2.2 Juzgado \u00a03\u00ba Penal del Circuito de Cali \u00a0<\/p>\n<p>El Juez inform\u00f3 \u00a0que en su despacho cursa la actuaci\u00f3n penal surtida en contra \u00a0del demandante, al interior del cual no se ha podido iniciar el \u00a0juicio oral, toda vez que aquel solicit\u00f3 cambio de radicaci\u00f3n. \u00a0<\/p>\n<p>CONSIDERACIONES \u00a0<\/p>\n<p>1. Corresponde a \u00a0la Corte determinar si las \u00a0accionadas vulneraron los \u00a0derechos al debido proceso a la defensa y al acceso a la \u00a0administraci\u00f3n de justicia del interesado al interior del \u00a0proceso No. 7600160000002018-00598, que se adelanta por los il\u00edcitos \u00a0de concierto para delinquir agravado, prevaricato por acci\u00f3n y \u00a0fraude procesal. \u00a0<\/p>\n<p>2. El \u00a0recurso de amparo fue consagrado como un procedimiento preferente y \u00a0sumario, destinado a la protecci\u00f3n inmediata de los derechos \u00a0fundamentales cuando sean amenazados o vulnerados por la acci\u00f3n \u00a0u omisi\u00f3n de una autoridad p\u00fablica o un particular y \u00a0siempre que no exista otro mecanismo de defensa o se est\u00e9 ante \u00a0un perjuicio irremediable, evento \u00faltimo en el cual procede \u00a0como mecanismo transitorio. \u00a0<\/p>\n<p>No tiene car\u00e1cter \u00a0alternativo. Es inviable cuando el interesado dispone de otro medio \u00a0de defensa judicial, pues no fue concebido para sustituir a los \u00a0jueces ordinarios, ni como mecanismo supletorio de los procedimientos \u00a0se\u00f1alados en las normas procesales. \u00a0<\/p>\n<p>Mientras el \u00a0proceso se encuentre en curso, es decir, no se haya agotado la \u00a0actuaci\u00f3n del juez ordinario, el afectado tendr\u00e1 la \u00a0posibilidad de reclamar, al interior del tr\u00e1mite, el respeto \u00a0de las garant\u00edas constitucionales, sin que sea admisible \u00a0acudir para tal fin a la tutela. \u00a0<\/p>\n<p>As\u00ed las \u00a0cosas, uno de los presupuestos de procedibilidad consiste justamente \u00a0en que se hayan agotado todos los mecanismos ordinarios y \u00a0extraordinarios de defensa judicial. \u00a0<\/p>\n<p>Es all\u00ed, \u00a0ante el juez natural, donde el peticionario puede plantear su \u00a0inconformidad, expresar las razones de su desacuerdo frente a las \u00a0decisiones adoptadas, recurrirlas. \u00a0<\/p>\n<p>3. En este evento, \u00a0Gabriel \u00a0Alberto Arce Sep\u00falveda se \u00a0encuentra inconforme con la providencia dictada el 12 de agosto de \u00a02019, por el Juzgado 3\u00ba Penal del Circuito de Cali, que fue \u00a0confirmada por la Sala Penal del Tribunal Superior de esa ciudad, en \u00a0la cual se rechaz\u00f3, excluy\u00f3 e inadmiti\u00f3 unas \u00a0pruebas solicitadas por el interesado, al interior del proceso \u00a07600160000002018-00598, que se le adelanta por los delitos de \u00a0concierto para delinquir, prevaricato por acci\u00f3n y fraude \u00a0procesal, el cual est\u00e1 pendiente de iniciar el juicio oral. \u00a0<\/p>\n<p>Lo anterior, \u00a0evidencia que la causa adelantada en contra del actor a\u00fan no \u00a0ha concluido, pues est\u00e1 pendiente de iniciarse el juicio oral \u00a0raz\u00f3n suficiente para indicar que mientras el proceso est\u00e9 \u00a0en curso cualquier solicitud de protecci\u00f3n de garant\u00edas \u00a0fundamentales debe hacerse exclusivamente en ese escenario porque, de \u00a0lo contrario, todas las decisiones provisionales que se tomen en el \u00a0transcurso de la actuaci\u00f3n penal estar\u00edan siempre \u00a0forzadas a la eventual revisi\u00f3n de un juez ajeno a ella, como \u00a0si se tratara de una instancia superior adicional a las previstas \u00a0para el normal desenvolvimiento de los procesos judiciales. \u00a0<\/p>\n<p>En \u00a0efecto, de \u00a0conformidad con el inciso 4 del art\u00edculo 86 de la Constituci\u00f3n \u00a0Pol\u00edtica, la tutela: \u00a0<\/p>\n<p>[\u2026] \u00a0Solo \u00a0proceder\u00e1 cuando el afectado no disponga de otro medio de \u00a0defensa judicial, salvo que aquella se utilice como mecanismo \u00a0transitorio para evitar un perjuicio irremediable. \u00a0<\/p>\n<p>En el mismo \u00a0sentido, el numeral 1\u00ba del art\u00edculo 6\u00ba del Decreto \u00a02591 de 1991 \u00abPor \u00a0el cual se reglamenta la acci\u00f3n de tutela consagrada en el \u00a0art\u00edculo 86 de la Constituci\u00f3n Pol\u00edtica\u00bb, \u00a0dispuso: \u00a0<\/p>\n<p>[\u2026] \u00a0La acci\u00f3n de tutela no proceder\u00e1 [\u2026] \u00a0Cuando \u00a0existan otros recursos o medios de defensa judiciales, salvo que \u00a0aqu\u00e9lla se utilice como mecanismo transitorio para evitar un \u00a0perjuicio irremediable. La existencia de dichos medios ser\u00e1 \u00a0apreciada en concreto, en cuanto a su eficacia, atendiendo las \u00a0circunstancias en que se encuentra el solicitante. \u00a0<\/p>\n<p>En virtud de las \u00a0disposiciones indicadas, se ha sostenido en repetidas ocasiones1 \u00a0que la acci\u00f3n se funda en el principio de subsidiariedad, es \u00a0decir, por regla general, la tutela s\u00f3lo procede cuando el \u00a0accionante haya agotado oportunamente todos y cada uno de los \u00a0recursos o medios de defensa judiciales previstos por el legislador \u00a0para obtener la protecci\u00f3n de los derechos presuntamente \u00a0vulnerados. \u00a0<\/p>\n<p>Lo anterior, le \u00a0sirve a la Sala para afirmar que existen \u00a0otros medios de defensa aptos para garantizar la protecci\u00f3n de \u00a0que se trata, \u00a0esto es, en sede de juicio y, eventualmente, en la apelaci\u00f3n \u00a0de la sentencia y en casaci\u00f3n, con \u00a0lo cual deviene improcedente la acci\u00f3n de tutela solicitada. \u00a0<\/p>\n<p>Por las anteriores \u00a0consideraciones, \u00a0se \u00a0declarar\u00e1 improcedente el \u00a0amparo. \u00a0<\/p>\n<p>En \u00a0m\u00e9rito de lo expuesto, la Sala de Decisi\u00f3n de Tutelas \u00a0n.\u00ba \u00a03 \u00a0de \u00a0la Sala de Casaci\u00f3n Penal de la Corte Suprema de Justicia, \u00a0administrando justicia en nombre de la Rep\u00fablica y por \u00a0autoridad de la ley, \u00a0<\/p>\n<p>RESUELVE \u00a0<\/p>\n<p>Primero. \u00a0Declarar \u00a0improcedente \u00a0la \u00a0tutela instaurada por Gabriel \u00a0Alberto Arce Sep\u00falveda. \u00a0<\/p>\n<p>Segundo. \u00a0Ordenar \u00a0que, si la decisi\u00f3n no es impugnada ante la Sala de Casaci\u00f3n \u00a0Civil de esta Corporaci\u00f3n, se remita el expediente a la Corte \u00a0Constitucional para su eventual revisi\u00f3n. \u00a0<\/p>\n<p>NOTIF\u00cdQUESE \u00a0Y C\u00daMPLASE \u00a0<\/p>\n<p>EYDER PATI\u00d1O \u00a0CABRERA \u00a0<\/p>\n<p>GERSON CHAVERRA \u00a0CASTRO \u00a0<\/p>\n<p>JAIME HUMBERTO \u00a0MORENO ACERO \u00a0<\/p>\n<p>Nubia \u00a0Yolanda Nova Garc\u00eda \u00a0<\/p>\n<p>Secretaria \u00a0<\/p>\n<p>1 \u00a0 \u00a0 \u00a0 \u00a0 \u00a0Ver Corte Constitucional. Sentencias C-590 del 8 de junio de 2005 y \u00a0 \u00a0 \u00a0 \u00a0 \u00a0T-332 del 4 de mayo de 2006. CSJ \u00a0 \u00a0 \u00a0 \u00a0 \u00a0STP Rad. No. 31.781, \u00a0 \u00a0 \u00a0 \u00a0 \u00a032.327, \u00a0 \u00a0 \u00a0 \u00a0 \u00a036.728, 38.650, 40.408,41.642, 41.805, 49.752, 50.399, 50.765, \u00a0 \u00a0 \u00a0 \u00a0 \u00a053.544, 54.762, 57.583, 59.354, 60.917, 61.515, 62.691, 63.252, \u00a0 \u00a0 \u00a0 \u00a0 \u00a064.107, 65.086, 66.996, 67.145, 68.727, 69.938 y 70.488. \u00a0 \u00a0 \u00a0<\/p>\n<p><\/p>\n","protected":false},"excerpt":{"rendered":"<p>\u00a0 \u00a0 \u00a0 \u00a0\u00a0 Eyder \u00a0Pati\u00f1o Cabrera \u00a0 Magistrado Ponente \u00a0 STP6613-2020 \u00a0 Radicaci\u00f3n \u00a0n.\u00b0 \u00a01446\/111415 \u00a0 (Aprobado \u00a0Acta n\u00b0 159) \u00a0 Bogot\u00e1, \u00a0D.C., treinta (30) de julio de dos mil veinte (2020) \u00a0 ASUNTO \u00a0 Se resuelve la \u00a0acci\u00f3n de tutela promovida por \u00a0Gabriel \u00a0Alberto Arce Sep\u00falveda contra \u00a0la \u00a0Sala Penal del Tribunal Superior [&hellip;]<\/p>\n","protected":false},"author":1,"featured_media":0,"comment_status":"open","ping_status":"open","sticky":false,"template":"","format":"standard","meta":{"footnotes":""},"categories":[29],"tags":[],"class_list":["post-52804","post","type-post","status-publish","format-standard","hentry","category-29"],"_links":{"self":[{"href":"https:\/\/dmsjuridica.com\/buscador_20179478954\/salapenalcronologico20230723\/wp-json\/wp\/v2\/posts\/52804","targetHints":{"allow":["GET"]}}],"collection":[{"href":"https:\/\/dmsjuridica.com\/buscador_20179478954\/salapenalcronologico20230723\/wp-json\/wp\/v2\/posts"}],"about":[{"href":"https:\/\/dmsjuridica.com\/buscador_20179478954\/salapenalcronologico20230723\/wp-json\/wp\/v2\/types\/post"}],"author":[{"embeddable":true,"href":"https:\/\/dmsjuridica.com\/buscador_20179478954\/salapenalcronologico20230723\/wp-json\/wp\/v2\/users\/1"}],"replies":[{"embeddable":true,"href":"https:\/\/dmsjuridica.com\/buscador_20179478954\/salapenalcronologico20230723\/wp-json\/wp\/v2\/comments?post=52804"}],"version-history":[{"count":0,"href":"https:\/\/dmsjuridica.com\/buscador_20179478954\/salapenalcronologico20230723\/wp-json\/wp\/v2\/posts\/52804\/revisions"}],"wp:attachment":[{"href":"https:\/\/dmsjuridica.com\/buscador_20179478954\/salapenalcronologico20230723\/wp-json\/wp\/v2\/media?parent=52804"}],"wp:term":[{"taxonomy":"category","embeddable":true,"href":"https:\/\/dmsjuridica.com\/buscador_20179478954\/salapenalcronologico20230723\/wp-json\/wp\/v2\/categories?post=52804"},{"taxonomy":"post_tag","embeddable":true,"href":"https:\/\/dmsjuridica.com\/buscador_20179478954\/salapenalcronologico20230723\/wp-json\/wp\/v2\/tags?post=52804"}],"curies":[{"name":"wp","href":"https:\/\/api.w.org\/{rel}","templated":true}]}}