{"id":52670,"date":"2023-09-15T20:56:40","date_gmt":"2023-09-15T20:56:40","guid":{"rendered":"https:\/\/dmsjuridica.com\/buscador_20179478954\/salapenalcronologico20230723\/2023\/09\/15\/stp6315-2020\/"},"modified":"2023-09-15T20:56:40","modified_gmt":"2023-09-15T20:56:40","slug":"stp6315-2020","status":"publish","type":"post","link":"https:\/\/dmsjuridica.com\/buscador_20179478954\/salapenalcronologico20230723\/2023\/09\/15\/stp6315-2020\/","title":{"rendered":"STP6315-2020"},"content":{"rendered":"\n<p>\u00a0 \u00a0 \u00a0 \u00a0\u00a0<\/p>\n<p>EUGENIO \u00a0FERN\u00c1NDEZ CARLIER \u00a0<\/p>\n<p>Magistrado \u00a0Ponente \u00a0<\/p>\n<p>STP6315-2020 \u00a0<\/p>\n<p>Radicaci\u00f3n \u00a0n\u00ba 111971 \u00a0<\/p>\n<p>Acta \u00a0176 \u00a0<\/p>\n<p>Bogot\u00e1, \u00a0D.C., veinticinco (25) de agosto de dos mil veinte (2020). \u00a0<\/p>\n<p>ASUNTO \u00a0<\/p>\n<p>Se \u00a0pronuncia la Sala en relaci\u00f3n con la demanda de tutela \u00a0presentada por \u00d3SCAR \u00a0LIBARDO RINC\u00d3N P\u00c9REZ, \u00a0contra el Consejo Superior de la Judicatura, Unidad de Registro \u00a0Nacional de Abogados y Auxiliares de la Justicia, \u00a0por la presunta vulneraci\u00f3n de sus derechos fundamentales de \u00a0petici\u00f3n, trabajo y m\u00ednimo vital. \u00a0<\/p>\n<p>PROBLEMA \u00a0JUR\u00cdDICO A RESOLVER \u00a0<\/p>\n<p>Refiri\u00f3 \u00a0el accionante que la Unidad \u00a0de Registro Nacional de Abogados y Auxiliares de la Justicia del \u00a0Consejo Superior de la Judicatura vulnera sus derechos fundamentales \u00a0al no pronunciarse respecto de la solicitud que ante esa dependencia \u00a0radic\u00f3 el 16 junio de la presente anualidad, en la que \u00a0reclamaba informaci\u00f3n sobre el tr\u00e1mite de su tarjeta \u00a0profesional de abogado. \u00a0<\/p>\n<p>ANTECEDENTES \u00a0PROCESALES \u00a0<\/p>\n<p>Con \u00a0auto de 11 de agosto del presente a\u00f1o, esta Sala avoc\u00f3 \u00a0el conocimiento de la acci\u00f3n de tutela y \u00a0orden\u00f3 correr traslado de la demanda a la autoridad \u00a0administrativa accionada a fin de garantizarle su derecho de defensa \u00a0y contradicci\u00f3n. \u00a0<\/p>\n<p>RESULTADOS \u00a0PROBATORIOS \u00a0<\/p>\n<p>Mediante \u00a0escrito de 19 de agosto de 2020, la Directora de la la \u00a0Unidad \u00a0de Registro Nacional de Abogados y Auxiliares de la Justicia del \u00a0Consejo Superior de la Judicatura inform\u00f3 que ya hab\u00eda \u00a0adelantado el tr\u00e1mite de inscripci\u00f3n y expedici\u00f3n \u00a0de la Tarjeta Profesional de Abogado al accionante \u00d3SCAR \u00a0LIBARDO RINC\u00d3N P\u00c9REZ, \u00a0asign\u00e1ndole el n\u00famero de Tarjeta Profesional 347.577, \u00a0acta No. 10063 de 2020, que ser\u00eda enviada al contratista para \u00a0la elaboraci\u00f3n del pl\u00e1stico correspondiente y su \u00a0posterior env\u00edo al domicilio del actor por correo certificado \u00a04-72. \u00a0<\/p>\n<p>Adicionalmente \u00a0indic\u00f3 que en caso de considerarlo necesario el accionante \u00a0pod\u00eda consultar y descargar de la web de la Rama Judicial la \u00a0certificaci\u00f3n de vigencia de su tarjeta profesional de \u00a0abogado. En consecuencia, solicit\u00f3 declarar el hecho superado. \u00a0<\/p>\n<p>CONSIDERACIONES \u00a0<\/p>\n<p>1. \u00a0De conformidad con lo establecido en el numeral 8\u00ba del art\u00edculo \u00a02.2.3.1.2.1 del Decreto 1069 de 2015, modificado por el art\u00edculo \u00a01\u00ba del Decreto 1983 de 2017, la Sala de Casaci\u00f3n Penal es \u00a0competente para resolver la demanda de tutela instaurada por \u00d3SCAR \u00a0LIBARDO RINC\u00d3N P\u00c9REZ, \u00a0al \u00a0comprometer actuaciones del Consejo Superior de la Judicatura. \u00a0<\/p>\n<p>2. \u00a0La \u00a0Sala, a efectos de resolver el problema jur\u00eddico planteado, \u00a0atender\u00e1 la l\u00ednea jurisprudencial que al respecto ha \u00a0establecido la Corte Constitucional y esta Corporaci\u00f3n cuando \u00a0la situaci\u00f3n \u00a0de hecho que origina la violaci\u00f3n o la amenaza ya ha sido \u00a0superada1. \u00a0<\/p>\n<p>Ha \u00a0se\u00f1alado el m\u00e1ximo \u00f3rgano de la Jurisdicci\u00f3n \u00a0Constitucional que cuando \u00a0la situaci\u00f3n f\u00e1ctica que motiva la presentaci\u00f3n \u00a0de la acci\u00f3n de tutela se modifica en el sentido de que cesa \u00a0la acci\u00f3n u omisi\u00f3n que en principio gener\u00f3 la \u00a0vulneraci\u00f3n de los derechos fundamentales, de manera que la \u00a0pretensi\u00f3n presentada para procurar su defensa fue satisfecha; \u00a0la solicitud de amparo pierde eficacia en la medida en que desaparece \u00a0el objeto jur\u00eddico sobre el que recaer\u00eda una eventual \u00a0decisi\u00f3n del juez de tutela. En consecuencia, cualquier orden \u00a0de protecci\u00f3n ser\u00eda innocua. Sobre este particular la \u00a0Corte Constitucional2 \u00a0ha indicado que: \u00a0<\/p>\n<p>\u00abEl\u00a0hecho \u00a0superado\u00a0ocurre, particularmente, cuando una acci\u00f3n u \u00a0omisi\u00f3n de la entidad accionada logra satisfacer completamente \u00a0la pretensi\u00f3n objeto de la acci\u00f3n de tutela, y esto \u00a0ocurre entre el t\u00e9rmino de presentaci\u00f3n del amparo y el \u00a0fallo correspondiente. En estos eventos, la intervenci\u00f3n del \u00a0juez de tutela carece de sustento y hace improcedente el estudio de \u00a0fondo.\u00a0Sin embargo, el juez deber\u00e1 en su fallo demostrar \u00a0que se satisfizo plenamente la pretensi\u00f3n de la acci\u00f3n \u00a0de tutela, pues de lo contrario deber\u00e1 garantizar la plena \u00a0garant\u00eda y respeto de los derechos fundamentales\u00bb. \u00a0<\/p>\n<p>3. \u00a0En el caso sub \u00a0judice, \u00a0encuentra la Sala que se dan los presupuestos establecidos por la \u00a0Corte Constitucional y esta Corporaci\u00f3n para declarar la \u00a0carencia actual de objeto por superarse el hecho que motiv\u00f3 la \u00a0solicitud de amparo, esto es, porque con su actuar la entidad \u00a0accionada \u00a0salvaguard\u00f3 el derecho fundamental que se acusaba vulnerado, \u00a0como pasa a verse. \u00a0<\/p>\n<p>3.1 \u00a0Indic\u00f3 el accionante que pese a haber allegado la \u00a0documentaci\u00f3n pertinente para la expedici\u00f3n de la \u00a0tarjeta profesional de abogado, la Unidad \u00a0de Registro Nacional de Abogados y Auxiliares de la Justicia del \u00a0Consejo Superior de la Judicatura no hab\u00eda adelantado los \u00a0tr\u00e1mites pertinentes ni le hab\u00eda informado el estado \u00a0actual de su solicitud. \u00a0<\/p>\n<p>3.2 \u00a0De \u00a0la respuesta ofrecida por la accionada se logr\u00f3 establecer que \u00a0ya se adelant\u00f3 el tr\u00e1mite correspondiente a la \u00a0inscripci\u00f3n del accionante en el Registro \u00a0Nacional de Abogados y Auxiliares de la Justicia del Consejo Superior \u00a0de la Judicatura, incluso ya tiene asignado un n\u00famero de \u00a0Tarjeta Profesional de Abogado 347.577. \u00a0<\/p>\n<p>As\u00ed \u00a0mismo, se inform\u00f3 que en caso de considerarlo necesario el \u00a0actor pod\u00eda consultar y descargar la certificaci\u00f3n de \u00a0vigencia de su tarjeta profesional desde la p\u00e1gina web de la \u00a0Rama Judicial desde el link https:\/\/sirna.ramajudicial.gov.co, \u00a0y as\u00ed verificar la titularidad y vigencia del documento. Todo \u00a0mientras el contratista elabora el pl\u00e1stico correspondiente y \u00a0se env\u00eda \u00a0al domicilio del actor por correo certificado 4-72. \u00a0<\/p>\n<p>4. \u00a0En \u00a0este orden, es evidente que la presunta vulneraci\u00f3n \u00a0de los derechos fundamentales invocada fue superada, pues de las \u00a0pruebas que obran en el expediente de tutela se concluye que la parte \u00a0accionada adelant\u00f3 el tr\u00e1mite correspondiente a su \u00a0competencia, permiti\u00e9ndole al accionante no solo conocer el \u00a0estado del tr\u00e1mite de su tarjeta profesional, sino tambi\u00e9n \u00a0el n\u00famero que se le asign\u00f3 y la forma de consultar su \u00a0vigencia. \u00a0<\/p>\n<p>As\u00ed \u00a0las cosas, evidenciada la carencia actual de objeto por haberse \u00a0superado el hecho que la origin\u00f3, lo procedente ser\u00e1 \u00a0negar el amparo reclamado (Cf. CSJ STP4634-2015, CSJ STP6708-2015 y \u00a0CSJ STP1647-2018, entre otras). \u00a0<\/p>\n<p>En \u00a0m\u00e9rito de lo expuesto, la Sala de Decisi\u00f3n de Tutelas \u00a0No. 1 de la Sala de Casaci\u00f3n Penal de la Corte Suprema de \u00a0Justicia, administrando justicia en nombre de la Rep\u00fablica y \u00a0por autoridad de la Ley, \u00a0<\/p>\n<p>RESUELVE \u00a0<\/p>\n<p>1. \u00a0Negar \u00a0el amparo reclamado por \u00d3SCAR \u00a0LIBARDO RINC\u00d3N P\u00c9REZ, \u00a0al haberse superado el hecho que lo origin\u00f3. \u00a0<\/p>\n<p>2. \u00a0Notificar \u00a0este fallo a las partes de conformidad con el art\u00edculo 30 del \u00a0Decreto 2591 de 1991. \u00a0<\/p>\n<p>3. \u00a0Enviar \u00a0el expediente a la Corte Constitucional para la eventual revisi\u00f3n \u00a0de este fallo, en caso de no ser impugnado. \u00a0<\/p>\n<p>C\u00famplase, \u00a0<\/p>\n<p>PATRICIA \u00a0SALAZAR CU\u00c9LLAR \u00a0<\/p>\n<p>JOS\u00c9 \u00a0FRANCISCO ACU\u00d1A VIZCAYA \u00a0<\/p>\n<p>EUGENIO \u00a0FERN\u00c1NDEZ CARLIER \u00a0<\/p>\n<p>NUBIA \u00a0YOLANDA NOVA GARC\u00cdA \u00a0<\/p>\n<p>Secretaria \u00a0<\/p>\n<p>1 \u00a0 \u00a0 \u00a0 \u00a0 \u00a0CC T-970\/2014, T-597\/2015, T-669\/2016, T-021\/2017, T-382\/2018 y \u00a0 \u00a0 \u00a0 \u00a0 \u00a0T-038-2019, entre otras. \u00a0<\/p>\n<p>2 \u00a0 \u00a0 \u00a0 \u00a0 \u00a0CC T-011\/2016, T-439\/2018 y T-048\/2019. \u00a0 \u00a0 \u00a0<\/p>\n<p><\/p>\n","protected":false},"excerpt":{"rendered":"<p>\u00a0 \u00a0 \u00a0 \u00a0\u00a0 EUGENIO \u00a0FERN\u00c1NDEZ CARLIER \u00a0 Magistrado \u00a0Ponente \u00a0 STP6315-2020 \u00a0 Radicaci\u00f3n \u00a0n\u00ba 111971 \u00a0 Acta \u00a0176 \u00a0 Bogot\u00e1, \u00a0D.C., veinticinco (25) de agosto de dos mil veinte (2020). \u00a0 ASUNTO \u00a0 Se \u00a0pronuncia la Sala en relaci\u00f3n con la demanda de tutela \u00a0presentada por \u00d3SCAR \u00a0LIBARDO RINC\u00d3N P\u00c9REZ, \u00a0contra el Consejo Superior [&hellip;]<\/p>\n","protected":false},"author":1,"featured_media":0,"comment_status":"open","ping_status":"open","sticky":false,"template":"","format":"standard","meta":{"footnotes":""},"categories":[29],"tags":[],"class_list":["post-52670","post","type-post","status-publish","format-standard","hentry","category-29"],"_links":{"self":[{"href":"https:\/\/dmsjuridica.com\/buscador_20179478954\/salapenalcronologico20230723\/wp-json\/wp\/v2\/posts\/52670","targetHints":{"allow":["GET"]}}],"collection":[{"href":"https:\/\/dmsjuridica.com\/buscador_20179478954\/salapenalcronologico20230723\/wp-json\/wp\/v2\/posts"}],"about":[{"href":"https:\/\/dmsjuridica.com\/buscador_20179478954\/salapenalcronologico20230723\/wp-json\/wp\/v2\/types\/post"}],"author":[{"embeddable":true,"href":"https:\/\/dmsjuridica.com\/buscador_20179478954\/salapenalcronologico20230723\/wp-json\/wp\/v2\/users\/1"}],"replies":[{"embeddable":true,"href":"https:\/\/dmsjuridica.com\/buscador_20179478954\/salapenalcronologico20230723\/wp-json\/wp\/v2\/comments?post=52670"}],"version-history":[{"count":0,"href":"https:\/\/dmsjuridica.com\/buscador_20179478954\/salapenalcronologico20230723\/wp-json\/wp\/v2\/posts\/52670\/revisions"}],"wp:attachment":[{"href":"https:\/\/dmsjuridica.com\/buscador_20179478954\/salapenalcronologico20230723\/wp-json\/wp\/v2\/media?parent=52670"}],"wp:term":[{"taxonomy":"category","embeddable":true,"href":"https:\/\/dmsjuridica.com\/buscador_20179478954\/salapenalcronologico20230723\/wp-json\/wp\/v2\/categories?post=52670"},{"taxonomy":"post_tag","embeddable":true,"href":"https:\/\/dmsjuridica.com\/buscador_20179478954\/salapenalcronologico20230723\/wp-json\/wp\/v2\/tags?post=52670"}],"curies":[{"name":"wp","href":"https:\/\/api.w.org\/{rel}","templated":true}]}}