{"id":52344,"date":"2023-09-15T20:55:54","date_gmt":"2023-09-15T20:55:54","guid":{"rendered":"https:\/\/dmsjuridica.com\/buscador_20179478954\/salapenalcronologico20230723\/2023\/09\/15\/stp5073-2020\/"},"modified":"2023-09-15T20:55:54","modified_gmt":"2023-09-15T20:55:54","slug":"stp5073-2020","status":"publish","type":"post","link":"https:\/\/dmsjuridica.com\/buscador_20179478954\/salapenalcronologico20230723\/2023\/09\/15\/stp5073-2020\/","title":{"rendered":"STP5073-2020"},"content":{"rendered":"\n<p>\u00a0 \u00a0 \u00a0 \u00a0 \u00a0\u00a0<\/p>\n<p>JOS\u00c9 \u00a0FRANCISCO ACU\u00d1A VIZCAYA \u00a0<\/p>\n<p>Magistrado Ponente \u00a0<\/p>\n<p>STP5073-2020 \u00a0<\/p>\n<p>Radicaci\u00f3n \u00a0n.\u00b0 1150\/111085 \u00a0<\/p>\n<p>(Aprobaci\u00f3n \u00a0Acta No.153) \u00a0<\/p>\n<p>Bogot\u00e1 D.C., \u00a0veintiocho (28) de julio de dos mil veinte (2020) \u00a0<\/p>\n<p>VISTOS \u00a0<\/p>\n<p>Ser\u00eda del caso resolver la impugnaci\u00f3n \u00a0interpuesta por la Direcci\u00f3n de la \u00a0Unidad de Desarrollo y An\u00e1lisis Estad\u00edstico del Consejo \u00a0Superior de la Judicatura contra el \u00a0fallo de tutela proferido el del 22 de mayo de 2020, a trav\u00e9s \u00a0del cual la Sala Penal del Tribunal Superior de Ibagu\u00e9 ampar\u00f3 \u00a0el derecho fundamental al debido proceso de JEFFERSON ALEXANDER \u00a0TORRES MEJ\u00cdA, si no fuera porque se observa una causal de \u00a0nulidad que vicia de manera insalvable la legalidad de la actuaci\u00f3n \u00a0que hasta este punto se ha cumplido. \u00a0<\/p>\n<p>\u00a0 \u00a0\u00a0 \u00a0 \u00a0 \u00a0 \u00a0<\/p>\n<p>1. JEFFERSON \u00a0 \u00a0 \u00a0 \u00a0 \u00a0ALEXANDER TORRES MEJ\u00cdA, \u00a0 \u00a0 \u00a0 \u00a0 \u00a0solicit\u00f3 el \u00a0 \u00a0 \u00a0 \u00a0 \u00a0amparo de su derecho fundamental al debido proceso presuntamente \u00a0 \u00a0 \u00a0 \u00a0 \u00a0vulnerado por el JUZGADO \u00a0 \u00a0 \u00a0 \u00a0 \u00a0TERCERO DE EJECUCI\u00d3N DE PENAS Y MEDIDAS DE SEGURIDAD DE \u00a0 \u00a0 \u00a0 \u00a0 \u00a0IBAGU\u00c9, al \u00a0 \u00a0 \u00a0 \u00a0 \u00a0no haber brindado respuesta a su requerimiento de libertad \u00a0 \u00a0 \u00a0 \u00a0 \u00a0condicional radicado el 3 de diciembre de 2019. \u00a0<\/p>\n<p>En \u00a0s\u00edntesis, asegur\u00f3 \u00a0que en oportunidades anteriores le fue negada su libertad por no \u00a0haber demostrado el arraigo, pero en la \u00faltima oportunidad s\u00ed \u00a0alleg\u00f3 la documentaci\u00f3n con la que acredita dicho \u00a0requisito. Sin embargo, \u00a0para la fecha de presentaci\u00f3n de la acci\u00f3n \u00a0constitucional, las pretensiones no han sido resueltas. \u00a0<\/p>\n<p>Mediante auto del 5 de mayo de \u00a02020, la Sala Penal del Tribunal Superior del Distrito Judicial de \u00a0Ibagu\u00e9 admiti\u00f3 la demanda de tutela y corri\u00f3 el \u00a0traslado correspondiente al Juzgado accionado. \u00a0<\/p>\n<p>\u00a0 \u00a0\u00a0 \u00a0 \u00a0 \u00a0 \u00a0<\/p>\n<p>2. El \u00a0 \u00a0 \u00a0 \u00a0 \u00a0pasado 22 de mayo, \u00a0 \u00a0 \u00a0 \u00a0 \u00a0fue proferido el fallo de tutela de primera instancia, a trav\u00e9s \u00a0 \u00a0 \u00a0 \u00a0 \u00a0del cual la Sala Penal del Tribunal Superior del Distrito Judicial \u00a0 \u00a0 \u00a0 \u00a0 \u00a0de Ibagu\u00e9, ampar\u00f3 el derecho deprecado y aunque no \u00a0 \u00a0 \u00a0 \u00a0 \u00a0dict\u00f3 la resoluci\u00f3n inmediata de la petici\u00f3n, \u00a0 \u00a0 \u00a0 \u00a0 \u00a0orden\u00f3 al \u00a0 \u00a0 \u00a0 \u00a0 \u00a0despacho accionado informar a la parte actora el turno en el cual se \u00a0 \u00a0 \u00a0 \u00a0 \u00a0encontraba su petici\u00f3n y fecha probable de respuesta. \u00a0<\/p>\n<p>Adicionalmente, por el elevado n\u00famero de \u00a0acciones constitucionales debido a la mora judicial del Juzgado \u00a0accionado, ofici\u00f3 al Consejo Superior de la Judicatura \u00a0y al Consejo Seccional de la Judicatura del Tolima para que \u00a0adoptaran medidas destinadas a descongestionar el Despacho Judicial \u00a0<\/p>\n<p>Sin embargo, al estudiar el escrito de impugnaci\u00f3n \u00a0presentado por la Direcci\u00f3n de la \u00a0Unidad de Desarrollo y An\u00e1lisis Estad\u00edstico del Consejo \u00a0Superior de la Judicatura, se advirti\u00f3 la \u00a0existencia causal de nulidad de la acci\u00f3n constitucional. Lo \u00a0anterior, porque esta Corporaci\u00f3n no pudo ejercer el derecho \u00a0de contradicci\u00f3n ni oponerse a las pretensiones de la acci\u00f3n, \u00a0con lo cual, a su juicio, se le vulner\u00f3 el derecho a la \u00a0defensa. \u00a0<\/p>\n<p>4. \u00a0Al respecto, d\u00edgase que, en el desarrollo del procedimiento de \u00a0tutela, el juez tiene la obligaci\u00f3n de garantizar el debido \u00a0proceso a las partes y terceros con inter\u00e9s. Si tal derecho es \u00a0vulnerado, acorde con el \u00a0numeral 9\u00ba del art\u00edculo 133 del C\u00f3digo General del \u00a0Proceso \u00a0y la jurisprudencia constitucional, la Sala debe declarar la nulidad \u00a0de lo actuado (CC \u00a0C\u2013543 \u00a0de 1992 reiterado \u00a0en CC A-065 \u00a0de 2013). Dicha \u00a0norma es aplicable al presente asunto por remisi\u00f3n del \u00a0art\u00edculo \u00a04\u00ba del Decreto 306 de 1992, reglamentario del Decreto 2591 de \u00a01991. \u00a0<\/p>\n<p>5. \u00a0En el caso bajo estudio, no se pudo establecer que el Tribunal \u00a0Superior del Distrito Judicial de Ibagu\u00e9 haya librado oficio \u00a0en el que se notificara el auto que avocaba el asunto en cuesti\u00f3n \u00a0al \u00a0Consejo \u00a0Superior de la Judicatura \u00a0y al Consejo \u00a0Seccional de la Judicatura del Tolima. \u00a0<\/p>\n<p>Adem\u00e1s, \u00a0examinado el expediente, no obra certificaci\u00f3n que d\u00e9 \u00a0cuenta que alguna de las Entidades tuvo acceso al auto admisorio de \u00a0la demanda. En contraste la Corporaci\u00f3n imp\u00fagnate \u00a0afirm\u00f3 que solo tuvo conocimiento del tr\u00e1mite durante \u00a0la diligencia de notificaci\u00f3n de la sentencia, en la que se le \u00a0ofici\u00f3 para la adopci\u00f3n de medidas. \u00a0<\/p>\n<p>As\u00ed \u00a0las cosas, encuentra la Corte que la Sala Penal del Tribunal Superior \u00a0de Ibagu\u00e9 no realiz\u00f3 en debida forma la notificaci\u00f3n \u00a0del auto del 5 de mayo de 2020 a las mencionadas entidades, \u00a0circunstancia que les impidi\u00f3 intervenir en el tr\u00e1mite, \u00a0en perjuicio de sus derechos fundamentales al debido proceso y \u00a0defensa. \u00a0<\/p>\n<p>En ese orden, la irregularidad detectada \u00a0constituye causal de invalidez de la actuaci\u00f3n desde la \u00a0sentencia de tutela de primera instancia y as\u00ed lo decretar\u00e1 \u00a0la Sala. Se aclara que las pruebas recaudadas conservan plena \u00a0validez. \u00a0<\/p>\n<p>Por lo expuesto, la CORTE SUPREMA \u00a0DE JUSTICIA, SALA DE CASACI\u00d3N PENAL \u2013 EN SALA DE \u00a0DECISI\u00d3N DE ACCIONES DE TUTELA N\u00b0 1, \u00a0<\/p>\n<p>RESUELVE \u00a0<\/p>\n<p>\u00a0 \u00a0\u00a0 \u00a0 \u00a0 \u00a0 \u00a0<\/p>\n<p>1. DECRETAR \u00a0 \u00a0 \u00a0 \u00a0 \u00a0LA NULIDAD de todo lo actuado dentro de la acci\u00f3n de tutela \u00a0 \u00a0 \u00a0 \u00a0 \u00a0promovida por \u00a0 \u00a0 \u00a0 \u00a0 \u00a0JEFFERSON \u00a0 \u00a0 \u00a0 \u00a0 \u00a0ALEXANDER TORRES MEJ\u00cdA \u00a0 \u00a0 \u00a0 \u00a0 \u00a0a \u00a0 \u00a0 \u00a0 \u00a0 \u00a0partir del fallo de primera instancia proferido por la Sala Penal \u00a0 \u00a0 \u00a0 \u00a0 \u00a0del Tribunal Superior del Distrito Judicial de Ibagu\u00e9 el 22 \u00a0 \u00a0 \u00a0 \u00a0 \u00a0de mayo de 2020, sin perjuicio de la legalidad de las pruebas \u00a0 \u00a0 \u00a0 \u00a0 \u00a0allegadas al expediente, por las razones anotadas en precedencia. \u00a0<\/p>\n<p>\u00a0 \u00a0\u00a0 \u00a0 \u00a0 \u00a0 \u00a0<\/p>\n<p>2. NOTIFICAR \u00a0 \u00a0 \u00a0 \u00a0 \u00a0a los sujetos procesales el presente fallo, por el medio m\u00e1s \u00a0 \u00a0 \u00a0 \u00a0 \u00a0expedito. \u00a0<\/p>\n<p>\u00a0 \u00a0\u00a0 \u00a0 \u00a0 \u00a0 \u00a0<\/p>\n<p>3. REMITIR \u00a0 \u00a0 \u00a0 \u00a0 \u00a0inmediatamente \u00a0 \u00a0 \u00a0 \u00a0 \u00a0las presentes diligencias a la \u00a0 \u00a0 \u00a0 \u00a0 \u00a0Sala Penal del Tribunal Superior del Distrito Judicial de Ibagu\u00e9, \u00a0 \u00a0 \u00a0 \u00a0 \u00a0para lo de su competencia. \u00a0<\/p>\n<p>NOTIF\u00cdQUESE Y C\u00daMPLASE \u00a0<\/p>\n<p>PATRICIA \u00a0SALAZAR CU\u00c9LLAR \u00a0<\/p>\n<p>JOS\u00c9 \u00a0FRANCISCO ACU\u00d1A VIZCAYA \u00a0<\/p>\n<p>EUGENIO \u00a0FERN\u00c1NDEZ CARLIER \u00a0<\/p>\n<p>NUBIA YOLANDA \u00a0NOVA GARC\u00cdA \u00a0<\/p>\n<p>Secretaria \u00a0 \u00a0 \u00a0<\/p>\n<p><\/p>\n","protected":false},"excerpt":{"rendered":"<p>\u00a0 \u00a0 \u00a0 \u00a0 \u00a0\u00a0 JOS\u00c9 \u00a0FRANCISCO ACU\u00d1A VIZCAYA \u00a0 Magistrado Ponente \u00a0 STP5073-2020 \u00a0 Radicaci\u00f3n \u00a0n.\u00b0 1150\/111085 \u00a0 (Aprobaci\u00f3n \u00a0Acta No.153) \u00a0 Bogot\u00e1 D.C., \u00a0veintiocho (28) de julio de dos mil veinte (2020) \u00a0 VISTOS \u00a0 Ser\u00eda del caso resolver la impugnaci\u00f3n \u00a0interpuesta por la Direcci\u00f3n de la \u00a0Unidad de Desarrollo y An\u00e1lisis Estad\u00edstico [&hellip;]<\/p>\n","protected":false},"author":1,"featured_media":0,"comment_status":"open","ping_status":"open","sticky":false,"template":"","format":"standard","meta":{"footnotes":""},"categories":[29],"tags":[],"class_list":["post-52344","post","type-post","status-publish","format-standard","hentry","category-29"],"_links":{"self":[{"href":"https:\/\/dmsjuridica.com\/buscador_20179478954\/salapenalcronologico20230723\/wp-json\/wp\/v2\/posts\/52344","targetHints":{"allow":["GET"]}}],"collection":[{"href":"https:\/\/dmsjuridica.com\/buscador_20179478954\/salapenalcronologico20230723\/wp-json\/wp\/v2\/posts"}],"about":[{"href":"https:\/\/dmsjuridica.com\/buscador_20179478954\/salapenalcronologico20230723\/wp-json\/wp\/v2\/types\/post"}],"author":[{"embeddable":true,"href":"https:\/\/dmsjuridica.com\/buscador_20179478954\/salapenalcronologico20230723\/wp-json\/wp\/v2\/users\/1"}],"replies":[{"embeddable":true,"href":"https:\/\/dmsjuridica.com\/buscador_20179478954\/salapenalcronologico20230723\/wp-json\/wp\/v2\/comments?post=52344"}],"version-history":[{"count":0,"href":"https:\/\/dmsjuridica.com\/buscador_20179478954\/salapenalcronologico20230723\/wp-json\/wp\/v2\/posts\/52344\/revisions"}],"wp:attachment":[{"href":"https:\/\/dmsjuridica.com\/buscador_20179478954\/salapenalcronologico20230723\/wp-json\/wp\/v2\/media?parent=52344"}],"wp:term":[{"taxonomy":"category","embeddable":true,"href":"https:\/\/dmsjuridica.com\/buscador_20179478954\/salapenalcronologico20230723\/wp-json\/wp\/v2\/categories?post=52344"},{"taxonomy":"post_tag","embeddable":true,"href":"https:\/\/dmsjuridica.com\/buscador_20179478954\/salapenalcronologico20230723\/wp-json\/wp\/v2\/tags?post=52344"}],"curies":[{"name":"wp","href":"https:\/\/api.w.org\/{rel}","templated":true}]}}