{"id":52040,"date":"2023-09-15T20:51:57","date_gmt":"2023-09-15T20:51:57","guid":{"rendered":"https:\/\/dmsjuridica.com\/buscador_20179478954\/salapenalcronologico20230723\/2023\/09\/15\/stp414-2020\/"},"modified":"2023-09-15T20:51:57","modified_gmt":"2023-09-15T20:51:57","slug":"stp414-2020","status":"publish","type":"post","link":"https:\/\/dmsjuridica.com\/buscador_20179478954\/salapenalcronologico20230723\/2023\/09\/15\/stp414-2020\/","title":{"rendered":"STP414-2020"},"content":{"rendered":"\n<p>\u00a0 \u00a0 \u00a0 \u00a0\u00a0<\/p>\n<p>JOS\u00c9 \u00a0FRANCISCO ACU\u00d1A VIZCAYA \u00a0<\/p>\n<p>Magistrado \u00a0Ponente \u00a0<\/p>\n<p>STP414-2019 \u00a0<\/p>\n<p>Radicaci\u00f3n \u00a0n.\u00b0 108608 \u00a0<\/p>\n<p>(Aprobaci\u00f3n Acta No. 016 \u00a0 \u00a0 \u00a0 \u00a0) \u00a0<\/p>\n<p>Bogot\u00e1 \u00a0D.C., veintiocho (28) de enero de dos mil veinte (2020) \u00a0<\/p>\n<p>VISTOS \u00a0<\/p>\n<p>Resuelve la Sala de Casaci\u00f3n \u00a0Penal de la Corte Suprema de Justicia, Sala de Decisi\u00f3n de \u00a0Tutelas, la acci\u00f3n interpuesta por Diego Armando S\u00e1nchez \u00a0Ordo\u00f1ez contra la Sala Penal del Tribunal Superior del \u00a0Distrito Judicial de Bogot\u00e1. \u00a0<\/p>\n<p>ANTECEDENTES \u00a0<\/p>\n<p>Y \u00a0<\/p>\n<p>FUNDAMENTOS \u00a0DE LA ACCI\u00d3N \u00a0<\/p>\n<p>El accionante \u00a0solicita la tutela de su derecho fundamental de petici\u00f3n. \u00a0<\/p>\n<p>A partir de la \u00a0solicitud de amparo1 \u00a0y de los soportes allegados, se extraen los siguientes hechos: \u00a0<\/p>\n<p>El 17 de octubre de 2019, el \u00a0accionante radic\u00f3 derecho de petici\u00f3n ante la Sala \u00a0Penal del Tribunal Superior del Distrito Judicial de Bogot\u00e1 \u00a0por medio del cual solicit\u00f3: \u00a0<\/p>\n<p>-Se aclare la informaci\u00f3n que existe en su \u00a0contra y que se registra en las distintas bases de datos. \u00a0<\/p>\n<p>-Se corrija la informaci\u00f3n de las bases de \u00a0datos de la Polic\u00eda Nacional, pues aparece registrada una \u00a0orden de captura en su contra para cumplir una sentencia \u00a0condenatoria. Sin embargo, no existe dicha condena. \u00a0<\/p>\n<p>-Se emita certificaci\u00f3n en donde conste que en \u00a0su contra no existe sentencia condenatoria alguna. \u00a0<\/p>\n<p>Advirti\u00f3 que el Tribunal Superior del Distrito \u00a0Judicial de Bogot\u00e1 contest\u00f3 parcialmente su petici\u00f3n, \u00a0aunado a que no existe correlaci\u00f3n entre la petici\u00f3n y \u00a0la contestaci\u00f3n brindada por la accionada. \u00a0<\/p>\n<p>RESPUESTA DE LAS AUTORIDADES ACCIONADAS Y \u00a0VINCULADAS \u00a0<\/p>\n<p>\u00a0 \u00a0\u00a0 \u00a0 \u00a0 \u00a0 \u00a0<\/p>\n<p>1. En el t\u00e9rmino de traslado, la Sala Penal \u00a0 \u00a0 \u00a0 \u00a0 \u00a0del Tribunal Superior del Distrito Judicial de Bogot\u00e1 no se \u00a0 \u00a0 \u00a0 \u00a0 \u00a0pronunci\u00f3 respecto a los hechos y pretensiones contenidos en \u00a0 \u00a0 \u00a0 \u00a0 \u00a0la demanda de tutela. \u00a0<\/p>\n<p>CONSIDERACIONES DE LA SALA \u00a0<\/p>\n<p>De conformidad con \u00a0lo previsto en el art\u00edculo 37 del Decreto 2591 de 1991, el \u00a0numeral 7 del art\u00edculo 2.2.3.1.2.1 del Decreto 1069 de 2015, \u00a0modificado por el art\u00edculo 1 del Decreto 1983 de 2017, y \u00a0el art\u00edculo 44 del Reglamento General de esta Corporaci\u00f3n, \u00a0esta Sala es competente para resolver la acci\u00f3n de tutela \u00a0interpuesta por Diego Armando S\u00e1nchez Ordo\u00f1ez \u00a0contra la Sala Penal del Tribunal Superior del Distrito Judicial de \u00a0Bogot\u00e1. \u00a0<\/p>\n<p>El problema jur\u00eddico que \u00a0convoca a la Sala consiste en establecer si se brind\u00f3 \u00a0contestaci\u00f3n de fondo en relaci\u00f3n con el derecho de \u00a0petici\u00f3n instaurado por el accionante el 17 de octubre de 2019 \u00a0ante la Sala Penal del Tribunal Superior del Distrito Judicial de \u00a0Bogot\u00e1. \u00a0 \u00a0<\/p>\n<p>De la obligaci\u00f3n de responder las \u00a0peticiones. \u00a0<\/p>\n<p>A prop\u00f3sito \u00a0de la acci\u00f3n constitucional de tutela, el art\u00edculo 86 \u00a0de la Carta Pol\u00edtica establece que se trata de un mecanismo \u00a0concebido para la protecci\u00f3n inmediata de los derechos \u00a0fundamentales, cuando estos resulten amenazados o vulnerados por \u00a0cualquier acci\u00f3n u omisi\u00f3n de las autoridades, siempre \u00a0que no exista otro recurso o medio de defensa judicial, a menos que \u00a0se utilice como mecanismo transitorio de protecci\u00f3n para \u00a0evitar un perjuicio irremediable. \u00a0<\/p>\n<p>El derecho de \u00a0petici\u00f3n es una garant\u00eda constitucional que permite a \u00a0los ciudadanos, por una parte, presentar solicitudes respetuosas a \u00a0las autoridades y, por otra parte, que les otorga el derecho a \u00a0obtener una respuesta que sea: (i) \u00a0oportuna, (ii) clara, \u00a0(iii) completa, \u00a0(iv) de \u00a0fondo y (v) congruente \u00a0en relaci\u00f3n con lo pedido.2 \u00a0<\/p>\n<p>Se destaca que los \u00a0dos \u00faltimos elementos expuestos implican que la respuesta \u00a0brindada se debe constituir en una verdadera soluci\u00f3n de la \u00a0petici\u00f3n formulada, de ah\u00ed que se permita brindar \u00a0respuestas provisionales que informen las actuaciones que est\u00e1n \u00a0siendo adelantadas para la consecuci\u00f3n de ese fin.3 \u00a0<\/p>\n<p>As\u00ed \u00a0las cosas, toda autoridad destinataria de una petici\u00f3n \u00a0debidamente presentada debe tener en cuenta, por un lado, su deber de \u00a0respetar y garantizar que su respuesta satisfaga los cinco elementos \u00a0anteriormente enunciados, pues estos integran el n\u00facleo \u00a0esencial a partir del cual orbita el derecho fundamental de petici\u00f3n; \u00a0y por otro, que la respuesta brindada sea efectivamente comunicada al \u00a0peticionario. \u00a0<\/p>\n<p>An\u00e1lisis del caso concreto. \u00a0<\/p>\n<p>A partir del marco jur\u00eddico \u00a0presentado, la Sala constata que correspond\u00eda \u00a0al Tribunal Superior del Distrito Judicial de Bogot\u00e1 darle \u00a0una respuesta de fondo a la petici\u00f3n del accionante. \u00a0<\/p>\n<p>Se trata de una solicitud mediante la \u00a0cual Diego Armando S\u00e1nchez Ordo\u00f1ez realiz\u00f3 \u00a0m\u00faltiples peticiones. En lo que respecta concretamente a la \u00a0autoridad accionada, se advierte que el accionante requiri\u00f3 \u00a0una certificaci\u00f3n del estado del proceso con radicado No. \u00a0110016000049201500164. \u00a0<\/p>\n<p>La Sala encuentra, atendiendo el \u00a0principio de presunci\u00f3n de veracidad que recae sobre el \u00a0escrito de tutela, dado que la entidad accionada no se pronunci\u00f3 \u00a0al respecto, que hasta este momento no se ha emitido el certificado \u00a0correspondiente a pesar de que han transcurrido aproximadamente 3 \u00a0meses desde la radicaci\u00f3n de la solicitud. \u00a0<\/p>\n<p>Por estos motivos, se amparar\u00e1 \u00a0el derecho fundamental de petici\u00f3n, y en consecuencia, \u00a0se ordenar\u00e1 al Tribunal Superior del \u00a0Distrito Judicial de Bogot\u00e1 que \u00a0dentro de las cuarenta y ocho horas siguientes a la notificaci\u00f3n \u00a0de esta decisi\u00f3n, si no lo ha hecho, emita la contestaci\u00f3n \u00a0correspondiente al accionante. \u00a0<\/p>\n<p>Por lo expuesto, la CORTE \u00a0SUPREMA DE JUSTICIA, SALA DE CASACI\u00d3N PENAL \u2013 EN SALA DE \u00a0DECISI\u00d3N DE ACCIONES DE TUTELA N\u00b0 1, administrando \u00a0justicia, en nombre de la Rep\u00fablica y por autoridad de la Ley, \u00a0<\/p>\n<p>RESUELVE \u00a0<\/p>\n<p>\u00a0 \u00a0\u00a0 \u00a0 \u00a0 \u00a0 \u00a0<\/p>\n<p>1. AMPARAR el derecho fundamental de petici\u00f3n \u00a0 \u00a0 \u00a0 \u00a0 \u00a0de Diego Armando S\u00e1nchez Ordo\u00f1ez respecto del \u00a0 \u00a0 \u00a0 \u00a0 \u00a0Tribunal Superior del Distrito Judicial de \u00a0 \u00a0 \u00a0 \u00a0 \u00a0Bogot\u00e1, por las razones anotadas en precedencia. \u00a0<\/p>\n<p>\u00a0 \u00a0\u00a0 \u00a0 \u00a0 \u00a0 \u00a0<\/p>\n<p>1. En consecuencia, ORDENAR al Tribunal \u00a0 \u00a0 \u00a0 \u00a0 \u00a0Superior del Distrito Judicial de Bogot\u00e1 que dentro de \u00a0 \u00a0 \u00a0 \u00a0 \u00a0las cuarenta y ocho (48) siguientes, contadas a partir de la \u00a0 \u00a0 \u00a0 \u00a0 \u00a0notificaci\u00f3n de la presente decisi\u00f3n, si no lo ha \u00a0 \u00a0 \u00a0 \u00a0 \u00a0hecho, proceda a emitir la contestaci\u00f3n \u00a0 \u00a0 \u00a0 \u00a0 \u00a0correspondiente al accionante, respecto de la petici\u00f3n \u00a0 \u00a0 \u00a0 \u00a0 \u00a0elevada el 17 de octubre de 2019. \u00a0<\/p>\n<p>\u00a0 \u00a0\u00a0 \u00a0 \u00a0 \u00a0 \u00a0<\/p>\n<p>2. NOTIFICAR a los sujetos procesales por el medio \u00a0 \u00a0 \u00a0 \u00a0 \u00a0m\u00e1s expedito el presente fallo, inform\u00e1ndoles que \u00a0 \u00a0 \u00a0 \u00a0 \u00a0puede ser impugnado dentro de los tres d\u00edas siguientes, \u00a0 \u00a0 \u00a0 \u00a0 \u00a0contados a partir de su notificaci\u00f3n. \u00a0<\/p>\n<p>\u00a0 \u00a0\u00a0 \u00a0 \u00a0 \u00a0 \u00a0<\/p>\n<p>3. Si no fuere impugnado, env\u00edese la \u00a0 \u00a0 \u00a0 \u00a0 \u00a0actuaci\u00f3n a la Corte Constitucional para su eventual \u00a0 \u00a0 \u00a0 \u00a0 \u00a0revisi\u00f3n, dentro del t\u00e9rmino indicado en el art\u00edculo \u00a0 \u00a0 \u00a0 \u00a0 \u00a031 del Decreto 2591 de 1991. \u00a0<\/p>\n<p>NOTIF\u00cdQUESE Y C\u00daMPLASE \u00a0<\/p>\n<p>JOS\u00c9 \u00a0FRANCISCO ACU\u00d1A VIZCAYA \u00a0<\/p>\n<p>EUGENIO \u00a0FERN\u00c1NDEZ CARLIER \u00a0<\/p>\n<p>NUBIA YOLANDA NOVA GARC\u00cdA \u00a0<\/p>\n<p>Secretaria \u00a0<\/p>\n<p>1 \u00a0 \u00a0 \u00a0 \u00a0 \u00a0Folios 1 y 2 del cuaderno de primera instancia. \u00a0<\/p>\n<p>2 \u00a0 \u00a0 \u00a0 \u00a0 \u00a0Cfr. CC T-692 de 2009 y C-818 \u00a0 \u00a0 \u00a0 \u00a0 \u00a0de 2011. \u00a0<\/p>\n<p>3 \u00a0 \u00a0 \u00a0 \u00a0 \u00a0Ley 1755 de 2017, art\u00edculo 14, par\u00e1grafo: \u00abCuando \u00a0 \u00a0 \u00a0 \u00a0 \u00a0excepcionalmente no fuere posible resolver la petici\u00f3n en los \u00a0 \u00a0 \u00a0 \u00a0 \u00a0plazos aqu\u00ed se\u00f1alados, la autoridad debe informar esta \u00a0 \u00a0 \u00a0 \u00a0 \u00a0circunstancia al interesado, antes del vencimiento del t\u00e9rmino \u00a0 \u00a0 \u00a0 \u00a0 \u00a0se\u00f1alado en la ley expresando los motivos de la demora y \u00a0 \u00a0 \u00a0 \u00a0 \u00a0se\u00f1alando a la vez el plazo razonable en que se resolver\u00e1 \u00a0 \u00a0 \u00a0 \u00a0 \u00a0o dar\u00e1 respuesta, que no podr\u00e1 exceder del doble del \u00a0 \u00a0 \u00a0 \u00a0 \u00a0inicialmente previsto\u00bb. \u00a0 \u00a0 \u00a0<\/p>\n<p><\/p>\n","protected":false},"excerpt":{"rendered":"<p>\u00a0 \u00a0 \u00a0 \u00a0\u00a0 JOS\u00c9 \u00a0FRANCISCO ACU\u00d1A VIZCAYA \u00a0 Magistrado \u00a0Ponente \u00a0 STP414-2019 \u00a0 Radicaci\u00f3n \u00a0n.\u00b0 108608 \u00a0 (Aprobaci\u00f3n Acta No. 016 \u00a0 \u00a0 \u00a0 \u00a0) \u00a0 Bogot\u00e1 \u00a0D.C., veintiocho (28) de enero de dos mil veinte (2020) \u00a0 VISTOS \u00a0 Resuelve la Sala de Casaci\u00f3n \u00a0Penal de la Corte Suprema de Justicia, Sala de [&hellip;]<\/p>\n","protected":false},"author":1,"featured_media":0,"comment_status":"open","ping_status":"open","sticky":false,"template":"","format":"standard","meta":{"footnotes":""},"categories":[29],"tags":[],"class_list":["post-52040","post","type-post","status-publish","format-standard","hentry","category-29"],"_links":{"self":[{"href":"https:\/\/dmsjuridica.com\/buscador_20179478954\/salapenalcronologico20230723\/wp-json\/wp\/v2\/posts\/52040","targetHints":{"allow":["GET"]}}],"collection":[{"href":"https:\/\/dmsjuridica.com\/buscador_20179478954\/salapenalcronologico20230723\/wp-json\/wp\/v2\/posts"}],"about":[{"href":"https:\/\/dmsjuridica.com\/buscador_20179478954\/salapenalcronologico20230723\/wp-json\/wp\/v2\/types\/post"}],"author":[{"embeddable":true,"href":"https:\/\/dmsjuridica.com\/buscador_20179478954\/salapenalcronologico20230723\/wp-json\/wp\/v2\/users\/1"}],"replies":[{"embeddable":true,"href":"https:\/\/dmsjuridica.com\/buscador_20179478954\/salapenalcronologico20230723\/wp-json\/wp\/v2\/comments?post=52040"}],"version-history":[{"count":0,"href":"https:\/\/dmsjuridica.com\/buscador_20179478954\/salapenalcronologico20230723\/wp-json\/wp\/v2\/posts\/52040\/revisions"}],"wp:attachment":[{"href":"https:\/\/dmsjuridica.com\/buscador_20179478954\/salapenalcronologico20230723\/wp-json\/wp\/v2\/media?parent=52040"}],"wp:term":[{"taxonomy":"category","embeddable":true,"href":"https:\/\/dmsjuridica.com\/buscador_20179478954\/salapenalcronologico20230723\/wp-json\/wp\/v2\/categories?post=52040"},{"taxonomy":"post_tag","embeddable":true,"href":"https:\/\/dmsjuridica.com\/buscador_20179478954\/salapenalcronologico20230723\/wp-json\/wp\/v2\/tags?post=52040"}],"curies":[{"name":"wp","href":"https:\/\/api.w.org\/{rel}","templated":true}]}}