{"id":51829,"date":"2023-09-15T20:52:33","date_gmt":"2023-09-15T20:52:33","guid":{"rendered":"https:\/\/dmsjuridica.com\/buscador_20179478954\/salapenalcronologico20230723\/2023\/09\/15\/stp3038-2020\/"},"modified":"2023-09-15T20:52:33","modified_gmt":"2023-09-15T20:52:33","slug":"stp3038-2020","status":"publish","type":"post","link":"https:\/\/dmsjuridica.com\/buscador_20179478954\/salapenalcronologico20230723\/2023\/09\/15\/stp3038-2020\/","title":{"rendered":"STP3038-2020"},"content":{"rendered":"\n<p>\u00a0 \u00a0 \u00a0 \u00a0\u00a0<\/p>\n<p>Eyder \u00a0Pati\u00f1o Cabrera \u00a0<\/p>\n<p>Magistrado \u00a0Ponente \u00a0<\/p>\n<p>STP3038-2020 \u00a0<\/p>\n<p>Radicaci\u00f3n \u00a0n.\u00b0 \u00a0108927 \u00a0<\/p>\n<p>(Aprobado \u00a0Acta n.\u00b0 56) \u00a0<\/p>\n<p>Bogot\u00e1, \u00a0D.C., cinco (05) de marzo de dos mil veinte (2020). \u00a0<\/p>\n<p>ASUNTO \u00a0<\/p>\n<p>Se \u00a0resuelve la impugnaci\u00f3n presentada por Germ\u00e1n \u00a0Bernal Manrique frente \u00a0a la sentencia proferida el 13 de diciembre de 2019 mediante la cual \u00a0la Sala Penal del Tribunal Superior de Neiva neg\u00f3 la tutela \u00a0interpuesta contra los Juzgados 1\u00ba de Ejecuci\u00f3n de Penas \u00a0y Medidas de Seguridad de Neiva y 2\u00ba Penal del Circuito \u00a0Especializado de Buga, por la presunta vulneraci\u00f3n de sus \u00a0derechos a la igualdad y a la \u00abbuena \u00a0fe y seguridad jur\u00eddica\u00bb. \u00a0<\/p>\n<p>ANTECEDENTES \u00a0<\/p>\n<p>1. Hechos y \u00a0fundamentos de la acci\u00f3n \u00a0<\/p>\n<p>1.1. \u00a0El 24 de abril de 2013, el Juzgado 2 Penal del Circuito Especializado \u00a0de Buga conden\u00f3 a Germ\u00e1n \u00a0Bernal Manrique a \u00a096 meses de prisi\u00f3n por la comisi\u00f3n del delito de \u00a0tr\u00e1fico de sustancias para el procesamiento de narc\u00f3ticos. \u00a0Asimismo, le neg\u00f3 la suspensi\u00f3n condicional de la \u00a0ejecuci\u00f3n de la pena y la prisi\u00f3n domiciliaria. \u00a0<\/p>\n<p>1.2. \u00a0El sentenciado solicit\u00f3 la concesi\u00f3n de la libertad \u00a0condicional y el 3 de octubre de 20181, \u00a0el Juzgado 1\u00ba de Ejecuci\u00f3n de Penas y Medidas de \u00a0Seguridad de Neiva neg\u00f3 su pretensi\u00f3n. \u00a0<\/p>\n<p>1.3. \u00a0Frente a esa \u00a0determinaci\u00f3n el accionante interpuso recurso de apelaci\u00f3n \u00a0y el 13 de diciembre del mismo a\u00f1o2 \u00a0el Juzgado 2 Penal del Circuito Especializado de Buga la ratific\u00f3. \u00a0<\/p>\n<p>1.4. \u00a0El 16 de abril de 2019 el Juzgado que vigila la condena al actor, \u00a0ante una nueva petici\u00f3n de libertad condicional, no efectu\u00f3 \u00a0pronunciamiento alguno al encontrar que lo planteado ya se hab\u00eda \u00a0tratado, analizado y decidido en providencia anterior, adem\u00e1s, \u00a0su situaci\u00f3n no hab\u00eda variado hasta ese momento. \u00a0<\/p>\n<p>1.5. \u00a0Apelado este auto, el 21 de junio de 2019, el mismo Juzgado consider\u00f3 \u00a0que el recurso deb\u00eda tratarse como una reposici\u00f3n, la \u00a0cual neg\u00f3, y al no haber dado tramit\u00e9 a la apelaci\u00f3n, \u00a0dispuso que contra esa providencia proced\u00eda el recurso de \u00a0queja. \u00a0<\/p>\n<p>1.6. \u00a0Ante otra petici\u00f3n de libertad condicional allegada por el \u00a0Establecimiento Penitenciario y Carcelario de Neiva, el accionado \u00a0orden\u00f3 estarse a lo resuelto en autos anteriores, al no \u00a0presentarse otras circunstancias de hecho, de derecho o \u00a0jurisprudenciales que ameriten un nuevo estudio y decisi\u00f3n de \u00a0fondo sobre el asunto. \u00a0<\/p>\n<p>1.7. \u00a0Inconforme con lo anterior, Germ\u00e1n \u00a0Bernal Manrique present\u00f3 \u00a0acci\u00f3n de tutela en contra de las referidas autoridades \u00a0judiciales por la vulneraci\u00f3n de sus derechos a la igualdad y \u00a0a la \u00abbuena \u00a0fe y seguridad jur\u00eddica\u00bb. \u00a0<\/p>\n<p>LA \u00a0SENTENCIA IMPUGNADA \u00a0<\/p>\n<p>La \u00a0Sala Penal del Tribunal Superior de Neiva neg\u00f3 por \u00a0improcedente el amparo al considerar que las autoridades demandadas \u00a0fundamentaron en debida forma los motivos por los cuales era \u00a0improcedente la libertad condicional, raz\u00f3n por la que no se \u00a0observa que hayan incurrido en ninguna causal de procedibilidad. \u00a0Evidenciaron que las decisiones cuestionadas fueron emitidas dentro \u00a0de la autonom\u00eda y bajo el amparo de la normatividad y la \u00a0jurisprudencia vigente. \u00a0<\/p>\n<p>LA \u00a0IMPUGNACI\u00d3N \u00a0<\/p>\n<p>Germ\u00e1n \u00a0Bernal Manrique present\u00f3 \u00a0memorial en el que reiter\u00f3 los planteamientos de la demanda. \u00a0<\/p>\n<p>CONSIDERACIONES \u00a0<\/p>\n<p>1. El \u00a0problema jur\u00eddico \u00a0<\/p>\n<p>Corresponde \u00a0a la Sala determinar si las autoridades accionadas vulneraron sus \u00a0derechos a \u00a0la igualdad, a la \u00abbuena \u00a0fe y seguridad jur\u00eddica \u00a0del interesado, \u00a0por \u00a0haberle negado la libertad condicional pese a que, en su sentir, \u00a0cumple con los requisitos. \u00a0<\/p>\n<p>Para \u00a0tal fin, se verificar\u00e1 las causales de procedibilidad. \u00a0<\/p>\n<p>2. La \u00a0procedencia excepcional de la tutela contra providencias judiciales \u00a0<\/p>\n<p>En \u00a0repetidas ocasiones la jurisprudencia ha reiterado que el amparo \u00a0constitucional contra providencias judiciales es no s\u00f3lo \u00a0excepcional, sino excepcional\u00edsimo, \u00a0para no afectar la seguridad jur\u00eddica y como amplio respeto \u00a0por la autonom\u00eda judicial garantizada en la Carta Pol\u00edtica. \u00a0<\/p>\n<p>Al \u00a0respecto, la Corte Constitucional, en sentencia \u00a0 \u00a0 \u00a0 CC T \u2013 \u00a0780-2006, dijo: \u00a0<\/p>\n<p>[\u2026] \u00a0La \u00a0eventual procedencia de la acci\u00f3n de tutela contra sentencias \u00a0judiciales y otras providencias que pongan fin al proceso tiene \u00a0connotaci\u00f3n de excepcional\u00edsima, \u00a0lo \u00a0cual significa que procede siempre \u00a0y cuando se cumplan unos determinados requisitos muy estrictos que la \u00a0jurisprudencia se ha encargado de especificar. \u00a0[Negrillas \u00a0y subrayas fuera del original]. \u00a0<\/p>\n<p>Para \u00a0que ello tenga lugar se deben cumplir una serie de requisitos de \u00a0procedibilidad, unos de car\u00e1cter general, que habilitan su \u00a0interposici\u00f3n, y otros espec\u00edficos, que apuntan a la \u00a0procedencia misma del amparo3. \u00a0De manera que quien acude a \u00e9l tiene la carga no s\u00f3lo \u00a0respecto de su planteamiento, sino de su demostraci\u00f3n. \u00a0<\/p>\n<p>Dentro de los \u00a0primeros se encuentran: \u00a0<\/p>\n<p>a) Que el asunto \u00a0discutido resulte de relevancia constitucional. \u00a0<\/p>\n<p>b) Que se hayan \u00a0agotado todos los medios ordinarios y extraordinarios de defensa \u00a0judicial. \u00a0<\/p>\n<p>c) \u00a0Que se est\u00e9 ante un perjuicio iusfundamental \u00a0irremediable. \u00a0<\/p>\n<p>d) Que se cumpla \u00a0con el requisito de inmediatez, esto es, que se interponga dentro de \u00a0un t\u00e9rmino razonable y justo. \u00a0<\/p>\n<p>e) Que se trate de \u00a0una irregularidad procesal, y la misma tenga un efecto decisivo o \u00a0determinante en la decisi\u00f3n que se impugna y que afecte los \u00a0derechos fundamentales de la parte actora. \u00a0<\/p>\n<p>f) Que se \u00a0identifiquen de manera razonable los hechos que generaron la \u00a0transgresi\u00f3n y los derechos vulnerados, y, adem\u00e1s, que \u00a0esa violaci\u00f3n haya sido alegada dentro del proceso, siempre \u00a0que hubiese sido posible. \u00a0<\/p>\n<p>g) Que no se trate \u00a0de sentencias de tutela. \u00a0<\/p>\n<p>Los segundos, por \u00a0su parte, apuntan a que se demuestre que la providencia adolece de \u00a0alg\u00fan defecto org\u00e1nico, procedimental absoluto, \u00a0f\u00e1ctico, material o sustantivo, un error inducido, o carece \u00a0por completo de motivaci\u00f3n, desconoce el precedente o viola \u00a0directamente la Constituci\u00f3n. \u00a0<\/p>\n<p>3. Caso \u00a0concreto \u00a0<\/p>\n<p>3.1. \u00a0Trasladadas las anteriores consideraciones al asunto que ahora es \u00a0objeto de an\u00e1lisis, la Corte estima que Bernal \u00a0Manrique agot\u00f3 \u00a0los recursos ordinarios de defensa contra la determinaci\u00f3n que \u00a0le neg\u00f3 la libertad condicional, raz\u00f3n por la cual \u00a0verificar\u00e1 si las decisiones adoptadas son arbitrarias y \u00a0constitutivas de causal gen\u00e9rica de procedibilidad. \u00a0<\/p>\n<p>El \u00a0art\u00edculo 64 del C\u00f3digo Penal, modificado por el canon o \u00a030 de la Ley 1709 de 2014, estipula la \u00a0procedencia de la libertad condicional as\u00ed: \u00a0<\/p>\n<p>[\u2026] \u00a0El \u00a0juez, previa \u00a0valoraci\u00f3n de la conducta punible, \u00a0conceder\u00e1 la libertad condicional a la persona condenada a \u00a0pena privativa de la libertad cuando haya cumplido con los siguientes \u00a0requisitos (\u2026): \u00a0<\/p>\n<p>Los \u00a0accionados en sus providencias analizaron que el actor cumpli\u00f3 \u00a0el factor objetivo, al estar privado de la libertad de manera \u00a0intramural las tres quintas partes de la pena; sin embargo, no sucede \u00a0lo mismo con el criterio subjetivo referente a la gravedad de la \u00a0conducta punible. \u00a0<\/p>\n<p>Al \u00a0respecto, las autoridades judiciales advirtieron un notable riesgo en \u00a0la potencialidad del delito cometido por el interesado, as\u00ed \u00a0\u00abpor \u00a0conductas como las desempe\u00f1adas por el se\u00f1or GERMAN \u00a0BERNAL MANRIQUE, que les causan graves perjuicios a la salud p\u00fablica, \u00a0lo mismo que ponen en m\u00e1ximo riesgo otros bienes jur\u00eddicos \u00a0tutelados como a la integridad f\u00edsica y a\u00fan la misma \u00a0vida\u00bb4, \u00a0y adem\u00e1s \u00abrevela \u00a0una personalidad apartada de valores que informan nuestra vida \u00a0social, como respeto por el derecho de los dem\u00e1s, la primac\u00eda \u00a0de la dignidad de las personas, el trabajo como factor de desarrollo \u00a0personal y social, todos abandonados por el condenado cuando resolvi\u00f3 \u00a0transportar esa gran cantidad de sustancia que se constituye en el \u00a0medio o insumo para producir droga\u00bb5 \u00a0 factores que inciden al momento de conceder beneficios penales, pues \u00a0el mensaje preventivo que se pretende con la sanci\u00f3n, podr\u00eda \u00a0quedar desdibujado. \u00a0<\/p>\n<p>Se \u00a0infiere de lo anterior, que \u00a0los juzgados al valorar el acervo probatorio bajo las reglas de la \u00a0sana cr\u00edtica, concluyeron acertadamente que el accionante no \u00a0ten\u00eda derecho a la libertad condicional atendiendo la gravedad \u00a0de la conducta punible, \u00a0conforme lo ense\u00f1a la Corte Constitucional en sentencia CC \u00a0T-194\/05: \u00a0<\/p>\n<p>[\u2026] \u00a0As\u00ed pues, la gravedad del delito, por su aspecto objetivo y \u00a0subjetivo (valoraci\u00f3n legal, modalidades y m\u00f3viles), es \u00a0un ingrediente importante en el juicio de valor que constituye el \u00a0pron\u00f3stico de readaptaci\u00f3n social, pues el fin de la \u00a0ejecuci\u00f3n de la pena apunta tanto a una readecuaci\u00f3n \u00a0del comportamiento del individuo para su vida futura en sociedad, \u00a0como tambi\u00e9n a proteger a la comunidad de nuevas conductas \u00a0delictivas (prevenci\u00f3n especial y general). \u00a0Es que, a mayor \u00a0gravedad del delito e intensidad del grado de culpabilidad, sin \u00a0olvidar el prop\u00f3sito de resocializaci\u00f3n de la ejecuci\u00f3n \u00a0punitiva, el Estado tiene que ocuparse preferentemente de las \u00a0necesidades preventivas generales para la preservaci\u00f3n del \u00a0m\u00ednimo social. \u00a0<\/p>\n<p>Asimismo, \u00a0el m\u00e1ximo organismo constitucional en sentencia CC C-757\/14, \u00a0al estudiar la exequibilidad del \u00a0art\u00edculo 30 de la Ley 1709 de 2014 \u00a0precis\u00f3: \u00a0<\/p>\n<p>[\u2026] \u00a0En \u00a0primer lugar es necesario concluir que una norma que exige que los \u00a0jueces de ejecuci\u00f3n de penas valoren la conducta punible de \u00a0las personas condenadas para decidir acerca de su libertad \u00a0condicional es exequible a la luz de los principios del non bis in \u00a0\u00eddem, del juez natural (C.P. art. 29) y de separaci\u00f3n \u00a0de poderes (C.P. art. 113). Por otra parte, dicha norma tampoco \u00a0vulnera la prevalencia de los tratados de derechos humanos en el \u00a0orden interno (C.P. art. 93), pues no desconoce el deber del Estado \u00a0de atender de manera primordial las funciones de resocializaci\u00f3n \u00a0y prevenci\u00f3n especial positiva de la pena privativas de la \u00a0libertad (Pacto Internacional de Derechos Civiles y Pol\u00edticos \u00a0art. 10.3 y Convenci\u00f3n Americana de Derechos Humanos art. \u00a05.6). Sin embargo, s\u00ed se vulnera el principio de legalidad \u00a0como elemento del debido proceso en materia penal, cuando el \u00a0legislador establece que los jueces de ejecuci\u00f3n de penas \u00a0deben valorar la conducta punible para decidir sobre la libertad \u00a0condicional sin darles los par\u00e1metros para ello. Por lo tanto, \u00a0una norma que exige que los jueces de ejecuci\u00f3n de penas \u00a0valoren la conducta punible de las personas condenadas a penas \u00a0privativas de su libertad para decidir acerca de su libertad \u00a0condicional es exequible, siempre y cuando\u00a0la valoraci\u00f3n \u00a0tenga en cuenta todas las circunstancias, elementos y consideraciones \u00a0hechas por el juez penal en la sentencia condenatoria, sean \u00e9stas \u00a0favorables o desfavorables al otorgamiento de la libertad \u00a0condicional. \u00a0<\/p>\n<p>En efecto, los \u00a0juzgados accionados no incurrieron en causales de procedibilidad y, \u00a0por el contrario, sus determinaciones est\u00e1n ajustadas a \u00a0derecho por estar de acuerdo con los c\u00e1nones de la \u00a0razonabilidad jur\u00eddica, que imponen el an\u00e1lisis \u00a0completo de los supuestos para conceder sustitutos penales. \u00a0<\/p>\n<p>3.2. \u00a0Con respecto al presunto desconocimiento del derecho a la igualdad, \u00a0lo aportado al expediente constitucional no acredita que el \u00a0peticionario haya sido discriminado al interior del proceso, en \u00a0relaci\u00f3n con lo resuelto en la actuaci\u00f3n seguida contra \u00a0su compa\u00f1ero de causa. Cabe precisar al respecto que cada \u00a0asunto de competencia del juez natural debe ser valorado de manera \u00a0individual, amparado en los principios de autonom\u00eda e \u00a0independencia judicial, consagrados en el art\u00edculo 228 de la \u00a0Carta Pol\u00edtica, en tanto sus efectos son exclusivamente inter \u00a0partes. \u00a0<\/p>\n<p>Por las anteriores \u00a0consideraciones se ratificar\u00e1 el fallo. \u00a0<\/p>\n<p>En \u00a0m\u00e9rito de lo expuesto, la Sala de Decisi\u00f3n de Tutelas \u00a0n.\u00b0 3 de la Sala de Casaci\u00f3n Penal de la Corte Suprema de \u00a0Justicia, administrando justicia en nombre de la Rep\u00fablica y \u00a0por autoridad de la ley, \u00a0<\/p>\n<p>RESUELVE \u00a0<\/p>\n<p>Primero. \u00a0Confirmar la \u00a0sentencia impugnada. \u00a0<\/p>\n<p>Segundo. \u00a0Disponer \u00a0el env\u00edo de las diligencias a la Corte Constitucional, para la \u00a0eventual revisi\u00f3n de los fallos proferidos. \u00a0<\/p>\n<p>NOTIF\u00cdQUESE \u00a0Y C\u00daMPLASE \u00a0<\/p>\n<p>Eyder \u00a0Pati\u00f1o Cabrera \u00a0<\/p>\n<p>Jaime \u00a0Humberto Moreno Acero \u00a0<\/p>\n<p>Nubia \u00a0Yolanda Nova Garc\u00eda \u00a0<\/p>\n<p>Secretaria \u00a0<\/p>\n<p>1 \u00a0 \u00a0 \u00a0 \u00a0 \u00a0Cfr. \u00a0 \u00a0 \u00a0 \u00a0 \u00a0Folios 32 a 35 \u2013 cuaderno n.\u00b0 1. \u00a0<\/p>\n<p>2 \u00a0 \u00a0 \u00a0 \u00a0 \u00a0Cfr. \u00a0 \u00a0 \u00a0 \u00a0 \u00a0Folios 42 a 46 \u2013 ib\u00eddem. \u00a0<\/p>\n<p>3 \u00a0 \u00a0 \u00a0 \u00a0 \u00a0Fallo C-590 de 08 de junio de 2005 y T-332 de 2006. \u00a0<\/p>\n<p>4 \u00a0 \u00a0 \u00a0 \u00a0 \u00a0Cfr. \u00a0 \u00a0 \u00a0 \u00a0 \u00a0Auto del 3 de octubre de 2018, emitido por el Juzgado 1\u00ba de \u00a0 \u00a0 \u00a0 \u00a0 \u00a0Ejecuci\u00f3n de Penas y Medidas de Seguridad de Neiva. Folios 32 \u00a0 \u00a0 \u00a0 \u00a0 \u00a0a 35 \u2013 cuaderno Tribunal. \u00a0<\/p>\n<p>5 \u00a0 \u00a0 \u00a0 \u00a0 \u00a0Cfr. \u00a0 \u00a0 \u00a0 \u00a0 \u00a0Auto del 13 de diciembre de 2018, emitido por el Juzgado 2\u00ba \u00a0 \u00a0 \u00a0 \u00a0 \u00a0Penal del Circuito Especializado de Buga. Folios 42 a 45 \u2013 \u00a0 \u00a0 \u00a0 \u00a0 \u00a0cuaderno Tribunal. \u00a0<\/p>\n<p>\u00a0 \u00a0 \u00a0\u00a0<\/p>\n<p><\/p>\n","protected":false},"excerpt":{"rendered":"<p>\u00a0 \u00a0 \u00a0 \u00a0\u00a0 Eyder \u00a0Pati\u00f1o Cabrera \u00a0 Magistrado \u00a0Ponente \u00a0 STP3038-2020 \u00a0 Radicaci\u00f3n \u00a0n.\u00b0 \u00a0108927 \u00a0 (Aprobado \u00a0Acta n.\u00b0 56) \u00a0 Bogot\u00e1, \u00a0D.C., cinco (05) de marzo de dos mil veinte (2020). \u00a0 ASUNTO \u00a0 Se \u00a0resuelve la impugnaci\u00f3n presentada por Germ\u00e1n \u00a0Bernal Manrique frente \u00a0a la sentencia proferida el 13 de diciembre de [&hellip;]<\/p>\n","protected":false},"author":1,"featured_media":0,"comment_status":"open","ping_status":"open","sticky":false,"template":"","format":"standard","meta":{"footnotes":""},"categories":[29],"tags":[],"class_list":["post-51829","post","type-post","status-publish","format-standard","hentry","category-29"],"_links":{"self":[{"href":"https:\/\/dmsjuridica.com\/buscador_20179478954\/salapenalcronologico20230723\/wp-json\/wp\/v2\/posts\/51829","targetHints":{"allow":["GET"]}}],"collection":[{"href":"https:\/\/dmsjuridica.com\/buscador_20179478954\/salapenalcronologico20230723\/wp-json\/wp\/v2\/posts"}],"about":[{"href":"https:\/\/dmsjuridica.com\/buscador_20179478954\/salapenalcronologico20230723\/wp-json\/wp\/v2\/types\/post"}],"author":[{"embeddable":true,"href":"https:\/\/dmsjuridica.com\/buscador_20179478954\/salapenalcronologico20230723\/wp-json\/wp\/v2\/users\/1"}],"replies":[{"embeddable":true,"href":"https:\/\/dmsjuridica.com\/buscador_20179478954\/salapenalcronologico20230723\/wp-json\/wp\/v2\/comments?post=51829"}],"version-history":[{"count":0,"href":"https:\/\/dmsjuridica.com\/buscador_20179478954\/salapenalcronologico20230723\/wp-json\/wp\/v2\/posts\/51829\/revisions"}],"wp:attachment":[{"href":"https:\/\/dmsjuridica.com\/buscador_20179478954\/salapenalcronologico20230723\/wp-json\/wp\/v2\/media?parent=51829"}],"wp:term":[{"taxonomy":"category","embeddable":true,"href":"https:\/\/dmsjuridica.com\/buscador_20179478954\/salapenalcronologico20230723\/wp-json\/wp\/v2\/categories?post=51829"},{"taxonomy":"post_tag","embeddable":true,"href":"https:\/\/dmsjuridica.com\/buscador_20179478954\/salapenalcronologico20230723\/wp-json\/wp\/v2\/tags?post=51829"}],"curies":[{"name":"wp","href":"https:\/\/api.w.org\/{rel}","templated":true}]}}