{"id":51796,"date":"2023-09-15T20:52:31","date_gmt":"2023-09-15T20:52:31","guid":{"rendered":"https:\/\/dmsjuridica.com\/buscador_20179478954\/salapenalcronologico20230723\/2023\/09\/15\/stp2923-2020\/"},"modified":"2023-09-15T20:52:31","modified_gmt":"2023-09-15T20:52:31","slug":"stp2923-2020","status":"publish","type":"post","link":"https:\/\/dmsjuridica.com\/buscador_20179478954\/salapenalcronologico20230723\/2023\/09\/15\/stp2923-2020\/","title":{"rendered":"STP2923-2020"},"content":{"rendered":"\n<p>\u00a0 \u00a0 \u00a0 \u00a0\u00a0<\/p>\n<p>EYDER \u00a0PATI\u00d1O CABRERA \u00a0<\/p>\n<p>Magistrado \u00a0ponente \u00a0<\/p>\n<p>STP2923-2020 \u00a0<\/p>\n<p>Radicaci\u00f3n \u00a0n\u00b0 109285 \u00a0<\/p>\n<p>Acta \u00a0056 \u00a0<\/p>\n<p>Bogot\u00e1, \u00a0D.C., cinco (05) de marzo de dos mil veinte (2020). \u00a0<\/p>\n<p>VISTOS: \u00a0<\/p>\n<p>Resuelve \u00a0la Sala la impugnaci\u00f3n interpuesta por BORIS \u00a0BARRAG\u00c1N MAR\u00cdN, \u00a0contra el fallo proferido el 22 de enero de 2020 por la Sala Penal \u00a0del Tribunal Superior del Distrito Judicial de Ibagu\u00e9, que \u00a0neg\u00f3 el amparo de sus derechos fundamentales de petici\u00f3n \u00a0y acceso a la administraci\u00f3n de justicia, presuntamente \u00a0vulnerados por el Juzgado 5\u00ba de Ejecuci\u00f3n de Penas y \u00a0Medidas de Seguridad de la mencionada ciudad. \u00a0<\/p>\n<p>Al \u00a0tr\u00e1mite fue vinculado el Juzgado Primero de la citada \u00a0especialidad y ciudad. \u00a0<\/p>\n<p>FUNDAMENTOS \u00a0DE LA ACCI\u00d3N: \u00a0<\/p>\n<p>1. \u00a0Los hechos fueron expuestos por el a \u00a0quo \u00a0de la siguiente manera: \u00a0<\/p>\n<p>Manifiesta \u00a0el accionante que solicit\u00f3 la acumulaci\u00f3n jur\u00eddica \u00a0de las penas que le fueron impuestas al interior de los dos (02) \u00a0procesos penales que cursaron en su contra y se encuentra bajo el \u00a0conocimiento del Juzgado \u00a0Quinto de Ejecuci\u00f3n de Penas de Ibagu\u00e9, sin \u00a0que a la fecha de interposici\u00f3n de la presente demanda de \u00a0tutela hubiere obtenido contestaci\u00f3n alguna frente a su \u00a0pedimento. \u00a0<\/p>\n<p>2. \u00a0Por lo anterior, el accionante acude ante el Juez Constitucional para \u00a0que proteja sus garant\u00edas fundamentales y, como consecuencia \u00a0de ello ordene \u00a0al Juzgado 5\u00ba accionado emitir un pronunciamiento de fondo \u00a0frente a su pedimento. \u00a0<\/p>\n<p>EL \u00a0FALLO IMPUGNADO \u00a0<\/p>\n<p>Dijo \u00a0el Tribunal, que el mecanismo de amparo no estaba llamado a prosperar \u00a0teniendo en cuenta que la ausencia de pronunciamiento por parte de la \u00a0demandada frente a la petici\u00f3n incoada por el actor era la \u00a0situaci\u00f3n que generaba la presunta vulneraci\u00f3n, \u00a0solicitud que fue resuelta mediante prove\u00eddo del pasado 17 de \u00a0enero. \u00a0<\/p>\n<p>LA \u00a0IMPUGNACI\u00d3N \u00a0<\/p>\n<p>Fue \u00a0propuesta por el libelista en el momento de ser notificado \u00a0personalmente de la decisi\u00f3n proferida por el a \u00a0quo \u00a0sin indicar argumentos de su inconformidad. \u00a0<\/p>\n<p>CONSIDERACIONES \u00a0DE LA CORTE: \u00a0<\/p>\n<p>Conforme \u00a0con el art\u00edculo 32 del Decreto 2591 de 1991, la Sala es \u00a0competente para desatar la alzada, por cuanto la decisi\u00f3n \u00a0sobre la que recae fue proferida por el Tribunal Superior del \u00a0Distrito Judicial de Ibagu\u00e9. \u00a0<\/p>\n<p>Como \u00a0punto de partida, precisa la Sala que en los eventos en los cuales \u00a0los \u00a0sujetos procesales elevan peticiones dentro del proceso, \u00e9stas \u00a0no deben ser entendidas como el ejercicio del derecho fundamental de \u00a0petici\u00f3n, sino del derecho \u00a0de \u00a0postulaci\u00f3n, \u00a0el que ciertamente tiene cabida dentro de la garant\u00eda del \u00a0debido proceso y, por tanto, su ejercicio est\u00e1 regulado por \u00a0las normas procesales que determinan la oportunidad de su ejercicio. \u00a0<\/p>\n<p>En \u00a0efecto, en \u00a0el \u00e1mbito jurisdiccional, esto es, al interior de una \u00a0investigaci\u00f3n o proceso judicial en el que el peticionario \u00a0tenga la calidad de parte, sujeto procesal, v\u00edctima, \u00a0interviniente, entre otras categor\u00edas posibles, el derecho de \u00a0petici\u00f3n no tiene cabida (C.C.S.T-377\/2002), \u00a0pues si bien dicha prerrogativa puede ejercerse ante los funcionarios \u00a0judiciales y en consecuencia \u00e9stos se encuentran en la \u00a0obligaci\u00f3n de tramitar y responder las solicitudes que se les \u00a0presenten, tambi\u00e9n es cierto que \u00a0\u00abel \u00a0juez o magistrado que conduce un proceso judicial est\u00e1 \u00a0sometido \u2013como tambi\u00e9n las partes y los intervinientes\u2013 \u00a0a las reglas del mismo, fijadas por la ley, lo que significa que las \u00a0disposiciones legales contempladas para las actuaciones \u00a0administrativas no son necesariamente las mismas que debe observar el \u00a0juez cuando le son presentadas peticiones relativas a puntos que \u00a0habr\u00e1n de ser resueltos en su oportunidad procesal y con \u00a0arreglo a las normas propias de cada juicio (art\u00edculo 29 \u00a0C.P.)\u00bb \u00a0(C.C. \u00a0S.T-215A\/2011). \u00a0<\/p>\n<p>Hecha \u00a0la anterior precisi\u00f3n, la Corte, una vez revisado el oficio \u00a0No. 036 suscrito por el funcionario judicial que regenta el Despacho \u00a0accionado, se pudo establecer que mediante providencia del 17 de \u00a0enero del presente a\u00f1o, el Juzgado 5\u00ba de Ejecuci\u00f3n \u00a0de Penas y Medidas de Seguridad de Ibagu\u00e9 resolvi\u00f3 de \u00a0fondo la petici\u00f3n de acumulaci\u00f3n jur\u00eddica de \u00a0penas formulada por BORIS \u00a0BARRAG\u00c1N MAR\u00cdN, negando \u00a0la solicitud. \u00a0<\/p>\n<p>En \u00a0consecuencia, no se observa que la demandada haya faltado a su \u00a0obligaci\u00f3n de adelantar el tr\u00e1mite correspondiente a \u00a0sus funciones, de manera que no se evidencia ninguna transgresi\u00f3n \u00a0a los derechos del accionante, y en consecuencia imperioso es \u00a0declarar la carencia actual de objeto \u00a0por hecho superado respecto de la pretensi\u00f3n motivo de \u00a0demanda, pues los argumentos aducidos por la parte demandada as\u00ed \u00a0lo demuestran; no sin antes se\u00f1alar lo que contempl\u00f3 la \u00a0Corte Constitucional en Sentencia T-059 de 12 de febrero de 2016: \u00a0<\/p>\n<p>\u201c4.4. \u00a0Carencia actual de objeto por hecho superado \u00a0<\/p>\n<p>4.4.1.\u00a0La \u00a0jurisprudencia de esta Corporaci\u00f3n, en reiteradas \u00a0oportunidades, ha se\u00f1alado que la carencia actual de objeto \u00a0sobreviene cuando frente a la petici\u00f3n de amparo, la orden del \u00a0juez de tutela no tendr\u00eda efecto alguno o \u00abcaer\u00eda \u00a0en el vac\u00edo\ud95f\udd81 \u00a0[1]. \u00a0Al respecto se ha establecido que esta figura procesal, por regla \u00a0general, se presenta en aquellos casos en que tiene lugar un da\u00f1o \u00a0consumado o un hecho superado. \u00a0<\/p>\n<p>4.4.2. \u00a0El\u00a0hecho \u00a0superado\u00a0tiene \u00a0ocurrencia cuando lo pretendido a trav\u00e9s de la acci\u00f3n \u00a0de tutela se satisface y desaparece la vulneraci\u00f3n o amenaza \u00a0de los derechos fundamentales invocados por el demandante, de suerte \u00a0que\u00a0la \u00a0decisi\u00f3n que pudiese adoptar el juez respecto del caso \u00a0espec\u00edfico resultar\u00eda a todas luces inocua y, por lo \u00a0tanto, contraria al objetivo de protecci\u00f3n previsto para el \u00a0amparo constitucional[2].\u00a0En \u00a0este supuesto,\u00a0no \u00a0es perentorio incluir en el fallo un an\u00e1lisis sobre la \u00a0vulneraci\u00f3n de los derechos fundamentales cuya protecci\u00f3n \u00a0se demanda, salvo \u00absi \u00a0considera que la decisi\u00f3n debe incluir observaciones acerca de \u00a0los hechos del caso estudiado, [ya sea] para llamar la atenci\u00f3n \u00a0sobre la falta de conformidad constitucional de la situaci\u00f3n \u00a0que origin\u00f3 la tutela, o para condenar su ocurrencia y \u00a0advertir la inconveniencia de su repetici\u00f3n, so pena de las \u00a0sanciones pertinentes, si as\u00ed lo considera. De otro lado, lo \u00a0que s\u00ed resulta ineludible en estos casos, es que la \u00a0providencia judicial incluya la demostraci\u00f3n de la reparaci\u00f3n \u00a0del derecho antes del momento del fallo.\u00a0Esto \u00a0es, que se demuestre el hecho superado\u201d[3]\u00a0(Subrayado \u00a0por fuera del texto original.) \u00a0<\/p>\n<p>En \u00a0ese orden de ideas, refulge evidente que en el sub \u00a0lite \u00a0se super\u00f3 la situaci\u00f3n conculcadora alegada por la \u00a0parte actora que \u00a0dio origen a la demanda de amparo constitucional. \u00a0Por tanto, en eventos como este, \u00a0la competencia del juez de tutela se agota al verificar la \u00a0satisfacci\u00f3n de las garant\u00edas fundamentales que se \u00a0estimaron violentadas y, por consiguiente, \u00a0la existencia de la denominada carencia actual de objeto por hecho \u00a0superado no \u00a0deja alternativa distinta a negar la protecci\u00f3n deprecada. \u00a0<\/p>\n<p>En \u00a0m\u00e9rito de lo expuesto, la SALA \u00a0DE DECISI\u00d3N DE TUTELAS N\u00b0 3 DE LA SALA DE CASACI\u00d3N \u00a0PENAL DE LA CORTE SUPREMA DE JUSTICIA, \u00a0administrando justicia en nombre de la Rep\u00fablica y por \u00a0autoridad de la Ley, \u00a0<\/p>\n<p>RESUELVE: \u00a0<\/p>\n<p>1. \u00a0CONFIRMAR la \u00a0sentencia del 22 de enero de 2020, mediante la cual la Sala Penal del \u00a0Tribunal Superior del Distrito Judicial de Ibagu\u00e9 neg\u00f3 \u00a0la protecci\u00f3n constitucional invocada por BORIS \u00a0BARRAG\u00c1N MAR\u00cdN. \u00a0<\/p>\n<p>2. \u00a0NOTIFICAR a \u00a0los interesados en la forma prevista en el art\u00edculo 30 del \u00a0Decreto 2591 de 1991. \u00a0<\/p>\n<p>3. \u00a0REMITIR \u00a0el \u00a0expediente a la Corte Constitucional para su eventual revisi\u00f3n. \u00a0<\/p>\n<p>NOTIF\u00cdQUESE \u00a0Y C\u00daMPLASE. \u00a0<\/p>\n<p>EYDER \u00a0PATI\u00d1O CABRERA \u00a0<\/p>\n<p>JAIME \u00a0HUMBERTO MORENO ACERO \u00a0<\/p>\n<p>Nubia \u00a0Yolanda Nova Garc\u00eda \u00a0<\/p>\n<p>Secretaria \u00a0<\/p>\n<p>1 \u00a0 \u00a0 \u00a0 \u00a0 \u00a0\u00a0Sentencia \u00a0 \u00a0 \u00a0 \u00a0 \u00a0T-235 de 2012, M.P. Humberto Sierra Porto, en la cual se cita la \u00a0 \u00a0 \u00a0 \u00a0 \u00a0Sentencia T-533 de 2009, M.P. Humberto Sierra Porto. \u00a0<\/p>\n<p>2 \u00a0 \u00a0 \u00a0 \u00a0 \u00a0Sentencia \u00a0 \u00a0 \u00a0 \u00a0 \u00a0T-678 de 2011, M.P. Juan Carlos Henao, en donde se cita la Sentencia \u00a0 \u00a0 \u00a0 \u00a0 \u00a0SU-540 de 2007, M.P. \u00c1lvaro Tafur Galvis.\u00a0Al \u00a0 \u00a0 \u00a0 \u00a0 \u00a0respecto, el art\u00edculo 26 del Decreto 2591 de 1991 dispone \u00a0 \u00a0 \u00a0 \u00a0 \u00a0que:\u00a0\u201c[s]i, \u00a0 \u00a0 \u00a0 \u00a0 \u00a0estando en curso la tutela, se dictare resoluci\u00f3n, \u00a0 \u00a0 \u00a0 \u00a0 \u00a0administrativa o judicial, que revoque, detenga o suspenda la \u00a0 \u00a0 \u00a0 \u00a0 \u00a0actuaci\u00f3n impugnada, se declarar\u00e1 fundada la solicitud \u00a0 \u00a0 \u00a0 \u00a0 \u00a0\u00fanicamente para efectos de indemnizaci\u00f3n y de costas, \u00a0 \u00a0 \u00a0 \u00a0 \u00a0si fueren procedentes\u201d. \u00a0<\/p>\n<p>3 \u00a0 \u00a0 \u00a0 \u00a0 \u00a0Sentencia \u00a0 \u00a0 \u00a0 \u00a0 \u00a0T-685 de 2010, M.P. Humberto Sierra Porto \u00a0 \u00a0 \u00a0<\/p>\n<p><\/p>\n","protected":false},"excerpt":{"rendered":"<p>\u00a0 \u00a0 \u00a0 \u00a0\u00a0 EYDER \u00a0PATI\u00d1O CABRERA \u00a0 Magistrado \u00a0ponente \u00a0 STP2923-2020 \u00a0 Radicaci\u00f3n \u00a0n\u00b0 109285 \u00a0 Acta \u00a0056 \u00a0 Bogot\u00e1, \u00a0D.C., cinco (05) de marzo de dos mil veinte (2020). \u00a0 VISTOS: \u00a0 Resuelve \u00a0la Sala la impugnaci\u00f3n interpuesta por BORIS \u00a0BARRAG\u00c1N MAR\u00cdN, \u00a0contra el fallo proferido el 22 de enero de 2020 por [&hellip;]<\/p>\n","protected":false},"author":1,"featured_media":0,"comment_status":"open","ping_status":"open","sticky":false,"template":"","format":"standard","meta":{"footnotes":""},"categories":[29],"tags":[],"class_list":["post-51796","post","type-post","status-publish","format-standard","hentry","category-29"],"_links":{"self":[{"href":"https:\/\/dmsjuridica.com\/buscador_20179478954\/salapenalcronologico20230723\/wp-json\/wp\/v2\/posts\/51796","targetHints":{"allow":["GET"]}}],"collection":[{"href":"https:\/\/dmsjuridica.com\/buscador_20179478954\/salapenalcronologico20230723\/wp-json\/wp\/v2\/posts"}],"about":[{"href":"https:\/\/dmsjuridica.com\/buscador_20179478954\/salapenalcronologico20230723\/wp-json\/wp\/v2\/types\/post"}],"author":[{"embeddable":true,"href":"https:\/\/dmsjuridica.com\/buscador_20179478954\/salapenalcronologico20230723\/wp-json\/wp\/v2\/users\/1"}],"replies":[{"embeddable":true,"href":"https:\/\/dmsjuridica.com\/buscador_20179478954\/salapenalcronologico20230723\/wp-json\/wp\/v2\/comments?post=51796"}],"version-history":[{"count":0,"href":"https:\/\/dmsjuridica.com\/buscador_20179478954\/salapenalcronologico20230723\/wp-json\/wp\/v2\/posts\/51796\/revisions"}],"wp:attachment":[{"href":"https:\/\/dmsjuridica.com\/buscador_20179478954\/salapenalcronologico20230723\/wp-json\/wp\/v2\/media?parent=51796"}],"wp:term":[{"taxonomy":"category","embeddable":true,"href":"https:\/\/dmsjuridica.com\/buscador_20179478954\/salapenalcronologico20230723\/wp-json\/wp\/v2\/categories?post=51796"},{"taxonomy":"post_tag","embeddable":true,"href":"https:\/\/dmsjuridica.com\/buscador_20179478954\/salapenalcronologico20230723\/wp-json\/wp\/v2\/tags?post=51796"}],"curies":[{"name":"wp","href":"https:\/\/api.w.org\/{rel}","templated":true}]}}