{"id":51784,"date":"2023-09-15T20:51:54","date_gmt":"2023-09-15T20:51:54","guid":{"rendered":"https:\/\/dmsjuridica.com\/buscador_20179478954\/salapenalcronologico20230723\/2023\/09\/15\/stp291-2020\/"},"modified":"2023-09-15T20:51:54","modified_gmt":"2023-09-15T20:51:54","slug":"stp291-2020","status":"publish","type":"post","link":"https:\/\/dmsjuridica.com\/buscador_20179478954\/salapenalcronologico20230723\/2023\/09\/15\/stp291-2020\/","title":{"rendered":"STP291-2020"},"content":{"rendered":"\n<p>\u00a0 \u00a0 \u00a0 \u00a0\u00a0<\/p>\n<p>LUIS \u00a0ANTONIO HERN\u00c1NDEZ BARBOSA \u00a0<\/p>\n<p>Magistrado \u00a0Ponente \u00a0<\/p>\n<p>STP291-2020 \u00a0<\/p>\n<p>Radicaci\u00f3n \u00a0No. 108658 \u00a0<\/p>\n<p>Acta \u00a0No. 7 \u00a0<\/p>\n<p>Bogot\u00e1, \u00a0D.C., enero veintiuno (21) de dos mil veinte (2020). \u00a0<\/p>\n<p>V \u00a0I S T O S \u00a0<\/p>\n<p>Resuelve \u00a0la Sala la acci\u00f3n de tutela interpuesta por CARLOS \u00a0ALBERTO ACOSTA GARC\u00cdA, \u00a0contra la Sala \u00a0Penal del Tribunal Superior del Distrito Judicial de Bogot\u00e1, \u00a0por la presunta vulneraci\u00f3n de sus derechos fundamentales al \u00a0debido proceso, defensa y contradicci\u00f3n. \u00a0<\/p>\n<p>Al \u00a0tr\u00e1mite fueron vinculados los Juzgados 4\u00ba Penal del \u00a0Circuito con Funci\u00f3n de Conocimiento y 14 de Ejecuci\u00f3n \u00a0de Penas y Medidas de Seguridad, ambos de la misma ciudad. \u00a0<\/p>\n<p>I. \u00a0ANTECEDENTES Y FUNDAMENTOS DE LA ACCI\u00d3N \u00a0<\/p>\n<p>1. \u00a0Para lo que compete resolver en el presente asunto, del escrito de \u00a0tutela y documentos aportados al plenario la Sala destaca los \u00a0siguientes hechos jur\u00eddicamente relevantes: \u00a0<\/p>\n<p>\u00a0 \u00a0\u00a0 \u00a0 \u00a0 \u00a0 \u00a0<\/p>\n<p>i. Que \u00a0 \u00a0 \u00a0 \u00a0 \u00a0CARLOS \u00a0 \u00a0 \u00a0 \u00a0 \u00a0ALBERTO ACOSTA GARC\u00cdA \u00a0 \u00a0 \u00a0 \u00a0 \u00a0fue condenado el 16 de diciembre de 2015, por el Juzgado 4\u00ba \u00a0 \u00a0 \u00a0 \u00a0 \u00a0Penal del Circuito con Funci\u00f3n de Conocimiento de Bogot\u00e1, \u00a0 \u00a0 \u00a0 \u00a0 \u00a0a la pena de 108 meses de prisi\u00f3n, tras ser hallado autor \u00a0 \u00a0 \u00a0 \u00a0 \u00a0responsable del delito de actos sexuales abusivos con menor de 14 \u00a0 \u00a0 \u00a0 \u00a0 \u00a0a\u00f1os. As\u00ed mismo, no le fue otorgado el subrogado de \u00a0 \u00a0 \u00a0 \u00a0 \u00a0ejecuci\u00f3n condicional de la pena, ni la prisi\u00f3n \u00a0 \u00a0 \u00a0 \u00a0 \u00a0domiciliaria. \u00a0<\/p>\n<p>\u00a0 \u00a0\u00a0 \u00a0 \u00a0 \u00a0 \u00a0<\/p>\n<p>ii. Que \u00a0 \u00a0 \u00a0 \u00a0 \u00a0habiendo sido objeto de recurso de apelaci\u00f3n, la decisi\u00f3n \u00a0 \u00a0 \u00a0 \u00a0 \u00a0fue confirmada por la Sala Penal del Tribunal Superior de la misma \u00a0 \u00a0 \u00a0 \u00a0 \u00a0ciudad, a trav\u00e9s de sentencia del 21 de noviembre de 2018. \u00a0<\/p>\n<p>\u00a0 \u00a0\u00a0 \u00a0 \u00a0 \u00a0 \u00a0<\/p>\n<p>iii. Que \u00a0 \u00a0 \u00a0 \u00a0 \u00a0seg\u00fan la parte actora, la Corporaci\u00f3n judicial \u00a0 \u00a0 \u00a0 \u00a0 \u00a0accionada no notific\u00f3 en debida forma la providencia de \u00a0 \u00a0 \u00a0 \u00a0 \u00a0segundo grado, lo cual impidi\u00f3 que pudiera ejercer el recurso \u00a0 \u00a0 \u00a0 \u00a0 \u00a0extraordinario de casaci\u00f3n para controvertir la determinaci\u00f3n \u00a0 \u00a0 \u00a0 \u00a0 \u00a0que le fue adversa. \u00a0<\/p>\n<p>2. \u00a0Como consecuencia de lo anterior, el promotor de la acci\u00f3n \u00a0acude al juez constitucional para que, en amparo de los derechos \u00a0fundamentales invocados, intervenga \u00a0en el proceso penal con radicado 110016000001920090897101 \u00a0y ordene \u00a0que le sea notificada debidamente la sentencia de segunda instancia \u00a0dictada por el Tribunal de Bogot\u00e1 el 21 de noviembre de 2018, \u00a0para que pueda ejercer su derecho de defensa y contradicci\u00f3n. \u00a0<\/p>\n<p>II. \u00a0TR\u00c1MITE DE LA ACCI\u00d3N \u00a0<\/p>\n<p>Mediante \u00a0auto del 14 de enero de 2020 se admiti\u00f3 la demanda y se \u00a0dispuso correr el respectivo traslado a las autoridades mencionadas, \u00a0para que ejercieran su derecho de defensa y contradicci\u00f3n. \u00a0<\/p>\n<p>La \u00a0Sala Penal del Tribunal Superior de Bogot\u00e1, en respuesta al \u00a0requerimiento efectuado, se limit\u00f3 a informar que a trav\u00e9s \u00a0de providencia del 21 de noviembre de 2018, resolvi\u00f3 el \u00a0recurso de apelaci\u00f3n incoado contra la providencia de fecha 16 \u00a0de diciembre de 2015, proferida en primera instancia por el Juzgado \u00a04\u00ba Penal del Circuito con Funci\u00f3n de Conocimiento, que \u00a0conden\u00f3 al aqu\u00ed accionante por el delito de actos \u00a0sexuales abusivos con menor de 14 a\u00f1os. Sostuvo que aunque \u00a0fueron libradas las respectivas comunicaciones para audiencia de \u00a0lectura de fallo, ninguna parte e interviniente asisti\u00f3, por \u00a0lo que la decisi\u00f3n qued\u00f3 notificada en estrados, m\u00e1xime \u00a0teniendo en cuenta que el acusado no se encontraba privado de la \u00a0libertad. \u00a0<\/p>\n<p>A \u00a0pesar de haber sido notificados, los Juzgados 4\u00ba Penal del \u00a0Circuito y 14 de Ejecuci\u00f3n de Penas y Medidas de Seguridad de \u00a0Bogot\u00e1 no se pronunciaron dentro del t\u00e9rmino concedido \u00a0para tal efecto. \u00a0<\/p>\n<p>III. \u00a0CONSIDERACIONES DE LA CORTE \u00a0<\/p>\n<p>Conforme \u00a0a las previsiones \u00a0establecidas en el Decreto 1983 de 2017, modificatorio del Decreto \u00a01069 de 2015, esta Sala \u00a0es competente para pronunciarse respecto de la \u00a0tem\u00e1tica planteada al inicio de esta providencia. \u00a0<\/p>\n<p>La \u00a0acci\u00f3n de tutela no tiene connotaci\u00f3n alternativa o \u00a0supletoria, es decir, que su ejercicio no puede darse en forma \u00a0paralela a los medios de defensa judiciales comunes, ni tampoco se \u00a0instituy\u00f3 como \u00faltimo recurso al cual se pueda acudir \u00a0cuando aquellos no se ejercitan, o habi\u00e9ndolo hecho, resultan \u00a0desfavorables al interesado. \u00a0<\/p>\n<p>En \u00a0el caso bajo estudio, advierte prima \u00a0facie \u00a0la Corte que no \u00a0se satisface el requisito que tiene que ver con el agotamiento \u00a0de todos los medios \u2013ordinarios y extraordinarios\u2013 de \u00a0defensa judicial al alcance de la persona afectada con la actuaci\u00f3n \u00a0o la decisi\u00f3n emanada de la autoridad p\u00fablica \u00a0comprometida. Ello por cuanto se observa que el aqu\u00ed \u00a0demandante, en el marco \u00a0de la causa penal adelantada en su contra, no promovi\u00f3 el \u00a0recurso extraordinario de casaci\u00f3n contra la sentencia de \u00a0segundo grado proferida \u00a0por la Sala Penal del \u00a0Tribunal Superior de Bogot\u00e1, que le fue desfavorable, evitando \u00a0de ese modo, con su proceder omisivo, que el Juez Natural, esto es, \u00a0el \u00f3rgano de cierre de la jurisdicci\u00f3n ordinaria, en su \u00a0especialidad penal, examinara de fondo los motivos de inconformidad \u00a0que le asisten en relaci\u00f3n con las providencias proferidas por \u00a0las autoridades de primera y segunda instancia. \u00a0<\/p>\n<p>Contrario \u00a0a lo afirmado por CARLOS \u00a0ALBERTO ACOSTA GARC\u00cdA, \u00a0en el sentido de que no fue debidamente notificado de la sentencia de \u00a0segundo grado proferida el 21 de noviembre de 2018, la Sala \u00a0estableci\u00f3, con fundamento en la revisi\u00f3n de la ficha \u00a0t\u00e9cnica del proceso 110016000001920090897101 \u00a0en la p\u00e1gina \u00a0Web \u00a0de la Rama Judicial, que el 7 de diciembre de 2018 su defensor alleg\u00f3 \u00a0memorial interponiendo el recurso extraordinario de casaci\u00f3n; \u00a0empero, dej\u00f3 vencer el t\u00e9rmino que ten\u00eda para \u00a0presentar la respectiva demanda, el cual se cumpli\u00f3 el 12 de \u00a0febrero de 2019, sin allegarla, por lo que con auto de 15 de febrero \u00a0siguiente, fue declarado desierto el recurso. \u00a0<\/p>\n<p>Por \u00a0consiguiente, \u00a0resulta inadmisible que \u00a0ahora pretenda subsanar tal proceder, a trav\u00e9s de esta v\u00eda \u00a0excepcional de protecci\u00f3n, pues como de manera reiterada lo ha \u00a0sostenido la Corte Constitucional \u00abuna \u00a0de las condiciones de procedibilidad de la acci\u00f3n de tutela, \u00a0consiste en que el accionante no sea responsable de los hechos que \u00a0presuntamente vulneran los derechos invocados, pues su finalidad no \u00a0es subsanar los efectos del descuido en que haya podido incurrir\u2026\u00bb \u00a0(C.C.S.T- \u00a01231\/2008), lo \u00a0cual es expresi\u00f3n del principio \u00abNemo \u00a0auditur propriam turpitudinem allegans\u00bb1, \u00a0que en trat\u00e1ndose del ejercicio de la acci\u00f3n de tutela \u00a0implica que: \u00ab(i) \u00a0el juez constitucional no puede amparar situaciones donde la supuesta \u00a0vulneraci\u00f3n de un derecho fundamental, no se deriva de la \u00a0acci\u00f3n u omisi\u00f3n de cualquier autoridad sino de la \u00a0negligencia imprudencia o descuido del particular; (ii) la incuria \u00a0del accionante no puede subsanarse por medio de la acci\u00f3n de \u00a0tutela; (iii) la imposibilidad de alegar la propia culpa o desidia \u00a0para solicitar la protecci\u00f3n de un derecho cuyo riesgo ha sido \u00a0generado por el mismo accionante\u00bb (C.C.S.T-1231\/2008). \u00a0<\/p>\n<p>En \u00a0ese orden, resulta evidente que el descuido puesto de presente \u00a0permiti\u00f3 que la decisi\u00f3n de segunda instancia \u00a0reprochada cobrara firmeza, situaci\u00f3n que no puede modificarse \u00a0a trav\u00e9s de la v\u00eda constitucional, ni siquiera como \u00a0mecanismo transitorio, pues para acceder al amparo bajo esa modalidad \u00a0es necesario que el interesado haya hecho uso adecuado de todos los \u00a0medios ordinarios dispuestos por el legislador (Cfr. \u00a0Sentencia SU \u2013 111 de 1997). \u00a0<\/p>\n<p>Como \u00a0el promotor de la acci\u00f3n no agot\u00f3 ese medio de \u00a0impugnaci\u00f3n, la solicitud de amparo se torna improcedente \u00a0\u2013numeral \u00a01\u00ba del art\u00edculo 6\u00ba del Decreto 2591 de 1991-, \u00a0tal como lo ha reconocido la Corte Constitucional \u2013Sentencia \u00a0T \u2013 1217 de 2003-. \u00a0<\/p>\n<p>Corolario \u00a0de lo anterior, se negar\u00e1 la protecci\u00f3n invocada. \u00a0<\/p>\n<p>En \u00a0m\u00e9rito de lo expuesto, la \u00a0CORTE SUPREMA DE JUSTICIA, SALA DE CASACI\u00d3N PENAL, SALA \u00a0 \u00a0SEGUNDA \u00a0 \u00a0DE DECISI\u00d3N DE TUTELAS, \u00a0administrando justicia en nombre de la Rep\u00fablica de Colombia y \u00a0por autoridad de la ley, \u00a0<\/p>\n<p>R \u00a0E S U E L V E \u00a0<\/p>\n<p>1. \u00a0NEGAR por \u00a0improcedente el amparo constitucional deprecado por \u00a0 CARLOS \u00a0ALBERTO ACOSTA GARC\u00cdA, \u00a0de conformidad \u00a0con las razones consignadas en la \u00a0 parte motiva de esta providencia. \u00a0<\/p>\n<p>2. \u00a0 \u00a0 \u00a0 \u00a0NOTIFICAR \u00a0este \u00a0prove\u00eddo \u00a0conforme al art\u00edculo 30 \u00a0del Decreto 2591 de \u00a01991. \u00a0<\/p>\n<p>3. \u00a0 \u00a0 \u00a0 \u00a0En \u00a0caso de no ser impugnada, \u00a0REMITIR el \u00a0expediente a la Corte Constitucional para su eventual revisi\u00f3n. \u00a0<\/p>\n<p>NOTIF\u00cdQUESE \u00a0Y C\u00daMPLASE. \u00a0<\/p>\n<p>LUIS \u00a0ANTONIO HERN\u00c1NDEZ BARBOSA \u00a0<\/p>\n<p>PATRICIA \u00a0SALAZAR CU\u00c9LLAR \u00a0<\/p>\n<p>NUBIA \u00a0YOLANDA NOVA GARC\u00cdA \u00a0<\/p>\n<p>Secretaria \u00a0<\/p>\n<p>1 \u00a0 \u00a0 \u00a0 \u00a0 \u00a0Nadie puede alegar en su favor su propia culpa. \u00a0 \u00a0 \u00a0<\/p>\n<p><\/p>\n","protected":false},"excerpt":{"rendered":"<p>\u00a0 \u00a0 \u00a0 \u00a0\u00a0 LUIS \u00a0ANTONIO HERN\u00c1NDEZ BARBOSA \u00a0 Magistrado \u00a0Ponente \u00a0 STP291-2020 \u00a0 Radicaci\u00f3n \u00a0No. 108658 \u00a0 Acta \u00a0No. 7 \u00a0 Bogot\u00e1, \u00a0D.C., enero veintiuno (21) de dos mil veinte (2020). \u00a0 V \u00a0I S T O S \u00a0 Resuelve \u00a0la Sala la acci\u00f3n de tutela interpuesta por CARLOS \u00a0ALBERTO ACOSTA GARC\u00cdA, \u00a0contra la [&hellip;]<\/p>\n","protected":false},"author":1,"featured_media":0,"comment_status":"open","ping_status":"open","sticky":false,"template":"","format":"standard","meta":{"footnotes":""},"categories":[29],"tags":[],"class_list":["post-51784","post","type-post","status-publish","format-standard","hentry","category-29"],"_links":{"self":[{"href":"https:\/\/dmsjuridica.com\/buscador_20179478954\/salapenalcronologico20230723\/wp-json\/wp\/v2\/posts\/51784","targetHints":{"allow":["GET"]}}],"collection":[{"href":"https:\/\/dmsjuridica.com\/buscador_20179478954\/salapenalcronologico20230723\/wp-json\/wp\/v2\/posts"}],"about":[{"href":"https:\/\/dmsjuridica.com\/buscador_20179478954\/salapenalcronologico20230723\/wp-json\/wp\/v2\/types\/post"}],"author":[{"embeddable":true,"href":"https:\/\/dmsjuridica.com\/buscador_20179478954\/salapenalcronologico20230723\/wp-json\/wp\/v2\/users\/1"}],"replies":[{"embeddable":true,"href":"https:\/\/dmsjuridica.com\/buscador_20179478954\/salapenalcronologico20230723\/wp-json\/wp\/v2\/comments?post=51784"}],"version-history":[{"count":0,"href":"https:\/\/dmsjuridica.com\/buscador_20179478954\/salapenalcronologico20230723\/wp-json\/wp\/v2\/posts\/51784\/revisions"}],"wp:attachment":[{"href":"https:\/\/dmsjuridica.com\/buscador_20179478954\/salapenalcronologico20230723\/wp-json\/wp\/v2\/media?parent=51784"}],"wp:term":[{"taxonomy":"category","embeddable":true,"href":"https:\/\/dmsjuridica.com\/buscador_20179478954\/salapenalcronologico20230723\/wp-json\/wp\/v2\/categories?post=51784"},{"taxonomy":"post_tag","embeddable":true,"href":"https:\/\/dmsjuridica.com\/buscador_20179478954\/salapenalcronologico20230723\/wp-json\/wp\/v2\/tags?post=51784"}],"curies":[{"name":"wp","href":"https:\/\/api.w.org\/{rel}","templated":true}]}}