{"id":51726,"date":"2023-09-15T20:52:28","date_gmt":"2023-09-15T20:52:28","guid":{"rendered":"https:\/\/dmsjuridica.com\/buscador_20179478954\/salapenalcronologico20230723\/2023\/09\/15\/stp2810-2020\/"},"modified":"2023-09-15T20:52:28","modified_gmt":"2023-09-15T20:52:28","slug":"stp2810-2020","status":"publish","type":"post","link":"https:\/\/dmsjuridica.com\/buscador_20179478954\/salapenalcronologico20230723\/2023\/09\/15\/stp2810-2020\/","title":{"rendered":"STP2810-2020"},"content":{"rendered":"\n<p>\u00a0 \u00a0 \u00a0 \u00a0\u00a0<\/p>\n<p>PATRICIA \u00a0SALAZAR CU\u00c9LLAR \u00a0<\/p>\n<p>Magistrada \u00a0Ponente \u00a0<\/p>\n<p>STP2810-2020 \u00a0<\/p>\n<p>Radicaci\u00f3n \u00a0N.\u00b0 \u00a0109515 \u00a0<\/p>\n<p>Acta \u00a0No. \u00a0059 \u00a0<\/p>\n<p>Bogot\u00e1 \u00a0D. C., diez (10) de marzo de dos mil veinte (2019). \u00a0<\/p>\n<p>VISTOS \u00a0<\/p>\n<p>Resuelve \u00a0la Sala la impugnaci\u00f3n instaurada por JHON \u00a0JAIRO RAM\u00cdREZ G\u00d3MEZ, \u00a0contra \u00a0el fallo proferido el seis (6) de febrero de 2020 por la SALA \u00a0PENAL DEL TRIBUNAL SUPERIOR DE BOGOT\u00c1, \u00a0mediante \u00a0el cual neg\u00f3 las pretensiones de la demanda de tutela \u00a0formulada contra la FISCAL\u00cdA \u00a0179 SECCIONAL de \u00a0la misma ciudad, por la supuesta vulneraci\u00f3n de sus derechos \u00a0fundamentales. \u00a0<\/p>\n<p>ANTECEDENTES \u00a0Y FUNDAMENTOS \u00a0<\/p>\n<p>As\u00ed \u00a0los expuso la Corporaci\u00f3n a \u00a0quo: \u00a0<\/p>\n<p>Seg\u00fan \u00a0el accionante, el 25 de marzo de 2010 celebr\u00f3 un contrato de \u00a0compraventa con Clara Isabel P\u00e9rez Rojas y Carolina P\u00e9rez \u00a0Rojas. No obstante, luego de varios problemas con \u00e9stas, \u00a0decidi\u00f3 denunciarlas penalmente. \u00a0<\/p>\n<p>La \u00a0denuncia fue asignada a la Fiscal\u00eda 262 de la Unidad de \u00a0Direccionamiento y Atenci\u00f3n Temprana de Denuncias, la que, con \u00a0posterioridad, fue remitida a la Fiscal\u00eda 179 Seccional. Sin \u00a0embargo, el 16 de octubre de 2019 esa autoridad decidi\u00f3 \u00a0archivar la investigaci\u00f3n aduciendo que la conducta era \u00a0at\u00edpica. \u00a0<\/p>\n<p>Por \u00a0estos motivos, el 27 de enero de 2020 interpuso acci\u00f3n de \u00a0tutela en contra de la Fiscal\u00eda 179 Seccional, por la posible \u00a0vulneraci\u00f3n de su derecho fundamental de acceso a la \u00a0administraci\u00f3n de justicia. Al respecto, en abstracto escrito, \u00a0\u00e9ste indic\u00f3 que la Delegada aludida archiv\u00f3 la \u00a0investigaci\u00f3n sin estudiar los elementos que estructuran el \u00a0delito de estafa, que nunca lo llam\u00f3 para ampliar la denuncia \u00a0ni se comunic\u00f3 con los testigos que refiri\u00f3, que se \u00a0encuentra moralmente afectado y que pretende, con este mecanismo \u00a0constitucional, que el Tribunal impida que la Fiscal\u00eda rompa \u00a0la unidad de la investigaci\u00f3n y esclarecer as\u00ed el \u00a0delito. \u00a0<\/p>\n<p>EL \u00a0FALLO IMPUGNADO \u00a0<\/p>\n<p>La \u00a0Sala Penal del Tribunal Superior de Bogot\u00e1 neg\u00f3 el \u00a0amparo invocado. Estableci\u00f3 que la parte actora acudi\u00f3 \u00a0al tr\u00e1mite constitucional sin haber controvertido la orden de \u00a0archivo emitida por la Fiscal\u00eda 179 Seccional ante dicha \u00a0autoridad o ante el juez con funci\u00f3n de control de garant\u00edas. \u00a0Acto seguido, expuso el a \u00a0quo que \u00a0la decisi\u00f3n adoptada por la accionada es razonable. \u00a0<\/p>\n<p>LA \u00a0IMPUGNACI\u00d3N \u00a0<\/p>\n<p>Inconforme \u00a0con la decisi\u00f3n de primera instancia, el accionante la impugn\u00f3 \u00a0en un confuso escrito, en el que insiste cabalmente en los \u00a0planteamientos que propuso al formular la demanda de tutela, \u00a0relacionados con la vulneraci\u00f3n de sus derechos fundamentales. \u00a0<\/p>\n<p>Particularmente, \u00a0se\u00f1ala las consideraciones de la primera instancia de \u00a0\u201cinexactas \u00a0cuando no totalmente arbitrarias y err\u00f3neas\u201d \u00a0en cuanto a que omiti\u00f3 valorar la queja respecto al actuar de \u00a0la Fiscal\u00eda 179 Seccional. \u00a0<\/p>\n<p>Luego \u00a0de hacer un recuento de los aspectos que destaca como lesivos de sus \u00a0derechos, bajo los mismos t\u00e9rminos expuestos en la demanda y \u00a0controvertir la respuesta que emiti\u00f3 la autoridad accionada \u00a0dentro del proceso de amparo, indica que es necesaria la protecci\u00f3n \u00a0invocada, por lo que se debe revocar el fallo impugnado. \u00a0<\/p>\n<p>CONSIDERACIONES \u00a0DE LA CORTE \u00a0<\/p>\n<p>1. \u00a0De conformidad con lo establecido en el numeral 2 del art\u00edculo \u00a02.2.3.1.2.1 del Decreto 1069 de 2015, modificado por el Decreto 1983 \u00a0de 2017, \u00a0la \u00a0Sala de Casaci\u00f3n Penal de la Corte Suprema de Justicia es \u00a0competente para resolver la impugnaci\u00f3n interpuesta contra el \u00a0fallo proferido por la Sala Penal del Tribunal Superior de Bogot\u00e1. \u00a0<\/p>\n<p>2. \u00a0La Sala ha expuesto pac\u00edficamente que la acci\u00f3n de \u00a0tutela es una v\u00eda de protecci\u00f3n excepcional\u00edsima \u00a0cuando se dirige en contra de providencias judiciales y su \u00a0prosperidad va necesariamente ligada al cumplimiento de estrictos \u00a0requisitos de procedibilidad, que esta Corporaci\u00f3n, en \u00a0posici\u00f3n compartida por la Corte Constitucional1 \u00a0ha venido acogiendo y que implican una carga para el actor, no s\u00f3lo \u00a0en su planteamiento, sino tambi\u00e9n en su demostraci\u00f3n. \u00a0<\/p>\n<p>Tales \u00a0requisitos generales de procedencia de la acci\u00f3n de tutela \u00a0contra providencias judiciales contemplan, \u00a0que la cuesti\u00f3n que se discuta resulte de evidente relevancia \u00a0constitucional. \u00a0Adem\u00e1s, que se hayan agotado todos los medios \u00a0\u2013 \u00a0ordinarios y extraordinarios \u2013 \u00a0de defensa judicial al alcance de la persona afectada, salvo que se \u00a0trate de evitar la consumaci\u00f3n de un perjuicio irremediable. \u00a0<\/p>\n<p>3. \u00a0En \u00a0el presente asunto se reprocha la orden de archivo dispuesta por la \u00a0Fiscal\u00eda demandada respecto de la indagaci\u00f3n en la cual \u00a0el actor obra como v\u00edctima, pues en su criterio, quebranta sus \u00a0prerrogativas de orden superior, concretamente, su debido \u00a0proceso. \u00a0<\/p>\n<p>La \u00a0Sala advierte que resulta improcedente pronunciarse de fondo sobre la \u00a0censura postulada, dado que el accionante tiene a \u00a0su alcance mecanismos ordinarios, expeditos y eficaces, para \u00a0satisfacer su pretensi\u00f3n. \u00a0<\/p>\n<p>En \u00a0efecto, al estudiar en abstracto el asunto, la Corte Constitucional, \u00a0entre otros t\u00f3picos, estableci\u00f3 que frente al archivo \u00a0de las diligencias por parte de la Fiscal\u00eda General de la \u00a0Naci\u00f3n, las presuntas v\u00edctimas cuentan con dos \u00a0posibilidades: solicitar la reapertura de la investigaci\u00f3n con \u00a0fundamento en nuevos elementos probatorios o acudir ante los jueces \u00a0con funci\u00f3n de control de garant\u00edas para controvertir \u00a0tal determinaci\u00f3n. (Sentencia C &#8211; 1154 de 2005) \u00a0<\/p>\n<p>Ahora \u00a0bien, en caso de que el titular del despacho se niegue a continuar la \u00a0actuaci\u00f3n, el ofendido est\u00e1 habilitado para solicitar \u00a0el control de garant\u00edas ejercido por el juez penal municipal o \u00a0promiscuo municipal -seg\u00fan el caso- del lugar de la comisi\u00f3n \u00a0de la conducta delictiva, de conformidad con la cl\u00e1usula \u00a0general del art\u00edculo 39 de la Ley 906 de 2004. \u00a0<\/p>\n<p>La \u00a0existencia de medios \u00a0judiciales \u00a0como \u00a0los descritos torna \u00a0improcedente la \u00a0solicitud de tutela, al tenor de lo previsto en el numeral 1\u00ba \u00a0del art\u00edculo 6\u00ba del \u00a0Decreto 2591 de 1991, m\u00e1xime cuando la \u00a0parte actora no \u00a0acredit\u00f3 \u00a0(ni \u00a0lo avizora la Sala) encontrarse \u00a0frente a una evidente situaci\u00f3n de perjuicio irremediable que \u00a0haga \u00a0forzosa la intervenci\u00f3n transitoria del juez constitucional. \u00a0<\/p>\n<p>Sobre \u00a0el particular, ha dicho la Corte Constitucional en sentencia T \u2013 \u00a0578 de 2010, entre muchos otros pronunciamientos en el mismo sentido, \u00a0lo siguiente: \u00a0<\/p>\n<p>De \u00a0acuerdo con la jurisprudencia de esta Corporaci\u00f3n\u00a0para \u00a0que proceda el amparo se requiere del agotamiento de todas las \u00a0instancias y recursos en los cuales el afectado hubiera podido \u00a0solicitar la protecci\u00f3n del derecho amenazado o vulnerado, \u00a0salvo\u00a0que la tutela se instaure como mecanismo transitorio para \u00a0evitar un perjuicio irremediable. \u00a0<\/p>\n<p>En \u00a0ese sentido, ha advertido que el amparo constitucional no se ha \u00a0constituido como una instancia adicional para decidir conflictos de \u00a0rango legal, ni para que los ciudadanos puedan subsanar\u00a0las \u00a0omisiones o los errores cometidos al interior de un proceso. En otras \u00a0palabras,\u00a0la Corte ha sostenido que la acci\u00f3n de tutela \u00a0no es un medio\u00a0alternativo, \u00a0ni complementario, \u00a0ni puede ser estimado como\u00a0\u00faltimo\u00a0recurso \u00a0de litigio. \u00a0<\/p>\n<p>De \u00a0manera que, de accederse a la pretensi\u00f3n del demandante, \u00a0relativa a que sin mediar la intervenci\u00f3n del Juez de Control \u00a0de Garant\u00edas, se ordene el desarchivo de la actuaci\u00f3n, \u00a0ello implicar\u00eda que el juez constitucional se aleje de su rol \u00a0garante de los derechos fundamentales y as\u00ed, entre a definir \u00a0conflictos propios de la jurisdicci\u00f3n ordinaria. \u00a0<\/p>\n<p>Esa \u00a0situaci\u00f3n deriva en la improcedencia del amparo por \u00a0prevalencia del requisito de subsidiariedad de la tutela, lo que, \u00a0adem\u00e1s de las razones precedentemente plasmadas, impone, en \u00a0este evento, confirmar la decisi\u00f3n impugnada. \u00a0<\/p>\n<p>En \u00a0m\u00e9rito de lo expuesto, LA \u00a0CORTE SUPREMA DE JUSTICIA, SALA DE CASACI\u00d3N PENAL \u2013 SALA \u00a0DE DECISI\u00d3N DE ACCIONES DE TUTELA No. 3, \u00a0administrando justicia en nombre de la Rep\u00fablica y por \u00a0autoridad de la Ley, \u00a0<\/p>\n<p>RESUELVE \u00a0<\/p>\n<p>CONFIRMAR \u00a0el \u00a0fallo impugnado. \u00a0<\/p>\n<p>NOTIFICAR \u00a0esta \u00a0providencia de conformidad con el art\u00edculo 30 del Decreto 2591 \u00a0de 1991. \u00a0<\/p>\n<p>REMITIR \u00a0el \u00a0expediente a la Corte Constitucional para su eventual revisi\u00f3n, \u00a0una vez en firme. \u00a0<\/p>\n<p>NOTIF\u00cdQUESE \u00a0y C\u00daMPLASE \u00a0<\/p>\n<p>PATRICIA \u00a0SALAZAR CU\u00c9LLAR \u00a0<\/p>\n<p>LUIS \u00a0ANTONIO HERN\u00c1NDEZ BARBOSA \u00a0<\/p>\n<p>NUBIA \u00a0YOLANDA NOVA GARC\u00cdA \u00a0<\/p>\n<p>Secretaria \u00a0<\/p>\n<p>1 \u00a0 \u00a0 \u00a0 \u00a0 \u00a0Fallos \u00a0 \u00a0 \u00a0 \u00a0 \u00a0C-590\/05 y T-332\/06. \u00a0 \u00a0 \u00a0<\/p>\n<p><\/p>\n","protected":false},"excerpt":{"rendered":"<p>\u00a0 \u00a0 \u00a0 \u00a0\u00a0 PATRICIA \u00a0SALAZAR CU\u00c9LLAR \u00a0 Magistrada \u00a0Ponente \u00a0 STP2810-2020 \u00a0 Radicaci\u00f3n \u00a0N.\u00b0 \u00a0109515 \u00a0 Acta \u00a0No. \u00a0059 \u00a0 Bogot\u00e1 \u00a0D. C., diez (10) de marzo de dos mil veinte (2019). \u00a0 VISTOS \u00a0 Resuelve \u00a0la Sala la impugnaci\u00f3n instaurada por JHON \u00a0JAIRO RAM\u00cdREZ G\u00d3MEZ, \u00a0contra \u00a0el fallo proferido el seis (6) de [&hellip;]<\/p>\n","protected":false},"author":1,"featured_media":0,"comment_status":"open","ping_status":"open","sticky":false,"template":"","format":"standard","meta":{"footnotes":""},"categories":[29],"tags":[],"class_list":["post-51726","post","type-post","status-publish","format-standard","hentry","category-29"],"_links":{"self":[{"href":"https:\/\/dmsjuridica.com\/buscador_20179478954\/salapenalcronologico20230723\/wp-json\/wp\/v2\/posts\/51726","targetHints":{"allow":["GET"]}}],"collection":[{"href":"https:\/\/dmsjuridica.com\/buscador_20179478954\/salapenalcronologico20230723\/wp-json\/wp\/v2\/posts"}],"about":[{"href":"https:\/\/dmsjuridica.com\/buscador_20179478954\/salapenalcronologico20230723\/wp-json\/wp\/v2\/types\/post"}],"author":[{"embeddable":true,"href":"https:\/\/dmsjuridica.com\/buscador_20179478954\/salapenalcronologico20230723\/wp-json\/wp\/v2\/users\/1"}],"replies":[{"embeddable":true,"href":"https:\/\/dmsjuridica.com\/buscador_20179478954\/salapenalcronologico20230723\/wp-json\/wp\/v2\/comments?post=51726"}],"version-history":[{"count":0,"href":"https:\/\/dmsjuridica.com\/buscador_20179478954\/salapenalcronologico20230723\/wp-json\/wp\/v2\/posts\/51726\/revisions"}],"wp:attachment":[{"href":"https:\/\/dmsjuridica.com\/buscador_20179478954\/salapenalcronologico20230723\/wp-json\/wp\/v2\/media?parent=51726"}],"wp:term":[{"taxonomy":"category","embeddable":true,"href":"https:\/\/dmsjuridica.com\/buscador_20179478954\/salapenalcronologico20230723\/wp-json\/wp\/v2\/categories?post=51726"},{"taxonomy":"post_tag","embeddable":true,"href":"https:\/\/dmsjuridica.com\/buscador_20179478954\/salapenalcronologico20230723\/wp-json\/wp\/v2\/tags?post=51726"}],"curies":[{"name":"wp","href":"https:\/\/api.w.org\/{rel}","templated":true}]}}