{"id":51678,"date":"2023-09-15T20:52:25","date_gmt":"2023-09-15T20:52:25","guid":{"rendered":"https:\/\/dmsjuridica.com\/buscador_20179478954\/salapenalcronologico20230723\/2023\/09\/15\/stp2639-2020\/"},"modified":"2023-09-15T20:52:25","modified_gmt":"2023-09-15T20:52:25","slug":"stp2639-2020","status":"publish","type":"post","link":"https:\/\/dmsjuridica.com\/buscador_20179478954\/salapenalcronologico20230723\/2023\/09\/15\/stp2639-2020\/","title":{"rendered":"STP2639-2020"},"content":{"rendered":"\n<p>\u00a0 \u00a0 \u00a0 \u00a0\u00a0<\/p>\n<p>JOS\u00c9 \u00a0FRANCISCO ACU\u00d1A VIZCAYA \u00a0<\/p>\n<p>Magistrado \u00a0Ponente \u00a0<\/p>\n<p>STP2639 \u00a0&#8211; 2020 \u00a0<\/p>\n<p>Radicaci\u00f3n \u00a0No. 109419 \u00a0<\/p>\n<p>(Aprobado \u00a0Acta No. 59) \u00a0<\/p>\n<p>Bogot\u00e1 \u00a0D.C., diez (10) de marzo de dos mil veinte (2020) \u00a0<\/p>\n<p>Decide \u00a0la Sala el recurso de impugnaci\u00f3n interpuesto por Jenny \u00a0Ximena Murillo S\u00e1nchez contra \u00a0el fallo de tutela proferido por la Sala de Casaci\u00f3n Laboral \u00a0de la Corte Suprema de Justicia el 18 de diciembre de 2019, \u00a0que \u00a0neg\u00f3 el amparo constitucional invocado contra la Sala \u00a0Laboral del Tribunal Superior del Distrito Judicial de Popay\u00e1n, \u00a0por la presunta vulneraci\u00f3n de los derechos fundamentales al \u00a0debido proceso y acceso a la administraci\u00f3n de justicia. \u00a0<\/p>\n<p>A \u00a0la presente actuaci\u00f3n se vincul\u00f3 de oficio al Juzgado \u00a0Primero Laboral del Circuito de Popay\u00e1n y a las partes e \u00a0intervinientes en el proceso ejecutivo laboral con n\u00famero de \u00a0radicaci\u00f3n 2018-00066. \u00a0<\/p>\n<p>ANTECEDENTES \u00a0<\/p>\n<p>Y \u00a0<\/p>\n<p>FUNDAMENTOS \u00a0DE LA ACCI\u00d3N \u00a0<\/p>\n<p>As\u00ed \u00a0fueron sintetizados en el fallo constitucional de primera instancia1: \u00a0<\/p>\n<p>[\u2026] \u00a0Refiere que por medio de apoderado judicial present\u00f3 demanda \u00a0ordinaria laboral en contra del extinto Instituto de Seguros \u00a0Sociales, solicitando el pago de las prestaciones sociales, sanciones \u00a0e indemnizaciones adeudadas; que el conocimiento le correspondi\u00f3 \u00a0al Juzgado Primero Laboral del Circuito de Popay\u00e1n, el que en \u00a0sentencia del 28 de enero de 2010, accedi\u00f3 a las pretensiones; \u00a0que contra dicha decisi\u00f3n ambas partes interpusieron recurso \u00a0de alzada y el Tribunal Superior de Popay\u00e1n, en fallo del 30 \u00a0de enero de 2012, la modific\u00f3 parcialmente; que la entidad \u00a0accionada formul\u00f3 recurso extraordinario de casaci\u00f3n, y \u00a0la Corte, en providencia del 12 de diciembre de 2017, no cas\u00f3; \u00a0que el 18 de febrero de 2018, pidi\u00f3 al juzgado la ejecuci\u00f3n \u00a0de las condenas impuestas en el proceso ordinario, y por auto del 24 \u00a0de abril de 2018, libr\u00f3 mandamiento de pago en contra de \u00a0FIDUAGRARIA S.A., en calidad de vocera y administradora del PAR ISS \u00a0Liquidado; que en prove\u00eddo del 13 de marzo de 2019, el juzgado \u00a0neg\u00f3 las excepciones propuestas por la ejecutada, \u00a0pronunciamiento que fue apelado y el tribunal en prove\u00eddo del \u00a024 de septiembre de 2019, declar\u00f3 la nulidad de todo lo \u00a0actuado a partir del mandamiento de pago inclusive y orden\u00f3 la \u00a0remisi\u00f3n de las actuaciones al Ministerio de Salud y \u00a0Protecci\u00f3n Social, para que dicha cartera ministerial \u00a0procediera al pago de las acreencias reconocidas. \u00a0<\/p>\n<p>Con base en lo \u00a0expuesto, pide se ordene \u00ab[\u2026] al Tribunal Superior del \u00a0Distrito Judicial de Popay\u00e1n \u2013 Sala Laboral, revocar en \u00a0su totalidad la providencia judicial de fecha 24 de septiembre de \u00a02019, para en su lugar resolver los recursos de apelaci\u00f3n \u00a0instaurados por la parte ejecutada PAR ISS Liquidado [\u2026]\u00bb. \u00a0<\/p>\n<p>EL \u00a0FALLO IMPUGNADO \u00a0<\/p>\n<p>La \u00a0Sala de Casaci\u00f3n Laboral de la Corte Suprema de Justicia, \u00a0mediante decisi\u00f3n adoptada el 18 de diciembre del a\u00f1o \u00a0inmediatamente anterior, neg\u00f3 el presente amparo \u00a0constitucional. \u00a0<\/p>\n<p>Para \u00a0arribar a tal decisi\u00f3n, el cuerpo colegiado constitucional de \u00a0primer grado se\u00f1al\u00f3 que la decisi\u00f3n cuestionada \u00a0resulta razonable, raz\u00f3n por la que no le es permitido al juez \u00a0de tutela entrar a controvertirla, m\u00e1xime cuando en la misma \u00a0no se observan errores protuberantes, antes bien, la determinaci\u00f3n \u00a0de remitir el asunto al Ministerio de Salud y Protecci\u00f3n \u00a0Social en aras de efectivizar el pago de las acreencias reconocidas \u00a0judicialmente, en manera alguna vulnera los derechos fundamentales \u00a0reclamados, por cuanto se emiti\u00f3 conforme al inciso 2\u00b0 del \u00a0art\u00edculo 1\u00b0 del Decreto 541 de 2016, con la modificaci\u00f3n \u00a0introducida por el Decreto 1051 del mismo a\u00f1o. \u00a0<\/p>\n<p>LA \u00a0IMPUGNACI\u00d3N \u00a0<\/p>\n<p>Inconforme \u00a0con la anterior determinaci\u00f3n, la parte actora la impugn\u00f3 \u00a0con la finalidad que sea revocada y se acceda al resguardo invocado. \u00a0<\/p>\n<p>Como \u00a0argumentos de la alzada, la parte recurrente se\u00f1al\u00f3 que \u00a0la determinaci\u00f3n de primera instancia omiti\u00f3 \u00a0pronunciarse sobre los derechos al recurso judicial efectivo y acceso \u00a0a la administraci\u00f3n de justicia, y los principios de seguridad \u00a0jur\u00eddica y legalidad, los cuales, en su sentir, son \u00a0desconocidos por lo siguiente: \u00a0<\/p>\n<p>\u00a0 \u00a0\u00a0 \u00a0 \u00a0 \u00a0 \u00a0<\/p>\n<p>i. Ante \u00a0 \u00a0 \u00a0 \u00a0 \u00a0la imposibilidad de materializar los derechos laborales reconocidos \u00a0 \u00a0 \u00a0 \u00a0 \u00a0en providencia judicial, pues el proceso ejecutivo era la \u00fanica \u00a0 \u00a0 \u00a0 \u00a0 \u00a0herramienta para ello, adem\u00e1s que, un tr\u00e1mite \u00a0 \u00a0 \u00a0 \u00a0 \u00a0administrativo no puede equipararse a un escenario judicial, m\u00e1xime \u00a0 \u00a0 \u00a0 \u00a0 \u00a0si se tiene en cuenta que el numeral 5\u00b0 del art\u00edculo 7 \u00a0 \u00a0 \u00a0 \u00a0 \u00a0del Decreto 2013 de 2012 y el literal d) del canon 6 del Decreto 254 \u00a0 \u00a0 \u00a0 \u00a0 \u00a0de 2000 no proh\u00edben la posibilidad de iniciar la ejecuci\u00f3n \u00a0 \u00a0 \u00a0 \u00a0 \u00a0de las condenas, v\u00eda jurisdiccional, contra los patrimonios \u00a0 \u00a0 \u00a0 \u00a0 \u00a0aut\u00f3nomos. \u00a0<\/p>\n<p>\u00a0 \u00a0\u00a0 \u00a0 \u00a0 \u00a0 \u00a0<\/p>\n<p>ii. Al \u00a0 \u00a0 \u00a0 \u00a0 \u00a0variarse la competencia de la justicia laboral ordinaria sin la \u00a0 \u00a0 \u00a0 \u00a0 \u00a0intervenci\u00f3n del legislador, la cual es de su resorte \u00a0 \u00a0 \u00a0 \u00a0 \u00a0exclusivo. Adem\u00e1s, el tr\u00e1mite ante la cartera \u00a0 \u00a0 \u00a0 \u00a0 \u00a0ministerial carece de regulaci\u00f3n y reglamentaci\u00f3n. \u00a0<\/p>\n<p>\u00a0 \u00a0\u00a0 \u00a0 \u00a0 \u00a0 \u00a0<\/p>\n<p>iii. El \u00a0 \u00a0 \u00a0 \u00a0 \u00a0tribunal accionado al ordenar la nulidad dej\u00f3 sin efectos las \u00a0 \u00a0 \u00a0 \u00a0 \u00a0medidas cautelares, lo cual es improcedente a voces del inciso 2\u00b0 \u00a0 \u00a0 \u00a0 \u00a0 \u00a0del art\u00edculo 138 del CGP. Adem\u00e1s, que la invalidez fue \u00a0 \u00a0 \u00a0 \u00a0 \u00a0convalidada por no haberse alegado en tiempo. \u00a0<\/p>\n<p>CONSIDERACIONES \u00a0DE LA SALA \u00a0<\/p>\n<p>\u00a0 \u00a0\u00a0 \u00a0 \u00a0 \u00a0 \u00a0<\/p>\n<p>1. De \u00a0 \u00a0 \u00a0 \u00a0 \u00a0conformidad con lo normado \u00a0 \u00a0 \u00a0 \u00a0 \u00a0en el art\u00edculo 32 del Decreto 2591 de 1991, art\u00edculo \u00a0 \u00a0 \u00a0 \u00a0 \u00a02\u00ba del Decreto 1983 de 2017 \u2013 modificatorio del art\u00edculo \u00a0 \u00a0 \u00a0 \u00a0 \u00a02.2.3.1.2.4 del Decreto 1069 de 2015 \u2013, \u00a0 \u00a0 \u00a0 \u00a0 \u00a0y el \u00a0 \u00a0 \u00a0 \u00a0 \u00a0art\u00edculo 44 del Reglamento General de esta Corporaci\u00f3n, \u00a0 \u00a0 \u00a0 \u00a0 \u00a0esta Sala es competente para resolver el recurso de impugnaci\u00f3n \u00a0 \u00a0 \u00a0 \u00a0 \u00a0interpuesto por Jenny \u00a0 \u00a0 \u00a0 \u00a0 \u00a0Ximena Murillo S\u00e1nchez contra \u00a0 \u00a0 \u00a0 \u00a0 \u00a0el fallo de tutela proferido por la Sala de Casaci\u00f3n Laboral \u00a0 \u00a0 \u00a0 \u00a0 \u00a0de la Corte Suprema de Justicia. \u00a0<\/p>\n<p>\u00a0 \u00a0\u00a0 \u00a0 \u00a0 \u00a0 \u00a0<\/p>\n<p>2. El \u00a0 \u00a0 \u00a0 \u00a0 \u00a0problema jur\u00eddico que convoca a la Sala en esta oportunidad \u00a0 \u00a0 \u00a0 \u00a0 \u00a0consiste en establecer \u00a0 \u00a0 \u00a0 \u00a0 \u00a0si frente a la providencia del 24 de septiembre de 2019 proferida \u00a0 \u00a0 \u00a0 \u00a0 \u00a0por la Sala \u00a0 \u00a0 \u00a0 \u00a0 \u00a0Laboral del Tribunal Superior del Distrito Judicial de Popay\u00e1n, \u00a0 \u00a0 \u00a0 \u00a0 \u00a0por \u00a0 \u00a0 \u00a0 \u00a0 \u00a0la cual se invalid\u00f3 la actuaci\u00f3n procesal desde el \u00a0 \u00a0 \u00a0 \u00a0 \u00a0mandamiento de pago, inclusive, para en su lugar, ordenar el env\u00edo \u00a0 \u00a0 \u00a0 \u00a0 \u00a0del expediente al Ministerio de Salud y Protecci\u00f3n Social \u00a0 \u00a0 \u00a0 \u00a0 \u00a0para que sea aquella autoridad que pague las acreencias laborales \u00a0 \u00a0 \u00a0 \u00a0 \u00a0reconocidas judicialmente a la aqu\u00ed accionante, previo \u00a0 \u00a0 \u00a0 \u00a0 \u00a0levantamiento de las medidas cautelares que hayan sido decretadas al \u00a0 \u00a0 \u00a0 \u00a0 \u00a0interior del proceso ejecutivo laboral 2018-00066, se configuran los \u00a0 \u00a0 \u00a0 \u00a0 \u00a0requisitos de procedibilidad de la acci\u00f3n de tutela contra \u00a0 \u00a0 \u00a0 \u00a0 \u00a0decisiones judiciales y por tanto, debe revocarse el fallo de tutela \u00a0 \u00a0 \u00a0 \u00a0 \u00a0de primer grado para en su lugar concederse el amparo constitucional \u00a0 \u00a0 \u00a0 \u00a0 \u00a0invocado. \u00a0<\/p>\n<p>\u00a0 \u00a0\u00a0 \u00a0 \u00a0 \u00a0 \u00a0<\/p>\n<p>3. Requisitos de \u00a0 \u00a0 \u00a0 \u00a0 \u00a0procedibilidad de la acci\u00f3n de tutela contra decisiones \u00a0 \u00a0 \u00a0 \u00a0 \u00a0judiciales \u00a0<\/p>\n<p>\u00a0 \u00a0\u00a0 \u00a0 \u00a0 \u00a0 \u00a0 \u00a0 \u00a0 \u00a0 \u00a0 \u00a0 \u00a0 \u00a0 \u00a0 \u00a0<\/p>\n<p>1. El art\u00edculo \u00a0 \u00a0 \u00a0 \u00a0 \u00a0 \u00a0 \u00a0 \u00a0 \u00a086 de la Constituci\u00f3n Pol\u00edtica establece que toda \u00a0 \u00a0 \u00a0 \u00a0 \u00a0 \u00a0 \u00a0 \u00a0 \u00a0persona tiene derecho a promover acci\u00f3n de tutela ante los \u00a0 \u00a0 \u00a0 \u00a0 \u00a0 \u00a0 \u00a0 \u00a0 \u00a0jueces con miras a obtener la protecci\u00f3n inmediata de sus \u00a0 \u00a0 \u00a0 \u00a0 \u00a0 \u00a0 \u00a0 \u00a0 \u00a0garant\u00edas fundamentales, cuando por acci\u00f3n u omisi\u00f3n \u00a0 \u00a0 \u00a0 \u00a0 \u00a0 \u00a0 \u00a0 \u00a0 \u00a0le sean vulnerados o amenazados por cualquier autoridad p\u00fablica \u00a0 \u00a0 \u00a0 \u00a0 \u00a0 \u00a0 \u00a0 \u00a0 \u00a0o por particulares en los casos expresamente previstos en la ley, \u00a0 \u00a0 \u00a0 \u00a0 \u00a0 \u00a0 \u00a0 \u00a0 \u00a0siempre que no haya otro medio de defensa judicial, o existiendo, \u00a0 \u00a0 \u00a0 \u00a0 \u00a0 \u00a0 \u00a0 \u00a0 \u00a0cuando la tutela se utilice de forma transitoria para evitar la \u00a0 \u00a0 \u00a0 \u00a0 \u00a0 \u00a0 \u00a0 \u00a0 \u00a0materializaci\u00f3n de un perjuicio irremediable. \u00a0 \u00a0<\/p>\n<p>Ha \u00a0precisado la Sala que las caracter\u00edsticas de subsidiariedad y \u00a0residualidad que son predicables de la acci\u00f3n de tutela, \u00a0aparejan como consecuencia que no pueda acudirse a tal mecanismo \u00a0excepcional de amparo para lograr la intervenci\u00f3n del juez \u00a0constitucional en procesos en tr\u00e1mite, porque ello a m\u00e1s \u00a0de desnaturalizar su esencia, socava postulados constitucionales como \u00a0la independencia y la autonom\u00eda funcionales que rigen la \u00a0actividad de la Rama Judicial al tenor de la preceptiva contenida en \u00a0el art\u00edculo 228 de la Carta Pol\u00edtica. \u00a0<\/p>\n<p>\u00a0 \u00a0\u00a0 \u00a0 \u00a0 \u00a0 \u00a0 \u00a0 \u00a0 \u00a0 \u00a0 \u00a0 \u00a0 \u00a0 \u00a0 \u00a0<\/p>\n<p>2. En \u00a0 \u00a0 \u00a0 \u00a0 \u00a0 \u00a0 \u00a0 \u00a0 \u00a0trat\u00e1ndose de la procedencia de la acci\u00f3n de tutela \u00a0 \u00a0 \u00a0 \u00a0 \u00a0 \u00a0 \u00a0 \u00a0 \u00a0para cuestionar \u00a0 \u00a0 \u00a0 \u00a0 \u00a0 \u00a0 \u00a0 \u00a0 \u00a0decisiones judiciales, salvo que comporten v\u00edas de hecho, la \u00a0 \u00a0 \u00a0 \u00a0 \u00a0 \u00a0 \u00a0 \u00a0 \u00a0acci\u00f3n es improcedente, porque su finalidad no es la de \u00a0 \u00a0 \u00a0 \u00a0 \u00a0 \u00a0 \u00a0 \u00a0 \u00a0revivir oportunidades o momentos procesales culminados, reponer \u00a0 \u00a0 \u00a0 \u00a0 \u00a0 \u00a0 \u00a0 \u00a0 \u00a0t\u00e9rminos de ejecutoria que permitan la impugnaci\u00f3n de \u00a0 \u00a0 \u00a0 \u00a0 \u00a0 \u00a0 \u00a0 \u00a0 \u00a0las decisiones, y tampoco constituirse en el escenario donde puedan \u00a0 \u00a0 \u00a0 \u00a0 \u00a0 \u00a0 \u00a0 \u00a0 \u00a0efectuarse valoraciones probatorias diferentes a la que realiz\u00f3 \u00a0 \u00a0 \u00a0 \u00a0 \u00a0 \u00a0 \u00a0 \u00a0 \u00a0el juez de conocimiento, a quien corresponde hacer esa labor de \u00a0 \u00a0 \u00a0 \u00a0 \u00a0 \u00a0 \u00a0 \u00a0 \u00a0acuerdo con la competencia que le asigna la ley. \u00a0 \u00a0<\/p>\n<p>Si \u00a0as\u00ed fuera, \u00a0ha dicho la Corte, el recurso de amparo, instrumento de defensa de \u00a0derechos fundamentales, trocar\u00eda en medio adverso a la \u00a0seguridad jur\u00eddica y a la estabilidad social. Por estas \u00a0razones el juez de tutela debe respetar las competencias regladas \u00a0atribuidas a otras autoridades, sin afectar su autonom\u00eda. \u00a0<\/p>\n<p>\u00a0 \u00a0\u00a0 \u00a0 \u00a0 \u00a0 \u00a0 \u00a0 \u00a0 \u00a0 \u00a0 \u00a0 \u00a0 \u00a0 \u00a0 \u00a0<\/p>\n<p>3. Como \u00a0 \u00a0 \u00a0 \u00a0 \u00a0 \u00a0 \u00a0 \u00a0 \u00a0ha sido recurrentemente recordado por esta Sala, la acci\u00f3n \u00a0 \u00a0 \u00a0 \u00a0 \u00a0 \u00a0 \u00a0 \u00a0 \u00a0constitucional de tutela es un mecanismo de protecci\u00f3n \u00a0 \u00a0 \u00a0 \u00a0 \u00a0 \u00a0 \u00a0 \u00a0 \u00a0excepcional frente a providencias judiciales, su prosperidad va \u00a0 \u00a0 \u00a0 \u00a0 \u00a0 \u00a0 \u00a0 \u00a0 \u00a0ligada al cumplimiento de estrictos requisitos \u00a0 \u00a0 \u00a0 \u00a0 \u00a0 \u00a0 \u00a0 \u00a0 \u00a0de \u00a0 \u00a0 \u00a0 \u00a0 \u00a0 \u00a0 \u00a0 \u00a0 \u00a0procedibilidad que implican una carga para el accionante, tanto en \u00a0 \u00a0 \u00a0 \u00a0 \u00a0 \u00a0 \u00a0 \u00a0 \u00a0su planteamiento como en su demostraci\u00f3n, como lo ha \u00a0 \u00a0 \u00a0 \u00a0 \u00a0 \u00a0 \u00a0 \u00a0 \u00a0expuesto la propia Corte Constitucional.2 \u00a0 \u00a0<\/p>\n<p>Por este motivo, y \u00a0como ha sido desarrollado por la jurisprudencia constitucional, la \u00a0acci\u00f3n de tutela contra providencias judiciales exige: \u00a0<\/p>\n<p>a. Que la cuesti\u00f3n \u00a0que se discuta resulte de evidente relevancia constitucional. \u00a0<\/p>\n<p>b. \u00a0Que hayan sido agotados todos los medios -ordinarios y \u00a0extraordinarios- de defensa judicial al alcance de la persona \u00a0afectada, salvo que se trate de evitar la consumaci\u00f3n de un \u00a0perjuicio iusfundamental \u00a0irremediable. \u00a0<\/p>\n<p>c. \u00a0Que se cumpla el requisito de la inmediatez, es decir, que la tutela \u00a0se hubiere interpuesto en un t\u00e9rmino razonable y proporcionado \u00a0a partir del hecho que origin\u00f3 la vulneraci\u00f3n. \u00a0<\/p>\n<p>d. Cuando se trate \u00a0de una irregularidad procesal, debe quedar claro que la misma tiene \u00a0un efecto decisivo o determinante en la sentencia que se impugna y \u00a0que ata\u00f1e a los derechos fundamentales del accionante. \u00a0<\/p>\n<p>e. \u00a0Que el accionante identifique de manera razonable tanto los hechos \u00a0que generaron la vulneraci\u00f3n como los derechos vulnerados y \u00a0que hubiere alegado tal vulneraci\u00f3n en el proceso judicial, \u00a0siempre que esto hubiere sido posible. \u00a0<\/p>\n<p>f. \u00a0Que la decisi\u00f3n judicial contra la cual se formula la acci\u00f3n \u00a0de tutela no se corresponda con sentencias de tutela. \u00a0<\/p>\n<p>Los \u00a0anteriores requisitos, no pueden quedarse en meros enunciados, pues \u00a0han sido reiterados por la Corte Constitucional, primero en la \u00a0sentencia C-590 \u00a0de 2005, luego en las decisiones T-332, T-212 y T-780 de 2006, \u00a0reforzando lo dicho en la primera de las mencionadas providencias, en \u00a0el sentido que, cuando se trata \u00a0de acciones de tutela contra providencias judiciales, las mismas solo \u00a0pueden tener cabida \u00ab\u2026si \u00a0se cumplen ciertos y rigurosos requisitos de procedibilidad. Dentro \u00a0de estos pueden distinguirse unos de car\u00e1cter general, que \u00a0habilitan la interposici\u00f3n de la tutela, y otros de car\u00e1cter \u00a0espec\u00edfico, que tocan con la procedencia misma del amparo, una \u00a0vez interpuesta\u00bb \u00a0(Textual). \u00a0<\/p>\n<p>En punto de las \u00a0exigencias espec\u00edficas, como fue recogido en la sentencia \u00a0C-590 de 2005, han sido establecidas las que a continuaci\u00f3n se \u00a0relacionan: \u00a0<\/p>\n<p>a. \u00a0 \u00a0 \u00a0 \u00a0Defecto \u00a0org\u00e1nico, que se presenta cuando el funcionario judicial que \u00a0profiri\u00f3 la providencia impugnada carece absolutamente de \u00a0competencia para ello. \u00a0 \u00a0 \u00a0 \u00a0 \u00a0 \u00a0<\/p>\n<p>2. Defecto procedimental absoluto, que se origina cuando el juez actu\u00f3 \u00a0 \u00a0 \u00a0 \u00a0 \u00a0completamente al margen del procedimiento establecido.<\/p>\n<p>3. Defecto f\u00e1ctico, el cual surge cuando el juez carece del \u00a0 \u00a0 \u00a0 \u00a0 \u00a0apoyo probatorio que permita la aplicaci\u00f3n del supuesto legal \u00a0 \u00a0 \u00a0 \u00a0 \u00a0en el que se sustenta la decisi\u00f3n.<\/p>\n<p>4. Defecto \u00a0 \u00a0 \u00a0 \u00a0 \u00a0material o sustantivo, como son los casos en que se decide con base \u00a0 \u00a0 \u00a0 \u00a0 \u00a0en normas inexistentes o inconstitucionales3 \u00a0 \u00a0 \u00a0 \u00a0 \u00a0o que presentan una evidente y grosera contradicci\u00f3n entre \u00a0 \u00a0 \u00a0 \u00a0 \u00a0los fundamentos y la decisi\u00f3n;<\/p>\n<p>5. Error inducido, el cual surge cuando el juez o tribunal fue v\u00edctima \u00a0 \u00a0 \u00a0 \u00a0 \u00a0de un enga\u00f1o por parte de terceros y ese enga\u00f1o lo \u00a0 \u00a0 \u00a0 \u00a0 \u00a0condujo a la toma de una decisi\u00f3n que afecta derechos \u00a0 \u00a0 \u00a0 \u00a0 \u00a0fundamentales.<\/p>\n<p>6. Decisi\u00f3n \u00a0 \u00a0 \u00a0 \u00a0 \u00a0sin motivaci\u00f3n, \u00a0 \u00a0 \u00a0 \u00a0 \u00a0que implica el incumplimiento de los funcionarios judiciales de \u00a0 \u00a0 \u00a0 \u00a0 \u00a0explicitar los fundamentos f\u00e1cticos y jur\u00eddicos de sus \u00a0 \u00a0 \u00a0 \u00a0 \u00a0decisiones, en el entendido que precisamente en esa motivaci\u00f3n \u00a0 \u00a0 \u00a0 \u00a0 \u00a0reposa la legitimidad de su \u00f3rbita funcional.<\/p>\n<p>7. Desconocimiento \u00a0 \u00a0 \u00a0 \u00a0 \u00a0del precedente, hip\u00f3tesis que se presenta, por ejemplo, \u00a0 \u00a0 \u00a0 \u00a0 \u00a0cuando la Corte Constitucional establece el alcance de un derecho \u00a0 \u00a0 \u00a0 \u00a0 \u00a0fundamental y el juez ordinario aplica una ley limitando \u00a0 \u00a0 \u00a0 \u00a0 \u00a0sustancialmente dicho alcance. En estos casos la tutela procede como \u00a0 \u00a0 \u00a0 \u00a0 \u00a0mecanismo para garantizar la eficacia jur\u00eddica del contenido \u00a0 \u00a0 \u00a0 \u00a0 \u00a0constitucionalmente vinculante del derecho fundamental vulnerado \u00a0 \u00a0 \u00a0 \u00a0 \u00a0[4].<\/p>\n<p>8. Violaci\u00f3n \u00a0 \u00a0 \u00a0 \u00a0 \u00a0directa de la Constituci\u00f3n. \u00a0 \u00a0 \u00a0 \u00a0 \u00a0(Textual). \u00a0<\/p>\n<p>Queda \u00a0entonces claro que en \u00a0atenci\u00f3n a la fuerza normativa de la cosa juzgada y al respeto \u00a0de la autonom\u00eda judicial, la acci\u00f3n consagrada en el \u00a0art\u00edculo 86 de la Constituci\u00f3n Nacional, cuando se \u00a0dirige a cuestionar una decisi\u00f3n judicial, tiene car\u00e1cter \u00a0excepcional, y su prosperidad est\u00e1 atada a que se cumplan los \u00a0requisitos de procedibilidad anteriormente enunciados. De manera que \u00a0quien acude a ella tiene la carga no s\u00f3lo respecto de su \u00a0planteamiento, sino de su demostraci\u00f3n. \u00a0<\/p>\n<p>\u00a0 \u00a0\u00a0 \u00a0 \u00a0 \u00a0 \u00a0<\/p>\n<p>4. An\u00e1lisis \u00a0 \u00a0 \u00a0 \u00a0 \u00a0del caso concreto \u00a0<\/p>\n<p>\u00a0 \u00a0\u00a0 \u00a0 \u00a0 \u00a0 \u00a0 \u00a0 \u00a0 \u00a0 \u00a0 \u00a0 \u00a0 \u00a0 \u00a0 \u00a0<\/p>\n<p>1. En \u00a0 \u00a0 \u00a0 \u00a0 \u00a0 \u00a0 \u00a0 \u00a0 \u00a0el presente caso se encuentra que la censura constitucional \u00a0 \u00a0 \u00a0 \u00a0 \u00a0 \u00a0 \u00a0 \u00a0 \u00a0propuesta por la parte actora se dirige a denunciar que la \u00a0 \u00a0 \u00a0 \u00a0 \u00a0 \u00a0 \u00a0 \u00a0 \u00a0providencia confutada adolece de defecto sustantivo o material y \u00a0 \u00a0 \u00a0 \u00a0 \u00a0 \u00a0 \u00a0 \u00a0 \u00a0violaci\u00f3n directa de la Constituci\u00f3n Pol\u00edtica, \u00a0 \u00a0 \u00a0 \u00a0 \u00a0 \u00a0 \u00a0 \u00a0 \u00a0por desconocimiento de lo normado en los art\u00edculos 29, 228 y \u00a0 \u00a0 \u00a0 \u00a0 \u00a0 \u00a0 \u00a0 \u00a0 \u00a0229 constitucionales y canon 25 de la Convenci\u00f3n Americana \u00a0 \u00a0 \u00a0 \u00a0 \u00a0 \u00a0 \u00a0 \u00a0 \u00a0de Derechos Humanos, habida cuenta que al invalidar lo actuado para \u00a0 \u00a0 \u00a0 \u00a0 \u00a0 \u00a0 \u00a0 \u00a0 \u00a0ordenar el env\u00edo del expediente al Ministerio de Salud y de \u00a0 \u00a0 \u00a0 \u00a0 \u00a0 \u00a0 \u00a0 \u00a0 \u00a0la Protecci\u00f3n Social en aras de obtener el pago de las \u00a0 \u00a0 \u00a0 \u00a0 \u00a0 \u00a0 \u00a0 \u00a0 \u00a0acreencias laborales reconocidas en sentencia judicial, se \u00a0 \u00a0 \u00a0 \u00a0 \u00a0 \u00a0 \u00a0 \u00a0 \u00a0desconoci\u00f3 la competencia del juez laboral ordinario para \u00a0 \u00a0 \u00a0 \u00a0 \u00a0 \u00a0 \u00a0 \u00a0 \u00a0adelantar el correspondiente proceso ejecutivo, puesto que el \u00a0 \u00a0 \u00a0 \u00a0 \u00a0 \u00a0 \u00a0 \u00a0 \u00a0ordenamiento jur\u00eddico no ha proscrito la posibilidad de \u00a0 \u00a0 \u00a0 \u00a0 \u00a0 \u00a0 \u00a0 \u00a0 \u00a0iniciar tal tr\u00e1mite ante la autoridad judicial una vez \u00a0 \u00a0 \u00a0 \u00a0 \u00a0 \u00a0 \u00a0 \u00a0 \u00a0finalizada la liquidaci\u00f3n del Instituto de Seguros Sociales. \u00a0 \u00a0<\/p>\n<p>\u00a0 \u00a0\u00a0 \u00a0 \u00a0 \u00a0 \u00a0 \u00a0 \u00a0 \u00a0 \u00a0 \u00a0 \u00a0 \u00a0 \u00a0 \u00a0<\/p>\n<p>2. En \u00a0 \u00a0 \u00a0 \u00a0 \u00a0 \u00a0 \u00a0 \u00a0 \u00a0el caso bajo examen, a partir del marco jur\u00eddico presentado \u00a0 \u00a0 \u00a0 \u00a0 \u00a0 \u00a0 \u00a0 \u00a0 \u00a0y la revisi\u00f3n de las pruebas obrantes en el plenario, \u00a0 \u00a0 \u00a0 \u00a0 \u00a0 \u00a0 \u00a0 \u00a0 \u00a0refulge con claridad para la Sala que la solicitud de amparo, no \u00a0 \u00a0 \u00a0 \u00a0 \u00a0 \u00a0 \u00a0 \u00a0 \u00a0cumple con los siguientes requisitos generales de procedibilidad: \u00a0 \u00a0 \u00a0 \u00a0 \u00a0 \u00a0 \u00a0 \u00a0 \u00a0i) \u00abque hayan sido \u00a0 \u00a0 \u00a0 \u00a0 \u00a0 \u00a0 \u00a0 \u00a0 \u00a0agotados todos los medios -ordinarios y extraordinarios- de defensa \u00a0 \u00a0 \u00a0 \u00a0 \u00a0 \u00a0 \u00a0 \u00a0 \u00a0judicial al alcance de la persona afectada, salvo que se trate de \u00a0 \u00a0 \u00a0 \u00a0 \u00a0 \u00a0 \u00a0 \u00a0 \u00a0evitar la consumaci\u00f3n de un perjuicio iusfundamental \u00a0 \u00a0 \u00a0 \u00a0 \u00a0 \u00a0 \u00a0 \u00a0 \u00a0irremediable\u00bb y, ii) \u00abQue \u00a0 \u00a0 \u00a0 \u00a0 \u00a0 \u00a0 \u00a0 \u00a0 \u00a0el accionante\u2026hubiere alegado tal vulneraci\u00f3n en el \u00a0 \u00a0 \u00a0 \u00a0 \u00a0 \u00a0 \u00a0 \u00a0 \u00a0proceso judicial, siempre que esto hubiere sido posible\u00bb, \u00a0 \u00a0 \u00a0 \u00a0 \u00a0 \u00a0 \u00a0 \u00a0 \u00a0siendo estas las razones de la premisa conclusiva aqu\u00ed \u00a0 \u00a0 \u00a0 \u00a0 \u00a0 \u00a0 \u00a0 \u00a0 \u00a0vertida. \u00a0 \u00a0<\/p>\n<p>\u00a0 \u00a0\u00a0 \u00a0 \u00a0 \u00a0 \u00a0 \u00a0 \u00a0 \u00a0 \u00a0 \u00a0 \u00a0 \u00a0 \u00a0 \u00a0<\/p>\n<p>3. En \u00a0 \u00a0 \u00a0 \u00a0 \u00a0 \u00a0 \u00a0 \u00a0 \u00a0relaci\u00f3n con lo anterior, conforme \u00a0 \u00a0 \u00a0 \u00a0 \u00a0 \u00a0 \u00a0 \u00a0 \u00a0a la literalidad del inciso 4\u00ba del art\u00edculo 86 \u00a0 \u00a0 \u00a0 \u00a0 \u00a0 \u00a0 \u00a0 \u00a0 \u00a0constitucional, la acci\u00f3n de tutela comporta un car\u00e1cter \u00a0 \u00a0 \u00a0 \u00a0 \u00a0 \u00a0 \u00a0 \u00a0 \u00a0subsidiario o residual consistente en que \u201cEsta \u00a0 \u00a0 \u00a0 \u00a0 \u00a0 \u00a0 \u00a0 \u00a0 \u00a0acci\u00f3n solo proceder\u00e1 cuando el afectado no disponga \u00a0 \u00a0 \u00a0 \u00a0 \u00a0 \u00a0 \u00a0 \u00a0 \u00a0de otro medio de defensa judicial, salvo que aquella se utilice \u00a0 \u00a0 \u00a0 \u00a0 \u00a0 \u00a0 \u00a0 \u00a0 \u00a0como mecanismo transitorio para evitar un perjuicio irremediable.\u201d, \u00a0 \u00a0 \u00a0 \u00a0 \u00a0 \u00a0 \u00a0 \u00a0 \u00a0por \u00a0 \u00a0 \u00a0 \u00a0 \u00a0 \u00a0 \u00a0 \u00a0 \u00a0tanto, en caso de no satisfacerse tal par\u00e1metro de \u00a0 \u00a0 \u00a0 \u00a0 \u00a0 \u00a0 \u00a0 \u00a0 \u00a0procedibilidad la acci\u00f3n tuitiva se torna improcedente al \u00a0 \u00a0 \u00a0 \u00a0 \u00a0 \u00a0 \u00a0 \u00a0 \u00a0tenor de lo previsto en el numeral 1\u00ba del art\u00edculo 6\u00ba \u00a0 \u00a0 \u00a0 \u00a0 \u00a0 \u00a0 \u00a0 \u00a0 \u00a0del Decreto 2591 de 1991 (CC \u00a0 \u00a0 \u00a0 \u00a0 \u00a0 \u00a0 \u00a0 \u00a0 \u00a0T-282 de 2012). \u00a0 \u00a0<\/p>\n<p>En \u00a0ese orden de ideas, resulta pertinente recordar que acorde con la \u00a0jurisprudencia nacional el aludido principio envuelve tres \u00a0caracter\u00edsticas importantes que llevan a su improcedencia \u00a0contra providencias judiciales, a saber: \u00ab(i) \u00a0el asunto est\u00e1 en tr\u00e1mite; (ii) no se han agotado los \u00a0medios de defensa judicial ordinarios y extraordinarios; y (iii) se \u00a0usa para revivir etapas procesales en donde se dejaron de emplear los \u00a0recursos previstos en el ordenamiento jur\u00eddico\u00bb \u00a0(C.C.S.T-103\/2014), hip\u00f3tesis esta \u00faltima, respecto de \u00a0la cual, la Corte Constitucional, ha dejado por sentado: \u00a0<\/p>\n<p>[\u2026] \u00a0En \u00a0conclusi\u00f3n, es necesario que quien alega la vulneraci\u00f3n \u00a0de sus derechos fundamentales haya agotado los medios de defensa \u00a0disponibles en la legislaci\u00f3n para el efecto. Esta exigencia \u00a0responde al principio de subsidiariedad de la tutela, que pretende \u00a0asegurar que la acci\u00f3n constitucional no sea considerada en s\u00ed \u00a0misma una instancia m\u00e1s en el tr\u00e1mite jurisdiccional, \u00a0ni un mecanismo de defensa que reemplace aquellos otros dise\u00f1ados \u00a0por el legislador. Menos a\u00fan, que resulte ser un camino \u00a0excepcional para solucionar errores u omisiones de las partes o para \u00a0corregir oportunidades vencidas en los procesos jurisdiccionales \u00a0ordinarios. \u00a0<\/p>\n<p>De \u00a0esta manera, valga anotar que el mentado car\u00e1cter no puede ser \u00a0concebido \u00fanicamente como un requisito formal o procesal, sino \u00a0que se consagra como una verdadera garant\u00eda constitucional \u00a0dirigida a preservar la armon\u00eda del ordenamiento jur\u00eddico, \u00a0habida cuenta que previene que la acci\u00f3n de tutela i) supla o \u00a0reemplace los legalmente concebidos, ii) se desnaturalice ante el uso \u00a0indiscriminado y caprichoso de los ciudadanos, iii) se convierta en \u00a0medio alternativo o facultativo que complemente los mecanismos \u00a0judiciales ordinarios de defensa, en aras de obtener un \u00a0pronunciamiento m\u00e1s \u00e1gil y expedito (CC T \u2013 471 \u00a0de 2017). \u00a0 \u00a0 \u00a0 \u00a0 \u00a0 \u00a0 \u00a0 \u00a0 \u00a0 \u00a0 \u00a0 \u00a0 \u00a0 \u00a0 \u00a0<\/p>\n<p>4. En \u00a0 \u00a0 \u00a0 \u00a0 \u00a0 \u00a0 \u00a0 \u00a0 \u00a0lo atinente al deber de denunciar la vulneraci\u00f3n en el \u00a0 \u00a0 \u00a0 \u00a0 \u00a0 \u00a0 \u00a0 \u00a0 \u00a0respectivo proceso judicial ante el juez natural, debe se\u00f1alarse \u00a0 \u00a0 \u00a0 \u00a0 \u00a0 \u00a0 \u00a0 \u00a0 \u00a0que este presupuesto guarda \u00a0 \u00a0 \u00a0 \u00a0 \u00a0 \u00a0 \u00a0 \u00a0 \u00a0estrecha relaci\u00f3n de conexidad con el principio de \u00a0 \u00a0 \u00a0 \u00a0 \u00a0 \u00a0 \u00a0 \u00a0 \u00a0residualidad de la acci\u00f3n de tutela, por cuanto el proceso \u00a0 \u00a0 \u00a0 \u00a0 \u00a0 \u00a0 \u00a0 \u00a0 \u00a0judicial es considerado como el canal ordinario de defensa judicial \u00a0 \u00a0 \u00a0 \u00a0 \u00a0 \u00a0 \u00a0 \u00a0 \u00a0primordial y propicio para debatir la ilegalidad del supuesto de \u00a0 \u00a0 \u00a0 \u00a0 \u00a0 \u00a0 \u00a0 \u00a0 \u00a0hecho trasgresor contenido en la providencia judicial que se \u00a0 \u00a0 \u00a0 \u00a0 \u00a0 \u00a0 \u00a0 \u00a0 \u00a0censura, en aras de lograr superar la situaci\u00f3n vulneradora. \u00a0 \u00a0<\/p>\n<p>\u00a0 \u00a0\u00a0 \u00a0 \u00a0 \u00a0 \u00a0 \u00a0 \u00a0 \u00a0 \u00a0 \u00a0 \u00a0 \u00a0 \u00a0 \u00a0<\/p>\n<p>5. Bajo \u00a0 \u00a0 \u00a0 \u00a0 \u00a0 \u00a0 \u00a0 \u00a0 \u00a0tal derrotero, descendiendo al sub \u00a0 \u00a0 \u00a0 \u00a0 \u00a0 \u00a0 \u00a0 \u00a0 \u00a0lite, se puede \u00a0 \u00a0 \u00a0 \u00a0 \u00a0 \u00a0 \u00a0 \u00a0 \u00a0concluir que la parte actora dej\u00f3 de interponer en debida \u00a0 \u00a0 \u00a0 \u00a0 \u00a0 \u00a0 \u00a0 \u00a0 \u00a0forma el recurso de reposici\u00f3n, que legalmente proced\u00eda \u00a0 \u00a0 \u00a0 \u00a0 \u00a0 \u00a0 \u00a0 \u00a0 \u00a0por mandato del art\u00edculo 63 del CPT y SS, contra la \u00a0 \u00a0 \u00a0 \u00a0 \u00a0 \u00a0 \u00a0 \u00a0 \u00a0providencia del 24 de septiembre de 2019, \u00a0 \u00a0 \u00a0 \u00a0 \u00a0 \u00a0 \u00a0 \u00a0 \u00a0por ser un auto \u00a0 \u00a0 \u00a0 \u00a0 \u00a0 \u00a0 \u00a0 \u00a0 \u00a0interlocutorio, \u00a0 \u00a0 \u00a0 \u00a0 \u00a0 \u00a0 \u00a0 \u00a0 \u00a0herramienta \u00a0 \u00a0 \u00a0 \u00a0 \u00a0 \u00a0 \u00a0 \u00a0 \u00a0judicial a trav\u00e9s de la cual pod\u00eda invocar las \u00a0 \u00a0 \u00a0 \u00a0 \u00a0 \u00a0 \u00a0 \u00a0 \u00a0razones que, a su juicio, justificaban la prosperidad de su \u00a0 \u00a0 \u00a0 \u00a0 \u00a0 \u00a0 \u00a0 \u00a0 \u00a0pretensi\u00f3n ordinaria ante la misma autoridad judicial que \u00a0 \u00a0 \u00a0 \u00a0 \u00a0 \u00a0 \u00a0 \u00a0 \u00a0dict\u00f3 la decisi\u00f3n que hoy cuestiona. \u00a0 \u00a0<\/p>\n<p>La \u00a0anterior tesis deviene de la aplicaci\u00f3n literal del canon \u00a0precitado, el cual impide cualquier remisi\u00f3n normativa al \u00a0C\u00f3digo General del Proceso en tema del recurso horizontal, \u00a0debido a la existencia de norma procesal especial que gobierna dicho \u00a0mecanismo de impugnaci\u00f3n \u2013 precepto 145 del ib\u00eddem \u00a0-. Adem\u00e1s, frente al particular, la Sala de Casaci\u00f3n \u00a0Laboral de esta Corte en STL12208-2018, 12 de sep. 2018, rad. 52670, \u00a0expuso que: \u00a0<\/p>\n<p>[\u2026] \u00a0Conforme lo anterior, para esta Sala Laboral es claro que el \u00a0Tribunal accionado incurri\u00f3 en la transgresi\u00f3n del \u00a0derecho fundamental al debido proceso de la tutelante, con ocasi\u00f3n \u00a0del auto de fecha 25 de julio de 2018, al negar el recurso de \u00a0reposici\u00f3n contra el auto que concedi\u00f3 el recurso de \u00a0casaci\u00f3n, lo anterior, por cuanto fundament\u00f3 la \u00a0improcedencia de tal mecanismo en \u00a0el art\u00edculo 318 del C\u00f3digo General del Proceso, \u00a0cuando lo cierto es que dicho compendio no es aplicable en materia \u00a0laboral, \u00a0por lo que la providencia cuestionada comporta una flagrante v\u00eda \u00a0de hecho por defecto procesal ante la arbitraria decisi\u00f3n de \u00a0la autoridad tutelada de apartarse de manera evidente de las normas \u00a0procesales aplicables, lo que afecta de manera grave el debido \u00a0proceso. \u00a0<\/p>\n<p>Al \u00a0respecto, debe indicarse que la procedencia del mencionado recurso de \u00a0reposici\u00f3n encuentra soporte en el art\u00edculo 63 del \u00a0C\u00f3digo Procesal del Trabajo y de la Seguridad Social, el cual, \u00a0refiere que aquel procede \u00a0contra \u00ablos autos interlocutorios\u00bb sin hacer distinci\u00f3n \u00a0de la autoridad que lo profiera, \u00a0por ello, no existe una justificaci\u00f3n v\u00e1lida para que \u00a0el Tribunal cuestionado se abstuviera de resolver el mismo. \u00a0<\/p>\n<p>Significa lo \u00a0anterior, que quien ahora acciona en tutela bajo su propia voluntad \u00a0dej\u00f3 precluir la instancia ordinaria para exponer sus \u00a0inconformidades y reclamar la protecci\u00f3n de sus derechos, por \u00a0manera que no resulta admisible que pretenda a trav\u00e9s de esta \u00a0acci\u00f3n residual, subsidiaria y excepcional, censurar las \u00a0actuaciones desplegadas por el funcionario competente por fuera de \u00a0los canales dispuestos por el legislador, pues ello, se reitera, \u00a0torna absolutamente improcedente la solicitud de amparo. \u00a0<\/p>\n<p>\u00a0 \u00a0\u00a0 \u00a0 \u00a0 \u00a0 \u00a0 \u00a0 \u00a0 \u00a0 \u00a0 \u00a0 \u00a0 \u00a0 \u00a0 \u00a0<\/p>\n<p>6. Debido \u00a0 \u00a0 \u00a0 \u00a0 \u00a0 \u00a0 \u00a0 \u00a0 \u00a0a lo expuesto, al constatar la Sala que la presente solicitud de \u00a0 \u00a0 \u00a0 \u00a0 \u00a0 \u00a0 \u00a0 \u00a0 \u00a0amparo no cumple con los requisitos generales de subsidiariedad y \u00a0 \u00a0 \u00a0 \u00a0 \u00a0 \u00a0 \u00a0 \u00a0 \u00a0del deber de denunciar \u00a0 \u00a0 \u00a0 \u00a0 \u00a0 \u00a0 \u00a0 \u00a0 \u00a0la vulneraci\u00f3n en el respectivo proceso judicial ante el \u00a0 \u00a0 \u00a0 \u00a0 \u00a0 \u00a0 \u00a0 \u00a0 \u00a0juez natural, dicha situaci\u00f3n \u00a0 \u00a0 \u00a0 \u00a0 \u00a0 \u00a0 \u00a0 \u00a0 \u00a0jur\u00eddica impide que se estudie de fondo la presencia o \u00a0 \u00a0 \u00a0 \u00a0 \u00a0 \u00a0 \u00a0 \u00a0 \u00a0configuraci\u00f3n de alguna de las causales espec\u00edficas \u00a0 \u00a0 \u00a0 \u00a0 \u00a0 \u00a0 \u00a0 \u00a0 \u00a0de procedibilidad de la acci\u00f3n tuitiva contra providencias \u00a0 \u00a0 \u00a0 \u00a0 \u00a0 \u00a0 \u00a0 \u00a0 \u00a0judiciales, como a bien lo ha sostenido la jurisprudencia \u00a0 \u00a0 \u00a0 \u00a0 \u00a0 \u00a0 \u00a0 \u00a0 \u00a0constitucional bajo la siguiente f\u00f3rmula \u00abLas \u00a0 \u00a0 \u00a0 \u00a0 \u00a0 \u00a0 \u00a0 \u00a0 \u00a0condiciones generales de procedencia son aquellas cuya ocurrencia \u00a0 \u00a0 \u00a0 \u00a0 \u00a0 \u00a0 \u00a0 \u00a0 \u00a0habilita al juez de tutela para adentrarse en el contenido de la \u00a0 \u00a0 \u00a0 \u00a0 \u00a0 \u00a0 \u00a0 \u00a0 \u00a0providencia judicial que se impugna. Dicho de otro modo, son las \u00a0 \u00a0 \u00a0 \u00a0 \u00a0 \u00a0 \u00a0 \u00a0 \u00a0condiciones\u00a0sine \u00a0 \u00a0 \u00a0 \u00a0 \u00a0 \u00a0 \u00a0 \u00a0 \u00a0quibus non\u00a0es \u00a0 \u00a0 \u00a0 \u00a0 \u00a0 \u00a0 \u00a0 \u00a0 \u00a0posible abordar el estudio de la providencia judicial impugnada\u00bb \u00a0 \u00a0 \u00a0 \u00a0 \u00a0 \u00a0 \u00a0 \u00a0 \u00a0(CC \u00a0 \u00a0 \u00a0 \u00a0 \u00a0 \u00a0 \u00a0 \u00a0 \u00a0T-012 de 2018), \u00a0 \u00a0 \u00a0 \u00a0 \u00a0 \u00a0 \u00a0 \u00a0 \u00a0por \u00a0 \u00a0 \u00a0 \u00a0 \u00a0 \u00a0 \u00a0 \u00a0 \u00a0tanto, las pretensiones elevadas a trav\u00e9s de esta acci\u00f3n \u00a0 \u00a0 \u00a0 \u00a0 \u00a0 \u00a0 \u00a0 \u00a0 \u00a0constitucional devienen improcedentes. \u00a0 \u00a0<\/p>\n<p>\u00a0 \u00a0\u00a0 \u00a0 \u00a0 \u00a0 \u00a0 \u00a0 \u00a0 \u00a0 \u00a0 \u00a0 \u00a0 \u00a0 \u00a0 \u00a0<\/p>\n<p>7. Los \u00a0 \u00a0 \u00a0 \u00a0 \u00a0 \u00a0 \u00a0 \u00a0 \u00a0precedentes razonamientos constituyen \u00a0 \u00a0 \u00a0 \u00a0 \u00a0 \u00a0 \u00a0 \u00a0 \u00a0 fundamento suficiente \u00a0 \u00a0 \u00a0 \u00a0 \u00a0 \u00a0 \u00a0 \u00a0 \u00a0para \u00a0 \u00a0 \u00a0 \u00a0 \u00a0 \u00a0 \u00a0 \u00a0 \u00a0confirmar \u00a0 \u00a0 \u00a0 \u00a0 \u00a0 \u00a0 \u00a0 \u00a0 \u00a0el fallo impugnado. \u00a0 \u00a0<\/p>\n<p>Por \u00a0lo expuesto, la \u00a0CORTE SUPREMA DE JUSTICIA, SALA DE CASACI\u00d3N PENAL \u2013 SALA \u00a0DE DECISI\u00d3N DE ACCIONES DE TUTELA N\u00ba 1, \u00a0administrando justicia en nombre de la \u00a0Rep\u00fablica y por autoridad de la Ley, \u00a0<\/p>\n<p>RESUELVE \u00a0<\/p>\n<p>1\u00ba \u00a0CONFIRMAR \u00a0la sentencia proferida el \u00a018 de diciembre de 2019 \u00a0por la Sala \u00a0de Casaci\u00f3n Laboral de la Corte Suprema de Justicia, \u00a0por las razones \u00a0expuestas en la parte considerativa de esta providencia. \u00a0<\/p>\n<p>2\u00ba \u00a0NOTIFICAR \u00a0esta providencia de conformidad con lo dispuesto en el art\u00edculo \u00a030 del Decreto 2591 de 1991. \u00a0<\/p>\n<p>3\u00ba \u00a0REMITIR el \u00a0proceso a la Corte Constitucional para su eventual revisi\u00f3n, \u00a0de conformidad con lo previsto en el art\u00edculo 32 ib\u00eddem. \u00a0<\/p>\n<p>NOTIF\u00cdQUESE \u00a0Y C\u00daMPLASE \u00a0<\/p>\n<p>JOS\u00c9 \u00a0FRANCISCO ACU\u00d1A VIZCAYA \u00a0<\/p>\n<p>EUGENIO \u00a0FERN\u00c1NDEZ CARLIER \u00a0<\/p>\n<p>NUBIA YOLANDA \u00a0NOVA GARC\u00cdA \u00a0<\/p>\n<p>Secretaria \u00a0<\/p>\n<p>1 \u00a0 \u00a0 \u00a0 \u00a0 \u00a0Folio \u00a0 \u00a0 \u00a0 \u00a0 \u00a043, cuaderno No. 2 de primera instancia. \u00a0<\/p>\n<p>2 \u00a0 \u00a0 \u00a0 \u00a0 \u00a0Cfr. Corte \u00a0 \u00a0 \u00a0 \u00a0 \u00a0Constitucional. Sentencias C-590 de 2005 y T-332 de 2006. \u00a0<\/p>\n<p>3 \u00a0 \u00a0 \u00a0 \u00a0 \u00a0\u00cddem. Sentencia T-522 de 2001. \u00a0<\/p>\n<p>4 \u00a0 \u00a0 \u00a0 \u00a0 \u00a0\u00ab Cfr. Sentencias T-462 de 2003 ; SU-1184 de 2001 ; T-1625 de \u00a0 \u00a0 \u00a0 \u00a0 \u00a02000 y T-1031 de 2001. \u00bb \u00a0<\/p>\n<p>\u00a0 \u00a0 \u00a0\u00a0<\/p>\n<p><\/p>\n","protected":false},"excerpt":{"rendered":"<p>\u00a0 \u00a0 \u00a0 \u00a0\u00a0 JOS\u00c9 \u00a0FRANCISCO ACU\u00d1A VIZCAYA \u00a0 Magistrado \u00a0Ponente \u00a0 STP2639 \u00a0&#8211; 2020 \u00a0 Radicaci\u00f3n \u00a0No. 109419 \u00a0 (Aprobado \u00a0Acta No. 59) \u00a0 Bogot\u00e1 \u00a0D.C., diez (10) de marzo de dos mil veinte (2020) \u00a0 Decide \u00a0la Sala el recurso de impugnaci\u00f3n interpuesto por Jenny \u00a0Ximena Murillo S\u00e1nchez contra \u00a0el fallo de tutela [&hellip;]<\/p>\n","protected":false},"author":1,"featured_media":0,"comment_status":"open","ping_status":"open","sticky":false,"template":"","format":"standard","meta":{"footnotes":""},"categories":[29],"tags":[],"class_list":["post-51678","post","type-post","status-publish","format-standard","hentry","category-29"],"_links":{"self":[{"href":"https:\/\/dmsjuridica.com\/buscador_20179478954\/salapenalcronologico20230723\/wp-json\/wp\/v2\/posts\/51678","targetHints":{"allow":["GET"]}}],"collection":[{"href":"https:\/\/dmsjuridica.com\/buscador_20179478954\/salapenalcronologico20230723\/wp-json\/wp\/v2\/posts"}],"about":[{"href":"https:\/\/dmsjuridica.com\/buscador_20179478954\/salapenalcronologico20230723\/wp-json\/wp\/v2\/types\/post"}],"author":[{"embeddable":true,"href":"https:\/\/dmsjuridica.com\/buscador_20179478954\/salapenalcronologico20230723\/wp-json\/wp\/v2\/users\/1"}],"replies":[{"embeddable":true,"href":"https:\/\/dmsjuridica.com\/buscador_20179478954\/salapenalcronologico20230723\/wp-json\/wp\/v2\/comments?post=51678"}],"version-history":[{"count":0,"href":"https:\/\/dmsjuridica.com\/buscador_20179478954\/salapenalcronologico20230723\/wp-json\/wp\/v2\/posts\/51678\/revisions"}],"wp:attachment":[{"href":"https:\/\/dmsjuridica.com\/buscador_20179478954\/salapenalcronologico20230723\/wp-json\/wp\/v2\/media?parent=51678"}],"wp:term":[{"taxonomy":"category","embeddable":true,"href":"https:\/\/dmsjuridica.com\/buscador_20179478954\/salapenalcronologico20230723\/wp-json\/wp\/v2\/categories?post=51678"},{"taxonomy":"post_tag","embeddable":true,"href":"https:\/\/dmsjuridica.com\/buscador_20179478954\/salapenalcronologico20230723\/wp-json\/wp\/v2\/tags?post=51678"}],"curies":[{"name":"wp","href":"https:\/\/api.w.org\/{rel}","templated":true}]}}