{"id":51449,"date":"2023-09-15T20:52:13","date_gmt":"2023-09-15T20:52:13","guid":{"rendered":"https:\/\/dmsjuridica.com\/buscador_20179478954\/salapenalcronologico20230723\/2023\/09\/15\/stp1957-2020\/"},"modified":"2023-09-15T20:52:13","modified_gmt":"2023-09-15T20:52:13","slug":"stp1957-2020","status":"publish","type":"post","link":"https:\/\/dmsjuridica.com\/buscador_20179478954\/salapenalcronologico20230723\/2023\/09\/15\/stp1957-2020\/","title":{"rendered":"STP1957-2020"},"content":{"rendered":"\n<p>\u00a0 \u00a0 \u00a0 \u00a0\u00a0<\/p>\n<p>JOS\u00c9 \u00a0FRANCISCO ACU\u00d1A VIZCAYA \u00a0<\/p>\n<p>Magistrado \u00a0Ponente \u00a0<\/p>\n<p>STP1957-2020 \u00a0<\/p>\n<p>Radicaci\u00f3n \u00a0n.\u00b0 109176 \u00a0<\/p>\n<p>(Aprobado \u00a0Acta No. 043) \u00a0<\/p>\n<p>Bogot\u00e1. \u00a0D.C., veinticinco (25) de febrero de dos mil veinte (2020). \u00a0<\/p>\n<p>La \u00a0Sala de Casaci\u00f3n Penal de la Corte Suprema de Justicia, Sala \u00a0de Decisi\u00f3n de Tutelas, resuelve la acci\u00f3n interpuesta \u00a0por CARLOS \u00a0ALBERTO S\u00c1NCHEZ RIA\u00d1O, \u00a0contra la Sala Penal del Tribunal Superior del Distrito Judicial de \u00a0Bogot\u00e1, el Juzgado Veinte de Ejecuci\u00f3n de Penas y \u00a0Medidas de Seguridad de la misma ciudad. \u00a0<\/p>\n<p>ANTECEDENTES \u00a0Y FUNDAMENTOS \u00a0<\/p>\n<p>El \u00a0accionante cuestiona las decisiones mediante las cuales le fue negado \u00a0el otorgamiento de la \u00a0prisi\u00f3n domiciliaria y el permiso administrativo hasta por 72 \u00a0horas. \u00a0En esencia, alega \u00a0que cumple con los requisitos previstos para que se le reconozca \u00a0estos beneficios. \u00a0<\/p>\n<p>RESPUESTA DE \u00a0LAS AUTORIDADES ACCIONADAS \u00a0<\/p>\n<p>1.- \u00a0El \u00a0Juzgado Veinte de \u00a0Ejecuci\u00f3n \u00a0de Penas y Medidas de Seguridad de \u00a0 Bogot\u00e1 \u00a0adujo \u00a0que resolvi\u00f3 no impartir aprobaci\u00f3n a la solicitud de \u00a0permiso para salir del establecimiento carcelario hasta por 72 horas \u00a0elevada por el accionante, ya que el mismo no ha superado el \u00a0cumplimiento del 70% de la sanci\u00f3n \u00a0que le fue impuesta \u00a0por \u00a0el Juzgado Primero Penal del Circuito Especializado de Ibagu\u00e9 \u00a0\u2013 Tolima. Decisi\u00f3n contra la cual el actor no interpuso \u00a0recurso. \u00a0<\/p>\n<p>Manifest\u00f3 \u00a0que con providencia del 12 de julio de 2019, ese Juzgado neg\u00f3 \u00a0al sentenciado la ejecuci\u00f3n de la pena privativa de la \u00a0libertad en su lugar de residencia \u00a0por expresa prohibici\u00f3n de \u00a0lo normado en el art\u00edculo 38G de la Ley 1709 de 2014.1 \u00a0<\/p>\n<p>2.- \u00a0El \u00a0Magistrado Ponente del Tribunal Superior del Distrito Judicial de \u00a0Bogot\u00e1 argument\u00f3 que mediante auto del 18 de noviembre \u00a0de 2019, confirm\u00f3 la negativa de la prisi\u00f3n \u00a0domiciliaria por expresa prohibici\u00f3n \u00a0del art\u00edculo 38 G \u00a0del C\u00f3digo Penal, adicionado por el art\u00edculo 28 de la \u00a0Ley 1709 de 2014.2 \u00a0<\/p>\n<p>CONSIDERACIONES \u00a0<\/p>\n<p>La \u00a0tutela es un mecanismo de protecci\u00f3n excepcional frente a \u00a0providencias judiciales, su prosperidad va ligada al cumplimiento de \u00a0estrictos requisitos \u00a0de \u00a0procedibilidad que implican una carga para el actor tanto en su \u00a0planteamiento como en su demostraci\u00f3n, como lo ha expuesto la \u00a0propia Corte Constitucional3. \u00a0<\/p>\n<p>Tan exigente es, \u00a0que la acci\u00f3n de tutela contra providencias judiciales, \u00a0requiere: \u00a0<\/p>\n<p>a. \u00a0Que la cuesti\u00f3n que se discuta resulte de evidente relevancia \u00a0constitucional. \u00a0<\/p>\n<p>b. Que se hayan \u00a0agotado todos los medios -ordinarios y extraordinarios- de defensa \u00a0judicial al alcance de la persona afectada, salvo que se trate de \u00a0evitar la consumaci\u00f3n de un perjuicio iusfundamental \u00a0irremediable. \u00a0<\/p>\n<p>c. \u00a0Que se cumpla el requisito de la inmediatez, es decir, que la tutela \u00a0se hubiere interpuesto en un t\u00e9rmino razonable y proporcionado \u00a0a partir del hecho que origin\u00f3 la vulneraci\u00f3n. \u00a0<\/p>\n<p>d. Cuando se trate \u00a0de una irregularidad procesal, debe quedar claro que la misma tiene \u00a0un efecto decisivo o determinante en la sentencia que se impugna y \u00a0que afecta los derechos fundamentales del accionante. \u00a0<\/p>\n<p>e. \u00a0Que la parte actora identifique de manera razonable tanto los hechos \u00a0que generaron la vulneraci\u00f3n como los derechos vulnerados y \u00a0que hubiere alegado tal vulneraci\u00f3n en el proceso judicial \u00a0siempre que esto hubiere sido posible.4 \u00a0<\/p>\n<p>f. \u00a0Que no se trate de sentencias de tutela. \u00a0<\/p>\n<p>Los \u00a0anteriores requisitos no pueden quedarse en meros enunciados, pues \u00a0han sido reiterados por la Corte Constitucional, primero en la \u00a0sentencia C-590 \u00a0de 2005, luego en las decisiones T-332, T-780 y T-212 de 2006, \u00a0reforzando lo dicho en la primera de las mencionadas providencias, en \u00a0el sentido de que, cuando se trata \u00a0de acciones de tutela contra providencias judiciales, las mismas solo \u00a0pueden tener cabida \u00ab\u2026 \u00a0si se cumplen ciertos y rigurosos requisitos de procedibilidad. \u00a0 Dentro de estos pueden distinguirse unos de car\u00e1cter general, \u00a0que habilitan la interposici\u00f3n de la tutela, y otros de \u00a0car\u00e1cter espec\u00edfico, que tocan con la procedencia misma \u00a0del amparo, una vez interpuesta\u00bb. \u00a0-C-590 de 2005- \u00a0<\/p>\n<p>An\u00e1lisis \u00a0del caso concreto \u00a0<\/p>\n<p>1. \u00a0El accionante cuestiona las decisiones proferidas el 30 de enero de \u00a02019, 12 de julio de 2019 y 18 de noviembre de 2019, por parte Sala \u00a0Penal del Juzgado Veinte de Ejecuci\u00f3n de Penas y Medidas de \u00a0Seguridad \u00a0de Bogot\u00e1 y la Sala Penal del Tribunal Superior del \u00a0Distrito Judicial de la misma ciudad, mediante las cuales le fue \u00a0negada la solicitud de permiso para salir del establecimiento \u00a0carcelario hasta por 72 horas, ya que no ha superado el cumplimiento \u00a0del 70% de la sanci\u00f3n \u00a0que le fue impuesta \u00a0por el Juzgado \u00a0Primero Penal del Circuito Especializado de Ibagu\u00e9 \u2013 \u00a0Tolima y tambi\u00e9n se le neg\u00f3 la ejecuci\u00f3n de la \u00a0pena privativa de la libertad en su lugar de residencia \u00a0por expresa \u00a0prohibici\u00f3n de lo normado en el art\u00edculo 38G de la Ley \u00a01709 de 2014. \u00a0<\/p>\n<p>2. \u00a0Sobre el \u00a0particular, se tiene que ninguno \u00a0de los reproches hechos por el actor a las decisiones cuestionadas, \u00a0constituye un yerro susceptible de amparo por v\u00eda \u00a0constitucional, pues en los estrictos t\u00e9rminos exigidos por la \u00a0jurisprudencia para el caso de acciones de tutela contra decisiones \u00a0judiciales, se observa que no se configura ning\u00fan defecto \u00a0violatorio del debido proceso. \u00a0<\/p>\n<p>As\u00ed \u00a0las cosas, encuentra la Sala que las decisiones cuestionadas no \u00a0resultan arbitrarias ni irracionales, pues las simples diferencias \u00a0que puedan surgir en la resoluci\u00f3n de los asuntos objeto de \u00a0debate, no son susceptibles de ser planteadas en esta sede, en tanto \u00a0la \u00a0revisi\u00f3n constitucional en casos como estos queda limitada a \u00a0detectar la presencia de una causal de procedencia de tutela contra \u00a0sentencias de la que, adem\u00e1s, se derive un perjuicio \u00a0iusfundamental. \u00a0<\/p>\n<p>Los \u00a0derechos al debido proceso, de acceso a la administraci\u00f3n de \u00a0justicia y a la verdad, no se consideran vulnerados porque se haya \u00a0proferido una decisi\u00f3n judicial contraria a los intereses del \u00a0ahora accionante, cuyo planteamiento no est\u00e1 llamado a \u00a0superponerse a la del funcionario accionado, cuando no se observa que \u00a0en dicha valoraci\u00f3n haya cometido yerros ostensibles. \u00a0<\/p>\n<p>3. \u00a0La Sala debe recordarle al actor, que siendo la tutela un mecanismo \u00a0de protecci\u00f3n excepcional frente a providencias judiciales, su \u00a0prosperidad va ligada al cumplimiento de \u00abciertos \u00a0y rigurosos\u00bb \u00a0requisitos de procedibilidad que implican una m\u00ednima carga \u00a0para quien reclama el amparo, no solo en su planteamiento sino \u00a0tambi\u00e9n en su demostraci\u00f3n, \u00a0como \u00a0lo ha expuesto la propia Corte Constitucional5, \u00a0pues las sentencias que hacen tr\u00e1nsito a cosa juzgada, gozan \u00a0de la doble presunci\u00f3n de acierto y legalidad que brindan \u00a0seguridad jur\u00eddica a las decisiones judiciales, necesaria para \u00a0la consolidaci\u00f3n del Estado de Derecho. S\u00f3lo por \u00a0vulneraciones constitucionales, relativas a los derechos \u00a0fundamentales, mediante acciones reflejadas en los hechos, oportuna y \u00a0claramente \u00a0planteados \u00a0y demostrados, \u00a0se puede desvirtuar esta doble presunci\u00f3n. \u00a0<\/p>\n<p>4. \u00a0En consecuencia, no existiendo vulneraci\u00f3n de garant\u00edas \u00a0fundamentales, forzoso es concluir que la tutela debe negarse. \u00a0<\/p>\n<p>En \u00a0m\u00e9rito de lo expuesto, LA \u00a0CORTE SUPREMA DE JUSTICIA, SALA DE CASACI\u00d3N PENAL \u2013 EN \u00a0SALA DE DECISI\u00d3N DE ACCIONES DE TUTELA No. 1,- \u00a0administrando justicia en nombre de la Rep\u00fablica y por \u00a0autoridad de la Ley, \u00a0<\/p>\n<p>RESUELVE \u00a0<\/p>\n<p>1\u00ba \u00a0NEGAR \u00a0el \u00a0amparo solicitado. \u00a0<\/p>\n<p>2\u00ba \u00a0NOTIFICAR \u00a0esta providencia de conformidad con el art\u00edculo 30 del Decreto \u00a02591 de 1991. \u00a0<\/p>\n<p>3\u00ba \u00a0REMITIR \u00a0el expediente a la Corte Constitucional para su eventual revisi\u00f3n, \u00a0de \u00a0no ser impugnado, Art\u00edculo 31 del Decreto 2591 de 1991. \u00a0<\/p>\n<p>NOTIF\u00cdQUESE \u00a0y C\u00daMPLASE \u00a0<\/p>\n<p>JOS\u00c9 \u00a0FRANCISCO ACU\u00d1A VIZCAYA \u00a0<\/p>\n<p>EUGENIO \u00a0FERN\u00c1NDEZ CARLIER \u00a0<\/p>\n<p>NUBIA YOLANDA \u00a0NOVA GARC\u00cdA \u00a0<\/p>\n<p>Secretaria \u00a0<\/p>\n<p>1 \u00a0 \u00a0 \u00a0 \u00a0 \u00a0Folios \u00a0 \u00a0 \u00a0 \u00a0 \u00a064 a 71 \u00a0<\/p>\n<p>2 \u00a0 \u00a0 \u00a0 \u00a0 \u00a0Folio \u00a0 \u00a0 \u00a0 \u00a0 \u00a072 \u00a0<\/p>\n<p>3 \u00a0 \u00a0 \u00a0 \u00a0 \u00a0Sentencias \u00a0 \u00a0 \u00a0 \u00a0 \u00a0C-590 de 2005 y T-332 de 2006 \u00a0<\/p>\n<p>4 \u00a0 \u00a0 \u00a0 \u00a0 \u00a0Ibidem. \u00a0<\/p>\n<p>5 \u00a0 \u00a0 \u00a0 \u00a0 \u00a0Ib\u00eddem \u00a0<\/p>\n<p>\u00a0 \u00a0 \u00a0\u00a0<\/p>\n<p><\/p>\n","protected":false},"excerpt":{"rendered":"<p>\u00a0 \u00a0 \u00a0 \u00a0\u00a0 JOS\u00c9 \u00a0FRANCISCO ACU\u00d1A VIZCAYA \u00a0 Magistrado \u00a0Ponente \u00a0 STP1957-2020 \u00a0 Radicaci\u00f3n \u00a0n.\u00b0 109176 \u00a0 (Aprobado \u00a0Acta No. 043) \u00a0 Bogot\u00e1. \u00a0D.C., veinticinco (25) de febrero de dos mil veinte (2020). \u00a0 La \u00a0Sala de Casaci\u00f3n Penal de la Corte Suprema de Justicia, Sala \u00a0de Decisi\u00f3n de Tutelas, resuelve la acci\u00f3n interpuesta [&hellip;]<\/p>\n","protected":false},"author":1,"featured_media":0,"comment_status":"open","ping_status":"open","sticky":false,"template":"","format":"standard","meta":{"footnotes":""},"categories":[29],"tags":[],"class_list":["post-51449","post","type-post","status-publish","format-standard","hentry","category-29"],"_links":{"self":[{"href":"https:\/\/dmsjuridica.com\/buscador_20179478954\/salapenalcronologico20230723\/wp-json\/wp\/v2\/posts\/51449","targetHints":{"allow":["GET"]}}],"collection":[{"href":"https:\/\/dmsjuridica.com\/buscador_20179478954\/salapenalcronologico20230723\/wp-json\/wp\/v2\/posts"}],"about":[{"href":"https:\/\/dmsjuridica.com\/buscador_20179478954\/salapenalcronologico20230723\/wp-json\/wp\/v2\/types\/post"}],"author":[{"embeddable":true,"href":"https:\/\/dmsjuridica.com\/buscador_20179478954\/salapenalcronologico20230723\/wp-json\/wp\/v2\/users\/1"}],"replies":[{"embeddable":true,"href":"https:\/\/dmsjuridica.com\/buscador_20179478954\/salapenalcronologico20230723\/wp-json\/wp\/v2\/comments?post=51449"}],"version-history":[{"count":0,"href":"https:\/\/dmsjuridica.com\/buscador_20179478954\/salapenalcronologico20230723\/wp-json\/wp\/v2\/posts\/51449\/revisions"}],"wp:attachment":[{"href":"https:\/\/dmsjuridica.com\/buscador_20179478954\/salapenalcronologico20230723\/wp-json\/wp\/v2\/media?parent=51449"}],"wp:term":[{"taxonomy":"category","embeddable":true,"href":"https:\/\/dmsjuridica.com\/buscador_20179478954\/salapenalcronologico20230723\/wp-json\/wp\/v2\/categories?post=51449"},{"taxonomy":"post_tag","embeddable":true,"href":"https:\/\/dmsjuridica.com\/buscador_20179478954\/salapenalcronologico20230723\/wp-json\/wp\/v2\/tags?post=51449"}],"curies":[{"name":"wp","href":"https:\/\/api.w.org\/{rel}","templated":true}]}}