{"id":51385,"date":"2023-09-15T20:52:10","date_gmt":"2023-09-15T20:52:10","guid":{"rendered":"https:\/\/dmsjuridica.com\/buscador_20179478954\/salapenalcronologico20230723\/2023\/09\/15\/stp1761-2020\/"},"modified":"2023-09-15T20:52:10","modified_gmt":"2023-09-15T20:52:10","slug":"stp1761-2020","status":"publish","type":"post","link":"https:\/\/dmsjuridica.com\/buscador_20179478954\/salapenalcronologico20230723\/2023\/09\/15\/stp1761-2020\/","title":{"rendered":"STP1761-2020"},"content":{"rendered":"\n<p>\u00a0 \u00a0 \u00a0 \u00a0\u00a0<\/p>\n<p>EUGENIO \u00a0FERN\u00c1NDEZ CARLIER \u00a0<\/p>\n<p>Magistrado \u00a0Ponente \u00a0<\/p>\n<p>STP1761-2020 \u00a0<\/p>\n<p>Radicaci\u00f3n \u00a0N\u00ba 109141 \u00a0<\/p>\n<p>Acta \u00a0No 037 \u00a0<\/p>\n<p>Bogot\u00e1, \u00a0D.C., dieciocho (18) de febrero de dos mil veinte (2020). \u00a0<\/p>\n<p>ASUNTO \u00a0<\/p>\n<p>Decide \u00a0la Sala sobre la demanda de tutela presentada por LUIS \u00a0ALBERTO MENDOZA D\u00cdAZ a \u00a0trav\u00e9s de apoderado judicial, \u00a0contra \u00a0la Sala de Descongesti\u00f3n Nro. 4 de la Sala de Casaci\u00f3n \u00a0Laboral de la Corte Suprema de Justicia, \u00a0la Sala Laboral del Tribunal Superior de Bogot\u00e1 y el Juzgado \u00a0Octavo Laboral del Circuito de esta ciudad, por la presunta \u00a0vulneraci\u00f3n de su derecho fundamental al debido proceso; en \u00a0actuaci\u00f3n que vincul\u00f3 a las partes e intervinientes \u00a0dentro del proceso ordinario laboral radicado con n\u00famero \u00a011001-31-05-0008-2010-0052. \u00a0<\/p>\n<p>PROBLEMA \u00a0JUR\u00cdDICO A RESOLVER \u00a0<\/p>\n<p>Le \u00a0corresponde a la Corte verificar si contra \u00a0la decisi\u00f3n proferida por la Sala \u00a0de Descongesti\u00f3n Nro. 4 de la Sala de Casaci\u00f3n \u00a0Laboral de la Corte Suprema de Justicia, se cumplen los requisitos de \u00a0procedibilidad de la acci\u00f3n de tutela contra providencia \u00a0judicial, al desconocer, seg\u00fan la parte actora, el precedente \u00a0jurisprudencial respecto a la condici\u00f3n m\u00e1s beneficiosa \u00a0en materia de pensi\u00f3n convencional. \u00a0<\/p>\n<p>ANTECEDENTES \u00a0PROCESALES \u00a0<\/p>\n<p>Con \u00a0auto de 6 de febrero de 2020, esta Sala de Tutelas avoc\u00f3 el \u00a0conocimiento de la acci\u00f3n y orden\u00f3 dar traslado de la \u00a0demanda a las autoridades accionadas y vinculados a efectos de \u00a0garantizar sus derechos de defensa y contradicci\u00f3n. \u00a0<\/p>\n<p>RESULTADOS \u00a0PROBATORIOS \u00a0<\/p>\n<p>1. \u00a0La Jefe de la Oficina Jur\u00eddica de la Unidad Administrativa \u00a0Especial de Rehabilitaci\u00f3n y Mantenimiento Vial-UAERMV, se\u00f1al\u00f3 \u00a0que si bien es cierto el accionante labor\u00f3 al servicio de la \u00a0Secretar\u00eda de Obras P\u00fablicas, hasta el 16 de marzo de \u00a01997, fecha en la cual se produjo la terminaci\u00f3n del contrato \u00a0de trabajo por restructuraci\u00f3n de la entidad, en materia \u00a0pensional la entidad competente de establecer la existencia del \u00a0derecho reclamado es el Fondo de Prestaciones Econ\u00f3micas, \u00a0Cesant\u00edas y Pensiones, por ende no le asiste legitimidad para \u00a0actuar dentro del proceso, en tanto la UAERMV no tiene idoneidad para \u00a0tomar decisiones sobre las pretensiones planteadas por el actor. \u00a0<\/p>\n<p>2. \u00a0Una Magistrada de la Sala Laboral del Tribunal Superior de Bogot\u00e1, \u00a0se\u00f1al\u00f3 que consultada la informaci\u00f3n registrada \u00a0en el Sistema de Gesti\u00f3n Judicial Siglo XXI, se constata que \u00a0la Sala Quinta de Decisi\u00f3n Laboral de esa Colegiatura a trav\u00e9s \u00a0de auto de 30 de enero de 2020 profiri\u00f3 auto de obedecimiento \u00a0a lo resuelto por el superior y una vez ejecutoriada la decisi\u00f3n, \u00a0el expediente fue devuelto al juzgado de origen. \u00a0<\/p>\n<p>3. \u00a0Las dem\u00e1s autoridades y vinculadas guardaron silencio sobre el \u00a0particular dentro del traslado concedido1. \u00a0<\/p>\n<p>CONSIDERACIONES \u00a0<\/p>\n<p>1. \u00a0De \u00a0conformidad con lo establecido en el numeral 7\u00ba del art\u00edculo \u00a02.2.3.1.2.1 del Decreto 1069 de 2015, modificado por el art\u00edculo \u00a01\u00ba del Decreto 1983 de 2017, en \u00a0concordancia con el art\u00edculo 44 del Reglamento General de la \u00a0Corte Suprema de Justicia, \u00a0la Sala de Casaci\u00f3n Penal es competente para resolver la \u00a0demanda de tutela, como \u00a0quiera que se censura actuaciones judiciales adoptadas por la \u00a0Hom\u00f3loga Laboral de esta Corporaci\u00f3n. \u00a0<\/p>\n<p>2. \u00a0Corresponde \u00a0a la Corte determinar si \u00a0procede \u00a0el amparo de los derechos \u00a0fundamentales del accionante, \u00a0de \u00a0manera que se deje sin efectos la sentencia de casaci\u00f3n \u00a0proferida por la Hom\u00f3loga Laboral de esta Corporaci\u00f3n \u00a0en el proceso laboral que promovi\u00f3 para que le fuera \u00a0reconocida la pensi\u00f3n de jubilaci\u00f3n extralegal. \u00a0<\/p>\n<p>Toda \u00a0la discusi\u00f3n que propone el actor, se circunscribe a la \u00a0decisi\u00f3n que adopt\u00f3 el Tribunal de cierre al no casar \u00a0la sentencia emitida en segunda instancia que le neg\u00f3 el \u00a0derecho a la pensi\u00f3n de jubilaci\u00f3n prevista en \u00a0convenci\u00f3n colectiva de trabajo suscrita con la extinta \u00a0Secretar\u00eda de Obras P\u00fablicas de Bogot\u00e1. En su \u00a0criterio, tiene derecho a que se le reconozca dicha pensi\u00f3n en \u00a0tanto la convenci\u00f3n colectiva solo contempl\u00f3 dos \u00a0requisitos, (i) causaci\u00f3n es decir 20 a\u00f1os o m\u00e1s \u00a0de servicios a dicha entidad y (ii) exigibilidad esto es, haber \u00a0cumplido 50 a\u00f1os de edad sin importar que este hubiera sido \u00a0con posterioridad a la desvinculaci\u00f3n. \u00a0<\/p>\n<p>En \u00a0este sentido, como ha sido recurrentemente recordado por esta Sala, \u00a0la acci\u00f3n constitucional de tutela es un mecanismo de \u00a0protecci\u00f3n excepcional frente a providencias judiciales, su \u00a0prosperidad va ligada al cumplimiento de estrictos requisitos \u00a0de \u00a0procedibilidad que implican una carga para la parte accionante, tanto \u00a0en su planteamiento como en su demostraci\u00f3n, conforme lo ha \u00a0expuesto la propia Corte Constitucional. \u00a0<\/p>\n<p>Teniendo \u00a0en cuenta entonces que la pretensi\u00f3n de la demanda es dejar \u00a0sin efectos una decisi\u00f3n judicial, es necesario examinar lo \u00a0establecido frente a los requisitos generales de la procedencia de la \u00a0acci\u00f3n de tutela, espec\u00edficamente en lo atinente a la \u00a0inmediatez de la misma. \u00a0<\/p>\n<p>As\u00ed \u00a0las cosas, como ha sido desarrollado por la doctrina constitucional, \u00a0la acci\u00f3n de tutela contra providencias judiciales exige: \u00a0<\/p>\n<p>\u00a0 \u00a0\u00a0 \u00a0 \u00a0 \u00a0 \u00a0 \u00a0 \u00a0 \u00a0 \u00a0 \u00a0 \u00a0 \u00a0 \u00a0 \u00a0<\/p>\n<p>a. Que \u00a0 \u00a0 \u00a0 \u00a0 \u00a0 \u00a0 \u00a0 \u00a0 \u00a0la cuesti\u00f3n que se discuta resulte de evidente relevancia \u00a0 \u00a0 \u00a0 \u00a0 \u00a0 \u00a0 \u00a0 \u00a0 \u00a0constitucional. \u00a0 \u00a0<\/p>\n<p>\u00a0 \u00a0\u00a0 \u00a0 \u00a0 \u00a0 \u00a0 \u00a0 \u00a0 \u00a0 \u00a0 \u00a0 \u00a0 \u00a0 \u00a0 \u00a0<\/p>\n<p>b. Que \u00a0 \u00a0 \u00a0 \u00a0 \u00a0 \u00a0 \u00a0 \u00a0 \u00a0hayan sido agotados todos los medios -ordinarios y extraordinarios- \u00a0 \u00a0 \u00a0 \u00a0 \u00a0 \u00a0 \u00a0 \u00a0 \u00a0de defensa judicial al alcance de la persona afectada, salvo que se \u00a0 \u00a0 \u00a0 \u00a0 \u00a0 \u00a0 \u00a0 \u00a0 \u00a0trate de evitar la consumaci\u00f3n de un perjuicio \u00a0 \u00a0 \u00a0 \u00a0 \u00a0 \u00a0 \u00a0 \u00a0 \u00a0iusfundamental irremediable. \u00a0 \u00a0<\/p>\n<p>\u00a0 \u00a0\u00a0 \u00a0 \u00a0 \u00a0 \u00a0 \u00a0 \u00a0 \u00a0 \u00a0 \u00a0 \u00a0 \u00a0 \u00a0 \u00a0<\/p>\n<p>c. Que \u00a0 \u00a0 \u00a0 \u00a0 \u00a0 \u00a0 \u00a0 \u00a0 \u00a0se cumpla el requisito de la inmediatez, es decir, que la tutela se \u00a0 \u00a0 \u00a0 \u00a0 \u00a0 \u00a0 \u00a0 \u00a0 \u00a0hubiere interpuesto en un t\u00e9rmino razonable y proporcionado \u00a0 \u00a0 \u00a0 \u00a0 \u00a0 \u00a0 \u00a0 \u00a0 \u00a0a partir del hecho que origin\u00f3 la vulneraci\u00f3n. \u00a0 \u00a0<\/p>\n<p>\u00a0 \u00a0\u00a0 \u00a0 \u00a0 \u00a0 \u00a0 \u00a0 \u00a0 \u00a0 \u00a0 \u00a0 \u00a0 \u00a0 \u00a0 \u00a0<\/p>\n<p>d. Cuando \u00a0 \u00a0 \u00a0 \u00a0 \u00a0 \u00a0 \u00a0 \u00a0 \u00a0se trate de una irregularidad procesal, debe quedar claro que la \u00a0 \u00a0 \u00a0 \u00a0 \u00a0 \u00a0 \u00a0 \u00a0 \u00a0misma tiene un efecto decisivo o determinante en la sentencia que \u00a0 \u00a0 \u00a0 \u00a0 \u00a0 \u00a0 \u00a0 \u00a0 \u00a0se impugna y que ata\u00f1e a los derechos fundamentales de la \u00a0 \u00a0 \u00a0 \u00a0 \u00a0 \u00a0 \u00a0 \u00a0 \u00a0parte accionante. \u00a0 \u00a0<\/p>\n<p>\u00a0 \u00a0\u00a0 \u00a0 \u00a0 \u00a0 \u00a0 \u00a0 \u00a0 \u00a0 \u00a0 \u00a0 \u00a0 \u00a0 \u00a0 \u00a0<\/p>\n<p>e. Que \u00a0 \u00a0 \u00a0 \u00a0 \u00a0 \u00a0 \u00a0 \u00a0 \u00a0la parte accionante identifique de manera razonable tanto los \u00a0 \u00a0 \u00a0 \u00a0 \u00a0 \u00a0 \u00a0 \u00a0 \u00a0hechos que generaron la vulneraci\u00f3n como los derechos \u00a0 \u00a0 \u00a0 \u00a0 \u00a0 \u00a0 \u00a0 \u00a0 \u00a0vulnerados y que hubiere alegado tal vulneraci\u00f3n en el \u00a0 \u00a0 \u00a0 \u00a0 \u00a0 \u00a0 \u00a0 \u00a0 \u00a0proceso judicial, siempre que esto hubiere sido posible. \u00a0 \u00a0<\/p>\n<p>\u00a0 \u00a0\u00a0 \u00a0 \u00a0 \u00a0 \u00a0 \u00a0 \u00a0 \u00a0 \u00a0 \u00a0 \u00a0 \u00a0 \u00a0 \u00a0<\/p>\n<p>f. Que \u00a0 \u00a0 \u00a0 \u00a0 \u00a0 \u00a0 \u00a0 \u00a0 \u00a0la decisi\u00f3n judicial contra la cual se formula la acci\u00f3n \u00a0 \u00a0 \u00a0 \u00a0 \u00a0 \u00a0 \u00a0 \u00a0 \u00a0de tutela no se corresponda con sentencias de tutela. \u00a0 \u00a0<\/p>\n<p>Los \u00a0anteriores requisitos, no pueden quedarse en meros enunciados, pues \u00a0han sido reiterados por la Corte Constitucional, primero en la \u00a0sentencia C-590 \u00a0de 2005, luego en las decisiones T-332, T-212 y T-780 de 2006, \u00a0reforzando lo dicho en la primera de las mencionadas providencias, en \u00a0el sentido que, cuando se trata \u00a0de acciones de tutela contra providencias judiciales, las mismas solo \u00a0pueden tener cabida \u00ab\u2026si \u00a0se cumplen ciertos y rigurosos requisitos de procedibilidad. Dentro \u00a0de estos pueden distinguirse unos de car\u00e1cter general, que \u00a0habilitan la interposici\u00f3n de la tutela, y otros de car\u00e1cter \u00a0espec\u00edfico, que tocan con la procedencia misma del amparo, una \u00a0vez interpuesta\u00bb. \u00a0<\/p>\n<p>En \u00a0el caso espec\u00edfico de la inmediatez, se advierte que este \u00a0requisito general de procedibilidad, busca que la acci\u00f3n de \u00a0tutela se ejerza dentro de un t\u00e9rmino razonable desde la \u00a0presunta vulneraci\u00f3n del derecho fundamental. Por tanto, la \u00a0Corte Constitucional, \u00a0a trav\u00e9s de sus distintas Salas de Revisi\u00f3n ha acogido \u00a0el criterio de determinarlo con fundamento en las caracter\u00edsticas \u00a0especiales de cada caso en concreto, por lo cual ha considerado que, \u00a0\u00aben \u00a0algunos casos, \u00a0seis (6) meses \u00a0podr\u00edan resultar suficientes para declarar la tutela \u00a0improcedente; pero, en otros eventos, un t\u00e9rmino de 2 a\u00f1os \u00a0se podr\u00eda considerar razonable para ejercer la acci\u00f3n \u00a0de tutela\u2026\u00bb2. \u00a0<\/p>\n<p>A \u00a0su vez estableci\u00f3 como factores a tener en cuenta para \u00a0determinar la razonabilidad del lapso los siguientes: (i) \u00a0si existe un motivo v\u00e1lido para la inactividad del accionante; \u00a0(ii) \u00a0si la inactividad justificada vulnera el n\u00facleo esencial de \u00a0los derechos de terceros afectados con la decisi\u00f3n; (iii) \u00a0si existe un nexo causal entre el ejercicio tard\u00edo de la \u00a0acci\u00f3n y la vulneraci\u00f3n de los derechos fundamentales \u00a0del interesado; (iv) \u00a0si el fundamento de la acci\u00f3n de tutela surgi\u00f3 despu\u00e9s \u00a0de acaecida la actuaci\u00f3n violatoria de los derechos \u00a0fundamentales, de cualquier forma en un plazo no muy alejado de la \u00a0fecha de interposici\u00f3n.3 \u00a0<\/p>\n<p>En \u00a0este asunto, la \u00a0verificaci\u00f3n del requisito de inmediatez impone \u00a0que se analice, en cada caso particular, si la solicitud de amparo \u00a0fue elevada de manera razonable \u00a0y oportuna. \u00a0La \u00a0revisi\u00f3n del material probatorio incorporado al expediente \u00a0evidencia que la acci\u00f3n de tutela instaurada por LUIS \u00a0ALBERTO MENDOZA D\u00cdAZ no \u00a0cumple dicho presupuesto, de una parte, dado el tiempo transcurrido \u00a0entre la emisi\u00f3n de la sentencia de casaci\u00f3n (24 \u00a0de octubre de 2018) \u00a0y la presentaci\u00f3n de la demanda de tutela (4 \u00a0de febrero de 2020), \u00a0es decir, 14 meses despu\u00e9s de haberse emitido la decisi\u00f3n \u00a0censurada. \u00a0<\/p>\n<p>De \u00a0otro, de la demanda y sus anexos no se establece el motivo v\u00e1lido \u00a0que justifique la inactividad del accionante en la presentaci\u00f3n \u00a0tard\u00eda del amparo. \u00a0<\/p>\n<p>As\u00ed \u00a0las cosas, si bien no existe un t\u00e9rmino de caducidad, el \u00a0car\u00e1cter preferente, sumario e informal de la acci\u00f3n de \u00a0tutela, que se encuentra regida por los principios de econom\u00eda, \u00a0celeridad y eficacia (art\u00edculos 1 y 3 del Decreto 2591 de \u00a01991), s\u00ed impone que se acuda a ella con premura, pues se \u00a0trata, nada m\u00e1s y nada menos, que de un mecanismo \u00a0constitucional de protecci\u00f3n de los derechos fundamentales. \u00a0<\/p>\n<p>En \u00a0consecuencia, salvo especiales situaciones, que en el presente caso, \u00a0no han sido alegadas ni demostradas, el hecho de que se deje \u00a0transcurrir un plazo razonable sin promover el amparo es indicativo \u00a0de que no existe la repulsa hacia una insoportable situaci\u00f3n \u00a0de conculcaci\u00f3n de los derechos fundamentales. \u00a0<\/p>\n<p>Con \u00a0el anterior fundamento, la \u00a0Sala declarar\u00e1 la improcedencia del amparo invocado. \u00a0<\/p>\n<p>En \u00a0m\u00e9rito de lo expuesto, la \u00a0Sala de Casaci\u00f3n Penal de la Corte Suprema de Justicia, en \u00a0Sala de Decisi\u00f3n de Tutelas No. 1 \u00a0administrando justicia en nombre de la Rep\u00fablica y por \u00a0autoridad de la ley, \u00a0<\/p>\n<p>RESUELVE \u00a0<\/p>\n<p>Primero: \u00a0Negar por \u00a0improcedente el amparo solicitado por el demandante, de conformidad \u00a0con la motivaci\u00f3n que antecede. \u00a0<\/p>\n<p>Segundo: \u00a0Notificar a \u00a0las partes seg\u00fan lo dispuesto en el art\u00edculo 30 del \u00a0Decreto 2591 de 1991. \u00a0<\/p>\n<p>Tercero: \u00a0De \u00a0no ser impugnada la presente decisi\u00f3n, \u00a0remitir \u00a0el expediente a la Corte Constitucional para su eventual revisi\u00f3n. \u00a0<\/p>\n<p>C\u00famplase \u00a0<\/p>\n<p>JOS\u00c9 \u00a0FRANCISCO ACU\u00d1A VIZCAYA \u00a0<\/p>\n<p>EUGENIO \u00a0FERN\u00c1NDEZ CARLIER \u00a0<\/p>\n<p>NUBIA \u00a0YOLANDA NOVA GARC\u00cdA \u00a0<\/p>\n<p>Secretaria \u00a0<\/p>\n<p>1Una \u00a0 \u00a0 \u00a0 \u00a0 \u00a0vez registrado el proyecto de tutela, no se alleg\u00f3 por parte \u00a0 \u00a0 \u00a0 \u00a0 \u00a0de la Secretaria de la Corporaci\u00f3n respuestas de la demanda \u00a0 \u00a0 \u00a0 \u00a0 \u00a0de tutela. \u00a0<\/p>\n<p>2 \u00a0 \u00a0 \u00a0 \u00a0 \u00a0CC T-328 de 2010. \u00a0<\/p>\n<p>3 \u00a0 \u00a0 \u00a0 \u00a0 \u00a0CC \u00a0 \u00a0 \u00a0 \u00a0 \u00a0T-243 de 2008 \u00a0<\/p>\n<p>\u00a0 \u00a0 \u00a0\u00a0<\/p>\n<p><\/p>\n","protected":false},"excerpt":{"rendered":"<p>\u00a0 \u00a0 \u00a0 \u00a0\u00a0 EUGENIO \u00a0FERN\u00c1NDEZ CARLIER \u00a0 Magistrado \u00a0Ponente \u00a0 STP1761-2020 \u00a0 Radicaci\u00f3n \u00a0N\u00ba 109141 \u00a0 Acta \u00a0No 037 \u00a0 Bogot\u00e1, \u00a0D.C., dieciocho (18) de febrero de dos mil veinte (2020). \u00a0 ASUNTO \u00a0 Decide \u00a0la Sala sobre la demanda de tutela presentada por LUIS \u00a0ALBERTO MENDOZA D\u00cdAZ a \u00a0trav\u00e9s de apoderado judicial, \u00a0contra [&hellip;]<\/p>\n","protected":false},"author":1,"featured_media":0,"comment_status":"open","ping_status":"open","sticky":false,"template":"","format":"standard","meta":{"footnotes":""},"categories":[29],"tags":[],"class_list":["post-51385","post","type-post","status-publish","format-standard","hentry","category-29"],"_links":{"self":[{"href":"https:\/\/dmsjuridica.com\/buscador_20179478954\/salapenalcronologico20230723\/wp-json\/wp\/v2\/posts\/51385","targetHints":{"allow":["GET"]}}],"collection":[{"href":"https:\/\/dmsjuridica.com\/buscador_20179478954\/salapenalcronologico20230723\/wp-json\/wp\/v2\/posts"}],"about":[{"href":"https:\/\/dmsjuridica.com\/buscador_20179478954\/salapenalcronologico20230723\/wp-json\/wp\/v2\/types\/post"}],"author":[{"embeddable":true,"href":"https:\/\/dmsjuridica.com\/buscador_20179478954\/salapenalcronologico20230723\/wp-json\/wp\/v2\/users\/1"}],"replies":[{"embeddable":true,"href":"https:\/\/dmsjuridica.com\/buscador_20179478954\/salapenalcronologico20230723\/wp-json\/wp\/v2\/comments?post=51385"}],"version-history":[{"count":0,"href":"https:\/\/dmsjuridica.com\/buscador_20179478954\/salapenalcronologico20230723\/wp-json\/wp\/v2\/posts\/51385\/revisions"}],"wp:attachment":[{"href":"https:\/\/dmsjuridica.com\/buscador_20179478954\/salapenalcronologico20230723\/wp-json\/wp\/v2\/media?parent=51385"}],"wp:term":[{"taxonomy":"category","embeddable":true,"href":"https:\/\/dmsjuridica.com\/buscador_20179478954\/salapenalcronologico20230723\/wp-json\/wp\/v2\/categories?post=51385"},{"taxonomy":"post_tag","embeddable":true,"href":"https:\/\/dmsjuridica.com\/buscador_20179478954\/salapenalcronologico20230723\/wp-json\/wp\/v2\/tags?post=51385"}],"curies":[{"name":"wp","href":"https:\/\/api.w.org\/{rel}","templated":true}]}}