{"id":51353,"date":"2023-09-15T20:51:52","date_gmt":"2023-09-15T20:51:52","guid":{"rendered":"https:\/\/dmsjuridica.com\/buscador_20179478954\/salapenalcronologico20230723\/2023\/09\/15\/stp1594-2020\/"},"modified":"2023-09-15T20:51:52","modified_gmt":"2023-09-15T20:51:52","slug":"stp1594-2020","status":"publish","type":"post","link":"https:\/\/dmsjuridica.com\/buscador_20179478954\/salapenalcronologico20230723\/2023\/09\/15\/stp1594-2020\/","title":{"rendered":"STP1594-2020"},"content":{"rendered":"\n<p>\u00a0 \u00a0 \u00a0 \u00a0\u00a0<\/p>\n<p>JAIME \u00a0HUMBERTO MORENO ACERO \u00a0<\/p>\n<p>Magistrado \u00a0ponente \u00a0<\/p>\n<p>STP1594-2020 \u00a0<\/p>\n<p>Radicaci\u00f3n \u00a0n\u00b0 108985 \u00a0<\/p>\n<p>Acta \u00a0n.\u00b0 29 \u00a0<\/p>\n<p>Bogot\u00e1, \u00a0D.C., once (11) de febrero de dos mil veinte (2020). \u00a0<\/p>\n<p>ASUNTO \u00a0<\/p>\n<p>Procede \u00a0la Corte a resolver la acci\u00f3n de tutela presentada por \u00c1lvaro \u00a0Andr\u00e9s Ibarra Herrera contra \u00a0las \u00a0siguientes autoridades: Sala Penal de los Tribunales Superiores de \u00a0los Distritos Judiciales de Tunja y Valledupar, Juzgado Primero Penal \u00a0del Circuito Especializado de Antioquia, Centros de Servicios \u00a0Administrativos de los Juzgados de Ejecuci\u00f3n de Penas y \u00a0Medidas de Seguridad de Monter\u00eda, Bucaramanga, Antioquia, \u00a0Bogot\u00e1, San Andr\u00e9s, Apartad\u00f3, Popay\u00e1n, \u00a0Neiva, Quibd\u00f3, Pasto, Leticia, Sincelejo, Cartagena, Santa \u00a0Marta, Barranquilla, Arauca, Yopal, Manizales, Tunja, Acac\u00edas, \u00a0Facatativ\u00e1, Riohacha, Mocoa, Florencia, Cali, Pereira, C\u00facuta \u00a0y Valledupar, Establecimiento Penitenciario \u00a0de \u00a0Alta y Mediana Seguridad y Carcelario \u00a0con \u00a0Alta Seguridad de Combita \u00a0\u2013 \u00c1rea Educativa, Oficina de Registro de Instrumentos \u00a0P\u00fablicos de Bogot\u00e1, C\u00e1mara de Comercio de Bogot\u00e1 \u00a0y Secretar\u00eda de Tr\u00e1nsito y Transporte de Bogot\u00e1. \u00a0Lo \u00a0anterior, por la presunta vulneraci\u00f3n \u00a0del derecho fundamental de petici\u00f3n. \u00a0<\/p>\n<p>Al \u00a0tr\u00e1mite fueron vinculadas la \u00a0empresa de mensajer\u00eda y correo certificado 4-72 y la Direcci\u00f3n \u00a0del Complejo Penitenciario y Carcelario de Bogot\u00e1 \u2013 La \u00a0Picota. \u00a0<\/p>\n<p>HECHOS \u00a0Y FUNDAMENTOS DE LA ACCI\u00d3N \u00a0<\/p>\n<p>El Juzgado Primero \u00a0Penal del Circuito de Antioquia, en sentencia del 23 de enero de \u00a02018, declar\u00f3 penalmente responsable a \u00c1lvaro \u00a0Andr\u00e9s Ibarra Herrera \u00a0por los delitos de concierto para delinquir agravado, fabricaci\u00f3n, \u00a0tr\u00e1fico y porte de armas, municiones de uso restringido, de \u00a0uso privativo de las Fuerzas Armadas o explosivos, y tr\u00e1fico, \u00a0fabricaci\u00f3n, porte o tenencia de armas de fuego. Raz\u00f3n \u00a0por la cual le impuso condena principal de 131 meses de prisi\u00f3n. \u00a0<\/p>\n<p>La \u00a0anterior decisi\u00f3n se encuentra debidamente ejecutoriada, \u00a0y en \u00a0la actualidad el penado est\u00e1 en fase de ejecuci\u00f3n de la \u00a0condena, recluido en \u00a0el Complejo \u00a0Penitenciario y Carcelario de Bogot\u00e1 \u2013 La Picota. \u00a0<\/p>\n<p>El \u00a0accionante sostiene en su escrito de tutela que \u00a0complet\u00f3 \u00a0tres cuartas partes de la sanci\u00f3n penal, y por tanto, va a \u00a0presentar la solicitud del permiso de hasta setenta y dos horas \u00a0consagrado en el art\u00edculo 147 de la Ley 65 de 1993, ante la \u00a0autoridad que vig\u00eda de la pena. \u00a0<\/p>\n<p>Advierte, que ha \u00a0notado que respecto al beneficio referido, las decisiones de los \u00a0juzgados de ejecuci\u00f3n de penas del pa\u00eds no son \u00a0uniformes, pues en algunos eventos lo conceden y en otros no. En ese \u00a0orden, refiere que durante el primer trimestre del a\u00f1o 2019 \u00a0remiti\u00f3 derechos de petici\u00f3n a distintos despachos \u00a0judiciales y centros de servicios del pa\u00eds, a trav\u00e9s de \u00a0la oficina de correspondencia del centro carcelario, solicitando \u00a0copias de las providencias relacionadas con el permiso de hasta \u00a0setenta y dos horas. \u00a0<\/p>\n<p>Se\u00f1ala, que \u00a0a la fecha no ha recibido respuesta a sus peticiones, no obstante \u00a0haber excedido el per\u00edodo con que las accionadas contaban para \u00a0pronunciarse. Raz\u00f3n por la cual, solicita se proteja el \u00a0derecho fundamental invocado, y en consecuencia se ordene a las \u00a0demandadas para que en el t\u00e9rmino perentorio atiendan sus \u00a0solicitudes. \u00a0<\/p>\n<p>INTERVENCIONES \u00a0<\/p>\n<p>Sala Penal del \u00a0Tribunal Superior del Distrito Judicial de Tunja1. \u00a0El secretario de la corporaci\u00f3n indic\u00f3 que una vez \u00a0revisados los sistemas de informaci\u00f3n, no se encontr\u00f3 \u00a0ninguna clase de proceso, tutela o petici\u00f3n pendiente por \u00a0resolver al accionante, motivo por el cual, rog\u00f3 se negaran \u00a0las pretensiones de la acci\u00f3n. \u00a0<\/p>\n<p>Secretar\u00eda \u00a0de Tr\u00e1nsito y Transporte de Bogot\u00e12. \u00a0Manifest\u00f3 que una vez examinada la aplicaci\u00f3n que \u00a0almacena las solicitudes de los usuarios, no se encontr\u00f3 la \u00a0petici\u00f3n referida por el demandante. En ese orden, solicit\u00f3 \u00a0se declarara la improcedencia de la acci\u00f3n. \u00a0<\/p>\n<p>Juzgado \u00a0Segundo de Ejecuci\u00f3n de Penas y Medidas de Seguridad de \u00a0Cartagena3. \u00a0El director del despacho solicit\u00f3 la desvinculaci\u00f3n del \u00a0presente tr\u00e1mite, dado que no ejerci\u00f3 vigilancia de la \u00a0pena al accionante, as\u00ed como tampoco evidenci\u00f3 \u00a0peticiones radicadas por \u00e9ste. \u00a0<\/p>\n<p>Centro \u00a0de Servicios de los Juzgados de Ejecuci\u00f3n de Penas y Medidas \u00a0de Seguridad de Barranquilla4. \u00a0El secretario de la dependencia adujo que revisadas las bases de \u00a0datos, se constat\u00f3 que no se adelantaba proceso contra el \u00a0gestor, ni se hab\u00edan recibido peticiones de su parte. \u00a0<\/p>\n<p>Juzgado \u00a0Primero de Ejecuci\u00f3n de Penas y Medidas de Seguridad de \u00a0Yopal5. \u00a0La directora del juzgado sostuvo que una vez revisados los sistemas \u00a0de informaci\u00f3n, no se hall\u00f3 causa penal en el que se \u00a0hubiera avocado competencia, por tanto, no se hab\u00edan \u00a0vulnerados los derechos fundamentales del actor. \u00a0<\/p>\n<p>Juzgados \u00a0Primero y Segundo de Ejecuci\u00f3n de Penas y Medidas de Seguridad \u00a0de Florencia6. \u00a0Arguyeron que no han trasgredido las garant\u00edas fundamentales \u00a0del interesado, pues una vez examinados los sistemas de informaci\u00f3n \u00a0de los despachos, no se encontraron procesos penales bajo su \u00a0conocimiento, tampoco solicitudes pendientes de resolver. \u00a0<\/p>\n<p>Juzgado \u00a0Primero Penal del Circuito Especializado de Antioquia \u00a07. \u00a0Luego de relatar las actuaciones surtidas dentro del tr\u00e1mite \u00a0llevado en contra de \u00c1lvaro \u00a0Andr\u00e9s Ibarra Herrera, \u00a0se\u00f1al\u00f3 que a trav\u00e9s de auto del 31 de enero del \u00a0a\u00f1o que avanza dio respuesta a la solicitud de correcci\u00f3n \u00a0de la sentencia presentada por \u00e9ste. Decisi\u00f3n que fue \u00a0remitida a trav\u00e9s del Centro de Servicios de los juzgados de \u00a0dicha especialidad, mediante oficio del 10 de febrero de 2020, a fin \u00a0de que fuera remitido al Complejo \u00a0Penitenciario y Carcelario de Bogot\u00e1 \u2013 La Picota donde \u00a0se encuentra el actor. Para tal fin, aport\u00f3 las providencias y \u00a0comunicaciones respectivas. \u00a0<\/p>\n<p>Juzgado \u00a0Segundo de Ejecuci\u00f3n de Penas y Medidas de Seguridad de \u00a0Sincelejo8. \u00a0Inform\u00f3 que el d\u00eda 25 de febrero de 2019 recibi\u00f3 \u00a0solicitud de parte del demandante, la cual fue atendida mediante \u00a0comunicaci\u00f3n del 14 de marzo del mismo a\u00f1o, remitida al \u00a0correo jur\u00eddica.epcpicota@inpec.gov.co \u00a0en la citada fecha, y debidamente notificada al actor el 21 de marzo \u00a0siguiente. Para tal efecto, aport\u00f3 copia de las comunicaciones \u00a0alusivas. \u00a0<\/p>\n<p>Juzgado \u00a0de Ejecuci\u00f3n de Penas y Medidas de Seguridad de Quibd\u00f39. \u00a0Advirti\u00f3 que el 21 de febrero de 2019 se radic\u00f3 \u00a0petici\u00f3n por parte del accionante, la cual fue resuelta de \u00a0fondo a trav\u00e9s de oficio del 25 de febrero de ese a\u00f1o, \u00a0y posteriormente enviada al correo electr\u00f3nico del \u00a0establecimiento penitenciario La Picota. Se\u00f1al\u00f3 que la \u00a0notificaci\u00f3n personal al peticionario se hizo efectiva el 4 de \u00a0marzo de la citada anualidad. Adjunt\u00f3 copia de las \u00a0comunicaciones. \u00a0<\/p>\n<p>Centro \u00a0de Servicios de los Juzgados de Ejecuci\u00f3n de Penas y Medidas \u00a0de Seguridad de Manizales10. \u00a0Solicit\u00f3 la desvinculaci\u00f3n del tr\u00e1mite \u00a0constitucional, al considerar que no ha vulnerado derecho alguno a \u00a0 Ibarra Herrera. \u00a0Esto, pues mediante \u00a0comunicaci\u00f3n del 1 de marzo de 2019 resolvi\u00f3 el \u00a0petitorio del accionante, misma que fue comunicada a trav\u00e9s de \u00a0la empresa de correo 4-72. Para tal fin, aport\u00f3 los oficios \u00a0susodichos. \u00a0<\/p>\n<p>Centro \u00a0de Servicios de los Juzgados de Ejecuci\u00f3n de Penas y Medidas \u00a0de Seguridad de C\u00facuta11. \u00a0Manifest\u00f3 que no ha vulnerado los derechos invocados por el \u00a0actor, pues la postulaci\u00f3n presentada por \u00e9ste fue \u00a0debidamente tramitada e informada el 23 de abril de 2019, a trav\u00e9s \u00a0de la empresa 4-72. Aport\u00f3 constancias de notificaci\u00f3n. \u00a0<\/p>\n<p>Centro \u00a0de Servicios de los Juzgados de Ejecuci\u00f3n de Penas y Medidas \u00a0de Seguridad de Pasto12. \u00a0Refiri\u00f3 que el demandante present\u00f3 petici\u00f3n el \u00a018 de febrero del a\u00f1o anterior, requerimiento que fue atendido \u00a0mediante oficio del 20 de febrero siguiente y enviado por correo \u00a0certificado. Alleg\u00f3 los respectivos legajos. \u00a0<\/p>\n<p>Centro \u00a0de Servicios de los Juzgados de Ejecuci\u00f3n de Penas y Medidas \u00a0de Seguridad de Valledupar13. \u00a0Inform\u00f3 que en oficio del 9 de abril de 2019 se dio respuesta \u00a0a la solicitud formulada por el gestor constitucional. Situaci\u00f3n \u00a0por la cual, pidi\u00f3 se desestimaran las pretensiones de la \u00a0demanda. A efectos de sustentar su dicho, aport\u00f3 copia de las \u00a0comunicaciones enlistadas. \u00a0<\/p>\n<p>Centro \u00a0de Servicios de los Juzgados de Ejecuci\u00f3n de Penas y Medidas \u00a0de Seguridad de Monter\u00eda14. \u00a0Pidi\u00f3 que se desestimara el amparo invocado, comoquiera que \u00a0por medio de misiva del 21 de febrero de 2019 enviada el 26 de \u00a0febrero siguiente, fue atendida la petici\u00f3n presentada por \u00a0\u00c1lvaro \u00a0Andr\u00e9s Ibarra Herrera. \u00a0Anex\u00f3 copia del oficio y constancias de notificaci\u00f3n \u00a0respectivas. \u00a0<\/p>\n<p>Juzgado \u00a0Primero de Ejecuci\u00f3n de Penas y Medidas de Seguridad de \u00a0Facatativ\u00e115. \u00a0Adujo que mediante \u00a0auto de sustanciaci\u00f3n del 22 \u00a0de marzo de 2019 orden\u00f3 \u00a0dar respuesta a la solicitud del interno, la \u00a0cual se comunic\u00f3 con oficio No 1173 de la misma fecha dirigido \u00a0al Complejo Penitenciario y Carcelario Metropolitano de Bogot\u00e1, \u00a0Pabell\u00f3n 11, ERE 2, Estructura 2. \u00a0<\/p>\n<p>C\u00e1mara \u00a0de Comercio de Bogot\u00e116. \u00a0Indic\u00f3 que en comunicaci\u00f3n del 15 de febrero del \u00a0anterior a\u00f1o, se atendi\u00f3 la solicitud del accionante en \u00a0orden a certificar que no figuraba como propietario de \u00a0establecimiento de comercio alguno. Respuesta que fue remitida a la \u00a0direcci\u00f3n del centro carcelario el 19 de febrero, tal y como \u00a0se apreciada constancia de entrega, la cual fue aportada al presente \u00a0tr\u00e1mite. \u00a0<\/p>\n<p>Juzgado \u00a0de Ejecuci\u00f3n de Penas y Medidas de Seguridad de Leticia17. \u00a0Sostuvo que luego de revisada la correspondencia del a\u00f1o 2019, \u00a0se logr\u00f3 constatar que no obraba ning\u00fan tipo de \u00a0solicitud de parte del demandante. \u00a0<\/p>\n<p>Juzgado \u00a0Primero de Ejecuci\u00f3n de Penas y Medidas de Seguridad de \u00a0Sincelejo18. \u00a0Refiri\u00f3 que frente a la petici\u00f3n elevada por el \u00a0interesado, el citado despacho no profiri\u00f3 pronunciamiento \u00a0alguno, evento por el cual, dio respuesta a la misma mediante oficio \u00a0del 10 de febrero del a\u00f1o que avanza, notificado al correo del \u00a0Complejo \u00a0Penitenciario y Carcelario de Bogot\u00e1 \u2013 La Picota. En ese \u00a0orden, alleg\u00f3 las constancias de envi\u00f3 pertinentes. \u00a0<\/p>\n<p>Juzgado \u00a0de Ejecuci\u00f3n de Penas y Medidas de Seguridad de Arauca19. \u00a0Advirti\u00f3 que una vez verificados los libros radicadores del \u00a0despacho, se estableci\u00f3 que el accionante no present\u00f3 \u00a0petici\u00f3n a dicha judicatura. \u00a0<\/p>\n<p>Las \u00a0dem\u00e1s convocadas no se pronunciaron respecto a los hechos y \u00a0pretensiones de la acci\u00f3n, dentro del t\u00e9rmino legal \u00a0fijado para ello20. \u00a0<\/p>\n<p>CONSIDERACIONES \u00a0<\/p>\n<p>Conforme lo \u00a0establecido en el art\u00edculo 1\u00ba del Decreto 1983 de 2017, \u00a0que modific\u00f3 el Decreto 1069 de 2015, en concordancia con el \u00a0canon 86 Superior, es competente esta Colegiatura para pronunciarse \u00a0sobre la presente demanda, en tanto ella involucra, entre otras, a \u00a0los Tribunales \u00a0Superiores de los Distritos Judiciales de Tunja y Valledupar. \u00a0<\/p>\n<p>Como es bien \u00a0sabido, la acci\u00f3n de tutela tiene por objeto proteger de \u00a0manera efectiva e inmediata las garant\u00edas \u00a0fundamentales, \u00a0cuando resulten vulnerados o amenazados por acci\u00f3n u omisi\u00f3n \u00a0de las autoridades, y de los particulares en los casos que la ley \u00a0regula, siempre que el afectado no disponga de otros medios de \u00a0defensa judicial. \u00a0<\/p>\n<p>Por su parte, el \u00a0art\u00edculo 86 de la Constituci\u00f3n Pol\u00edtica consagr\u00f3 \u00a0dicha herramienta como un mecanismo extraordinario, preferente, \u00a0subsidiario y residual para la protecci\u00f3n de las cl\u00e1usulas \u00a0constitucionales fundamentales ante el menoscabo o la amenaza \u00a0derivados de acci\u00f3n u omisi\u00f3n atribuible a las \u00a0entidades p\u00fablicas o a los particulares en las situaciones \u00a0espec\u00edficamente precisadas en la ley. \u00a0<\/p>\n<p>En \u00a0el \u00a0sub lite \u00a0el problema jur\u00eddico consiste en establecer si las autoridades \u00a0judiciales y administrativas accionadas, vulneraron el derecho de \u00a0petici\u00f3n de \u00c1lvaro \u00a0Andr\u00e9s Ibarra Herrera, \u00a0al no dar contestaci\u00f3n a las solicitudes elevadas por \u00e9ste \u00a0en diferentes fechas del primer semestre de 201921. \u00a0<\/p>\n<p>La Sala precisa \u00a0que por virtud del art\u00edculo 13 de la Ley 1755 de 2015 \u00abToda \u00a0persona tiene derecho a presentar peticiones respetuosas a las \u00a0autoridades, en los t\u00e9rminos se\u00f1alados en este C\u00f3digo, \u00a0por motivos de inter\u00e9s general o particular, y a obtener \u00a0pronta resoluci\u00f3n completa y de fondo sobre la misma. Toda \u00a0actuaci\u00f3n que inicie cualquier persona ante las autoridades \u00a0implica el ejercicio del derecho de petici\u00f3n consagrado en el \u00a0art\u00edculo 23 de la Constituci\u00f3n Pol\u00edtica, sin que \u00a0sea necesario invocarlo. Mediante \u00e9l, entre otras actuaciones, \u00a0se podr\u00e1 solicitar: el reconocimiento de un derecho, la \u00a0intervenci\u00f3n de una entidad o funcionario, la resoluci\u00f3n \u00a0de una situaci\u00f3n jur\u00eddica, la prestaci\u00f3n de un \u00a0servicio, requerir informaci\u00f3n, consultar, examinar y requerir \u00a0copias de documentos, formular consultas, quejas, denuncias y \u00a0reclamos e interponer recursos. El ejercicio del derecho de petici\u00f3n \u00a0es gratuito y puede realizarse sin necesidad de representaci\u00f3n \u00a0a trav\u00e9s de abogado, o de persona mayor cuando se trate de \u00a0menores en relaci\u00f3n a las entidades dedicadas a su protecci\u00f3n \u00a0o formaci\u00f3n.\u00bb \u00a0<\/p>\n<p>Asimismo, el \u00a0art\u00edculo 14 de la ley en cita, consagra que salvo norma legal \u00a0especial,22 \u00a0toda petici\u00f3n deber\u00e1 resolverse en \u00a0los quince (15) \u00a0d\u00edas siguientes a su recepci\u00f3n. Lapso que debe ser \u00a0acatado por el funcionario encargado, o en su defecto, informar al \u00a0interesado cuando no sea posible resolver la postulaci\u00f3n en \u00a0los plazos se\u00f1alados, so pena de sanci\u00f3n disciplinaria. \u00a0<\/p>\n<p>T\u00e9ngase en \u00a0cuenta que dicho derecho comprende no s\u00f3lo la manifestaci\u00f3n \u00a0de la administraci\u00f3n o el servidor p\u00fablico sobre el \u00a0objeto de la solicitud, sino tambi\u00e9n el hecho de que el \u00a0pronunciamiento constituya una soluci\u00f3n pronta del caso \u00a0planteado. As\u00ed, la efectividad de los prerrogativas (arts. 2\u00ba \u00a0y 86 C.N.) se halla ligado es este punto al principio constitucional \u00a0de la eficacia administrativa (art. 209). \u00a0<\/p>\n<p>Descendiendo \u00a0al caso objeto de an\u00e1lisis, se verifica, a partir de los \u00a0documentos aportados al tr\u00e1mite constitucional, \u00a0que \u00c1lvaro \u00a0Andr\u00e9s Ibarra Herrera \u00a0radic\u00f3 solicitud ante Tribunal \u00a0Superior del Distrito Judicial de Tunja, con el prop\u00f3sito de \u00a0que se remitiera copia de decisiones emitidas los d\u00edas 1 de \u00a0febrero y 23 de mayo de 2012. Igualmente, \u00a0frente a la colegiatura hom\u00f3loga del Distrito Judicial de \u00a0Valledupar, pidi\u00f3 copia de la providencia proferida el 6 de \u00a0julio de 2011 por del Juzgado Cuarto de Ejecuci\u00f3n de Penas y \u00a0Medidas de Seguridad de la \u00faltima urbe citada. Estas \u00a0peticiones fueron presentadas el 28 de marzo del a\u00f1o anterior. \u00a0<\/p>\n<p>En \u00a0el mismo sentido, se tiene la postulaci\u00f3n radicada el 31 de \u00a0enero de 2019 en el Juzgado Primero Penal del Circuito Especializado \u00a0de Antioquia, en la que depreca la correcci\u00f3n de la sentencia \u00a0condenatoria proferida en su contra el 23 de enero de 2018. \u00a0<\/p>\n<p>De \u00a0otra parte, se advierten las peticiones elevadas el 13 de febrero de \u00a02019 ante los Centro \u00a0de Servicios de los Juzgados de Ejecuci\u00f3n de Penas y Medidas \u00a0de Seguridad de Monter\u00eda, Bucaramanga, Antioquia, Bogot\u00e1, \u00a0San Andr\u00e9s, Apartad\u00f3, Popay\u00e1n, Neiva, Quibd\u00f3, \u00a0Pasto, Leticia, Sincelejo, Cartagena, Santa Marta, Barranquilla, \u00a0Arauca, Yopal, Manizales, Tunja, Acac\u00edas, Facatativ\u00e1, \u00a0Riohacha, Mocoa, Florencia, Cali, Pereira, C\u00facuta y \u00a0Valledupar. En las mismas, \u00a0requiri\u00f3 le fueran proporcionadas \u00a0copias de las providencias existentes donde se hubiere concedido el \u00a0permiso de hasta las setenta y dos horas a presos condenados por \u00a0cuenta de juzgados penales del circuito especializado. \u00a0<\/p>\n<p>Tambi\u00e9n \u00a0se cuenta con el petitorio elevado al responsable del \u00c1rea \u00a0Educativa del \u00a0Establecimiento \u00a0Penitenciario \u00a0de \u00a0Alta y Mediana Seguridad y Carcelario \u00a0con \u00a0Alta Seguridad de Combita, \u00a0de fecha 18 de marzo de 2019, en el que demand\u00f3 informaci\u00f3n \u00a0acerca de las acciones adoptadas por la entidad, respecto de la \u00a0denuncia presentada contra el funcionario H\u00e9ctor Javier \u00a0Echeverry. \u00a0<\/p>\n<p>Finalmente, \u00a0se aprecian las solicitudes radicadas ante la Oficina \u00a0de Registro de Instrumentos P\u00fablicos de Bogot\u00e1, la \u00a0C\u00e1mara de Comercio de Bogot\u00e1 y la Secretar\u00eda de \u00a0Tr\u00e1nsito y Transporte de Bogot\u00e1 para que en su orden, \u00a0se expidieran certificaciones acerca de la existencia de bienes \u00a0inmuebles, establecimientos de comercio y veh\u00edculos \u00a0registrados a su nombre. Lo anterior, con el fin de acreditar el \u00a0requisito de insolvencia econ\u00f3mica necesaria para postular el \u00a0beneficio de prisi\u00f3n domiciliaria. \u00a0<\/p>\n<p>Ahora, \u00a0una vez analizados tanto los documentos aportados al presente \u00a0diligenciamiento, como los informes rendidos por las convocadas, la \u00a0Sala logr\u00f3 establecer el estado de la solicitud respecto de \u00a0cada petici\u00f3n presentada por \u00c1lvaro \u00a0Andr\u00e9s Ibarra Herrera, \u00a0tal y como se expone en el cuadro que sigue a continuaci\u00f3n: \u00a0<\/p>\n<p>\u00a0 \u00a0\u00a0 \u00a0 \u00a0 \u00a0 \u00a0 \u00a0 \u00a0 \u00a0 \u00a0 \u00a0 \u00a0 \u00a0 \u00a0 \u00a0 \u00a0 \u00a0 \u00a0 \u00a0 \u00a0 \u00a0<\/p>\n<p>Despacho \u00a0 \u00a0 \u00a0 \u00a0 \u00a0 \u00a0 \u00a0 \u00a0 \u00a0 \u00a0 \u00a0 \u00a0 \u00a0judicial \/ autoridad administrativa \u00a0 \u00a0 \u00a0 \u00a0 \u00a0 \u00a0 \u00a0 \u00a0 \u00a0 \u00a0 \u00a0 \u00a0 \u00a0 \u00a0 \u00a0 \u00a0 \u00a0 \u00a0 \u00a0 \u00a0 \u00a0 \u00a0 \u00a0 \u00a0 \u00a0 \u00a0 \u00a0 \u00a0 \u00a0 \u00a0 \u00a0 \u00a0 \u00a0 \u00a0 \u00a0<\/p>\n<p>Fecha \u00a0 \u00a0 \u00a0 \u00a0 \u00a0 \u00a0 \u00a0 \u00a0 \u00a0 \u00a0 \u00a0 \u00a0 \u00a0de petici\u00f3n \u00a0 \u00a0 \u00a0 \u00a0 \u00a0 \u00a0 \u00a0 \u00a0 \u00a0 \u00a0 \u00a0 \u00a0 \u00a0 \u00a0 \u00a0 \u00a0 \u00a0 \u00a0 \u00a0 \u00a0 \u00a0 \u00a0 \u00a0 \u00a0 \u00a0 \u00a0 \u00a0 \u00a0 \u00a0 \u00a0 \u00a0 \u00a0 \u00a0 \u00a0 \u00a0<\/p>\n<p>Estado \u00a0 \u00a0 \u00a0 \u00a0 \u00a0 \u00a0 \u00a0 \u00a0 \u00a0 \u00a0 \u00a0 \u00a0 \u00a0de la solicitud \u00a0 \u00a0 \u00a0 \u00a0 \u00a0<\/p>\n<p>Tribunal \u00a0 \u00a0 \u00a0 \u00a0 \u00a0 \u00a0 \u00a0 \u00a0 \u00a0 \u00a0 \u00a0 \u00a0 \u00a0Superior del Distrito Judicial de Tunja \u00a0 \u00a0 \u00a0 \u00a0 \u00a0 \u00a0 \u00a0 \u00a0 \u00a0 \u00a0 \u00a0 \u00a0 \u00a0 \u00a0 \u00a0 \u00a0 \u00a0 \u00a0 \u00a0 \u00a0 \u00a0 \u00a0 \u00a0 \u00a0 \u00a0 \u00a0 \u00a0 \u00a0 \u00a0 \u00a0 \u00a0 \u00a0 \u00a0 \u00a0 \u00a0<\/p>\n<p>28\/marzo\/2019 \u00a0 \u00a0 \u00a0 \u00a0 \u00a0 \u00a0 \u00a0 \u00a0 \u00a0 \u00a0 \u00a0 \u00a0 \u00a0 \u00a0 \u00a0 \u00a0 \u00a0 \u00a0 \u00a0 \u00a0 \u00a0 \u00a0 \u00a0 \u00a0 \u00a0 \u00a0 \u00a0 \u00a0 \u00a0 \u00a0 \u00a0 \u00a0 \u00a0 \u00a0 \u00a0<\/p>\n<p>Manifiesta \u00a0 \u00a0 \u00a0 \u00a0 \u00a0 \u00a0 \u00a0 \u00a0 \u00a0 \u00a0 \u00a0 \u00a0 \u00a0no haber recibido petici\u00f3n. \u00a0 \u00a0 \u00a0 \u00a0 \u00a0<\/p>\n<p>Tribunal \u00a0 \u00a0 \u00a0 \u00a0 \u00a0 \u00a0 \u00a0 \u00a0 \u00a0 \u00a0 \u00a0 \u00a0 \u00a0Superior del Distrito Judicial de Valledupar \u00a0 \u00a0 \u00a0 \u00a0 \u00a0 \u00a0 \u00a0 \u00a0 \u00a0 \u00a0 \u00a0 \u00a0 \u00a0 \u00a0 \u00a0 \u00a0 \u00a0 \u00a0 \u00a0 \u00a0 \u00a0 \u00a0 \u00a0 \u00a0 \u00a0 \u00a0 \u00a0 \u00a0 \u00a0 \u00a0 \u00a0 \u00a0 \u00a0 \u00a0 \u00a0<\/p>\n<p>28\/marzo\/2019 \u00a0 \u00a0 \u00a0 \u00a0 \u00a0 \u00a0 \u00a0 \u00a0 \u00a0 \u00a0 \u00a0 \u00a0 \u00a0 \u00a0 \u00a0 \u00a0 \u00a0 \u00a0 \u00a0 \u00a0 \u00a0 \u00a0 \u00a0 \u00a0 \u00a0 \u00a0 \u00a0 \u00a0 \u00a0 \u00a0 \u00a0 \u00a0 \u00a0 \u00a0 \u00a0<\/p>\n<p>No \u00a0 \u00a0 \u00a0 \u00a0 \u00a0 \u00a0 \u00a0 \u00a0 \u00a0 \u00a0 \u00a0 \u00a0 \u00a0rindi\u00f3 informe. \u00a0 \u00a0 \u00a0 \u00a0 \u00a0<\/p>\n<p>Juzgado \u00a0 \u00a0 \u00a0 \u00a0 \u00a0 \u00a0 \u00a0 \u00a0 \u00a0 \u00a0 \u00a0 \u00a0 \u00a0Primero Penal del Circuito Especializado de Antioquia \u00a0 \u00a0 \u00a0 \u00a0 \u00a0 \u00a0 \u00a0 \u00a0 \u00a0 \u00a0 \u00a0 \u00a0 \u00a0 \u00a0 \u00a0 \u00a0 \u00a0 \u00a0 \u00a0 \u00a0 \u00a0 \u00a0 \u00a0 \u00a0 \u00a0 \u00a0 \u00a0 \u00a0 \u00a0 \u00a0 \u00a0 \u00a0 \u00a0 \u00a0 \u00a0<\/p>\n<p>31\/enero\/2019 \u00a0 \u00a0 \u00a0 \u00a0 \u00a0 \u00a0 \u00a0 \u00a0 \u00a0 \u00a0 \u00a0 \u00a0 \u00a0 \u00a0 \u00a0 \u00a0 \u00a0 \u00a0 \u00a0 \u00a0 \u00a0 \u00a0 \u00a0 \u00a0 \u00a0 \u00a0 \u00a0 \u00a0 \u00a0 \u00a0 \u00a0 \u00a0 \u00a0 \u00a0 \u00a0<\/p>\n<p>Respuesta \u00a0 \u00a0 \u00a0 \u00a0 \u00a0 \u00a0 \u00a0 \u00a0 \u00a0 \u00a0 \u00a0 \u00a0 \u00a0notificada el 10 de febrero de 2020, al correo electr\u00f3nico \u00a0 \u00a0 \u00a0 \u00a0 \u00a0 \u00a0 \u00a0 \u00a0 \u00a0 \u00a0 \u00a0 \u00a0 \u00a0de la c\u00e1rcel La Picota. \u00a0 \u00a0 \u00a0 \u00a0 \u00a0<\/p>\n<p>Centro de \u00a0 \u00a0 \u00a0 \u00a0 \u00a0 \u00a0 \u00a0 \u00a0 \u00a0 \u00a0 \u00a0 \u00a0 \u00a0Servicios de los Juzgados de Ejecuci\u00f3n de Penas y Medidas \u00a0 \u00a0 \u00a0 \u00a0 \u00a0 \u00a0 \u00a0 \u00a0 \u00a0 \u00a0 \u00a0 \u00a0 \u00a0de Seguridad de Monter\u00eda \u00a0 \u00a0 \u00a0 \u00a0 \u00a0 \u00a0 \u00a0 \u00a0 \u00a0 \u00a0 \u00a0 \u00a0 \u00a0 \u00a0 \u00a0 \u00a0 \u00a0 \u00a0 \u00a0 \u00a0 \u00a0 \u00a0 \u00a0 \u00a0 \u00a0 \u00a0 \u00a0 \u00a0 \u00a0 \u00a0 \u00a0 \u00a0 \u00a0 \u00a0 \u00a0<\/p>\n<p>19\/Feb.\/2019 \u00a0 \u00a0 \u00a0 \u00a0 \u00a0 \u00a0 \u00a0 \u00a0 \u00a0 \u00a0 \u00a0 \u00a0 \u00a0 \u00a0 \u00a0 \u00a0 \u00a0 \u00a0 \u00a0 \u00a0 \u00a0 \u00a0 \u00a0 \u00a0 \u00a0 \u00a0 \u00a0 \u00a0 \u00a0 \u00a0 \u00a0 \u00a0 \u00a0 \u00a0 \u00a0<\/p>\n<p>Respuesta \u00a0 \u00a0 \u00a0 \u00a0 \u00a0 \u00a0 \u00a0 \u00a0 \u00a0 \u00a0 \u00a0 \u00a0 \u00a0notificada el 26 de febrero de 2019, a la c\u00e1rcel La Picota, \u00a0 \u00a0 \u00a0 \u00a0 \u00a0 \u00a0 \u00a0 \u00a0 \u00a0 \u00a0 \u00a0 \u00a0 \u00a0mediante correo certificado. \u00a0 \u00a0 \u00a0 \u00a0 \u00a0<\/p>\n<p>Centro de \u00a0 \u00a0 \u00a0 \u00a0 \u00a0 \u00a0 \u00a0 \u00a0 \u00a0 \u00a0 \u00a0 \u00a0 \u00a0Servicios de los Juzgados de Ejecuci\u00f3n de Penas y Medidas \u00a0 \u00a0 \u00a0 \u00a0 \u00a0 \u00a0 \u00a0 \u00a0 \u00a0 \u00a0 \u00a0 \u00a0 \u00a0de Seguridad de Bucaramanga \u00a0 \u00a0 \u00a0 \u00a0 \u00a0 \u00a0 \u00a0 \u00a0 \u00a0 \u00a0 \u00a0 \u00a0 \u00a0 \u00a0 \u00a0 \u00a0 \u00a0 \u00a0 \u00a0 \u00a0 \u00a0 \u00a0 \u00a0 \u00a0 \u00a0 \u00a0 \u00a0 \u00a0 \u00a0 \u00a0 \u00a0 \u00a0 \u00a0 \u00a0 \u00a0<\/p>\n<p>18\/Feb.\/2019 \u00a0 \u00a0 \u00a0 \u00a0 \u00a0 \u00a0 \u00a0 \u00a0 \u00a0 \u00a0 \u00a0 \u00a0 \u00a0 \u00a0 \u00a0 \u00a0 \u00a0 \u00a0 \u00a0 \u00a0 \u00a0 \u00a0 \u00a0 \u00a0 \u00a0 \u00a0 \u00a0 \u00a0 \u00a0 \u00a0 \u00a0 \u00a0 \u00a0 \u00a0 \u00a0<\/p>\n<p>No \u00a0 \u00a0 \u00a0 \u00a0 \u00a0 \u00a0 \u00a0 \u00a0 \u00a0 \u00a0 \u00a0 \u00a0 \u00a0rindi\u00f3 informe. \u00a0 \u00a0 \u00a0 \u00a0 \u00a0<\/p>\n<p>Centro de \u00a0 \u00a0 \u00a0 \u00a0 \u00a0 \u00a0 \u00a0 \u00a0 \u00a0 \u00a0 \u00a0 \u00a0 \u00a0Servicios de los Juzgados de Ejecuci\u00f3n de Penas y Medidas \u00a0 \u00a0 \u00a0 \u00a0 \u00a0 \u00a0 \u00a0 \u00a0 \u00a0 \u00a0 \u00a0 \u00a0 \u00a0de Seguridad de Antioquia \u00a0 \u00a0 \u00a0 \u00a0 \u00a0 \u00a0 \u00a0 \u00a0 \u00a0 \u00a0 \u00a0 \u00a0 \u00a0 \u00a0 \u00a0 \u00a0 \u00a0 \u00a0 \u00a0 \u00a0 \u00a0 \u00a0 \u00a0 \u00a0 \u00a0 \u00a0 \u00a0 \u00a0 \u00a0 \u00a0 \u00a0 \u00a0 \u00a0 \u00a0 \u00a0<\/p>\n<p>22\/Feb.\/2019 \u00a0 \u00a0 \u00a0 \u00a0 \u00a0 \u00a0 \u00a0 \u00a0 \u00a0 \u00a0 \u00a0 \u00a0 \u00a0 \u00a0 \u00a0 \u00a0 \u00a0 \u00a0 \u00a0 \u00a0 \u00a0 \u00a0 \u00a0 \u00a0 \u00a0 \u00a0 \u00a0 \u00a0 \u00a0 \u00a0 \u00a0 \u00a0 \u00a0 \u00a0 \u00a0<\/p>\n<p>No \u00a0 \u00a0 \u00a0 \u00a0 \u00a0 \u00a0 \u00a0 \u00a0 \u00a0 \u00a0 \u00a0 \u00a0 \u00a0rindi\u00f3 informe. \u00a0 \u00a0 \u00a0 \u00a0 \u00a0<\/p>\n<p>Centro de \u00a0 \u00a0 \u00a0 \u00a0 \u00a0 \u00a0 \u00a0 \u00a0 \u00a0 \u00a0 \u00a0 \u00a0 \u00a0Servicios de los Juzgados de Ejecuci\u00f3n de Penas y Medidas \u00a0 \u00a0 \u00a0 \u00a0 \u00a0 \u00a0 \u00a0 \u00a0 \u00a0 \u00a0 \u00a0 \u00a0 \u00a0de Seguridad de Bogot\u00e1 \u00a0 \u00a0 \u00a0 \u00a0 \u00a0 \u00a0 \u00a0 \u00a0 \u00a0 \u00a0 \u00a0 \u00a0 \u00a0 \u00a0 \u00a0 \u00a0 \u00a0 \u00a0 \u00a0 \u00a0 \u00a0 \u00a0 \u00a0 \u00a0 \u00a0 \u00a0 \u00a0 \u00a0 \u00a0 \u00a0 \u00a0 \u00a0 \u00a0 \u00a0 \u00a0<\/p>\n<p>7\/Feb.\/2019 \u00a0 \u00a0 \u00a0 \u00a0 \u00a0 \u00a0 \u00a0 \u00a0 \u00a0 \u00a0 \u00a0 \u00a0 \u00a0 \u00a0 \u00a0 \u00a0 \u00a0 \u00a0 \u00a0 \u00a0 \u00a0 \u00a0 \u00a0 \u00a0 \u00a0 \u00a0 \u00a0 \u00a0 \u00a0 \u00a0 \u00a0 \u00a0 \u00a0 \u00a0 \u00a0<\/p>\n<p>No \u00a0 \u00a0 \u00a0 \u00a0 \u00a0 \u00a0 \u00a0 \u00a0 \u00a0 \u00a0 \u00a0 \u00a0 \u00a0rindi\u00f3 informe. \u00a0 \u00a0 \u00a0 \u00a0 \u00a0<\/p>\n<p>Centro de \u00a0 \u00a0 \u00a0 \u00a0 \u00a0 \u00a0 \u00a0 \u00a0 \u00a0 \u00a0 \u00a0 \u00a0 \u00a0Servicios de los Juzgados de Ejecuci\u00f3n de Penas y Medidas \u00a0 \u00a0 \u00a0 \u00a0 \u00a0 \u00a0 \u00a0 \u00a0 \u00a0 \u00a0 \u00a0 \u00a0 \u00a0de Seguridad de San Andr\u00e9s \u00a0 \u00a0 \u00a0 \u00a0 \u00a0 \u00a0 \u00a0 \u00a0 \u00a0 \u00a0 \u00a0 \u00a0 \u00a0 \u00a0 \u00a0 \u00a0 \u00a0 \u00a0 \u00a0 \u00a0 \u00a0 \u00a0 \u00a0 \u00a0 \u00a0 \u00a0 \u00a0 \u00a0 \u00a0 \u00a0 \u00a0 \u00a0 \u00a0 \u00a0 \u00a0<\/p>\n<p>13\/Feb.\/2019 \u00a0 \u00a0 \u00a0 \u00a0 \u00a0 \u00a0 \u00a0 \u00a0 \u00a0 \u00a0 \u00a0 \u00a0 \u00a0 \u00a0 \u00a0 \u00a0 \u00a0 \u00a0 \u00a0 \u00a0 \u00a0 \u00a0 \u00a0 \u00a0 \u00a0 \u00a0 \u00a0 \u00a0 \u00a0 \u00a0 \u00a0 \u00a0 \u00a0 \u00a0 \u00a0<\/p>\n<p>No \u00a0 \u00a0 \u00a0 \u00a0 \u00a0 \u00a0 \u00a0 \u00a0 \u00a0 \u00a0 \u00a0 \u00a0 \u00a0rindi\u00f3 informe. \u00a0 \u00a0 \u00a0 \u00a0 \u00a0<\/p>\n<p>Centro de \u00a0 \u00a0 \u00a0 \u00a0 \u00a0 \u00a0 \u00a0 \u00a0 \u00a0 \u00a0 \u00a0 \u00a0 \u00a0Servicios de los Juzgados de Ejecuci\u00f3n de Penas y Medidas \u00a0 \u00a0 \u00a0 \u00a0 \u00a0 \u00a0 \u00a0 \u00a0 \u00a0 \u00a0 \u00a0 \u00a0 \u00a0de Seguridad de Apartad\u00f3 \u00a0 \u00a0 \u00a0 \u00a0 \u00a0 \u00a0 \u00a0 \u00a0 \u00a0 \u00a0 \u00a0 \u00a0 \u00a0 \u00a0 \u00a0 \u00a0 \u00a0 \u00a0 \u00a0 \u00a0 \u00a0 \u00a0 \u00a0 \u00a0 \u00a0 \u00a0 \u00a0 \u00a0 \u00a0 \u00a0 \u00a0 \u00a0 \u00a0 \u00a0 \u00a0<\/p>\n<p>13\/Feb.\/2019 \u00a0 \u00a0 \u00a0 \u00a0 \u00a0 \u00a0 \u00a0 \u00a0 \u00a0 \u00a0 \u00a0 \u00a0 \u00a0 \u00a0 \u00a0 \u00a0 \u00a0 \u00a0 \u00a0 \u00a0 \u00a0 \u00a0 \u00a0 \u00a0 \u00a0 \u00a0 \u00a0 \u00a0 \u00a0 \u00a0 \u00a0 \u00a0 \u00a0 \u00a0 \u00a0<\/p>\n<p>No \u00a0 \u00a0 \u00a0 \u00a0 \u00a0 \u00a0 \u00a0 \u00a0 \u00a0 \u00a0 \u00a0 \u00a0 \u00a0rindi\u00f3 informe. \u00a0 \u00a0 \u00a0 \u00a0 \u00a0<\/p>\n<p>Centro de \u00a0 \u00a0 \u00a0 \u00a0 \u00a0 \u00a0 \u00a0 \u00a0 \u00a0 \u00a0 \u00a0 \u00a0 \u00a0Servicios de los Juzgados de Ejecuci\u00f3n de Penas y Medidas \u00a0 \u00a0 \u00a0 \u00a0 \u00a0 \u00a0 \u00a0 \u00a0 \u00a0 \u00a0 \u00a0 \u00a0 \u00a0de Seguridad de Popay\u00e1n \u00a0 \u00a0 \u00a0 \u00a0 \u00a0 \u00a0 \u00a0 \u00a0 \u00a0 \u00a0 \u00a0 \u00a0 \u00a0 \u00a0 \u00a0 \u00a0 \u00a0 \u00a0 \u00a0 \u00a0 \u00a0 \u00a0 \u00a0 \u00a0 \u00a0 \u00a0 \u00a0 \u00a0 \u00a0 \u00a0 \u00a0 \u00a0 \u00a0 \u00a0 \u00a0<\/p>\n<p>13\/Feb.\/2019 \u00a0 \u00a0 \u00a0 \u00a0 \u00a0 \u00a0 \u00a0 \u00a0 \u00a0 \u00a0 \u00a0 \u00a0 \u00a0 \u00a0 \u00a0 \u00a0 \u00a0 \u00a0 \u00a0 \u00a0 \u00a0 \u00a0 \u00a0 \u00a0 \u00a0 \u00a0 \u00a0 \u00a0 \u00a0 \u00a0 \u00a0 \u00a0 \u00a0 \u00a0 \u00a0<\/p>\n<p>No \u00a0 \u00a0 \u00a0 \u00a0 \u00a0 \u00a0 \u00a0 \u00a0 \u00a0 \u00a0 \u00a0 \u00a0 \u00a0rindi\u00f3 informe. \u00a0 \u00a0 \u00a0 \u00a0 \u00a0<\/p>\n<p>Centro de \u00a0 \u00a0 \u00a0 \u00a0 \u00a0 \u00a0 \u00a0 \u00a0 \u00a0 \u00a0 \u00a0 \u00a0 \u00a0Servicios de los Juzgados de Ejecuci\u00f3n de Penas y Medidas \u00a0 \u00a0 \u00a0 \u00a0 \u00a0 \u00a0 \u00a0 \u00a0 \u00a0 \u00a0 \u00a0 \u00a0 \u00a0de Seguridad de Neiva \u00a0 \u00a0 \u00a0 \u00a0 \u00a0 \u00a0 \u00a0 \u00a0 \u00a0 \u00a0 \u00a0 \u00a0 \u00a0 \u00a0 \u00a0 \u00a0 \u00a0 \u00a0 \u00a0 \u00a0 \u00a0 \u00a0 \u00a0 \u00a0 \u00a0 \u00a0 \u00a0 \u00a0 \u00a0 \u00a0 \u00a0 \u00a0 \u00a0 \u00a0 \u00a0<\/p>\n<p>13\/Feb.\/2019 \u00a0 \u00a0 \u00a0 \u00a0 \u00a0 \u00a0 \u00a0 \u00a0 \u00a0 \u00a0 \u00a0 \u00a0 \u00a0 \u00a0 \u00a0 \u00a0 \u00a0 \u00a0 \u00a0 \u00a0 \u00a0 \u00a0 \u00a0 \u00a0 \u00a0 \u00a0 \u00a0 \u00a0 \u00a0 \u00a0 \u00a0 \u00a0 \u00a0 \u00a0 \u00a0<\/p>\n<p>No \u00a0 \u00a0 \u00a0 \u00a0 \u00a0 \u00a0 \u00a0 \u00a0 \u00a0 \u00a0 \u00a0 \u00a0 \u00a0rindi\u00f3 informe. \u00a0 \u00a0 \u00a0 \u00a0 \u00a0<\/p>\n<p>Centro de \u00a0 \u00a0 \u00a0 \u00a0 \u00a0 \u00a0 \u00a0 \u00a0 \u00a0 \u00a0 \u00a0 \u00a0 \u00a0Servicios de los Juzgados de Ejecuci\u00f3n de Penas y Medidas \u00a0 \u00a0 \u00a0 \u00a0 \u00a0 \u00a0 \u00a0 \u00a0 \u00a0 \u00a0 \u00a0 \u00a0 \u00a0de Seguridad de Quibd\u00f3 \u00a0 \u00a0 \u00a0 \u00a0 \u00a0 \u00a0 \u00a0 \u00a0 \u00a0 \u00a0 \u00a0 \u00a0 \u00a0 \u00a0 \u00a0 \u00a0 \u00a0 \u00a0 \u00a0 \u00a0 \u00a0 \u00a0 \u00a0 \u00a0 \u00a0 \u00a0 \u00a0 \u00a0 \u00a0 \u00a0 \u00a0 \u00a0 \u00a0 \u00a0 \u00a0<\/p>\n<p>13\/Feb.\/2019 \u00a0 \u00a0 \u00a0 \u00a0 \u00a0 \u00a0 \u00a0 \u00a0 \u00a0 \u00a0 \u00a0 \u00a0 \u00a0 \u00a0 \u00a0 \u00a0 \u00a0 \u00a0 \u00a0 \u00a0 \u00a0 \u00a0 \u00a0 \u00a0 \u00a0 \u00a0 \u00a0 \u00a0 \u00a0 \u00a0 \u00a0 \u00a0 \u00a0 \u00a0 \u00a0<\/p>\n<p>Respuesta \u00a0 \u00a0 \u00a0 \u00a0 \u00a0 \u00a0 \u00a0 \u00a0 \u00a0 \u00a0 \u00a0 \u00a0 \u00a0notificada el 25 \u00a0 \u00a0 \u00a0 \u00a0 \u00a0 \u00a0 \u00a0 \u00a0 \u00a0 \u00a0 \u00a0 \u00a0 \u00a0de febrero \u00a0 \u00a0 \u00a0 \u00a0 \u00a0 \u00a0 \u00a0 \u00a0 \u00a0 \u00a0 \u00a0 \u00a0 \u00a0de 2019, al correo electr\u00f3nico de la c\u00e1rcel La \u00a0 \u00a0 \u00a0 \u00a0 \u00a0 \u00a0 \u00a0 \u00a0 \u00a0 \u00a0 \u00a0 \u00a0 \u00a0Picota. \u00a0 \u00a0 \u00a0 \u00a0 \u00a0<\/p>\n<p>Centro de \u00a0 \u00a0 \u00a0 \u00a0 \u00a0 \u00a0 \u00a0 \u00a0 \u00a0 \u00a0 \u00a0 \u00a0 \u00a0Servicios de los Juzgados de Ejecuci\u00f3n de Penas y Medidas \u00a0 \u00a0 \u00a0 \u00a0 \u00a0 \u00a0 \u00a0 \u00a0 \u00a0 \u00a0 \u00a0 \u00a0 \u00a0de Seguridad de Pasto \u00a0 \u00a0 \u00a0 \u00a0 \u00a0 \u00a0 \u00a0 \u00a0 \u00a0 \u00a0 \u00a0 \u00a0 \u00a0 \u00a0 \u00a0 \u00a0 \u00a0 \u00a0 \u00a0 \u00a0 \u00a0 \u00a0 \u00a0 \u00a0 \u00a0 \u00a0 \u00a0 \u00a0 \u00a0 \u00a0 \u00a0 \u00a0 \u00a0 \u00a0 \u00a0<\/p>\n<p>13\/Feb.\/2019 \u00a0 \u00a0 \u00a0 \u00a0 \u00a0 \u00a0 \u00a0 \u00a0 \u00a0 \u00a0 \u00a0 \u00a0 \u00a0 \u00a0 \u00a0 \u00a0 \u00a0 \u00a0 \u00a0 \u00a0 \u00a0 \u00a0 \u00a0 \u00a0 \u00a0 \u00a0 \u00a0 \u00a0 \u00a0 \u00a0 \u00a0 \u00a0 \u00a0 \u00a0 \u00a0<\/p>\n<p>Respuesta \u00a0 \u00a0 \u00a0 \u00a0 \u00a0 \u00a0 \u00a0 \u00a0 \u00a0 \u00a0 \u00a0 \u00a0 \u00a0notificada el 20 de febrero de 2019, a la c\u00e1rcel La Picota, \u00a0 \u00a0 \u00a0 \u00a0 \u00a0 \u00a0 \u00a0 \u00a0 \u00a0 \u00a0 \u00a0 \u00a0 \u00a0mediante correo certificado. \u00a0 \u00a0 \u00a0 \u00a0 \u00a0<\/p>\n<p>Centro de \u00a0 \u00a0 \u00a0 \u00a0 \u00a0 \u00a0 \u00a0 \u00a0 \u00a0 \u00a0 \u00a0 \u00a0 \u00a0Servicios de los Juzgados de Ejecuci\u00f3n de Penas y Medidas \u00a0 \u00a0 \u00a0 \u00a0 \u00a0 \u00a0 \u00a0 \u00a0 \u00a0 \u00a0 \u00a0 \u00a0 \u00a0de Seguridad de Leticia \u00a0 \u00a0 \u00a0 \u00a0 \u00a0 \u00a0 \u00a0 \u00a0 \u00a0 \u00a0 \u00a0 \u00a0 \u00a0 \u00a0 \u00a0 \u00a0 \u00a0 \u00a0 \u00a0 \u00a0 \u00a0 \u00a0 \u00a0 \u00a0 \u00a0 \u00a0 \u00a0 \u00a0 \u00a0 \u00a0 \u00a0 \u00a0 \u00a0 \u00a0 \u00a0<\/p>\n<p>13\/Feb.\/2019 \u00a0 \u00a0 \u00a0 \u00a0 \u00a0 \u00a0 \u00a0 \u00a0 \u00a0 \u00a0 \u00a0 \u00a0 \u00a0 \u00a0 \u00a0 \u00a0 \u00a0 \u00a0 \u00a0 \u00a0 \u00a0 \u00a0 \u00a0 \u00a0 \u00a0 \u00a0 \u00a0 \u00a0 \u00a0 \u00a0 \u00a0 \u00a0 \u00a0 \u00a0 \u00a0<\/p>\n<p>Manifiesta \u00a0 \u00a0 \u00a0 \u00a0 \u00a0 \u00a0 \u00a0 \u00a0 \u00a0 \u00a0 \u00a0 \u00a0 \u00a0no haber recibido petici\u00f3n. \u00a0 \u00a0 \u00a0 \u00a0 \u00a0<\/p>\n<p>Centro de \u00a0 \u00a0 \u00a0 \u00a0 \u00a0 \u00a0 \u00a0 \u00a0 \u00a0 \u00a0 \u00a0 \u00a0 \u00a0Servicios de los Juzgados de Ejecuci\u00f3n de Penas y Medidas \u00a0 \u00a0 \u00a0 \u00a0 \u00a0 \u00a0 \u00a0 \u00a0 \u00a0 \u00a0 \u00a0 \u00a0 \u00a0de Seguridad de Sincelejo \u00a0 \u00a0 \u00a0 \u00a0 \u00a0 \u00a0 \u00a0 \u00a0 \u00a0 \u00a0 \u00a0 \u00a0 \u00a0 \u00a0 \u00a0 \u00a0 \u00a0 \u00a0 \u00a0 \u00a0 \u00a0 \u00a0 \u00a0 \u00a0 \u00a0 \u00a0 \u00a0 \u00a0 \u00a0 \u00a0 \u00a0 \u00a0 \u00a0 \u00a0 \u00a0<\/p>\n<p>13\/Feb.\/2019 \u00a0 \u00a0 \u00a0 \u00a0 \u00a0 \u00a0 \u00a0 \u00a0 \u00a0 \u00a0 \u00a0 \u00a0 \u00a0 \u00a0 \u00a0 \u00a0 \u00a0 \u00a0 \u00a0 \u00a0 \u00a0 \u00a0 \u00a0 \u00a0 \u00a0 \u00a0 \u00a0 \u00a0 \u00a0 \u00a0 \u00a0 \u00a0 \u00a0 \u00a0 \u00a0<\/p>\n<p>Respuesta \u00a0 \u00a0 \u00a0 \u00a0 \u00a0 \u00a0 \u00a0 \u00a0 \u00a0 \u00a0 \u00a0 \u00a0 \u00a0notificadas el 14 de marzo de 2019 y el 11 de febrero de 2020, al \u00a0 \u00a0 \u00a0 \u00a0 \u00a0 \u00a0 \u00a0 \u00a0 \u00a0 \u00a0 \u00a0 \u00a0 \u00a0correo electr\u00f3nico de la c\u00e1rcel La Picota. \u00a0 \u00a0 \u00a0 \u00a0 \u00a0<\/p>\n<p>Centro de \u00a0 \u00a0 \u00a0 \u00a0 \u00a0 \u00a0 \u00a0 \u00a0 \u00a0 \u00a0 \u00a0 \u00a0 \u00a0Servicios de los Juzgados de Ejecuci\u00f3n de Penas y Medidas \u00a0 \u00a0 \u00a0 \u00a0 \u00a0 \u00a0 \u00a0 \u00a0 \u00a0 \u00a0 \u00a0 \u00a0 \u00a0de Seguridad de Cartagena \u00a0 \u00a0 \u00a0 \u00a0 \u00a0 \u00a0 \u00a0 \u00a0 \u00a0 \u00a0 \u00a0 \u00a0 \u00a0 \u00a0 \u00a0 \u00a0 \u00a0 \u00a0 \u00a0 \u00a0 \u00a0 \u00a0 \u00a0 \u00a0 \u00a0 \u00a0 \u00a0 \u00a0 \u00a0 \u00a0 \u00a0 \u00a0 \u00a0 \u00a0 \u00a0<\/p>\n<p>13\/Feb.\/2019 \u00a0 \u00a0 \u00a0 \u00a0 \u00a0 \u00a0 \u00a0 \u00a0 \u00a0 \u00a0 \u00a0 \u00a0 \u00a0 \u00a0 \u00a0 \u00a0 \u00a0 \u00a0 \u00a0 \u00a0 \u00a0 \u00a0 \u00a0 \u00a0 \u00a0 \u00a0 \u00a0 \u00a0 \u00a0 \u00a0 \u00a0 \u00a0 \u00a0 \u00a0 \u00a0<\/p>\n<p>Manifiesta \u00a0 \u00a0 \u00a0 \u00a0 \u00a0 \u00a0 \u00a0 \u00a0 \u00a0 \u00a0 \u00a0 \u00a0 \u00a0no haber recibido petici\u00f3n. \u00a0 \u00a0 \u00a0 \u00a0 \u00a0<\/p>\n<p>Centro de \u00a0 \u00a0 \u00a0 \u00a0 \u00a0 \u00a0 \u00a0 \u00a0 \u00a0 \u00a0 \u00a0 \u00a0 \u00a0Servicios de los Juzgados de Ejecuci\u00f3n de Penas y Medidas \u00a0 \u00a0 \u00a0 \u00a0 \u00a0 \u00a0 \u00a0 \u00a0 \u00a0 \u00a0 \u00a0 \u00a0 \u00a0de Seguridad de Santa Marta \u00a0 \u00a0 \u00a0 \u00a0 \u00a0 \u00a0 \u00a0 \u00a0 \u00a0 \u00a0 \u00a0 \u00a0 \u00a0 \u00a0 \u00a0 \u00a0 \u00a0 \u00a0 \u00a0 \u00a0 \u00a0 \u00a0 \u00a0 \u00a0 \u00a0 \u00a0 \u00a0 \u00a0 \u00a0 \u00a0 \u00a0 \u00a0 \u00a0 \u00a0 \u00a0<\/p>\n<p>13\/Feb.\/2019 \u00a0 \u00a0 \u00a0 \u00a0 \u00a0 \u00a0 \u00a0 \u00a0 \u00a0 \u00a0 \u00a0 \u00a0 \u00a0 \u00a0 \u00a0 \u00a0 \u00a0 \u00a0 \u00a0 \u00a0 \u00a0 \u00a0 \u00a0 \u00a0 \u00a0 \u00a0 \u00a0 \u00a0 \u00a0 \u00a0 \u00a0 \u00a0 \u00a0 \u00a0 \u00a0<\/p>\n<p>No \u00a0 \u00a0 \u00a0 \u00a0 \u00a0 \u00a0 \u00a0 \u00a0 \u00a0 \u00a0 \u00a0 \u00a0 \u00a0rindi\u00f3 informe. \u00a0 \u00a0 \u00a0 \u00a0 \u00a0<\/p>\n<p>Centro de \u00a0 \u00a0 \u00a0 \u00a0 \u00a0 \u00a0 \u00a0 \u00a0 \u00a0 \u00a0 \u00a0 \u00a0 \u00a0Servicios de los Juzgados de Ejecuci\u00f3n de Penas y Medidas \u00a0 \u00a0 \u00a0 \u00a0 \u00a0 \u00a0 \u00a0 \u00a0 \u00a0 \u00a0 \u00a0 \u00a0 \u00a0de Seguridad de Barranquilla \u00a0 \u00a0 \u00a0 \u00a0 \u00a0 \u00a0 \u00a0 \u00a0 \u00a0 \u00a0 \u00a0 \u00a0 \u00a0 \u00a0 \u00a0 \u00a0 \u00a0 \u00a0 \u00a0 \u00a0 \u00a0 \u00a0 \u00a0 \u00a0 \u00a0 \u00a0 \u00a0 \u00a0 \u00a0 \u00a0 \u00a0 \u00a0 \u00a0 \u00a0 \u00a0<\/p>\n<p>13\/Feb.\/2019 \u00a0 \u00a0 \u00a0 \u00a0 \u00a0 \u00a0 \u00a0 \u00a0 \u00a0 \u00a0 \u00a0 \u00a0 \u00a0 \u00a0 \u00a0 \u00a0 \u00a0 \u00a0 \u00a0 \u00a0 \u00a0 \u00a0 \u00a0 \u00a0 \u00a0 \u00a0 \u00a0 \u00a0 \u00a0 \u00a0 \u00a0 \u00a0 \u00a0 \u00a0 \u00a0<\/p>\n<p>Manifiesta \u00a0 \u00a0 \u00a0 \u00a0 \u00a0 \u00a0 \u00a0 \u00a0 \u00a0 \u00a0 \u00a0 \u00a0 \u00a0no haber recibido petici\u00f3n. \u00a0 \u00a0 \u00a0 \u00a0 \u00a0<\/p>\n<p>Centro de \u00a0 \u00a0 \u00a0 \u00a0 \u00a0 \u00a0 \u00a0 \u00a0 \u00a0 \u00a0 \u00a0 \u00a0 \u00a0Servicios de los Juzgados de Ejecuci\u00f3n de Penas y Medidas \u00a0 \u00a0 \u00a0 \u00a0 \u00a0 \u00a0 \u00a0 \u00a0 \u00a0 \u00a0 \u00a0 \u00a0 \u00a0de Seguridad de Arauca \u00a0 \u00a0 \u00a0 \u00a0 \u00a0 \u00a0 \u00a0 \u00a0 \u00a0 \u00a0 \u00a0 \u00a0 \u00a0 \u00a0 \u00a0 \u00a0 \u00a0 \u00a0 \u00a0 \u00a0 \u00a0 \u00a0 \u00a0 \u00a0 \u00a0 \u00a0 \u00a0 \u00a0 \u00a0 \u00a0 \u00a0 \u00a0 \u00a0 \u00a0 \u00a0<\/p>\n<p>13\/Feb.\/2019 \u00a0 \u00a0 \u00a0 \u00a0 \u00a0 \u00a0 \u00a0 \u00a0 \u00a0 \u00a0 \u00a0 \u00a0 \u00a0 \u00a0 \u00a0 \u00a0 \u00a0 \u00a0 \u00a0 \u00a0 \u00a0 \u00a0 \u00a0 \u00a0 \u00a0 \u00a0 \u00a0 \u00a0 \u00a0 \u00a0 \u00a0 \u00a0 \u00a0 \u00a0 \u00a0<\/p>\n<p>Manifiesta \u00a0 \u00a0 \u00a0 \u00a0 \u00a0 \u00a0 \u00a0 \u00a0 \u00a0 \u00a0 \u00a0 \u00a0 \u00a0no haber recibido petici\u00f3n. \u00a0 \u00a0 \u00a0 \u00a0 \u00a0<\/p>\n<p>Centro de \u00a0 \u00a0 \u00a0 \u00a0 \u00a0 \u00a0 \u00a0 \u00a0 \u00a0 \u00a0 \u00a0 \u00a0 \u00a0Servicios de los Juzgados de Ejecuci\u00f3n de Penas y Medidas \u00a0 \u00a0 \u00a0 \u00a0 \u00a0 \u00a0 \u00a0 \u00a0 \u00a0 \u00a0 \u00a0 \u00a0 \u00a0de Seguridad de Yopal \u00a0 \u00a0 \u00a0 \u00a0 \u00a0 \u00a0 \u00a0 \u00a0 \u00a0 \u00a0 \u00a0 \u00a0 \u00a0 \u00a0 \u00a0 \u00a0 \u00a0 \u00a0 \u00a0 \u00a0 \u00a0 \u00a0 \u00a0 \u00a0 \u00a0 \u00a0 \u00a0 \u00a0 \u00a0 \u00a0 \u00a0 \u00a0 \u00a0 \u00a0 \u00a0<\/p>\n<p>13\/Feb.\/2019 \u00a0 \u00a0 \u00a0 \u00a0 \u00a0 \u00a0 \u00a0 \u00a0 \u00a0 \u00a0 \u00a0 \u00a0 \u00a0 \u00a0 \u00a0 \u00a0 \u00a0 \u00a0 \u00a0 \u00a0 \u00a0 \u00a0 \u00a0 \u00a0 \u00a0 \u00a0 \u00a0 \u00a0 \u00a0 \u00a0 \u00a0 \u00a0 \u00a0 \u00a0 \u00a0<\/p>\n<p>Manifiesta \u00a0 \u00a0 \u00a0 \u00a0 \u00a0 \u00a0 \u00a0 \u00a0 \u00a0 \u00a0 \u00a0 \u00a0 \u00a0no haber recibido petici\u00f3n. \u00a0 \u00a0 \u00a0 \u00a0 \u00a0<\/p>\n<p>Centro de \u00a0 \u00a0 \u00a0 \u00a0 \u00a0 \u00a0 \u00a0 \u00a0 \u00a0 \u00a0 \u00a0 \u00a0 \u00a0Servicios de los Juzgados de Ejecuci\u00f3n de Penas y Medidas \u00a0 \u00a0 \u00a0 \u00a0 \u00a0 \u00a0 \u00a0 \u00a0 \u00a0 \u00a0 \u00a0 \u00a0 \u00a0de Seguridad de Manizales \u00a0 \u00a0 \u00a0 \u00a0 \u00a0 \u00a0 \u00a0 \u00a0 \u00a0 \u00a0 \u00a0 \u00a0 \u00a0 \u00a0 \u00a0 \u00a0 \u00a0 \u00a0 \u00a0 \u00a0 \u00a0 \u00a0 \u00a0 \u00a0 \u00a0 \u00a0 \u00a0 \u00a0 \u00a0 \u00a0 \u00a0 \u00a0 \u00a0 \u00a0 \u00a0<\/p>\n<p>13\/Feb.\/2019 \u00a0 \u00a0 \u00a0 \u00a0 \u00a0 \u00a0 \u00a0 \u00a0 \u00a0 \u00a0 \u00a0 \u00a0 \u00a0 \u00a0 \u00a0 \u00a0 \u00a0 \u00a0 \u00a0 \u00a0 \u00a0 \u00a0 \u00a0 \u00a0 \u00a0 \u00a0 \u00a0 \u00a0 \u00a0 \u00a0 \u00a0 \u00a0 \u00a0 \u00a0 \u00a0<\/p>\n<p>Respuesta \u00a0 \u00a0 \u00a0 \u00a0 \u00a0 \u00a0 \u00a0 \u00a0 \u00a0 \u00a0 \u00a0 \u00a0 \u00a0notificada el 1 de marzo de 2019, a la c\u00e1rcel La Picota, \u00a0 \u00a0 \u00a0 \u00a0 \u00a0 \u00a0 \u00a0 \u00a0 \u00a0 \u00a0 \u00a0 \u00a0 \u00a0mediante correo certificado. \u00a0 \u00a0 \u00a0 \u00a0 \u00a0<\/p>\n<p>Centro de \u00a0 \u00a0 \u00a0 \u00a0 \u00a0 \u00a0 \u00a0 \u00a0 \u00a0 \u00a0 \u00a0 \u00a0 \u00a0Servicios de los Juzgados de Ejecuci\u00f3n de Penas y Medidas \u00a0 \u00a0 \u00a0 \u00a0 \u00a0 \u00a0 \u00a0 \u00a0 \u00a0 \u00a0 \u00a0 \u00a0 \u00a0de Seguridad de Tunja \u00a0 \u00a0 \u00a0 \u00a0 \u00a0 \u00a0 \u00a0 \u00a0 \u00a0 \u00a0 \u00a0 \u00a0 \u00a0 \u00a0 \u00a0 \u00a0 \u00a0 \u00a0 \u00a0 \u00a0 \u00a0 \u00a0 \u00a0 \u00a0 \u00a0 \u00a0 \u00a0 \u00a0 \u00a0 \u00a0 \u00a0 \u00a0 \u00a0 \u00a0 \u00a0<\/p>\n<p>13\/Feb.\/2019 \u00a0 \u00a0 \u00a0 \u00a0 \u00a0 \u00a0 \u00a0 \u00a0 \u00a0 \u00a0 \u00a0 \u00a0 \u00a0 \u00a0 \u00a0 \u00a0 \u00a0 \u00a0 \u00a0 \u00a0 \u00a0 \u00a0 \u00a0 \u00a0 \u00a0 \u00a0 \u00a0 \u00a0 \u00a0 \u00a0 \u00a0 \u00a0 \u00a0 \u00a0 \u00a0<\/p>\n<p>No \u00a0 \u00a0 \u00a0 \u00a0 \u00a0 \u00a0 \u00a0 \u00a0 \u00a0 \u00a0 \u00a0 \u00a0 \u00a0rindi\u00f3 informe. \u00a0 \u00a0 \u00a0 \u00a0 \u00a0<\/p>\n<p>Centro de \u00a0 \u00a0 \u00a0 \u00a0 \u00a0 \u00a0 \u00a0 \u00a0 \u00a0 \u00a0 \u00a0 \u00a0 \u00a0Servicios de los Juzgados de Ejecuci\u00f3n de Penas y Medidas \u00a0 \u00a0 \u00a0 \u00a0 \u00a0 \u00a0 \u00a0 \u00a0 \u00a0 \u00a0 \u00a0 \u00a0 \u00a0de Seguridad de Acac\u00edas \u00a0 \u00a0 \u00a0 \u00a0 \u00a0 \u00a0 \u00a0 \u00a0 \u00a0 \u00a0 \u00a0 \u00a0 \u00a0 \u00a0 \u00a0 \u00a0 \u00a0 \u00a0 \u00a0 \u00a0 \u00a0 \u00a0 \u00a0 \u00a0 \u00a0 \u00a0 \u00a0 \u00a0 \u00a0 \u00a0 \u00a0 \u00a0 \u00a0 \u00a0 \u00a0<\/p>\n<p>13\/Feb.\/2019 \u00a0 \u00a0 \u00a0 \u00a0 \u00a0 \u00a0 \u00a0 \u00a0 \u00a0 \u00a0 \u00a0 \u00a0 \u00a0 \u00a0 \u00a0 \u00a0 \u00a0 \u00a0 \u00a0 \u00a0 \u00a0 \u00a0 \u00a0 \u00a0 \u00a0 \u00a0 \u00a0 \u00a0 \u00a0 \u00a0 \u00a0 \u00a0 \u00a0 \u00a0 \u00a0<\/p>\n<p>No \u00a0 \u00a0 \u00a0 \u00a0 \u00a0 \u00a0 \u00a0 \u00a0 \u00a0 \u00a0 \u00a0 \u00a0 \u00a0rindi\u00f3 informe. \u00a0 \u00a0 \u00a0 \u00a0 \u00a0<\/p>\n<p>Centro de \u00a0 \u00a0 \u00a0 \u00a0 \u00a0 \u00a0 \u00a0 \u00a0 \u00a0 \u00a0 \u00a0 \u00a0 \u00a0Servicios de los Juzgados de Ejecuci\u00f3n de Penas y Medidas \u00a0 \u00a0 \u00a0 \u00a0 \u00a0 \u00a0 \u00a0 \u00a0 \u00a0 \u00a0 \u00a0 \u00a0 \u00a0de Seguridad de Facatativ\u00e1 \u00a0 \u00a0 \u00a0 \u00a0 \u00a0 \u00a0 \u00a0 \u00a0 \u00a0 \u00a0 \u00a0 \u00a0 \u00a0 \u00a0 \u00a0 \u00a0 \u00a0 \u00a0 \u00a0 \u00a0 \u00a0 \u00a0 \u00a0 \u00a0 \u00a0 \u00a0 \u00a0 \u00a0 \u00a0 \u00a0 \u00a0 \u00a0 \u00a0 \u00a0 \u00a0<\/p>\n<p>13\/Feb.\/2019 \u00a0 \u00a0 \u00a0 \u00a0 \u00a0 \u00a0 \u00a0 \u00a0 \u00a0 \u00a0 \u00a0 \u00a0 \u00a0 \u00a0 \u00a0 \u00a0 \u00a0 \u00a0 \u00a0 \u00a0 \u00a0 \u00a0 \u00a0 \u00a0 \u00a0 \u00a0 \u00a0 \u00a0 \u00a0 \u00a0 \u00a0 \u00a0 \u00a0 \u00a0 \u00a0<\/p>\n<p>Respuesta \u00a0 \u00a0 \u00a0 \u00a0 \u00a0 \u00a0 \u00a0 \u00a0 \u00a0 \u00a0 \u00a0 \u00a0 \u00a0notificada el 22 de marzo de 2019, a la c\u00e1rcel La Picota, \u00a0 \u00a0 \u00a0 \u00a0 \u00a0 \u00a0 \u00a0 \u00a0 \u00a0 \u00a0 \u00a0 \u00a0 \u00a0mediante correo certificado. \u00a0 \u00a0 \u00a0 \u00a0 \u00a0<\/p>\n<p>Centro de \u00a0 \u00a0 \u00a0 \u00a0 \u00a0 \u00a0 \u00a0 \u00a0 \u00a0 \u00a0 \u00a0 \u00a0 \u00a0Servicios de los Juzgados de Ejecuci\u00f3n de Penas y Medidas \u00a0 \u00a0 \u00a0 \u00a0 \u00a0 \u00a0 \u00a0 \u00a0 \u00a0 \u00a0 \u00a0 \u00a0 \u00a0de Seguridad de Riohacha \u00a0 \u00a0 \u00a0 \u00a0 \u00a0 \u00a0 \u00a0 \u00a0 \u00a0 \u00a0 \u00a0 \u00a0 \u00a0 \u00a0 \u00a0 \u00a0 \u00a0 \u00a0 \u00a0 \u00a0 \u00a0 \u00a0 \u00a0 \u00a0 \u00a0 \u00a0 \u00a0 \u00a0 \u00a0 \u00a0 \u00a0 \u00a0 \u00a0 \u00a0 \u00a0<\/p>\n<p>13\/Feb.\/2019 \u00a0 \u00a0 \u00a0 \u00a0 \u00a0 \u00a0 \u00a0 \u00a0 \u00a0 \u00a0 \u00a0 \u00a0 \u00a0 \u00a0 \u00a0 \u00a0 \u00a0 \u00a0 \u00a0 \u00a0 \u00a0 \u00a0 \u00a0 \u00a0 \u00a0 \u00a0 \u00a0 \u00a0 \u00a0 \u00a0 \u00a0 \u00a0 \u00a0 \u00a0 \u00a0<\/p>\n<p>No \u00a0 \u00a0 \u00a0 \u00a0 \u00a0 \u00a0 \u00a0 \u00a0 \u00a0 \u00a0 \u00a0 \u00a0 \u00a0rindi\u00f3 informe. \u00a0 \u00a0 \u00a0 \u00a0 \u00a0<\/p>\n<p>Centro de \u00a0 \u00a0 \u00a0 \u00a0 \u00a0 \u00a0 \u00a0 \u00a0 \u00a0 \u00a0 \u00a0 \u00a0 \u00a0Servicios de los Juzgados de Ejecuci\u00f3n de Penas y Medidas \u00a0 \u00a0 \u00a0 \u00a0 \u00a0 \u00a0 \u00a0 \u00a0 \u00a0 \u00a0 \u00a0 \u00a0 \u00a0de Seguridad de \u00a0 \u00a0 \u00a0 \u00a0 \u00a0 \u00a0 \u00a0 \u00a0 \u00a0 \u00a0 \u00a0 \u00a0 \u00a0Mocoa \u00a0 \u00a0 \u00a0 \u00a0 \u00a0 \u00a0 \u00a0 \u00a0 \u00a0 \u00a0 \u00a0 \u00a0 \u00a0 \u00a0 \u00a0 \u00a0 \u00a0 \u00a0 \u00a0 \u00a0 \u00a0 \u00a0 \u00a0 \u00a0 \u00a0 \u00a0 \u00a0 \u00a0 \u00a0 \u00a0 \u00a0 \u00a0 \u00a0 \u00a0 \u00a0<\/p>\n<p>13\/Feb.\/2019 \u00a0 \u00a0 \u00a0 \u00a0 \u00a0 \u00a0 \u00a0 \u00a0 \u00a0 \u00a0 \u00a0 \u00a0 \u00a0 \u00a0 \u00a0 \u00a0 \u00a0 \u00a0 \u00a0 \u00a0 \u00a0 \u00a0 \u00a0 \u00a0 \u00a0 \u00a0 \u00a0 \u00a0 \u00a0 \u00a0 \u00a0 \u00a0 \u00a0 \u00a0 \u00a0<\/p>\n<p>No \u00a0 \u00a0 \u00a0 \u00a0 \u00a0 \u00a0 \u00a0 \u00a0 \u00a0 \u00a0 \u00a0 \u00a0 \u00a0rindi\u00f3 informe. \u00a0 \u00a0 \u00a0 \u00a0 \u00a0<\/p>\n<p>Centro de \u00a0 \u00a0 \u00a0 \u00a0 \u00a0 \u00a0 \u00a0 \u00a0 \u00a0 \u00a0 \u00a0 \u00a0 \u00a0Servicios de los Juzgados de Ejecuci\u00f3n de Penas y Medidas \u00a0 \u00a0 \u00a0 \u00a0 \u00a0 \u00a0 \u00a0 \u00a0 \u00a0 \u00a0 \u00a0 \u00a0 \u00a0de Seguridad de Florencia \u00a0 \u00a0 \u00a0 \u00a0 \u00a0 \u00a0 \u00a0 \u00a0 \u00a0 \u00a0 \u00a0 \u00a0 \u00a0 \u00a0 \u00a0 \u00a0 \u00a0 \u00a0 \u00a0 \u00a0 \u00a0 \u00a0 \u00a0 \u00a0 \u00a0 \u00a0 \u00a0 \u00a0 \u00a0 \u00a0 \u00a0 \u00a0 \u00a0 \u00a0 \u00a0<\/p>\n<p>13\/Feb.\/2019 \u00a0 \u00a0 \u00a0 \u00a0 \u00a0 \u00a0 \u00a0 \u00a0 \u00a0 \u00a0 \u00a0 \u00a0 \u00a0 \u00a0 \u00a0 \u00a0 \u00a0 \u00a0 \u00a0 \u00a0 \u00a0 \u00a0 \u00a0 \u00a0 \u00a0 \u00a0 \u00a0 \u00a0 \u00a0 \u00a0 \u00a0 \u00a0 \u00a0 \u00a0 \u00a0<\/p>\n<p>Manifiesta \u00a0 \u00a0 \u00a0 \u00a0 \u00a0 \u00a0 \u00a0 \u00a0 \u00a0 \u00a0 \u00a0 \u00a0 \u00a0no haber recibido petici\u00f3n. \u00a0 \u00a0 \u00a0 \u00a0 \u00a0<\/p>\n<p>Centro de \u00a0 \u00a0 \u00a0 \u00a0 \u00a0 \u00a0 \u00a0 \u00a0 \u00a0 \u00a0 \u00a0 \u00a0 \u00a0Servicios de los Juzgados de Ejecuci\u00f3n de Penas y Medidas \u00a0 \u00a0 \u00a0 \u00a0 \u00a0 \u00a0 \u00a0 \u00a0 \u00a0 \u00a0 \u00a0 \u00a0 \u00a0de Seguridad de Cali \u00a0 \u00a0 \u00a0 \u00a0 \u00a0 \u00a0 \u00a0 \u00a0 \u00a0 \u00a0 \u00a0 \u00a0 \u00a0 \u00a0 \u00a0 \u00a0 \u00a0 \u00a0 \u00a0 \u00a0 \u00a0 \u00a0 \u00a0 \u00a0 \u00a0 \u00a0 \u00a0 \u00a0 \u00a0 \u00a0 \u00a0 \u00a0 \u00a0 \u00a0 \u00a0<\/p>\n<p>13\/Feb.\/2019 \u00a0 \u00a0 \u00a0 \u00a0 \u00a0 \u00a0 \u00a0 \u00a0 \u00a0 \u00a0 \u00a0 \u00a0 \u00a0 \u00a0 \u00a0 \u00a0 \u00a0 \u00a0 \u00a0 \u00a0 \u00a0 \u00a0 \u00a0 \u00a0 \u00a0 \u00a0 \u00a0 \u00a0 \u00a0 \u00a0 \u00a0 \u00a0 \u00a0 \u00a0 \u00a0<\/p>\n<p>No \u00a0 \u00a0 \u00a0 \u00a0 \u00a0 \u00a0 \u00a0 \u00a0 \u00a0 \u00a0 \u00a0 \u00a0 \u00a0rindi\u00f3 informe. \u00a0 \u00a0 \u00a0 \u00a0 \u00a0<\/p>\n<p>Centro de \u00a0 \u00a0 \u00a0 \u00a0 \u00a0 \u00a0 \u00a0 \u00a0 \u00a0 \u00a0 \u00a0 \u00a0 \u00a0Servicios de los Juzgados de Ejecuci\u00f3n de Penas y Medidas \u00a0 \u00a0 \u00a0 \u00a0 \u00a0 \u00a0 \u00a0 \u00a0 \u00a0 \u00a0 \u00a0 \u00a0 \u00a0de Seguridad de Pereira \u00a0 \u00a0 \u00a0 \u00a0 \u00a0 \u00a0 \u00a0 \u00a0 \u00a0 \u00a0 \u00a0 \u00a0 \u00a0 \u00a0 \u00a0 \u00a0 \u00a0 \u00a0 \u00a0 \u00a0 \u00a0 \u00a0 \u00a0 \u00a0 \u00a0 \u00a0 \u00a0 \u00a0 \u00a0 \u00a0 \u00a0 \u00a0 \u00a0 \u00a0 \u00a0<\/p>\n<p>13\/Feb.\/2019 \u00a0 \u00a0 \u00a0 \u00a0 \u00a0 \u00a0 \u00a0 \u00a0 \u00a0 \u00a0 \u00a0 \u00a0 \u00a0 \u00a0 \u00a0 \u00a0 \u00a0 \u00a0 \u00a0 \u00a0 \u00a0 \u00a0 \u00a0 \u00a0 \u00a0 \u00a0 \u00a0 \u00a0 \u00a0 \u00a0 \u00a0 \u00a0 \u00a0 \u00a0 \u00a0<\/p>\n<p>No \u00a0 \u00a0 \u00a0 \u00a0 \u00a0 \u00a0 \u00a0 \u00a0 \u00a0 \u00a0 \u00a0 \u00a0 \u00a0rindi\u00f3 informe. \u00a0 \u00a0 \u00a0 \u00a0 \u00a0<\/p>\n<p>Centro de \u00a0 \u00a0 \u00a0 \u00a0 \u00a0 \u00a0 \u00a0 \u00a0 \u00a0 \u00a0 \u00a0 \u00a0 \u00a0Servicios de los Juzgados de Ejecuci\u00f3n de Penas y Medidas \u00a0 \u00a0 \u00a0 \u00a0 \u00a0 \u00a0 \u00a0 \u00a0 \u00a0 \u00a0 \u00a0 \u00a0 \u00a0de Seguridad de C\u00facuta \u00a0 \u00a0 \u00a0 \u00a0 \u00a0 \u00a0 \u00a0 \u00a0 \u00a0 \u00a0 \u00a0 \u00a0 \u00a0 \u00a0 \u00a0 \u00a0 \u00a0 \u00a0 \u00a0 \u00a0 \u00a0 \u00a0 \u00a0 \u00a0 \u00a0 \u00a0 \u00a0 \u00a0 \u00a0 \u00a0 \u00a0 \u00a0 \u00a0 \u00a0 \u00a0<\/p>\n<p>13\/Feb.\/2019 \u00a0 \u00a0 \u00a0 \u00a0 \u00a0 \u00a0 \u00a0 \u00a0 \u00a0 \u00a0 \u00a0 \u00a0 \u00a0 \u00a0 \u00a0 \u00a0 \u00a0 \u00a0 \u00a0 \u00a0 \u00a0 \u00a0 \u00a0 \u00a0 \u00a0 \u00a0 \u00a0 \u00a0 \u00a0 \u00a0 \u00a0 \u00a0 \u00a0 \u00a0 \u00a0<\/p>\n<p>Respuesta \u00a0 \u00a0 \u00a0 \u00a0 \u00a0 \u00a0 \u00a0 \u00a0 \u00a0 \u00a0 \u00a0 \u00a0 \u00a0notificada el 23 de abril de 2019, a la c\u00e1rcel La Picota, \u00a0 \u00a0 \u00a0 \u00a0 \u00a0 \u00a0 \u00a0 \u00a0 \u00a0 \u00a0 \u00a0 \u00a0 \u00a0mediante correo certificado. \u00a0 \u00a0 \u00a0 \u00a0 \u00a0<\/p>\n<p>Centro de \u00a0 \u00a0 \u00a0 \u00a0 \u00a0 \u00a0 \u00a0 \u00a0 \u00a0 \u00a0 \u00a0 \u00a0 \u00a0Servicios de los Juzgados de Ejecuci\u00f3n de Penas y Medidas \u00a0 \u00a0 \u00a0 \u00a0 \u00a0 \u00a0 \u00a0 \u00a0 \u00a0 \u00a0 \u00a0 \u00a0 \u00a0de Seguridad de Valledupar \u00a0 \u00a0 \u00a0 \u00a0 \u00a0 \u00a0 \u00a0 \u00a0 \u00a0 \u00a0 \u00a0 \u00a0 \u00a0 \u00a0 \u00a0 \u00a0 \u00a0 \u00a0 \u00a0 \u00a0 \u00a0 \u00a0 \u00a0 \u00a0 \u00a0 \u00a0 \u00a0 \u00a0 \u00a0 \u00a0 \u00a0 \u00a0 \u00a0 \u00a0 \u00a0<\/p>\n<p>13\/Feb.\/2019 \u00a0 \u00a0 \u00a0 \u00a0 \u00a0 \u00a0 \u00a0 \u00a0 \u00a0 \u00a0 \u00a0 \u00a0 \u00a0 \u00a0 \u00a0 \u00a0 \u00a0 \u00a0 \u00a0 \u00a0 \u00a0 \u00a0 \u00a0 \u00a0 \u00a0 \u00a0 \u00a0 \u00a0 \u00a0 \u00a0 \u00a0 \u00a0 \u00a0 \u00a0 \u00a0<\/p>\n<p>Respuesta \u00a0 \u00a0 \u00a0 \u00a0 \u00a0 \u00a0 \u00a0 \u00a0 \u00a0 \u00a0 \u00a0 \u00a0 \u00a0notificada el 9 de abril de 2019, a la c\u00e1rcel La Picota, \u00a0 \u00a0 \u00a0 \u00a0 \u00a0 \u00a0 \u00a0 \u00a0 \u00a0 \u00a0 \u00a0 \u00a0 \u00a0mediante correo certificado. \u00a0 \u00a0 \u00a0 \u00a0 \u00a0<\/p>\n<p>\u00c1rea \u00a0 \u00a0 \u00a0 \u00a0 \u00a0 \u00a0 \u00a0 \u00a0 \u00a0 \u00a0 \u00a0 \u00a0 \u00a0Educativa del \u00a0 \u00a0 \u00a0 \u00a0 \u00a0 \u00a0 \u00a0 \u00a0 \u00a0 \u00a0 \u00a0 \u00a0 \u00a0Establecimiento \u00a0 \u00a0 \u00a0 \u00a0 \u00a0 \u00a0 \u00a0 \u00a0 \u00a0 \u00a0 \u00a0 \u00a0 \u00a0Penitenciario \u00a0 \u00a0 \u00a0 \u00a0 \u00a0 \u00a0 \u00a0 \u00a0 \u00a0 \u00a0 \u00a0 \u00a0 \u00a0de \u00a0 \u00a0 \u00a0 \u00a0 \u00a0 \u00a0 \u00a0 \u00a0 \u00a0 \u00a0 \u00a0 \u00a0 \u00a0Alta y Mediana Seguridad y Carcelario \u00a0 \u00a0 \u00a0 \u00a0 \u00a0 \u00a0 \u00a0 \u00a0 \u00a0 \u00a0 \u00a0 \u00a0 \u00a0con \u00a0 \u00a0 \u00a0 \u00a0 \u00a0 \u00a0 \u00a0 \u00a0 \u00a0 \u00a0 \u00a0 \u00a0 \u00a0Alta Seguridad de Combita \u00a0 \u00a0 \u00a0 \u00a0 \u00a0 \u00a0 \u00a0 \u00a0 \u00a0 \u00a0 \u00a0 \u00a0 \u00a0 \u00a0 \u00a0 \u00a0 \u00a0 \u00a0 \u00a0 \u00a0 \u00a0 \u00a0 \u00a0 \u00a0 \u00a0 \u00a0 \u00a0 \u00a0 \u00a0 \u00a0 \u00a0 \u00a0 \u00a0 \u00a0 \u00a0<\/p>\n<p>18\/marzo\/2019 \u00a0 \u00a0 \u00a0 \u00a0 \u00a0 \u00a0 \u00a0 \u00a0 \u00a0 \u00a0 \u00a0 \u00a0 \u00a0 \u00a0 \u00a0 \u00a0 \u00a0 \u00a0 \u00a0 \u00a0 \u00a0 \u00a0 \u00a0 \u00a0 \u00a0 \u00a0 \u00a0 \u00a0 \u00a0 \u00a0 \u00a0 \u00a0 \u00a0 \u00a0 \u00a0<\/p>\n<p>No \u00a0 \u00a0 \u00a0 \u00a0 \u00a0 \u00a0 \u00a0 \u00a0 \u00a0 \u00a0 \u00a0 \u00a0 \u00a0rindi\u00f3 informe. \u00a0 \u00a0 \u00a0 \u00a0 \u00a0<\/p>\n<p>Oficina \u00a0 \u00a0 \u00a0 \u00a0 \u00a0 \u00a0 \u00a0 \u00a0 \u00a0 \u00a0 \u00a0 \u00a0 \u00a0de Registro de Instrumentos P\u00fablicos de Bogot\u00e1 \u00a0 \u00a0 \u00a0 \u00a0 \u00a0 \u00a0 \u00a0 \u00a0 \u00a0 \u00a0 \u00a0 \u00a0 \u00a0 \u00a0 \u00a0 \u00a0 \u00a0 \u00a0 \u00a0 \u00a0 \u00a0 \u00a0 \u00a0 \u00a0 \u00a0 \u00a0 \u00a0 \u00a0 \u00a0 \u00a0 \u00a0 \u00a0 \u00a0 \u00a0 \u00a0<\/p>\n<p>28\/marzo\/2019 \u00a0 \u00a0 \u00a0 \u00a0 \u00a0 \u00a0 \u00a0 \u00a0 \u00a0 \u00a0 \u00a0 \u00a0 \u00a0 \u00a0 \u00a0 \u00a0 \u00a0 \u00a0 \u00a0 \u00a0 \u00a0 \u00a0 \u00a0 \u00a0 \u00a0 \u00a0 \u00a0 \u00a0 \u00a0 \u00a0 \u00a0 \u00a0 \u00a0 \u00a0 \u00a0<\/p>\n<p>Manifiesta \u00a0 \u00a0 \u00a0 \u00a0 \u00a0 \u00a0 \u00a0 \u00a0 \u00a0 \u00a0 \u00a0 \u00a0 \u00a0no haber recibido petici\u00f3n. \u00a0 \u00a0 \u00a0 \u00a0 \u00a0<\/p>\n<p>C\u00e1mara \u00a0 \u00a0 \u00a0 \u00a0 \u00a0 \u00a0 \u00a0 \u00a0 \u00a0 \u00a0 \u00a0 \u00a0 \u00a0de Comercio de Bogot\u00e1 \u00a0 \u00a0 \u00a0 \u00a0 \u00a0 \u00a0 \u00a0 \u00a0 \u00a0 \u00a0 \u00a0 \u00a0 \u00a0 \u00a0 \u00a0 \u00a0 \u00a0 \u00a0 \u00a0 \u00a0 \u00a0 \u00a0 \u00a0 \u00a0 \u00a0 \u00a0 \u00a0 \u00a0 \u00a0 \u00a0 \u00a0 \u00a0 \u00a0 \u00a0 \u00a0<\/p>\n<p>05\/Feb.\/2019 \u00a0 \u00a0 \u00a0 \u00a0 \u00a0 \u00a0 \u00a0 \u00a0 \u00a0 \u00a0 \u00a0 \u00a0 \u00a0 \u00a0 \u00a0 \u00a0 \u00a0 \u00a0 \u00a0 \u00a0 \u00a0 \u00a0 \u00a0 \u00a0 \u00a0 \u00a0 \u00a0 \u00a0 \u00a0 \u00a0 \u00a0 \u00a0 \u00a0 \u00a0 \u00a0<\/p>\n<p>Respuesta \u00a0 \u00a0 \u00a0 \u00a0 \u00a0 \u00a0 \u00a0 \u00a0 \u00a0 \u00a0 \u00a0 \u00a0 \u00a0notificada el 19 de febrero de 2019, a la c\u00e1rcel La Picota, \u00a0 \u00a0 \u00a0 \u00a0 \u00a0 \u00a0 \u00a0 \u00a0 \u00a0 \u00a0 \u00a0 \u00a0 \u00a0mediante correo certificado. \u00a0 \u00a0 \u00a0 \u00a0 \u00a0<\/p>\n<p>Secretar\u00eda \u00a0 \u00a0 \u00a0 \u00a0 \u00a0 \u00a0 \u00a0 \u00a0 \u00a0 \u00a0 \u00a0 \u00a0 \u00a0de Tr\u00e1nsito y Transporte de Bogot\u00e1 \u00a0 \u00a0 \u00a0 \u00a0 \u00a0 \u00a0 \u00a0 \u00a0 \u00a0 \u00a0 \u00a0 \u00a0 \u00a0 \u00a0 \u00a0 \u00a0 \u00a0 \u00a0 \u00a0 \u00a0 \u00a0 \u00a0 \u00a0 \u00a0 \u00a0 \u00a0 \u00a0 \u00a0 \u00a0 \u00a0 \u00a0 \u00a0 \u00a0 \u00a0 \u00a0<\/p>\n<p>05\/Feb.\/2019 \u00a0 \u00a0 \u00a0 \u00a0 \u00a0 \u00a0 \u00a0 \u00a0 \u00a0 \u00a0 \u00a0 \u00a0 \u00a0 \u00a0 \u00a0 \u00a0 \u00a0 \u00a0 \u00a0 \u00a0 \u00a0 \u00a0 \u00a0 \u00a0 \u00a0 \u00a0 \u00a0 \u00a0 \u00a0 \u00a0 \u00a0 \u00a0 \u00a0 \u00a0 \u00a0<\/p>\n<p>No \u00a0 \u00a0 \u00a0 \u00a0 \u00a0 \u00a0 \u00a0 \u00a0 \u00a0 \u00a0 \u00a0 \u00a0 \u00a0rindi\u00f3 informe \u00a0 \u00a0<\/p>\n<p>Corolario de lo \u00a0rese\u00f1ado, se avizora que en el caso de la C\u00e1mara de \u00a0Comercio de Bogot\u00e1, el Juzgado \u00a0Primero Penal del Circuito Especializado de Antioquia y los Centros \u00a0de Servicios de los Juzgados de Ejecuci\u00f3n de Penas y Medidas \u00a0de Seguridad de Monter\u00eda, Quibd\u00f3, Pasto, Sincelejo, \u00a0Manizales, Facatativ\u00e1, C\u00facuta y Valledupar, se negar\u00e1 \u00a0el amparo solicitado por el actor. \u00a0<\/p>\n<p>Esto, \u00a0pues como se anot\u00f3 con anterioridad, las accionadas emitieron \u00a0respuesta de fondo respecto a la postulaci\u00f3n elevada por \u00a0\u00c1lvaro \u00a0Andr\u00e9s Ibarra Herrera, \u00a0la \u00a0cual fue debidamente notificada v\u00eda correo electr\u00f3nico, \u00a0o mediante servicio de mensajer\u00eda certificada, a las \u00a0respectivas direcciones del Complejo \u00a0Penitenciario y Carcelario de Bogot\u00e1 \u2013 La Picota. \u00a0<\/p>\n<p>En lo que tiene \u00a0que ver con las dem\u00e1s demandadas, se estima procedente que el \u00a0juez constitucional adopte las medidas necesarias en orden a que se \u00a0le garantice al accionante la protecci\u00f3n deprecada, toda vez \u00a0que de las diligencias se infiere que las \u00e9stas desatendieron \u00a0el deber que le asiste de acuerdo al art\u00edculo 13 de la Ley \u00a01755 de 2015. Ello, pues las solicitudes de informaci\u00f3n o \u00a0copias, fueron presentadas durante los meses de enero a marzo de \u00a02019, sin que a la fecha hayan sido atendidas en debida forma. \u00a0<\/p>\n<p>Igualmente, se \u00a0recalca que a pesar de que algunas de las autoridades manifestaron no \u00a0haber recibido petici\u00f3n de parte del gestor23, \u00a0lo cierto es que a partir de las anotaciones consignadas en los \u00a0legajos aportados al tr\u00e1mite como prueba, se puede inferir \u00a0razonablemente que las postulaciones fueron remitidas a las \u00a0respectivas dependencias, en igualdad de condiciones a las que ya \u00a0fueron atendidas por las dem\u00e1s demandadas. Situaci\u00f3n \u00a0por la cual, no resulta de recibo tal \u00a0afirmaci\u00f3n en orden a \u00a0exonerarlas de la responsabilidad que les asiste. \u00a0<\/p>\n<p>En consecuencia, \u00a0se conceder\u00e1 el amparo a la garant\u00eda \u00a0fundamental \u00a0conculcada a \u00c1lvaro \u00a0Andr\u00e9s Ibarra Herrera, \u00a0por \u00a0parte de la Sala Penal de los Tribunales Superiores de los Distritos \u00a0Judiciales de Tunja y Valledupar, \u00a0los \u00a0Centros de Servicios de los Juzgados de Ejecuci\u00f3n de Penas y \u00a0Medidas de Seguridad de \u00a0Bucaramanga, \u00a0Antioquia, Bogot\u00e1, San Andr\u00e9s, Apartad\u00f3, \u00a0Popay\u00e1n, Neiva, Leticia, Cartagena, Santa Marta, Barranquilla, \u00a0Arauca, Yopal, Tunja, Acac\u00edas, Riohacha, Mocoa, Florencia, \u00a0Cali y Pereira, el Establecimiento Penitenciario \u00a0de \u00a0Alta y Mediana Seguridad y Carcelario \u00a0con \u00a0Alta Seguridad de Combita \u00a0\u2013 \u00c1rea Educativa, Oficina de Registro de Instrumentos \u00a0P\u00fablicos de Bogot\u00e1, y la Secretar\u00eda de Tr\u00e1nsito \u00a0y Transporte de Bogot\u00e1. \u00a0<\/p>\n<p>Para hacer \u00a0efectivo la protecci\u00f3n concedida, se le ordenar\u00e1 a las \u00a0entidades y autoridades referidas en p\u00e1rrafo anterior, que \u00a0dentro del t\u00e9rmino perentorio de cuarenta y ocho (48) horas \u00a0siguientes a la notificaci\u00f3n de la presente providencia, \u00a0procedan, si a\u00fan no lo ha hecho, a responder la petici\u00f3n \u00a0a que se refiere la solicitud objeto de la acci\u00f3n. \u00a0<\/p>\n<p>En \u00a0m\u00e9rito de lo expuesto, la Corte \u00a0Suprema de Justicia en Sala de Decisi\u00f3n Penal de Tutelas No 3, \u00a0administrando justicia en nombre de la Rep\u00fablica y por \u00a0autoridad de la Ley, \u00a0<\/p>\n<p>RESUELVE \u00a0<\/p>\n<p>Primero: \u00a0Negar \u00a0el amparo deprecado por \u00c1lvaro \u00a0Andr\u00e9s Ibarra Herrera frente \u00a0al \u00a0Juzgado \u00a0Primero Penal del Circuito Especializado de Antioquia y los Centros \u00a0de Servicios de los Juzgados de Ejecuci\u00f3n de Penas y Medidas \u00a0de Seguridad de Monter\u00eda, Quibd\u00f3, Pasto, Sincelejo, \u00a0Manizales, Facatativ\u00e1, C\u00facuta y Valledupar. De \u00a0conformidad con lo expuesto en este prove\u00eddo. \u00a0<\/p>\n<p>Segundo: \u00a0TUTELAR \u00a0el \u00a0derecho fundamental de petici\u00f3n de \u00c1lvaro \u00a0Andr\u00e9s Ibarra Herrera, \u00a0vulnerado \u00a0por la \u00a0Sala Penal de los Tribunales Superiores de los Distritos Judiciales \u00a0de Tunja y Valledupar, \u00a0los \u00a0Centros de Servicios de los Juzgados de Ejecuci\u00f3n de Penas y \u00a0Medidas de Seguridad de \u00a0Bucaramanga, \u00a0Antioquia, Bogot\u00e1, San Andr\u00e9s, Apartad\u00f3, \u00a0Popay\u00e1n, Neiva, Leticia, Cartagena, Santa Marta, Barranquilla, \u00a0Arauca, Yopal, Tunja, Acac\u00edas, Riohacha, Mocoa, Florencia, \u00a0Cali y Pereira, el Establecimiento Penitenciario \u00a0de \u00a0Alta y Mediana Seguridad y Carcelario \u00a0con \u00a0Alta Seguridad de Combita \u00a0\u2013 \u00c1rea Educativa, la Oficina de Registro de Instrumentos \u00a0P\u00fablicos de Bogot\u00e1, y la Secretar\u00eda de Tr\u00e1nsito \u00a0y Transporte de Bogot\u00e1. \u00a0<\/p>\n<p>Conforme qued\u00f3 \u00a0consignado en la parte considerativa de esta decisi\u00f3n \u00a0<\/p>\n<p>Tercero: \u00a0ORDENAR \u00a0a \u00a0la \u00a0Sala Penal de los Tribunales Superiores de los Distritos Judiciales \u00a0de Tunja y Valledupar, \u00a0los \u00a0Centros de Servicios de los Juzgados de Ejecuci\u00f3n de Penas y \u00a0Medidas de Seguridad de \u00a0Bucaramanga, \u00a0Antioquia, Bogot\u00e1, San Andr\u00e9s, Apartad\u00f3, \u00a0Popay\u00e1n, Neiva, Leticia, Cartagena, Santa Marta, Barranquilla, \u00a0Arauca, Yopal, Tunja, Acac\u00edas, Riohacha, Mocoa, Florencia, \u00a0Cali y Pereira, el Establecimiento Penitenciario \u00a0de \u00a0Alta y Mediana Seguridad y Carcelario \u00a0con \u00a0Alta Seguridad de Combita \u00a0\u2013 \u00c1rea Educativa, la Oficina de Registro de Instrumentos \u00a0P\u00fablicos de Bogot\u00e1, y la Secretar\u00eda de Tr\u00e1nsito \u00a0y Transporte de Bogot\u00e1, que \u00a0dentro del t\u00e9rmino perentorio de cuarenta y ocho (48) horas \u00a0siguientes a la notificaci\u00f3n de la presente providencia, \u00a0procedan, si a\u00fan no lo han hecho, a \u00a0responder las peticiones elevadas por el actor. \u00a0<\/p>\n<p>Cuarto: \u00a0REMITIR \u00a0el \u00a0expediente a la Corte Constitucional para su eventual revisi\u00f3n, \u00a0una vez en firme. \u00a0<\/p>\n<p>NOTIF\u00cdQUESE \u00a0Y C\u00daMPLASE \u00a0<\/p>\n<p>JAIME \u00a0HUMBERTO MORENO ACERO \u00a0<\/p>\n<p>EYDER \u00a0PATI\u00d1O CABRERA \u00a0<\/p>\n<p>Nubia \u00a0Yolanda Nova Garc\u00eda \u00a0<\/p>\n<p>Secretaria \u00a0<\/p>\n<p>1 \u00a0 \u00a0 \u00a0 \u00a0 \u00a0Folio 100, \u00a0 \u00a0 \u00a0 \u00a0 \u00a0cuaderno de tutela. \u00a0<\/p>\n<p>2 \u00a0 \u00a0 \u00a0 \u00a0 \u00a0Folios 101 \u00a0 \u00a0 \u00a0 \u00a0 \u00a0a 103, ib. \u00a0<\/p>\n<p>3 \u00a0 \u00a0 \u00a0 \u00a0 \u00a0Folio 104, \u00a0 \u00a0 \u00a0 \u00a0 \u00a0ib. \u00a0<\/p>\n<p>4 \u00a0 \u00a0 \u00a0 \u00a0 \u00a0Folio 105, \u00a0 \u00a0 \u00a0 \u00a0 \u00a0ib. \u00a0<\/p>\n<p>5 \u00a0 \u00a0 \u00a0 \u00a0 \u00a0Folio 106, \u00a0 \u00a0 \u00a0 \u00a0 \u00a0ib. \u00a0<\/p>\n<p>6 \u00a0 \u00a0 \u00a0 \u00a0 \u00a0Folios 107 \u00a0 \u00a0 \u00a0 \u00a0 \u00a0a 111, ib. \u00a0<\/p>\n<p>7 \u00a0 \u00a0 \u00a0 \u00a0 \u00a0Folios 112 \u00a0 \u00a0 \u00a0 \u00a0 \u00a0a 115, ib. \u00a0<\/p>\n<p>8 \u00a0 \u00a0 \u00a0 \u00a0 \u00a0Folios 116 \u00a0 \u00a0 \u00a0 \u00a0 \u00a0a 118, ib. \u00a0<\/p>\n<p>9 \u00a0 \u00a0 \u00a0 \u00a0 \u00a0Folios 119 \u00a0 \u00a0 \u00a0 \u00a0 \u00a0a 120, ib. \u00a0<\/p>\n<p>10 \u00a0 \u00a0 \u00a0 \u00a0 \u00a0Folios 121 \u00a0 \u00a0 \u00a0 \u00a0 \u00a0a 124, ib. \u00a0<\/p>\n<p>11 \u00a0 \u00a0 \u00a0 \u00a0 \u00a0Folios 125 \u00a0 \u00a0 \u00a0 \u00a0 \u00a0a 130, ib. \u00a0<\/p>\n<p>12 \u00a0 \u00a0 \u00a0 \u00a0 \u00a0Folios 133 \u00a0 \u00a0 \u00a0 \u00a0 \u00a0a 136, ib. \u00a0<\/p>\n<p>13 \u00a0 \u00a0 \u00a0 \u00a0 \u00a0Folios 137 \u00a0 \u00a0 \u00a0 \u00a0 \u00a0a 141, ib. \u00a0<\/p>\n<p>14 \u00a0 \u00a0 \u00a0 \u00a0 \u00a0Folios 142 \u00a0 \u00a0 \u00a0 \u00a0 \u00a0a 145, ib. \u00a0<\/p>\n<p>15 \u00a0 \u00a0 \u00a0 \u00a0 \u00a0Folios 146 \u00a0 \u00a0 \u00a0 \u00a0 \u00a0a 149, ib. \u00a0<\/p>\n<p>16 \u00a0 \u00a0 \u00a0 \u00a0 \u00a0Folios 150 \u00a0 \u00a0 \u00a0 \u00a0 \u00a0a 153, ib. \u00a0<\/p>\n<p>17 \u00a0 \u00a0 \u00a0 \u00a0 \u00a0Folios 154, \u00a0 \u00a0 \u00a0 \u00a0 \u00a0ib. \u00a0<\/p>\n<p>18 \u00a0 \u00a0 \u00a0 \u00a0 \u00a0Folios 155 \u00a0 \u00a0 \u00a0 \u00a0 \u00a0a 157, ib. \u00a0<\/p>\n<p>19 \u00a0 \u00a0 \u00a0 \u00a0 \u00a0Folio 158, \u00a0 \u00a0 \u00a0 \u00a0 \u00a0ib. \u00a0<\/p>\n<p>20 \u00a0 \u00a0 \u00a0 \u00a0 \u00a0Se confiri\u00f3 \u00a0 \u00a0 \u00a0 \u00a0 \u00a0el t\u00e9rmino improrrogable de un d\u00eda, a partir de la \u00a0 \u00a0 \u00a0 \u00a0 \u00a0comunicaci\u00f3n del 10 de febrero de 2020, debidamente remitida \u00a0 \u00a0 \u00a0 \u00a0 \u00a0a los respectivos correos electr\u00f3nicos. \u00a0<\/p>\n<p>21 \u00a0 \u00a0 \u00a0 \u00a0 \u00a0Fechas de \u00a0 \u00a0 \u00a0 \u00a0 \u00a0peticiones y tipo de informaci\u00f3n solicitada, como se exponen \u00a0 \u00a0 \u00a0 \u00a0 \u00a0en p\u00e1rrafos siguientes. \u00a0<\/p>\n<p>22 \u00a0 \u00a0 \u00a0 \u00a0 \u00a0La \u00a0 \u00a0 \u00a0 \u00a0 \u00a0misma disposici\u00f3n consagra que est\u00e1n sometidas a un \u00a0 \u00a0 \u00a0 \u00a0 \u00a0t\u00e9rmino especial, la resoluci\u00f3n de las siguientes \u00a0 \u00a0 \u00a0 \u00a0 \u00a0peticiones: \u00a0 \u00a0 \u00a0 \u00a0 \u00a0<\/p>\n<p>\u00a0\u00a0 \u00a0 \u00a0 \u00a0 \u00a0<\/p>\n<p>1. Las \u00a0 \u00a0 \u00a0 \u00a0 \u00a0peticiones de documentos y de informaci\u00f3n deber\u00e1n \u00a0 \u00a0 \u00a0 \u00a0 \u00a0resolverse dentro de los diez (10) d\u00edas siguientes a su \u00a0 \u00a0 \u00a0 \u00a0 \u00a0recepci\u00f3n. Si en ese lapso no se ha dado respuesta al \u00a0 \u00a0 \u00a0 \u00a0 \u00a0peticionario, se entender\u00e1, para todos los efectos \u00a0 \u00a0 \u00a0 \u00a0 \u00a0legales, \u00a0 \u00a0 \u00a0 \u00a0 \u00a0que la respectiva solicitud ha sido aceptada y, por consiguiente, la \u00a0 \u00a0 \u00a0 \u00a0 \u00a0administraci\u00f3n ya no podr\u00e1 negar la \u00a0 \u00a0 \u00a0 \u00a0 \u00a0entrega \u00a0 \u00a0 \u00a0 \u00a0 \u00a0de dichos documentos al \u00a0 \u00a0 \u00a0 \u00a0 \u00a0peticionario, \u00a0 \u00a0 \u00a0 \u00a0 \u00a0y como consecuencia las copias se entregar\u00e1n dentro de los \u00a0 \u00a0 \u00a0 \u00a0 \u00a0tres (3) d\u00edas siguientes. \u00a0 \u00a0 \u00a0 \u00a0 \u00a0<\/p>\n<p>\u00a0\u00a0 \u00a0 \u00a0 \u00a0 \u00a0<\/p>\n<p>2. Las \u00a0 \u00a0 \u00a0 \u00a0 \u00a0peticiones mediante las cuales se eleva una consulta a las \u00a0 \u00a0 \u00a0 \u00a0 \u00a0autoridades en relaci\u00f3n con las materias a su cargo deber\u00e1n \u00a0 \u00a0 \u00a0 \u00a0 \u00a0resolverse dentro de los treinta (30) d\u00edas siguientes a su \u00a0 \u00a0 \u00a0 \u00a0 \u00a0recepci\u00f3n. \u00a0<\/p>\n<p>23 \u00a0 \u00a0 \u00a0 \u00a0 \u00a0Sala Penal del Tribunal \u00a0 \u00a0 \u00a0 \u00a0 \u00a0Superior del Distrito Judicial de Tunja, los Centros de Servicios de \u00a0 \u00a0 \u00a0 \u00a0 \u00a0los Juzgados de Ejecuci\u00f3n de Penas y Medidas de Seguridad de \u00a0 \u00a0 \u00a0 \u00a0 \u00a0Leticia, Cartagena, Barranquilla, Arauca, Yopal y Florencia, y la \u00a0 \u00a0 \u00a0 \u00a0 \u00a0Oficina de Registro de Instrumentos P\u00fablicos de Bogot\u00e1. \u00a0 \u00a0 \u00a0<\/p>\n<p><\/p>\n","protected":false},"excerpt":{"rendered":"<p>\u00a0 \u00a0 \u00a0 \u00a0\u00a0 JAIME \u00a0HUMBERTO MORENO ACERO \u00a0 Magistrado \u00a0ponente \u00a0 STP1594-2020 \u00a0 Radicaci\u00f3n \u00a0n\u00b0 108985 \u00a0 Acta \u00a0n.\u00b0 29 \u00a0 Bogot\u00e1, \u00a0D.C., once (11) de febrero de dos mil veinte (2020). \u00a0 ASUNTO \u00a0 Procede \u00a0la Corte a resolver la acci\u00f3n de tutela presentada por \u00c1lvaro \u00a0Andr\u00e9s Ibarra Herrera contra \u00a0las \u00a0siguientes autoridades: [&hellip;]<\/p>\n","protected":false},"author":1,"featured_media":0,"comment_status":"open","ping_status":"open","sticky":false,"template":"","format":"standard","meta":{"footnotes":""},"categories":[29],"tags":[],"class_list":["post-51353","post","type-post","status-publish","format-standard","hentry","category-29"],"_links":{"self":[{"href":"https:\/\/dmsjuridica.com\/buscador_20179478954\/salapenalcronologico20230723\/wp-json\/wp\/v2\/posts\/51353","targetHints":{"allow":["GET"]}}],"collection":[{"href":"https:\/\/dmsjuridica.com\/buscador_20179478954\/salapenalcronologico20230723\/wp-json\/wp\/v2\/posts"}],"about":[{"href":"https:\/\/dmsjuridica.com\/buscador_20179478954\/salapenalcronologico20230723\/wp-json\/wp\/v2\/types\/post"}],"author":[{"embeddable":true,"href":"https:\/\/dmsjuridica.com\/buscador_20179478954\/salapenalcronologico20230723\/wp-json\/wp\/v2\/users\/1"}],"replies":[{"embeddable":true,"href":"https:\/\/dmsjuridica.com\/buscador_20179478954\/salapenalcronologico20230723\/wp-json\/wp\/v2\/comments?post=51353"}],"version-history":[{"count":0,"href":"https:\/\/dmsjuridica.com\/buscador_20179478954\/salapenalcronologico20230723\/wp-json\/wp\/v2\/posts\/51353\/revisions"}],"wp:attachment":[{"href":"https:\/\/dmsjuridica.com\/buscador_20179478954\/salapenalcronologico20230723\/wp-json\/wp\/v2\/media?parent=51353"}],"wp:term":[{"taxonomy":"category","embeddable":true,"href":"https:\/\/dmsjuridica.com\/buscador_20179478954\/salapenalcronologico20230723\/wp-json\/wp\/v2\/categories?post=51353"},{"taxonomy":"post_tag","embeddable":true,"href":"https:\/\/dmsjuridica.com\/buscador_20179478954\/salapenalcronologico20230723\/wp-json\/wp\/v2\/tags?post=51353"}],"curies":[{"name":"wp","href":"https:\/\/api.w.org\/{rel}","templated":true}]}}