{"id":51338,"date":"2023-09-15T20:51:51","date_gmt":"2023-09-15T20:51:51","guid":{"rendered":"https:\/\/dmsjuridica.com\/buscador_20179478954\/salapenalcronologico20230723\/2023\/09\/15\/stp1554-2020\/"},"modified":"2023-09-15T20:51:51","modified_gmt":"2023-09-15T20:51:51","slug":"stp1554-2020","status":"publish","type":"post","link":"https:\/\/dmsjuridica.com\/buscador_20179478954\/salapenalcronologico20230723\/2023\/09\/15\/stp1554-2020\/","title":{"rendered":"STP1554-2020"},"content":{"rendered":"\n<p>\u00a0 \u00a0 \u00a0 \u00a0\u00a0<\/p>\n<p>JOS\u00c9 \u00a0FRANCISCO ACU\u00d1A VIZCAYA \u00a0<\/p>\n<p>Magistrado \u00a0Ponente \u00a0<\/p>\n<p>STP1554 \u00a0&#8211; 2020 \u00a0<\/p>\n<p>Radicaci\u00f3n \u00a0No. 108995 \u00a0<\/p>\n<p>(Aprobado \u00a0Acta No. 37) \u00a0<\/p>\n<p>Bogot\u00e1 \u00a0D.C., dieciocho (18) de febrero de dos mil veinte (2020) \u00a0<\/p>\n<p>Decide \u00a0la Sala el recurso de impugnaci\u00f3n interpuesto por Oscar \u00a0Alexander Mora Hern\u00e1ndez contra \u00a0el fallo de tutela proferido por la Sala Penal del Tribunal Superior \u00a0del Distrito Judicial de Bogot\u00e1 el 14 de enero de 2020, \u00a0que \u00a0neg\u00f3 por improcedente el amparo constitucional invocado contra \u00a0el Juzgado \u00a0Catorce de Ejecuci\u00f3n de Penas y Medidas de Seguridad de la \u00a0misma ciudad por \u00a0la presunta vulneraci\u00f3n de sus derechos fundamentales al \u00a0debido proceso y libertad. \u00a0<\/p>\n<p>A \u00a0la presente actuaci\u00f3n se vincul\u00f3 de oficio al Centro de \u00a0Servicios Administrativos \u00a0de los Juzgados de Ejecuci\u00f3n de Penas y Medidas de Seguridad \u00a0de Bogot\u00e1, al Instituto Nacional Penitenciario y Carcelario \u2013 \u00a0INPEC &#8211; y al Juzgado Once Penal Municipal de Conocimiento de Bogot\u00e1. \u00a0<\/p>\n<p>ANTECEDENTES \u00a0<\/p>\n<p>Y \u00a0<\/p>\n<p>FUNDAMENTOS \u00a0DE LA ACCI\u00d3N \u00a0<\/p>\n<p>As\u00ed \u00a0fueron sintetizados en el fallo constitucional de primera instancia1: \u00a0<\/p>\n<p>Refiri\u00f3 \u00a0el accionante que: \u201c\u2026que el juez 14 de ejecuci\u00f3n \u00a0de penas me niega el beneficio de la libertad aduciendo que no soy \u00a0derechoso, me encuentro privado de la libertad gozando de la prisi\u00f3n \u00a0domiciliaria por el delito de inasistencia alimentaria. (\u2026) \u00a0Est\u00e1n cometiendo un error estoy invocando ante usted como \u00a0jer\u00e1rquico mayor se me admita esta acci\u00f3n de tutela ya \u00a0que no se me puede vulnerar el derecho fundamental a la libertad si \u00a0es bien sabido que el delito de inasistencia alimentaria qued\u00f3 \u00a0despenalizado me hago derechoso a gozar de la libertad inmediata sin \u00a0dilaci\u00f3n de ninguna \u00edndole s\u00e9 que estoy gozando \u00a0del beneficio de la prisi\u00f3n domiciliaria est\u00e1 bien, \u00a0pero entre murales hacia dentro de la casa no tengo fuentes de \u00a0ingreso, no puedo salir a trabajar\u2026\u201d. \u00a0<\/p>\n<p>EL \u00a0FALLO IMPUGNADO \u00a0<\/p>\n<p>La \u00a0Sala Penal del Tribunal Superior del Distrito Judicial de Bogot\u00e1, \u00a0mediante decisi\u00f3n adoptada el 14 de enero del presente a\u00f1o, \u00a0neg\u00f3 por improcedente el presente amparo constitucional. \u00a0<\/p>\n<p>Para \u00a0arribar a tal decisi\u00f3n, el juez colegiado constitucional de \u00a0primer grado se\u00f1al\u00f3 que la presente s\u00faplica no \u00a0satisfizo el principio de subsidiariedad del cual se encuentra \u00a0revestido la acci\u00f3n de tutela, comoquiera que frente al auto \u00a0del 19 de noviembre de 2019 se encuentra en tr\u00e1mite el recurso \u00a0de apelaci\u00f3n interpuesto, es decir, no se han agotado las \u00a0instancias ordinarias de defensa ante el juez natural. Adem\u00e1s, \u00a0no se prob\u00f3 una v\u00eda de hecho, tan solo se advierte el \u00a0desacuerdo con lo decidido. \u00a0<\/p>\n<p>LA IMPUGNACI\u00d3N \u00a0<\/p>\n<p>Inconforme \u00a0con la anterior determinaci\u00f3n, la parte actora la impugn\u00f3, \u00a0con la finalidad intr\u00ednseca que sea revocada, por cuanto la \u00a0vulneraci\u00f3n a sus derechos fundamentales a la libertad y \u00a0m\u00ednimo vital es actual. \u00a0<\/p>\n<p>CONSIDERACIONES \u00a0DE LA SALA \u00a0<\/p>\n<p>\u00a0 \u00a0\u00a0 \u00a0 \u00a0 \u00a0 \u00a0<\/p>\n<p>1. De \u00a0 \u00a0 \u00a0 \u00a0 \u00a0conformidad con lo previsto en el art\u00edculo 32 del Decreto \u00a0 \u00a0 \u00a0 \u00a0 \u00a02591 de 1991, esta Sala es competente para resolver el recurso de \u00a0 \u00a0 \u00a0 \u00a0 \u00a0impugnaci\u00f3n interpuesto por la parte accionante contra la \u00a0 \u00a0 \u00a0 \u00a0 \u00a0decisi\u00f3n proferida por la Sala \u00a0 \u00a0 \u00a0 \u00a0 \u00a0Penal del Tribunal Superior del Distrito Judicial de Bogot\u00e1. \u00a0<\/p>\n<p>\u00a0 \u00a0\u00a0 \u00a0 \u00a0 \u00a0 \u00a0<\/p>\n<p>2. El \u00a0 \u00a0 \u00a0 \u00a0 \u00a0problema jur\u00eddico que convoca a la Sala en esta oportunidad, \u00a0 \u00a0 \u00a0 \u00a0 \u00a0consiste en establecer \u00a0 \u00a0 \u00a0 \u00a0 \u00a0si frente a la providencia del 19 de noviembre de 2019 proferida por \u00a0 \u00a0 \u00a0 \u00a0 \u00a0el \u00a0 \u00a0 \u00a0 \u00a0 \u00a0Juzgado Catorce de Ejecuci\u00f3n de Penas y Medidas de Seguridad \u00a0 \u00a0 \u00a0 \u00a0 \u00a0de Bogot\u00e1, por \u00a0 \u00a0 \u00a0 \u00a0 \u00a0la que se neg\u00f3 la solicitud de libertad inmediata, se \u00a0 \u00a0 \u00a0 \u00a0 \u00a0configuran los requisitos de procedibilidad de la acci\u00f3n de \u00a0 \u00a0 \u00a0 \u00a0 \u00a0tutela contra decisiones judiciales y por tanto, debe revocarse el \u00a0 \u00a0 \u00a0 \u00a0 \u00a0fallo de tutela de primer grado para en su lugar concederse el \u00a0 \u00a0 \u00a0 \u00a0 \u00a0amparo constitucional invocado. \u00a0<\/p>\n<p>\u00a0 \u00a0\u00a0 \u00a0 \u00a0 \u00a0 \u00a0<\/p>\n<p>3. Requisitos \u00a0 \u00a0 \u00a0 \u00a0 \u00a0de procedibilidad de la acci\u00f3n de tutela contra decisiones \u00a0 \u00a0 \u00a0 \u00a0 \u00a0judiciales \u00a0<\/p>\n<p>\u00a0 \u00a0\u00a0 \u00a0 \u00a0 \u00a0 \u00a0 \u00a0 \u00a0 \u00a0 \u00a0 \u00a0 \u00a0 \u00a0 \u00a0 \u00a0<\/p>\n<p>1. El art\u00edculo \u00a0 \u00a0 \u00a0 \u00a0 \u00a0 \u00a0 \u00a0 \u00a0 \u00a086 de la Constituci\u00f3n Pol\u00edtica establece que toda \u00a0 \u00a0 \u00a0 \u00a0 \u00a0 \u00a0 \u00a0 \u00a0 \u00a0persona tiene derecho a promover acci\u00f3n de tutela ante los \u00a0 \u00a0 \u00a0 \u00a0 \u00a0 \u00a0 \u00a0 \u00a0 \u00a0jueces con miras a obtener la protecci\u00f3n inmediata de sus \u00a0 \u00a0 \u00a0 \u00a0 \u00a0 \u00a0 \u00a0 \u00a0 \u00a0garant\u00edas fundamentales, cuando por acci\u00f3n u omisi\u00f3n \u00a0 \u00a0 \u00a0 \u00a0 \u00a0 \u00a0 \u00a0 \u00a0 \u00a0le sean vulnerados o amenazados por cualquier autoridad p\u00fablica \u00a0 \u00a0 \u00a0 \u00a0 \u00a0 \u00a0 \u00a0 \u00a0 \u00a0o por particulares en los casos expresamente previstos en la ley, \u00a0 \u00a0 \u00a0 \u00a0 \u00a0 \u00a0 \u00a0 \u00a0 \u00a0siempre que no haya otro medio de defensa judicial, o existiendo, \u00a0 \u00a0 \u00a0 \u00a0 \u00a0 \u00a0 \u00a0 \u00a0 \u00a0cuando la tutela se utilice de forma transitoria para evitar la \u00a0 \u00a0 \u00a0 \u00a0 \u00a0 \u00a0 \u00a0 \u00a0 \u00a0materializaci\u00f3n de un perjuicio irremediable. \u00a0 \u00a0<\/p>\n<p>Ha precisado la \u00a0Sala que las caracter\u00edsticas de subsidiariedad y residualidad \u00a0que son predicables de la acci\u00f3n de tutela, aparejan como \u00a0consecuencia que no pueda acudirse a tal mecanismo excepcional de \u00a0amparo para lograr la intervenci\u00f3n del juez constitucional en \u00a0procesos en tr\u00e1mite, porque ello a m\u00e1s de \u00a0desnaturalizar su esencia, socava postulados constitucionales como la \u00a0independencia y la autonom\u00eda funcionales que rigen la \u00a0actividad de la Rama Judicial al tenor de la preceptiva contenida en \u00a0el art\u00edculo 228 de la Carta Pol\u00edtica. \u00a0<\/p>\n<p>\u00a0 \u00a0\u00a0 \u00a0 \u00a0 \u00a0 \u00a0 \u00a0 \u00a0 \u00a0 \u00a0 \u00a0 \u00a0 \u00a0 \u00a0 \u00a0<\/p>\n<p>2. En \u00a0 \u00a0 \u00a0 \u00a0 \u00a0 \u00a0 \u00a0 \u00a0 \u00a0trat\u00e1ndose de la procedencia de la acci\u00f3n de tutela \u00a0 \u00a0 \u00a0 \u00a0 \u00a0 \u00a0 \u00a0 \u00a0 \u00a0para cuestionar \u00a0 \u00a0 \u00a0 \u00a0 \u00a0 \u00a0 \u00a0 \u00a0 \u00a0decisiones judiciales, salvo que comporten v\u00edas de hecho, la \u00a0 \u00a0 \u00a0 \u00a0 \u00a0 \u00a0 \u00a0 \u00a0 \u00a0acci\u00f3n es improcedente, porque su finalidad no es la de \u00a0 \u00a0 \u00a0 \u00a0 \u00a0 \u00a0 \u00a0 \u00a0 \u00a0revivir oportunidades o momentos procesales culminados, reponer \u00a0 \u00a0 \u00a0 \u00a0 \u00a0 \u00a0 \u00a0 \u00a0 \u00a0t\u00e9rminos de ejecutoria que permitan la impugnaci\u00f3n de \u00a0 \u00a0 \u00a0 \u00a0 \u00a0 \u00a0 \u00a0 \u00a0 \u00a0las decisiones, y tampoco constituirse en el escenario donde puedan \u00a0 \u00a0 \u00a0 \u00a0 \u00a0 \u00a0 \u00a0 \u00a0 \u00a0efectuarse valoraciones probatorias diferentes a la que realiz\u00f3 \u00a0 \u00a0 \u00a0 \u00a0 \u00a0 \u00a0 \u00a0 \u00a0 \u00a0el juez de conocimiento, a quien corresponde hacer esa labor de \u00a0 \u00a0 \u00a0 \u00a0 \u00a0 \u00a0 \u00a0 \u00a0 \u00a0acuerdo con la competencia que le asigna la ley. \u00a0 \u00a0<\/p>\n<p>Si \u00a0as\u00ed fuera, \u00a0ha dicho la Corte, el recurso de amparo, instrumento de defensa de \u00a0derechos fundamentales, trocar\u00eda en medio adverso a la \u00a0seguridad jur\u00eddica y a la estabilidad social. Por estas \u00a0razones el juez de tutela debe respetar las competencias regladas \u00a0atribuidas a otras autoridades, sin afectar su autonom\u00eda. \u00a0<\/p>\n<p>\u00a0 \u00a0\u00a0 \u00a0 \u00a0 \u00a0 \u00a0 \u00a0 \u00a0 \u00a0 \u00a0 \u00a0 \u00a0 \u00a0 \u00a0 \u00a0<\/p>\n<p>3. Como \u00a0 \u00a0 \u00a0 \u00a0 \u00a0 \u00a0 \u00a0 \u00a0 \u00a0ha sido recurrentemente recordado por esta Sala, la acci\u00f3n \u00a0 \u00a0 \u00a0 \u00a0 \u00a0 \u00a0 \u00a0 \u00a0 \u00a0constitucional de tutela es un mecanismo de protecci\u00f3n \u00a0 \u00a0 \u00a0 \u00a0 \u00a0 \u00a0 \u00a0 \u00a0 \u00a0excepcional frente a providencias judiciales, su prosperidad va \u00a0 \u00a0 \u00a0 \u00a0 \u00a0 \u00a0 \u00a0 \u00a0 \u00a0ligada al cumplimiento de estrictos requisitos \u00a0 \u00a0 \u00a0 \u00a0 \u00a0 \u00a0 \u00a0 \u00a0 \u00a0de \u00a0 \u00a0 \u00a0 \u00a0 \u00a0 \u00a0 \u00a0 \u00a0 \u00a0procedibilidad que implican una carga para el accionante, tanto en \u00a0 \u00a0 \u00a0 \u00a0 \u00a0 \u00a0 \u00a0 \u00a0 \u00a0su planteamiento como en su demostraci\u00f3n, como lo ha \u00a0 \u00a0 \u00a0 \u00a0 \u00a0 \u00a0 \u00a0 \u00a0 \u00a0expuesto la propia Corte Constitucional.2 \u00a0 \u00a0<\/p>\n<p>Por este motivo, y \u00a0como ha sido desarrollado por la jurisprudencia constitucional, la \u00a0acci\u00f3n de tutela contra providencias judiciales exige: \u00a0<\/p>\n<p>a. Que la cuesti\u00f3n \u00a0que se discuta resulte de evidente relevancia constitucional. \u00a0<\/p>\n<p>b. \u00a0Que hayan sido agotados todos los medios -ordinarios y \u00a0extraordinarios- de defensa judicial al alcance de la persona \u00a0afectada, salvo que se trate de evitar la consumaci\u00f3n de un \u00a0perjuicio iusfundamental \u00a0irremediable. \u00a0<\/p>\n<p>c. Que se cumpla \u00a0el requisito de la inmediatez, es decir, que la tutela se hubiere \u00a0interpuesto en un t\u00e9rmino razonable y proporcionado a partir \u00a0del hecho que origin\u00f3 la vulneraci\u00f3n. \u00a0<\/p>\n<p>d. Cuando se trate \u00a0de una irregularidad procesal, debe quedar claro que la misma tiene \u00a0un efecto decisivo o determinante en la sentencia que se impugna y \u00a0que ata\u00f1e a los derechos fundamentales del accionante. \u00a0<\/p>\n<p>e. Que el \u00a0accionante identifique de manera razonable tanto los hechos que \u00a0generaron la vulneraci\u00f3n como los derechos vulnerados y que \u00a0hubiere alegado tal vulneraci\u00f3n en el proceso judicial, \u00a0siempre que esto hubiere sido posible. \u00a0<\/p>\n<p>f. Que la decisi\u00f3n \u00a0judicial contra la cual se formula la acci\u00f3n de tutela no se \u00a0corresponda con sentencias de tutela. \u00a0<\/p>\n<p>Los \u00a0anteriores requisitos, no pueden quedarse en meros enunciados, pues \u00a0han sido reiterados por la Corte Constitucional, primero en la \u00a0sentencia C-590 \u00a0de 2005, luego en las decisiones T-332, T-212 y T-780 de 2006, \u00a0reforzando lo dicho en la primera de las mencionadas providencias, en \u00a0el sentido que, cuando se trata \u00a0de acciones de tutela contra providencias judiciales, las mismas solo \u00a0pueden tener cabida \u00ab\u2026si \u00a0se cumplen ciertos y rigurosos requisitos de procedibilidad. Dentro \u00a0de estos pueden distinguirse unos de car\u00e1cter general, que \u00a0habilitan la interposici\u00f3n de la tutela, y otros de car\u00e1cter \u00a0espec\u00edfico, que tocan con la procedencia misma del amparo, una \u00a0vez interpuesta\u00bb \u00a0(Textual). \u00a0<\/p>\n<p>En punto de las \u00a0exigencias espec\u00edficas, como fue recogido en la sentencia \u00a0C-590 de 2005, han sido establecidas las que a continuaci\u00f3n se \u00a0relacionan: \u00a0<\/p>\n<p>a. \u00a0 \u00a0 \u00a0 \u00a0Defecto org\u00e1nico, \u00a0que se presenta cuando el funcionario judicial que profiri\u00f3 la \u00a0providencia impugnada carece absolutamente de competencia para ello. \u00a0 \u00a0 \u00a0 \u00a0 \u00a0 \u00a0<\/p>\n<p>2. Defecto procedimental absoluto, que se origina cuando el juez actu\u00f3 \u00a0 \u00a0 \u00a0 \u00a0 \u00a0completamente al margen del procedimiento establecido.<\/p>\n<p>3. Defecto f\u00e1ctico, el cual surge cuando el juez carece del \u00a0 \u00a0 \u00a0 \u00a0 \u00a0apoyo probatorio que permita la aplicaci\u00f3n del supuesto legal \u00a0 \u00a0 \u00a0 \u00a0 \u00a0en el que se sustenta la decisi\u00f3n.<\/p>\n<p>4. Defecto \u00a0 \u00a0 \u00a0 \u00a0 \u00a0material o sustantivo, como son los casos en que se decide con base \u00a0 \u00a0 \u00a0 \u00a0 \u00a0en normas inexistentes o inconstitucionales3 \u00a0 \u00a0 \u00a0 \u00a0 \u00a0o que presentan una evidente y grosera contradicci\u00f3n entre \u00a0 \u00a0 \u00a0 \u00a0 \u00a0los fundamentos y la decisi\u00f3n;<\/p>\n<p>5. Error inducido, el cual surge cuando el juez o tribunal fue v\u00edctima \u00a0 \u00a0 \u00a0 \u00a0 \u00a0de un enga\u00f1o por parte de terceros y ese enga\u00f1o lo \u00a0 \u00a0 \u00a0 \u00a0 \u00a0condujo a la toma de una decisi\u00f3n que afecta derechos \u00a0 \u00a0 \u00a0 \u00a0 \u00a0fundamentales.<\/p>\n<p>6. Decisi\u00f3n \u00a0 \u00a0 \u00a0 \u00a0 \u00a0sin motivaci\u00f3n, \u00a0 \u00a0 \u00a0 \u00a0 \u00a0que implica el incumplimiento de los funcionarios judiciales de \u00a0 \u00a0 \u00a0 \u00a0 \u00a0explicitar los fundamentos f\u00e1cticos y jur\u00eddicos de sus \u00a0 \u00a0 \u00a0 \u00a0 \u00a0decisiones, en el entendido que precisamente en esa motivaci\u00f3n \u00a0 \u00a0 \u00a0 \u00a0 \u00a0reposa la legitimidad de su \u00f3rbita funcional.<\/p>\n<p>7. Desconocimiento \u00a0 \u00a0 \u00a0 \u00a0 \u00a0del precedente, hip\u00f3tesis que se presenta, por ejemplo, \u00a0 \u00a0 \u00a0 \u00a0 \u00a0cuando la Corte Constitucional establece el alcance de un derecho \u00a0 \u00a0 \u00a0 \u00a0 \u00a0fundamental y el juez ordinario aplica una ley limitando \u00a0 \u00a0 \u00a0 \u00a0 \u00a0sustancialmente dicho alcance. En estos casos la tutela procede como \u00a0 \u00a0 \u00a0 \u00a0 \u00a0mecanismo para garantizar la eficacia jur\u00eddica del contenido \u00a0 \u00a0 \u00a0 \u00a0 \u00a0constitucionalmente vinculante del derecho fundamental vulnerado \u00a0 \u00a0 \u00a0 \u00a0 \u00a0[4].<\/p>\n<p>8. Violaci\u00f3n directa de la Constituci\u00f3n. \u00a0 \u00a0 \u00a0 \u00a0 \u00a0(Textual). \u00a0<\/p>\n<p>Queda \u00a0entonces claro que en \u00a0atenci\u00f3n a la fuerza normativa de la cosa juzgada y al respeto \u00a0de la autonom\u00eda judicial, la acci\u00f3n consagrada en el \u00a0art\u00edculo 86 de la Constituci\u00f3n Nacional, cuando se \u00a0dirige a cuestionar una decisi\u00f3n judicial, tiene car\u00e1cter \u00a0excepcional, y su prosperidad est\u00e1 atada a que se cumplan los \u00a0requisitos de procedibilidad anteriormente enunciados. De manera que \u00a0quien acude a ella tiene la carga no s\u00f3lo respecto de su \u00a0planteamiento, sino de su demostraci\u00f3n. \u00a0<\/p>\n<p>\u00a0 \u00a0\u00a0 \u00a0 \u00a0 \u00a0 \u00a0<\/p>\n<p>4. An\u00e1lisis \u00a0 \u00a0 \u00a0 \u00a0 \u00a0del caso concreto \u00a0<\/p>\n<p>\u00a0 \u00a0\u00a0 \u00a0 \u00a0 \u00a0 \u00a0 \u00a0 \u00a0 \u00a0 \u00a0 \u00a0 \u00a0 \u00a0 \u00a0 \u00a0<\/p>\n<p>1. En \u00a0 \u00a0 \u00a0 \u00a0 \u00a0 \u00a0 \u00a0 \u00a0 \u00a0el presente caso, \u00a0 \u00a0 \u00a0 \u00a0 \u00a0 \u00a0 \u00a0 \u00a0 \u00a0seg\u00fan se extracta del l\u00edbelo introductor, se tiene \u00a0 \u00a0 \u00a0 \u00a0 \u00a0 \u00a0 \u00a0 \u00a0 \u00a0que la parte actora no indic\u00f3 el defecto del cual adolece la \u00a0 \u00a0 \u00a0 \u00a0 \u00a0 \u00a0 \u00a0 \u00a0 \u00a0providencia judicial que aqu\u00ed cuestiona, tan solo se\u00f1al\u00f3 \u00a0 \u00a0 \u00a0 \u00a0 \u00a0 \u00a0 \u00a0 \u00a0 \u00a0que la vulneraci\u00f3n de los derechos fundamentales invocados \u00a0 \u00a0 \u00a0 \u00a0 \u00a0 \u00a0 \u00a0 \u00a0 \u00a0deviene de la negativa del juzgado accionado de reconocer su \u00a0 \u00a0 \u00a0 \u00a0 \u00a0 \u00a0 \u00a0 \u00a0 \u00a0libertad inmediata a la cual considera tener derecho, puesto que, \u00a0 \u00a0 \u00a0 \u00a0 \u00a0 \u00a0 \u00a0 \u00a0 \u00a0en su sentir, el delito de inasistencia alimentaria \u2013 por \u00a0 \u00a0 \u00a0 \u00a0 \u00a0 \u00a0 \u00a0 \u00a0 \u00a0el que fue condenado \u00a0 \u00a0 \u00a0 \u00a0 \u00a0 \u00a0 \u00a0 \u00a0 \u00a0&#8211; fue despenalizado. \u00a0 \u00a0<\/p>\n<p>\u00a0 \u00a0\u00a0 \u00a0 \u00a0 \u00a0 \u00a0 \u00a0 \u00a0 \u00a0 \u00a0 \u00a0 \u00a0 \u00a0 \u00a0 \u00a0<\/p>\n<p>2. En \u00a0 \u00a0 \u00a0 \u00a0 \u00a0 \u00a0 \u00a0 \u00a0 \u00a0el caso bajo examen, a partir del marco jur\u00eddico presentado \u00a0 \u00a0 \u00a0 \u00a0 \u00a0 \u00a0 \u00a0 \u00a0 \u00a0y la revisi\u00f3n de las pruebas obrantes en el plenario, \u00a0 \u00a0 \u00a0 \u00a0 \u00a0 \u00a0 \u00a0 \u00a0 \u00a0refulge con claridad para la Sala que la solicitud de amparo, no \u00a0 \u00a0 \u00a0 \u00a0 \u00a0 \u00a0 \u00a0 \u00a0 \u00a0cumple con el siguiente requisito general de procedibilidad: \u00abque \u00a0 \u00a0 \u00a0 \u00a0 \u00a0 \u00a0 \u00a0 \u00a0 \u00a0hayan sido agotados todos los medios -ordinarios y extraordinarios- \u00a0 \u00a0 \u00a0 \u00a0 \u00a0 \u00a0 \u00a0 \u00a0 \u00a0de defensa judicial al alcance de la persona afectada, salvo que se \u00a0 \u00a0 \u00a0 \u00a0 \u00a0 \u00a0 \u00a0 \u00a0 \u00a0trate de evitar la consumaci\u00f3n de un perjuicio \u00a0 \u00a0 \u00a0 \u00a0 \u00a0 \u00a0 \u00a0 \u00a0 \u00a0iusfundamental irremediable\u00bb \u00a0 \u00a0 \u00a0 \u00a0 \u00a0 \u00a0 \u00a0 \u00a0 \u00a0siendo las razones que pasan a exponerse el fundamento de la \u00a0 \u00a0 \u00a0 \u00a0 \u00a0 \u00a0 \u00a0 \u00a0 \u00a0premisa conclusiva aqu\u00ed sostenida. \u00a0 \u00a0<\/p>\n<p>\u00a0 \u00a0\u00a0 \u00a0 \u00a0 \u00a0 \u00a0 \u00a0 \u00a0 \u00a0 \u00a0 \u00a0 \u00a0 \u00a0 \u00a0 \u00a0<\/p>\n<p>3. En \u00a0 \u00a0 \u00a0 \u00a0 \u00a0 \u00a0 \u00a0 \u00a0 \u00a0relaci\u00f3n con lo anterior, conforme \u00a0 \u00a0 \u00a0 \u00a0 \u00a0 \u00a0 \u00a0 \u00a0 \u00a0a la literalidad del inciso 4\u00ba del art\u00edculo 86 \u00a0 \u00a0 \u00a0 \u00a0 \u00a0 \u00a0 \u00a0 \u00a0 \u00a0constitucional, la acci\u00f3n de tutela comporta un car\u00e1cter \u00a0 \u00a0 \u00a0 \u00a0 \u00a0 \u00a0 \u00a0 \u00a0 \u00a0subsidiario o residual consistente en que \u201cEsta \u00a0 \u00a0 \u00a0 \u00a0 \u00a0 \u00a0 \u00a0 \u00a0 \u00a0acci\u00f3n solo proceder\u00e1 cuando el afectado no disponga \u00a0 \u00a0 \u00a0 \u00a0 \u00a0 \u00a0 \u00a0 \u00a0 \u00a0de otro medio de defensa judicial, salvo que aquella se utilice \u00a0 \u00a0 \u00a0 \u00a0 \u00a0 \u00a0 \u00a0 \u00a0 \u00a0como mecanismo transitorio para evitar un perjuicio irremediable.\u201d, \u00a0 \u00a0 \u00a0 \u00a0 \u00a0 \u00a0 \u00a0 \u00a0 \u00a0por \u00a0 \u00a0 \u00a0 \u00a0 \u00a0 \u00a0 \u00a0 \u00a0 \u00a0tanto, en caso de no satisfacerse tal par\u00e1metro de \u00a0 \u00a0 \u00a0 \u00a0 \u00a0 \u00a0 \u00a0 \u00a0 \u00a0procedibilidad la acci\u00f3n tuitiva se torna improcedente al \u00a0 \u00a0 \u00a0 \u00a0 \u00a0 \u00a0 \u00a0 \u00a0 \u00a0tenor de lo previsto en el numeral 1\u00ba del art\u00edculo 6\u00ba \u00a0 \u00a0 \u00a0 \u00a0 \u00a0 \u00a0 \u00a0 \u00a0 \u00a0del Decreto 2591 de 1991 (CC \u00a0 \u00a0 \u00a0 \u00a0 \u00a0 \u00a0 \u00a0 \u00a0 \u00a0T-282 de 2012). \u00a0 \u00a0<\/p>\n<p>En \u00a0ese orden de ideas, resulta pertinente recordar que acorde con la \u00a0jurisprudencia nacional el aludido principio envuelve tres \u00a0caracter\u00edsticas importantes que llevan a su improcedencia \u00a0contra providencias judiciales, a saber: \u00ab(i) \u00a0el asunto est\u00e1 en tr\u00e1mite; (ii) no se han agotado los \u00a0medios de defensa judicial ordinarios y extraordinarios; y (iii) se \u00a0usa para revivir etapas procesales en donde se dejaron de emplear los \u00a0recursos previstos en el ordenamiento jur\u00eddico\u00bb \u00a0(C.C.S.T-103\/2014). \u00a0<\/p>\n<p>Respecto de la \u00a0primera hip\u00f3tesis, la Corte Constitucional en sentencia T-418 \u00a0de 2003 ha dejado por sentado lo siguiente: \u00a0<\/p>\n<p>[\u2026] \u00a0Cuando el proceso no ha concluido y se pide la protecci\u00f3n del \u00a0juez constitucional para atacar providencias judiciales en tr\u00e1mite \u00a0en las que se alegue una v\u00eda de hecho, por la sencilla raz\u00f3n \u00a0de que no obstante la posible irregularidad que se hubiere presentado \u00a0en el tr\u00e1mite del proceso correspondiente, al no estar \u00a0culminada la actuaci\u00f3n, existen normas en el procedimiento \u00a0para que el afectado alegue oportunamente estas deficiencias, bien \u00a0sea, pidiendo nulidades, interponiendo recursos, interviniendo en el \u00a0proceso, todo con el fin de defender sus derechos. Es decir, la \u00a0improcedencia de la acci\u00f3n de tutela, en estos casos, radica \u00a0en la existencia de otro medio de defensa judicial, dentro del propio \u00a0proceso. De all\u00ed que la Corte ha se\u00f1alado que no toda \u00a0irregularidad en el tr\u00e1mite de un proceso constituye una v\u00eda \u00a0de hecho amparable a trav\u00e9s de esta acci\u00f3n. En la \u00a0sentencia T-296 de 2000 se dijo: \u00a0<\/p>\n<p>\u00abPara \u00a0analizar cada uno de estos puntos, se tomar\u00e1 como par\u00e1metro \u00a0la jurisprudencia de la Corte Constitucional sobre la v\u00eda de \u00a0hecho. Esta Corporaci\u00f3n ha se\u00f1alado que cuando en la \u00a0acci\u00f3n de tutela se alega tal situaci\u00f3n en relaci\u00f3n \u00a0con las distintas etapas de un proceso, o en la propia sentencia, la \u00a0intervenci\u00f3n del juez de tutela, por ser estrictamente \u00a0excepcional, debe estar encaminada a determinar si a pesar de existir \u00a0errores o faltas en los procesos, \u00e9stos pueden ser corregidos \u00a0en el propio proceso, a trav\u00e9s de los distintos mecanismos que \u00a0prev\u00e9 la ley. Es decir, si para su correcci\u00f3n se pueden \u00a0proponer recursos, pedir nulidades, etc. \u00a0<\/p>\n<p>En \u00a0otras palabras, no toda irregularidad en el tr\u00e1mite de un \u00a0proceso, o en la sentencia misma, constituye una v\u00eda de hecho \u00a0amparable a trav\u00e9s de la acci\u00f3n de tutela. Este rigor \u00a0para conceder la acci\u00f3n de tutela cuando se alegan v\u00edas \u00a0de hecho, obedece al debido entendimiento del art\u00edculo 86 de \u00a0la Constituci\u00f3n, en cuanto al car\u00e1cter excepcional de \u00a0la acci\u00f3n de tutela, su procedencia Penalmente cuando no \u00a0exista para el afectado otro medio de defensa judicial y por el \u00a0respeto por la cosa juzgada por parte del juez constitucional\u00bb. \u00a0<\/p>\n<p>De esta manera, \u00a0valga anotar que el mentado car\u00e1cter no puede ser concebido \u00a0\u00fanicamente como un requisito formal o procesal, sino que se \u00a0consagra como una verdadera garant\u00eda constitucional dirigida a \u00a0preservar la armon\u00eda del ordenamiento jur\u00eddico, habida \u00a0cuenta que previene que la acci\u00f3n de tutela i) supla o \u00a0reemplace los legalmente concebidos, ii) se desnaturalice ante el uso \u00a0indiscriminado y caprichoso de los ciudadanos, iii) se convierta en \u00a0medio alternativo o facultativo que complemente los mecanismos \u00a0judiciales ordinarios de defensa, en aras de obtener un \u00a0pronunciamiento m\u00e1s \u00e1gil y expedito (CC T \u2013 471 \u00a0de 2017). \u00a0<\/p>\n<p>\u00a0 \u00a0\u00a0 \u00a0 \u00a0 \u00a0 \u00a0 \u00a0 \u00a0 \u00a0 \u00a0 \u00a0 \u00a0 \u00a0 \u00a0 \u00a0<\/p>\n<p>4. Bajo \u00a0 \u00a0 \u00a0 \u00a0 \u00a0 \u00a0 \u00a0 \u00a0 \u00a0tales derroteros, descendiendo al sub \u00a0 \u00a0 \u00a0 \u00a0 \u00a0 \u00a0 \u00a0 \u00a0 \u00a0lite, revisado el \u00a0 \u00a0 \u00a0 \u00a0 \u00a0 \u00a0 \u00a0 \u00a0 \u00a0sistema de consulta web de la rama judicial, \u00a0 \u00a0 \u00a0 \u00a0 \u00a0 \u00a0 \u00a0 \u00a0 \u00a0se \u00a0 \u00a0 \u00a0 \u00a0 \u00a0 \u00a0 \u00a0 \u00a0 \u00a0encuentra demostrado que \u00a0 \u00a0 \u00a0 \u00a0 \u00a0 \u00a0 \u00a0 \u00a0 \u00a0contra la providencia judicial aqu\u00ed cuestionada el \u00a0 \u00a0 \u00a0 \u00a0 \u00a0 \u00a0 \u00a0 \u00a0 \u00a0accionante interpuso recurso de apelaci\u00f3n, cuyo eje \u00a0 \u00a0 \u00a0 \u00a0 \u00a0 \u00a0 \u00a0 \u00a0 \u00a0argumentativo se sustent\u00f3 en la despenalizaci\u00f3n del \u00a0 \u00a0 \u00a0 \u00a0 \u00a0 \u00a0 \u00a0 \u00a0 \u00a0delito de inasistencia alimentaria, \u00a0 \u00a0 \u00a0 \u00a0 \u00a0 \u00a0 \u00a0 \u00a0 \u00a0sin que hasta la fecha \u00a0 \u00a0 \u00a0 \u00a0 \u00a0 \u00a0 \u00a0 \u00a0 \u00a0de presentaci\u00f3n de la s\u00faplica constitucional se \u00a0 \u00a0 \u00a0 \u00a0 \u00a0 \u00a0 \u00a0 \u00a0 \u00a0hubiese decidido tal postulaci\u00f3n por la autoridad \u00a0 \u00a0 \u00a0 \u00a0 \u00a0 \u00a0 \u00a0 \u00a0 \u00a0competente, comoquiera que el mismo fue concedido hasta el 3 de \u00a0 \u00a0 \u00a0 \u00a0 \u00a0 \u00a0 \u00a0 \u00a0 \u00a0enero del presente a\u00f1o. \u00a0 \u00a0<\/p>\n<p>Por \u00a0consiguiente, la Sala percibe que el \u00a0asunto aqu\u00ed cuestionado est\u00e1 \u00a0en curso, por cuanto \u00a0el tr\u00e1mite que se \u00a0adelanta en virtud de la fase de la ejecuci\u00f3n de la pena a\u00fan \u00a0no ha llegado a la conclusi\u00f3n definitiva, es decir, no se ha \u00a0producido el agotamiento de la actuaci\u00f3n ante el juez natural \u00a0y ordinario, motivo por el cual, la parte actora debe esperar a que \u00a0se adopte la determinaci\u00f3n que corresponda, puesto que en \u00a0dicho escenario el juez de segundo grado puede adoptar los \u00a0correctivos necesarios para la salvaguarda de las garant\u00edas \u00a0sustanciales. \u00a0<\/p>\n<p>En \u00a0ese orden de ideas, el proceso ordinario es el escenario propicio \u00a0donde el demandante deber\u00e1 dirigir sus esfuerzos para lograr \u00a0la revocatoria de la tesis que aqu\u00ed considera como irregular y \u00a0presuntamente desconocedora de las garant\u00edas fundamentales \u00a0reclamadas y esperar la adopci\u00f3n de los correctivos necesarios \u00a0para conjurar el dislate por parte del superior funcional, en caso de \u00a0encontrar configurada la trasgresi\u00f3n, ya que el mismo \u00a0ordenamiento procesal penal consagra las herramientas jur\u00eddicas \u00a0id\u00f3neas para cuestionar y subsanar los yerros de los cuales \u00a0adolezcan las providencias judiciales que se dicten en el curso del \u00a0proceso. \u00a0<\/p>\n<p>As\u00ed \u00a0que, no podr\u00eda el \u00a0juez constitucional entrometerse en los asuntos que son propios del \u00a0juez natural, pues de lo contrario, se desbordar\u00edan los \u00a0principios de subsidiariedad y residualidad que rigen este tr\u00e1mite \u00a0constitucional tan exclusivo. \u00a0<\/p>\n<p>De \u00a0all\u00ed que no sea posible entrar a se\u00f1alar si es \u00a0procedente o no dejar sin efectos la decisi\u00f3n censurada, para \u00a0en su lugar abrogarse competencias propias de la justicia ordinaria, \u00a0pues, se reitera, de ser ello as\u00ed el juez constitucional se \u00a0inmiscuir\u00eda indebidamente en un asunto de competencia de los \u00a0funcionarios ordinarios, al interior del cual, como se indic\u00f3, \u00a0existen otros medios de defensa aptos para garantizar la protecci\u00f3n \u00a0solicitada, \u00a0ya que de admitirse una postura contraria, equivaldr\u00eda a \u00a0permitir, como regla general, que \u00a0el juez de tutela verifique la juridicidad de los tr\u00e1mites o \u00a0el acierto en la interpretaci\u00f3n de las normas jur\u00eddicas \u00a0o de las pruebas por los funcionarios de instancia para efectos de la \u00a0toma de decisiones o adopte decisiones sobre temas que no han sido \u00a0definidos por el \u00f3rgano competente, lo cual conllevar\u00eda \u00a0a desconocer los principios que disciplinan la actividad de los \u00a0jueces ordinarios de independencia y sujeci\u00f3n exclusiva a la \u00a0ley, previstos en los art\u00edculos 228 y 230 de la Carta \u00a0Pol\u00edtica, sino adem\u00e1s los del juez natural, y las \u00a0formas propias del juicio contenidos en el art\u00edculo 29 \u00a0superior. \u00a0<\/p>\n<p>En \u00a0consecuencia, al existir \u00a0un escenario natural de discusi\u00f3n sobre el asunto sometido al \u00a0conocimiento del juez constitucional, la tutela demandada se torna \u00a0improcedente, en los t\u00e9rminos previstos por el art\u00edculo \u00a06 -1 del Decreto 2591 de 1991, \u00a0m\u00e1xime \u00a0cuando no se aprecia probatoriamente la concurrencia de los \u00a0presupuestos establecidos por la doctrina constitucional para la \u00a0configuraci\u00f3n de un perjuicio irremediable, como son la \u00a0inminencia, la urgencia, la gravedad y la impostergabilidad que \u00a0haga \u00a0forzosa la intervenci\u00f3n transitoria del juez constitucional. \u00a0<\/p>\n<p>\u00a0 \u00a0\u00a0 \u00a0 \u00a0 \u00a0 \u00a0 \u00a0 \u00a0 \u00a0 \u00a0 \u00a0 \u00a0 \u00a0 \u00a0 \u00a0<\/p>\n<p>5. Como \u00a0 \u00a0 \u00a0 \u00a0 \u00a0 \u00a0 \u00a0 \u00a0 \u00a0colof\u00f3n, al constatar la Sala que la presente solicitud de \u00a0 \u00a0 \u00a0 \u00a0 \u00a0 \u00a0 \u00a0 \u00a0 \u00a0amparo no cumple con el requisito general de subsidiariedad, \u00a0 \u00a0 \u00a0 \u00a0 \u00a0 \u00a0 \u00a0 \u00a0 \u00a0dicha situaci\u00f3n \u00a0 \u00a0 \u00a0 \u00a0 \u00a0 \u00a0 \u00a0 \u00a0 \u00a0jur\u00eddica impide que se estudie de fondo la presencia o \u00a0 \u00a0 \u00a0 \u00a0 \u00a0 \u00a0 \u00a0 \u00a0 \u00a0configuraci\u00f3n de alguna de las causales espec\u00edficas \u00a0 \u00a0 \u00a0 \u00a0 \u00a0 \u00a0 \u00a0 \u00a0 \u00a0de procedibilidad de la acci\u00f3n tuitiva contra providencias \u00a0 \u00a0 \u00a0 \u00a0 \u00a0 \u00a0 \u00a0 \u00a0 \u00a0judiciales, como a bien lo ha sostenido la jurisprudencia \u00a0 \u00a0 \u00a0 \u00a0 \u00a0 \u00a0 \u00a0 \u00a0 \u00a0constitucional bajo la siguiente f\u00f3rmula \u00abLas \u00a0 \u00a0 \u00a0 \u00a0 \u00a0 \u00a0 \u00a0 \u00a0 \u00a0condiciones generales de procedencia son aquellas cuya ocurrencia \u00a0 \u00a0 \u00a0 \u00a0 \u00a0 \u00a0 \u00a0 \u00a0 \u00a0habilita al juez de tutela para adentrarse en el contenido de la \u00a0 \u00a0 \u00a0 \u00a0 \u00a0 \u00a0 \u00a0 \u00a0 \u00a0providencia judicial que se impugna. Dicho de otro modo, son las \u00a0 \u00a0 \u00a0 \u00a0 \u00a0 \u00a0 \u00a0 \u00a0 \u00a0condiciones\u00a0sine \u00a0 \u00a0 \u00a0 \u00a0 \u00a0 \u00a0 \u00a0 \u00a0 \u00a0quibus non\u00a0es \u00a0 \u00a0 \u00a0 \u00a0 \u00a0 \u00a0 \u00a0 \u00a0 \u00a0posible abordar el estudio de la providencia judicial impugnada\u00bb \u00a0 \u00a0 \u00a0 \u00a0 \u00a0 \u00a0 \u00a0 \u00a0 \u00a0(CC \u00a0 \u00a0 \u00a0 \u00a0 \u00a0 \u00a0 \u00a0 \u00a0 \u00a0T-012 de 2018), \u00a0 \u00a0 \u00a0 \u00a0 \u00a0 \u00a0 \u00a0 \u00a0 \u00a0por \u00a0 \u00a0 \u00a0 \u00a0 \u00a0 \u00a0 \u00a0 \u00a0 \u00a0tanto, las pretensiones elevadas en este resguardo constitucional \u00a0 \u00a0 \u00a0 \u00a0 \u00a0 \u00a0 \u00a0 \u00a0 \u00a0devienen improcedentes. \u00a0 \u00a0<\/p>\n<p>Sin \u00a0m\u00e1s consideraciones, la Sala confirmar\u00e1 el fallo \u00a0impugnado. \u00a0<\/p>\n<p>Por \u00a0lo expuesto, la \u00a0CORTE SUPREMA DE JUSTICIA, SALA DE CASACI\u00d3N PENAL \u2013 SALA \u00a0DE DECISI\u00d3N DE ACCIONES DE TUTELA N\u00ba 1, \u00a0administrando \u00a0justicia en nombre de la Rep\u00fablica y por autoridad de la Ley, \u00a0<\/p>\n<p>RESUELVE \u00a0<\/p>\n<p>1\u00ba \u00a0CONFIRMAR \u00a0la sentencia proferida el \u00a014 de enero de 2020 por \u00a0la Sala \u00a0Penal del Tribunal Superior del Distrito Judicial de Bogot\u00e1, \u00a0por las razones \u00a0expuestas en la parte considerativa de esta providencia. \u00a0<\/p>\n<p>2\u00ba \u00a0NOTIFICAR \u00a0esta providencia de conformidad con lo dispuesto en el art\u00edculo \u00a030 del Decreto 2591 de 1991. \u00a0<\/p>\n<p>3\u00ba \u00a0REMITIR el proceso a \u00a0la Corte Constitucional para su eventual revisi\u00f3n, de \u00a0conformidad con lo previsto en el art\u00edculo 32 ib\u00eddem. \u00a0<\/p>\n<p>NOTIF\u00cdQUESE \u00a0Y C\u00daMPLASE \u00a0<\/p>\n<p>JOS\u00c9 \u00a0FRANCISCO ACU\u00d1A VIZCAYA \u00a0<\/p>\n<p>EUGENIO \u00a0FERN\u00c1NDEZ CARLIER \u00a0<\/p>\n<p>NUBIA YOLANDA \u00a0NOVA GARC\u00cdA \u00a0<\/p>\n<p>Secretaria \u00a0<\/p>\n<p>1 \u00a0 \u00a0 \u00a0 \u00a0 \u00a0Folio \u00a0 \u00a0 \u00a0 \u00a0 \u00a047, cuaderno de primera instancia. \u00a0<\/p>\n<p>2 \u00a0 \u00a0 \u00a0 \u00a0 \u00a0Cfr. Corte \u00a0 \u00a0 \u00a0 \u00a0 \u00a0Constitucional. Sentencias C-590 de 2005 y T-332 de 2006. \u00a0<\/p>\n<p>3 \u00a0 \u00a0 \u00a0 \u00a0 \u00a0\u00cddem. Sentencia T-522 de 2001. \u00a0<\/p>\n<p>4 \u00a0 \u00a0 \u00a0 \u00a0 \u00a0\u00ab Cfr. Sentencias T-462 de 2003 ; SU-1184 de 2001 ; T-1625 de \u00a0 \u00a0 \u00a0 \u00a0 \u00a02000 y T-1031 de 2001. \u00bb \u00a0<\/p>\n<p>\u00a0 \u00a0 \u00a0\u00a0<\/p>\n<p><\/p>\n","protected":false},"excerpt":{"rendered":"<p>\u00a0 \u00a0 \u00a0 \u00a0\u00a0 JOS\u00c9 \u00a0FRANCISCO ACU\u00d1A VIZCAYA \u00a0 Magistrado \u00a0Ponente \u00a0 STP1554 \u00a0&#8211; 2020 \u00a0 Radicaci\u00f3n \u00a0No. 108995 \u00a0 (Aprobado \u00a0Acta No. 37) \u00a0 Bogot\u00e1 \u00a0D.C., dieciocho (18) de febrero de dos mil veinte (2020) \u00a0 Decide \u00a0la Sala el recurso de impugnaci\u00f3n interpuesto por Oscar \u00a0Alexander Mora Hern\u00e1ndez contra \u00a0el fallo de tutela [&hellip;]<\/p>\n","protected":false},"author":1,"featured_media":0,"comment_status":"open","ping_status":"open","sticky":false,"template":"","format":"standard","meta":{"footnotes":""},"categories":[29],"tags":[],"class_list":["post-51338","post","type-post","status-publish","format-standard","hentry","category-29"],"_links":{"self":[{"href":"https:\/\/dmsjuridica.com\/buscador_20179478954\/salapenalcronologico20230723\/wp-json\/wp\/v2\/posts\/51338","targetHints":{"allow":["GET"]}}],"collection":[{"href":"https:\/\/dmsjuridica.com\/buscador_20179478954\/salapenalcronologico20230723\/wp-json\/wp\/v2\/posts"}],"about":[{"href":"https:\/\/dmsjuridica.com\/buscador_20179478954\/salapenalcronologico20230723\/wp-json\/wp\/v2\/types\/post"}],"author":[{"embeddable":true,"href":"https:\/\/dmsjuridica.com\/buscador_20179478954\/salapenalcronologico20230723\/wp-json\/wp\/v2\/users\/1"}],"replies":[{"embeddable":true,"href":"https:\/\/dmsjuridica.com\/buscador_20179478954\/salapenalcronologico20230723\/wp-json\/wp\/v2\/comments?post=51338"}],"version-history":[{"count":0,"href":"https:\/\/dmsjuridica.com\/buscador_20179478954\/salapenalcronologico20230723\/wp-json\/wp\/v2\/posts\/51338\/revisions"}],"wp:attachment":[{"href":"https:\/\/dmsjuridica.com\/buscador_20179478954\/salapenalcronologico20230723\/wp-json\/wp\/v2\/media?parent=51338"}],"wp:term":[{"taxonomy":"category","embeddable":true,"href":"https:\/\/dmsjuridica.com\/buscador_20179478954\/salapenalcronologico20230723\/wp-json\/wp\/v2\/categories?post=51338"},{"taxonomy":"post_tag","embeddable":true,"href":"https:\/\/dmsjuridica.com\/buscador_20179478954\/salapenalcronologico20230723\/wp-json\/wp\/v2\/tags?post=51338"}],"curies":[{"name":"wp","href":"https:\/\/api.w.org\/{rel}","templated":true}]}}