{"id":51248,"date":"2023-09-15T20:51:46","date_gmt":"2023-09-15T20:51:46","guid":{"rendered":"https:\/\/dmsjuridica.com\/buscador_20179478954\/salapenalcronologico20230723\/2023\/09\/15\/stp1246-2020\/"},"modified":"2023-09-15T20:51:46","modified_gmt":"2023-09-15T20:51:46","slug":"stp1246-2020","status":"publish","type":"post","link":"https:\/\/dmsjuridica.com\/buscador_20179478954\/salapenalcronologico20230723\/2023\/09\/15\/stp1246-2020\/","title":{"rendered":"STP1246-2020"},"content":{"rendered":"\n<p>\u00a0 \u00a0 \u00a0 \u00a0\u00a0<\/p>\n<p>JOS\u00c9 \u00a0FRANCISCO ACU\u00d1A VIZCAYA \u00a0<\/p>\n<p>Magistrado \u00a0Ponente \u00a0<\/p>\n<p>STP1246 \u00a0&#8211; 2020 \u00a0<\/p>\n<p>Radicaci\u00f3n \u00a0n.\u00b0 108836 \u00a0<\/p>\n<p>(Aprobaci\u00f3n \u00a0Acta No. 21) \u00a0<\/p>\n<p>Bogot\u00e1 D.C., cuatro (04) de \u00a0febrero de dos mil veinte (2020) \u00a0<\/p>\n<p>VISTOS \u00a0<\/p>\n<p>Resuelve la Sala de Casaci\u00f3n \u00a0Penal de la Corte Suprema de Justicia, Sala de Decisi\u00f3n de \u00a0Tutelas, la acci\u00f3n interpuesta por Mauricio Andr\u00e9s \u00a0Hincapi\u00e9 Arango contra la Sala Penal del Tribunal Superior del \u00a0Distrito Judicial de la ciudad de Bogot\u00e1 por la presunta \u00a0vulneraci\u00f3n de los derechos al debido proceso, acceso a la \u00a0administraci\u00f3n de justicia y principio de favorabilidad. \u00a0<\/p>\n<p>Fueron vinculados como terceros con \u00a0inter\u00e9s leg\u00edtimo en el asunto el Juzgado Veintis\u00e9is \u00a0de Ejecuci\u00f3n de Penas y Medidas de Seguridad de Bogot\u00e1, \u00a0el Complejo Penitenciario y Carcelario de Bogot\u00e1 \u2013 COMEB \u00a0PICOTA \u2013 y las dem\u00e1s partes, autoridades e \u00a0intervinientes en el proceso penal de radicado 190016000703200800074. \u00a0<\/p>\n<p>ANTECEDENTES \u00a0<\/p>\n<p>Y \u00a0<\/p>\n<p>FUNDAMENTOS \u00a0DE LA ACCI\u00d3N \u00a0<\/p>\n<p>A partir de la solicitud de amparo se \u00a0extraen los siguientes hechos: \u00a0<\/p>\n<p>\u00a0 \u00a0\u00a0 \u00a0 \u00a0 \u00a0 \u00a0<\/p>\n<p>1. Se\u00f1al\u00f3 el \u00a0 \u00a0 \u00a0 \u00a0 \u00a0libelista que el Tribunal accionado mediante prove\u00eddo del 10 \u00a0 \u00a0 \u00a0 \u00a0 \u00a0de diciembre de 2019 confirm\u00f3 el auto del 12 de agosto del \u00a0 \u00a0 \u00a0 \u00a0 \u00a0mismo a\u00f1o proferido por el Juzgado Veintis\u00e9is de \u00a0 \u00a0 \u00a0 \u00a0 \u00a0Ejecuci\u00f3n de Penas y Medidas de Seguridad de Bogot\u00e1, \u00a0 \u00a0 \u00a0 \u00a0 \u00a0por el cual neg\u00f3 la solicitud de libertad por pena cumplida \u00a0 \u00a0 \u00a0 \u00a0 \u00a0elevada. \u00a0<\/p>\n<p>\u00a0 \u00a0\u00a0 \u00a0 \u00a0 \u00a0 \u00a0<\/p>\n<p>2. Expres\u00f3 el demandante \u00a0 \u00a0 \u00a0 \u00a0 \u00a0que el anterior pronunciamiento judicial desconoce los derechos \u00a0 \u00a0 \u00a0 \u00a0 \u00a0fundamentales invocados, por cuanto, en su sentir \u00absolicite \u00a0 \u00a0 \u00a0 \u00a0 \u00a0me confirmara que como pague mi condena como pena cumplida, la hora \u00a0 \u00a0 \u00a0 \u00a0 \u00a0de salida de la carcel (sic) a la calle debe ser la misma hora de \u00a0 \u00a0 \u00a0 \u00a0 \u00a0captura y esta fue a las 7 am de el 25 de julio de 2008, siembargo \u00a0 \u00a0 \u00a0 \u00a0 \u00a0(sic) ni el juez de ejecuci\u00f3n ni el magistrado de el tribunal \u00a0 \u00a0 \u00a0 \u00a0 \u00a0opino nada sobre el asunto. La segunda fall es la no notificacion \u00a0 \u00a0 \u00a0 \u00a0 \u00a0(sic) del resultado del recurso de apelacion (sic) de el Tribunal \u00a0 \u00a0 \u00a0 \u00a0 \u00a0Superior de Bogota (sic) al Juez de Ejecucion (sic) de penas #26 de \u00a0 \u00a0 \u00a0 \u00a0 \u00a0Bogota, para que quede aclaradas las dudas\u00bb. \u00a0<\/p>\n<p>\u00a0 \u00a0\u00a0 \u00a0 \u00a0 \u00a0 \u00a0<\/p>\n<p>3. Bajo ese marco f\u00e1ctico, \u00a0 \u00a0 \u00a0 \u00a0 \u00a0la parte actora solicit\u00f3 que se ordene a la autoridad \u00a0 \u00a0 \u00a0 \u00a0 \u00a0judicial accionada a resolver de fondo la solicitud elevada conforme \u00a0 \u00a0 \u00a0 \u00a0 \u00a0a la ley y la jurisprudencia. \u00a0<\/p>\n<p>RESPUESTA DE LAS AUTORIDADES ACCIONADAS Y \u00a0VINCULADAS \u00a0<\/p>\n<p>\u00a0 \u00a0\u00a0 \u00a0 \u00a0 \u00a0 \u00a0<\/p>\n<p>1. Sala Penal del Tribunal \u00a0 \u00a0 \u00a0 \u00a0 \u00a0Superior del Distrito Judicial de Popay\u00e1n. Indic\u00f3 \u00a0 \u00a0 \u00a0 \u00a0 \u00a0que no ha vulnerado derecho fundamental alguno, puesto que, sus \u00a0 \u00a0 \u00a0 \u00a0 \u00a0actuaciones han sido conforme a los lineamientos legales y \u00a0 \u00a0 \u00a0 \u00a0 \u00a0jurisprudenciales, y por ello, ha emitido respuesta de fondo al \u00a0 \u00a0 \u00a0 \u00a0 \u00a0derecho de petici\u00f3n elevado por el actor tendiente a obtener \u00a0 \u00a0 \u00a0 \u00a0 \u00a0informaci\u00f3n sobre el dinero incautado dentro de la actuaci\u00f3n \u00a0 \u00a0 \u00a0 \u00a0 \u00a0penal en la que fue condenado. Adem\u00e1s, sobre el tema en \u00a0 \u00a0 \u00a0 \u00a0 \u00a0comento ya existi\u00f3 pronunciamiento en sede de tutela por esta \u00a0 \u00a0 \u00a0 \u00a0 \u00a0corporaci\u00f3n, configur\u00e1ndose la cosa juzgada \u00a0 \u00a0 \u00a0 \u00a0 \u00a0constitucional. \u00a0<\/p>\n<p>\u00a0 \u00a0\u00a0 \u00a0 \u00a0 \u00a0 \u00a0<\/p>\n<p>2. Sala Penal del Tribunal \u00a0 \u00a0 \u00a0 \u00a0 \u00a0Superior del Distrito Judicial de Bogot\u00e1. Manifest\u00f3 \u00a0 \u00a0 \u00a0 \u00a0 \u00a0que el 10 de diciembre de 2019 desat\u00f3 el recurso de alzada \u00a0 \u00a0 \u00a0 \u00a0 \u00a0impetrado por el aqu\u00ed actor contra el auto que neg\u00f3 la \u00a0 \u00a0 \u00a0 \u00a0 \u00a0libertad por pena cumplida, en el sentido de confirmar lo decidido, \u00a0 \u00a0 \u00a0 \u00a0 \u00a0habida cuenta que no ha cumplido la sanci\u00f3n penal. De igual \u00a0 \u00a0 \u00a0 \u00a0 \u00a0manera, indic\u00f3 que no encontr\u00f3 motivos para precisar \u00a0 \u00a0 \u00a0 \u00a0 \u00a0que la libertad deb\u00eda ser concedida a las 7 de la ma\u00f1ana, \u00a0 \u00a0 \u00a0 \u00a0 \u00a0ya que por el momento no es merecedor de la misma. \u00a0<\/p>\n<p>Por otra parte, ense\u00f1\u00f3 \u00a0que el 19 de diciembre del a\u00f1o inmediatamente anterior, el \u00a0accionante solicit\u00f3 aclaraci\u00f3n del auto en referencia \u00a0respecto de la hora de salida del establecimiento carcelario, la cual \u00a0fue remitida al juez ejecutor para que sea resuelta al momento de \u00a0pronunciarse sobre la libertad definitiva. \u00a0<\/p>\n<p>\u00a0 \u00a0\u00a0 \u00a0 \u00a0 \u00a0 \u00a0<\/p>\n<p>3. Juzgado Veintis\u00e9is de \u00a0 \u00a0 \u00a0 \u00a0 \u00a0Ejecuci\u00f3n de Penas y Medidas de Seguridad de Bogot\u00e1. \u00a0 \u00a0 \u00a0 \u00a0 \u00a0Luego de hacer un recuento de la actuaci\u00f3n procesal, en \u00a0 \u00a0 \u00a0 \u00a0 \u00a0cuanto a la solicitud de aclaraci\u00f3n elevada por el gestor del \u00a0 \u00a0 \u00a0 \u00a0 \u00a0amparo, remitida por el Tribunal accionado el 14 de enero de 2020, \u00a0 \u00a0 \u00a0 \u00a0 \u00a0refiri\u00f3 que no es posible determinar la hora de salida del \u00a0 \u00a0 \u00a0 \u00a0 \u00a0sentenciado del plantel carcelario, pues ello se encuentra diferido \u00a0 \u00a0 \u00a0 \u00a0 \u00a0para el momento en que se acredite el derecho a recobrar la libertad \u00a0 \u00a0 \u00a0 \u00a0 \u00a0por pena cumplida. Bajo esos t\u00e9rminos, solicit\u00f3 que la \u00a0 \u00a0 \u00a0 \u00a0 \u00a0presente acci\u00f3n sea denegada. \u00a0<\/p>\n<p>\u00a0 \u00a0\u00a0 \u00a0 \u00a0 \u00a0 \u00a0<\/p>\n<p>4. Las dem\u00e1s partes e \u00a0 \u00a0 \u00a0 \u00a0 \u00a0intervinientes dentro del presente tr\u00e1mite constitucional, \u00a0 \u00a0 \u00a0 \u00a0 \u00a0guardaron silencio. \u00a0<\/p>\n<p>CONSIDERACIONES DE LA SALA \u00a0<\/p>\n<p>\u00a0 \u00a0\u00a0 \u00a0 \u00a0 \u00a0 \u00a0<\/p>\n<p>1. De \u00a0 \u00a0 \u00a0 \u00a0 \u00a0conformidad con lo previsto en el numeral 5\u00ba del art\u00edculo \u00a0 \u00a0 \u00a0 \u00a0 \u00a02.2.3.1.2.1 del Decreto 1069 de 2015, modificado por el art\u00edculo \u00a0 \u00a0 \u00a0 \u00a0 \u00a01 del Decreto 1983 de 2017, esta Sala es \u00a0 \u00a0 \u00a0 \u00a0 \u00a0competente para resolver la acci\u00f3n de tutela interpuesta por \u00a0 \u00a0 \u00a0 \u00a0 \u00a0Mauricio Andr\u00e9s Hincapi\u00e9 Arango contra la Sala \u00a0 \u00a0 \u00a0 \u00a0 \u00a0Penal del Tribunal Superior del Distrito Judicial de la ciudad de \u00a0 \u00a0 \u00a0 \u00a0 \u00a0Bogot\u00e1, por ser su superior funcional. \u00a0<\/p>\n<p>\u00a0 \u00a0\u00a0 \u00a0 \u00a0 \u00a0 \u00a0<\/p>\n<p>2. Al \u00a0 \u00a0 \u00a0 \u00a0 \u00a0respecto, el problema jur\u00eddico que convoca a la Sala consiste \u00a0 \u00a0 \u00a0 \u00a0 \u00a0en determinar si frente a la providencia del 10 de diciembre de \u00a0 \u00a0 \u00a0 \u00a0 \u00a02019, proferida por la autoridad accionada dentro de la fase de la \u00a0 \u00a0 \u00a0 \u00a0 \u00a0ejecuci\u00f3n de la pena del proceso de radicado \u00a0 \u00a0 \u00a0 \u00a0 \u00a0190016000703200800074, por la que se \u00a0 \u00a0 \u00a0 \u00a0 \u00a0confirm\u00f3 la decisi\u00f3n, adoptada en sede de primera \u00a0 \u00a0 \u00a0 \u00a0 \u00a0instancia, de negar la postulaci\u00f3n de libertad, se \u00a0 \u00a0 \u00a0 \u00a0 \u00a0configuran los requisitos de procedibilidad de la acci\u00f3n de \u00a0 \u00a0 \u00a0 \u00a0 \u00a0tutela contra providencias judiciales y, por ende, debe concederse \u00a0 \u00a0 \u00a0 \u00a0 \u00a0el amparo invocado. \u00a0<\/p>\n<p>\u00a0 \u00a0\u00a0 \u00a0 \u00a0 \u00a0 \u00a0<\/p>\n<p>3. Requisitos \u00a0 \u00a0 \u00a0 \u00a0 \u00a0de procedibilidad de la acci\u00f3n de tutela contra decisiones \u00a0 \u00a0 \u00a0 \u00a0 \u00a0judiciales \u00a0<\/p>\n<p>\u00a0 \u00a0\u00a0 \u00a0 \u00a0 \u00a0 \u00a0 \u00a0 \u00a0 \u00a0 \u00a0 \u00a0 \u00a0 \u00a0 \u00a0 \u00a0<\/p>\n<p>1. El art\u00edculo 86 de la Constituci\u00f3n \u00a0 \u00a0 \u00a0 \u00a0 \u00a0 \u00a0 \u00a0 \u00a0 \u00a0Pol\u00edtica establece que toda persona tiene derecho a promover \u00a0 \u00a0 \u00a0 \u00a0 \u00a0 \u00a0 \u00a0 \u00a0 \u00a0acci\u00f3n de tutela ante los jueces con miras a obtener la \u00a0 \u00a0 \u00a0 \u00a0 \u00a0 \u00a0 \u00a0 \u00a0 \u00a0protecci\u00f3n inmediata de sus garant\u00edas fundamentales, \u00a0 \u00a0 \u00a0 \u00a0 \u00a0 \u00a0 \u00a0 \u00a0 \u00a0cuando por acci\u00f3n u omisi\u00f3n le sean vulnerados o \u00a0 \u00a0 \u00a0 \u00a0 \u00a0 \u00a0 \u00a0 \u00a0 \u00a0amenazados por cualquier autoridad p\u00fablica o por \u00a0 \u00a0 \u00a0 \u00a0 \u00a0 \u00a0 \u00a0 \u00a0 \u00a0particulares en los casos expresamente previstos en la ley, siempre \u00a0 \u00a0 \u00a0 \u00a0 \u00a0 \u00a0 \u00a0 \u00a0 \u00a0que no haya otro medio de defensa judicial, o existiendo, cuando la \u00a0 \u00a0 \u00a0 \u00a0 \u00a0 \u00a0 \u00a0 \u00a0 \u00a0tutela se utilice de forma transitoria para evitar la \u00a0 \u00a0 \u00a0 \u00a0 \u00a0 \u00a0 \u00a0 \u00a0 \u00a0materializaci\u00f3n de un perjuicio irremediable. \u00a0 \u00a0<\/p>\n<p>Ha precisado la Sala que las \u00a0caracter\u00edsticas de subsidiariedad y residualidad que son \u00a0predicables de la acci\u00f3n de tutela, aparejan como consecuencia \u00a0que no pueda acudirse a tal mecanismo excepcional de amparo para \u00a0lograr la intervenci\u00f3n del juez constitucional en procesos en \u00a0tr\u00e1mite, porque ello a m\u00e1s de desnaturalizar su \u00a0esencia, socava postulados constitucionales como la independencia y \u00a0la autonom\u00eda funcionales que rigen la actividad de la Rama \u00a0Judicial al tenor de la preceptiva contenida en el art\u00edculo \u00a0228 de la Carta Pol\u00edtica. \u00a0<\/p>\n<p>\u00a0 \u00a0\u00a0 \u00a0 \u00a0 \u00a0 \u00a0 \u00a0 \u00a0 \u00a0 \u00a0 \u00a0 \u00a0 \u00a0 \u00a0 \u00a0<\/p>\n<p>2. En \u00a0 \u00a0 \u00a0 \u00a0 \u00a0 \u00a0 \u00a0 \u00a0 \u00a0trat\u00e1ndose de la procedencia de la acci\u00f3n de tutela \u00a0 \u00a0 \u00a0 \u00a0 \u00a0 \u00a0 \u00a0 \u00a0 \u00a0para cuestionar decisiones judiciales, salvo que comporten \u00a0 \u00a0 \u00a0 \u00a0 \u00a0 \u00a0 \u00a0 \u00a0 \u00a0v\u00edas de hecho, la acci\u00f3n es improcedente, porque su \u00a0 \u00a0 \u00a0 \u00a0 \u00a0 \u00a0 \u00a0 \u00a0 \u00a0finalidad no es la de revivir oportunidades o momentos procesales \u00a0 \u00a0 \u00a0 \u00a0 \u00a0 \u00a0 \u00a0 \u00a0 \u00a0culminados, reponer t\u00e9rminos de ejecutoria que permitan la \u00a0 \u00a0 \u00a0 \u00a0 \u00a0 \u00a0 \u00a0 \u00a0 \u00a0impugnaci\u00f3n de las decisiones, y tampoco constituirse en el \u00a0 \u00a0 \u00a0 \u00a0 \u00a0 \u00a0 \u00a0 \u00a0 \u00a0escenario donde puedan efectuarse valoraciones probatorias \u00a0 \u00a0 \u00a0 \u00a0 \u00a0 \u00a0 \u00a0 \u00a0 \u00a0diferentes a la que realiz\u00f3 el juez de conocimiento, a quien \u00a0 \u00a0 \u00a0 \u00a0 \u00a0 \u00a0 \u00a0 \u00a0 \u00a0corresponde hacer esa labor de acuerdo con la competencia que le \u00a0 \u00a0 \u00a0 \u00a0 \u00a0 \u00a0 \u00a0 \u00a0 \u00a0asigna la ley. \u00a0 \u00a0<\/p>\n<p>Si as\u00ed \u00a0fuera, ha dicho la Corte, el recurso de amparo, instrumento de \u00a0defensa de derechos fundamentales, trocar\u00eda en medio adverso a \u00a0la seguridad jur\u00eddica y a la estabilidad social. Por estas \u00a0razones el juez de tutela debe respetar las competencias regladas \u00a0atribuidas a otras autoridades, sin afectar su autonom\u00eda. \u00a0<\/p>\n<p>\u00a0 \u00a0\u00a0 \u00a0 \u00a0 \u00a0 \u00a0 \u00a0 \u00a0 \u00a0 \u00a0 \u00a0 \u00a0 \u00a0 \u00a0 \u00a0<\/p>\n<p>3. Como ha sido \u00a0 \u00a0 \u00a0 \u00a0 \u00a0 \u00a0 \u00a0 \u00a0 \u00a0recurrentemente recordado por esta Sala, la acci\u00f3n \u00a0 \u00a0 \u00a0 \u00a0 \u00a0 \u00a0 \u00a0 \u00a0 \u00a0constitucional de tutela es un mecanismo de protecci\u00f3n \u00a0 \u00a0 \u00a0 \u00a0 \u00a0 \u00a0 \u00a0 \u00a0 \u00a0excepcional frente a providencias judiciales, su prosperidad va \u00a0 \u00a0 \u00a0 \u00a0 \u00a0 \u00a0 \u00a0 \u00a0 \u00a0ligada al cumplimiento de estrictos requisitos \u00a0 \u00a0 \u00a0 \u00a0 \u00a0 \u00a0 \u00a0 \u00a0 \u00a0de procedibilidad que implican una \u00a0 \u00a0 \u00a0 \u00a0 \u00a0 \u00a0 \u00a0 \u00a0 \u00a0carga para el accionante, tanto en su planteamiento como en su \u00a0 \u00a0 \u00a0 \u00a0 \u00a0 \u00a0 \u00a0 \u00a0 \u00a0demostraci\u00f3n, como lo ha expuesto la propia Corte \u00a0 \u00a0 \u00a0 \u00a0 \u00a0 \u00a0 \u00a0 \u00a0 \u00a0Constitucional.1 \u00a0 \u00a0<\/p>\n<p>Por este motivo, y como ha sido \u00a0desarrollado por la jurisprudencia constitucional, la acci\u00f3n \u00a0de tutela contra providencias judiciales exige: \u00a0<\/p>\n<p>a. Que la cuesti\u00f3n que se \u00a0discuta resulte de evidente relevancia constitucional. \u00a0<\/p>\n<p>b. Que hayan sido \u00a0agotados todos los medios -ordinarios y extraordinarios- de defensa \u00a0judicial al alcance de la persona afectada, salvo que se trate de \u00a0evitar la consumaci\u00f3n de un perjuicio iusfundamental \u00a0irremediable. \u00a0<\/p>\n<p>c. Que se cumpla \u00a0el requisito de la inmediatez, es decir, que la tutela se hubiere \u00a0interpuesto en un t\u00e9rmino razonable y proporcionado a partir \u00a0del hecho que origin\u00f3 la vulneraci\u00f3n. \u00a0<\/p>\n<p>d. Cuando se trate de una \u00a0irregularidad procesal, debe quedar claro que la misma tiene un \u00a0efecto decisivo o determinante en la sentencia que se impugna y que \u00a0ata\u00f1e a los derechos fundamentales del accionante. \u00a0<\/p>\n<p>e. Que el \u00a0accionante identifique de manera razonable tanto los hechos que \u00a0generaron la vulneraci\u00f3n como los derechos vulnerados y que \u00a0hubiere alegado tal vulneraci\u00f3n en el proceso judicial, \u00a0siempre que esto hubiere sido posible. \u00a0<\/p>\n<p>f. Que la decisi\u00f3n \u00a0judicial contra la cual se formula la acci\u00f3n de tutela no se \u00a0corresponda con sentencias de tutela. \u00a0<\/p>\n<p>Los anteriores \u00a0requisitos, no pueden quedarse en meros enunciados, pues han sido \u00a0reiterados por la Corte Constitucional, primero en la sentencia C-590 \u00a0de 2005, luego en las decisiones T-332, T-212 y T-780 de 2006, \u00a0reforzando lo dicho en la primera de las mencionadas providencias, en \u00a0el sentido que, cuando se trata de acciones \u00a0de tutela contra providencias judiciales, las mismas solo pueden \u00a0tener cabida \u00ab\u2026si se \u00a0cumplen ciertos y rigurosos requisitos de procedibilidad. Dentro de \u00a0estos pueden distinguirse unos de car\u00e1cter general, que \u00a0habilitan la interposici\u00f3n de la tutela, y otros de car\u00e1cter \u00a0espec\u00edfico, que tocan con la procedencia misma del amparo, una \u00a0vez interpuesta\u00bb (Textual). \u00a0<\/p>\n<p>En punto de las exigencias \u00a0espec\u00edficas, como fue recogido en la sentencia C-590 de 2005, \u00a0han sido establecidas las que a continuaci\u00f3n se relacionan: \u00a0<\/p>\n<p>a. \u00a0 \u00a0 \u00a0 \u00a0Defecto \u00a0org\u00e1nico, que se presenta cuando el funcionario judicial que \u00a0profiri\u00f3 la providencia impugnada carece absolutamente de \u00a0competencia para ello. \u00a0 \u00a0 \u00a0 \u00a0 \u00a0 \u00a0<\/p>\n<p>2. Defecto procedimental absoluto, que se origina cuando el juez actu\u00f3 \u00a0 \u00a0 \u00a0 \u00a0 \u00a0completamente al margen del procedimiento establecido.<\/p>\n<p>3. Defecto f\u00e1ctico, el cual surge cuando el juez carece del \u00a0 \u00a0 \u00a0 \u00a0 \u00a0apoyo probatorio que permita la aplicaci\u00f3n del supuesto legal \u00a0 \u00a0 \u00a0 \u00a0 \u00a0en el que se sustenta la decisi\u00f3n.<\/p>\n<p>4. Defecto \u00a0 \u00a0 \u00a0 \u00a0 \u00a0material o sustantivo, como son los casos en que se decide con base \u00a0 \u00a0 \u00a0 \u00a0 \u00a0en normas inexistentes o inconstitucionales2 \u00a0 \u00a0 \u00a0 \u00a0 \u00a0o que presentan una evidente y grosera contradicci\u00f3n entre \u00a0 \u00a0 \u00a0 \u00a0 \u00a0los fundamentos y la decisi\u00f3n;<\/p>\n<p>5. Error inducido, el cual surge cuando el juez o tribunal fue v\u00edctima \u00a0 \u00a0 \u00a0 \u00a0 \u00a0de un enga\u00f1o por parte de terceros y ese enga\u00f1o lo \u00a0 \u00a0 \u00a0 \u00a0 \u00a0condujo a la toma de una decisi\u00f3n que afecta derechos \u00a0 \u00a0 \u00a0 \u00a0 \u00a0fundamentales.<\/p>\n<p>6. Decisi\u00f3n \u00a0 \u00a0 \u00a0 \u00a0 \u00a0sin \u00a0 \u00a0 \u00a0 \u00a0 \u00a0motivaci\u00f3n, que implica el incumplimiento de los funcionarios \u00a0 \u00a0 \u00a0 \u00a0 \u00a0judiciales de explicitar los fundamentos f\u00e1cticos y jur\u00eddicos \u00a0 \u00a0 \u00a0 \u00a0 \u00a0de sus decisiones, en el entendido que precisamente en esa \u00a0 \u00a0 \u00a0 \u00a0 \u00a0motivaci\u00f3n reposa la legitimidad de su \u00f3rbita \u00a0 \u00a0 \u00a0 \u00a0 \u00a0funcional.<\/p>\n<p>7. Desconocimiento \u00a0 \u00a0 \u00a0 \u00a0 \u00a0del precedente, hip\u00f3tesis que se presenta, por ejemplo, \u00a0 \u00a0 \u00a0 \u00a0 \u00a0cuando la Corte Constitucional establece el alcance de un derecho \u00a0 \u00a0 \u00a0 \u00a0 \u00a0fundamental y el juez ordinario aplica una ley limitando \u00a0 \u00a0 \u00a0 \u00a0 \u00a0sustancialmente dicho alcance. En estos casos la tutela procede como \u00a0 \u00a0 \u00a0 \u00a0 \u00a0mecanismo para garantizar la eficacia jur\u00eddica del contenido \u00a0 \u00a0 \u00a0 \u00a0 \u00a0constitucionalmente vinculante del derecho fundamental vulnerado3.<\/p>\n<p>8. Violaci\u00f3n \u00a0 \u00a0 \u00a0 \u00a0 \u00a0directa de la Constituci\u00f3n. \u00a0 \u00a0 \u00a0 \u00a0 \u00a0(Textual). \u00a0<\/p>\n<p>Queda entonces claro \u00a0que en atenci\u00f3n a la fuerza normativa de la \u00a0cosa juzgada y al respeto de la autonom\u00eda judicial, la acci\u00f3n \u00a0consagrada en el art\u00edculo 86 de la Constituci\u00f3n \u00a0Nacional, cuando se dirige a cuestionar una decisi\u00f3n judicial, \u00a0tiene car\u00e1cter excepcional, y su prosperidad est\u00e1 atada \u00a0a que se cumplan los requisitos de procedibilidad anteriormente \u00a0enunciados. De manera que quien acude a ella tiene la carga no s\u00f3lo \u00a0respecto de su planteamiento, sino de su demostraci\u00f3n. \u00a0 \u00a0 \u00a0 \u00a0 \u00a0 \u00a0<\/p>\n<p>3. An\u00e1lisis del caso \u00a0 \u00a0 \u00a0 \u00a0 \u00a0concreto \u00a0<\/p>\n<p>\u00a0 \u00a0\u00a0 \u00a0 \u00a0 \u00a0 \u00a0 \u00a0 \u00a0 \u00a0 \u00a0 \u00a0 \u00a0 \u00a0 \u00a0 \u00a0<\/p>\n<p>1. En \u00a0 \u00a0 \u00a0 \u00a0 \u00a0 \u00a0 \u00a0 \u00a0 \u00a0el presente caso, si bien la parte actora no precisa el defecto que \u00a0 \u00a0 \u00a0 \u00a0 \u00a0 \u00a0 \u00a0 \u00a0 \u00a0adolece el pronunciamiento confutado, del l\u00edbelo de tutela \u00a0 \u00a0 \u00a0 \u00a0 \u00a0 \u00a0 \u00a0 \u00a0 \u00a0se extracta que la inconformidad propuesta por la parte actora, \u00a0 \u00a0 \u00a0 \u00a0 \u00a0 \u00a0 \u00a0 \u00a0 \u00a0principalmente, se dirige a denunciar que la providencia del 10 de \u00a0 \u00a0 \u00a0 \u00a0 \u00a0 \u00a0 \u00a0 \u00a0 \u00a0diciembre de 2019 no resolvi\u00f3 de fondo la petici\u00f3n de \u00a0 \u00a0 \u00a0 \u00a0 \u00a0 \u00a0 \u00a0 \u00a0 \u00a0libertad por pena cumplida, por cuanto, i) no especific\u00f3 la \u00a0 \u00a0 \u00a0 \u00a0 \u00a0 \u00a0 \u00a0 \u00a0 \u00a0hora de salida del establecimiento carcelario, el cual debe \u00a0 \u00a0 \u00a0 \u00a0 \u00a0 \u00a0 \u00a0 \u00a0 \u00a0corresponder con la fecha de captura \u2013 7 a.m. del 25 de julio \u00a0 \u00a0 \u00a0 \u00a0 \u00a0 \u00a0 \u00a0 \u00a0 \u00a0de 2008 \u2013 y, ii) no notific\u00f3 al juzgado que vigila la \u00a0 \u00a0 \u00a0 \u00a0 \u00a0 \u00a0 \u00a0 \u00a0 \u00a0sanci\u00f3n penal de la decisi\u00f3n adoptada en sede de \u00a0 \u00a0 \u00a0 \u00a0 \u00a0 \u00a0 \u00a0 \u00a0 \u00a0segunda instancia. \u00a0 \u00a0<\/p>\n<p>Bajo \u00a0ese contexto, se descarta la configuraci\u00f3n de cosa juzgada \u00a0constitucional aludida por la Sala Penal del Tribunal Superior del \u00a0Distrito Judicial de Popay\u00e1n, debido a que el objeto de este \u00a0amparo no se relaciona con el derecho de petici\u00f3n elevado por \u00a0la parte activa para obtener informaci\u00f3n sobre el \u00a0dinero incautado dentro de la actuaci\u00f3n penal en la que fue \u00a0condenado. \u00a0<\/p>\n<p>\u00a0 \u00a0\u00a0 \u00a0 \u00a0 \u00a0 \u00a0 \u00a0 \u00a0 \u00a0 \u00a0 \u00a0 \u00a0 \u00a0 \u00a0 \u00a0<\/p>\n<p>2. En el caso bajo examen, a \u00a0 \u00a0 \u00a0 \u00a0 \u00a0 \u00a0 \u00a0 \u00a0 \u00a0partir del marco jur\u00eddico presentado y la revisi\u00f3n de \u00a0 \u00a0 \u00a0 \u00a0 \u00a0 \u00a0 \u00a0 \u00a0 \u00a0las pruebas obrantes en el plenario, refulge con claridad para la \u00a0 \u00a0 \u00a0 \u00a0 \u00a0 \u00a0 \u00a0 \u00a0 \u00a0Sala que la solicitud de amparo, no cumple con el siguiente \u00a0 \u00a0 \u00a0 \u00a0 \u00a0 \u00a0 \u00a0 \u00a0 \u00a0requisito general de procedibilidad: \u00abque \u00a0 \u00a0 \u00a0 \u00a0 \u00a0 \u00a0 \u00a0 \u00a0 \u00a0hayan sido agotados todos los medios -ordinarios y extraordinarios- \u00a0 \u00a0 \u00a0 \u00a0 \u00a0 \u00a0 \u00a0 \u00a0 \u00a0de defensa judicial al alcance de la persona afectada, salvo que se \u00a0 \u00a0 \u00a0 \u00a0 \u00a0 \u00a0 \u00a0 \u00a0 \u00a0trate de evitar la consumaci\u00f3n de un perjuicio \u00a0 \u00a0 \u00a0 \u00a0 \u00a0 \u00a0 \u00a0 \u00a0 \u00a0iusfundamental irremediable\u00bb \u00a0 \u00a0 \u00a0 \u00a0 \u00a0 \u00a0 \u00a0 \u00a0 \u00a0siendo las razones que pasan a exponerse el fundamento de la \u00a0 \u00a0 \u00a0 \u00a0 \u00a0 \u00a0 \u00a0 \u00a0 \u00a0premisa conclusiva aqu\u00ed sostenida. \u00a0 \u00a0<\/p>\n<p>\u00a0 \u00a0\u00a0 \u00a0 \u00a0 \u00a0 \u00a0 \u00a0 \u00a0 \u00a0 \u00a0 \u00a0 \u00a0 \u00a0 \u00a0 \u00a0<\/p>\n<p>3. En relaci\u00f3n con lo \u00a0 \u00a0 \u00a0 \u00a0 \u00a0 \u00a0 \u00a0 \u00a0 \u00a0anterior, conforme a la literalidad del inciso \u00a0 \u00a0 \u00a0 \u00a0 \u00a0 \u00a0 \u00a0 \u00a0 \u00a04\u00ba del art\u00edculo 86 constitucional, la acci\u00f3n de \u00a0 \u00a0 \u00a0 \u00a0 \u00a0 \u00a0 \u00a0 \u00a0 \u00a0tutela comporta un car\u00e1cter subsidiario o residual \u00a0 \u00a0 \u00a0 \u00a0 \u00a0 \u00a0 \u00a0 \u00a0 \u00a0consistente en que \u201cEsta \u00a0 \u00a0 \u00a0 \u00a0 \u00a0 \u00a0 \u00a0 \u00a0 \u00a0acci\u00f3n solo proceder\u00e1 cuando el afectado no disponga \u00a0 \u00a0 \u00a0 \u00a0 \u00a0 \u00a0 \u00a0 \u00a0 \u00a0de otro medio de defensa judicial, salvo que aquella se utilice \u00a0 \u00a0 \u00a0 \u00a0 \u00a0 \u00a0 \u00a0 \u00a0 \u00a0como mecanismo transitorio para evitar un perjuicio irremediable.\u201d, \u00a0 \u00a0 \u00a0 \u00a0 \u00a0 \u00a0 \u00a0 \u00a0 \u00a0por tanto, en caso de no satisfacerse \u00a0 \u00a0 \u00a0 \u00a0 \u00a0 \u00a0 \u00a0 \u00a0 \u00a0tal par\u00e1metro de procedibilidad la acci\u00f3n tuitiva se \u00a0 \u00a0 \u00a0 \u00a0 \u00a0 \u00a0 \u00a0 \u00a0 \u00a0torna improcedente al tenor de lo previsto en el numeral 1\u00ba \u00a0 \u00a0 \u00a0 \u00a0 \u00a0 \u00a0 \u00a0 \u00a0 \u00a0del art\u00edculo 6\u00ba del Decreto 2591 de 1991 (CC \u00a0 \u00a0 \u00a0 \u00a0 \u00a0 \u00a0 \u00a0 \u00a0 \u00a0T-282 de 2012). \u00a0 \u00a0<\/p>\n<p>En ese orden de ideas, resulta \u00a0pertinente recordar que acorde con la jurisprudencia nacional el \u00a0aludido principio envuelve tres caracter\u00edsticas importantes \u00a0que llevan a su improcedencia contra providencias judiciales, a \u00a0saber: \u00ab(i) el asunto est\u00e1 en tr\u00e1mite; (ii) no \u00a0se han agotado los medios de defensa judicial ordinarios y \u00a0extraordinarios; y (iii) se usa para revivir etapas procesales en \u00a0donde se dejaron de emplear los recursos previstos en el ordenamiento \u00a0jur\u00eddico\u00bb (C.C.S.T-103\/2014). \u00a0<\/p>\n<p>Respecto de la primera hip\u00f3tesis, \u00a0la Corte Constitucional en sentencia T-418 de 2003 ha dejado por \u00a0sentado lo siguiente: \u00a0<\/p>\n<p>[\u2026] \u00a0Cuando el proceso no ha concluido y se pide la protecci\u00f3n del \u00a0juez constitucional para atacar providencias judiciales en tr\u00e1mite \u00a0en las que se alegue una v\u00eda de hecho, por la sencilla raz\u00f3n \u00a0de que no obstante la posible irregularidad que se hubiere presentado \u00a0en el tr\u00e1mite del proceso correspondiente, al no estar \u00a0culminada la actuaci\u00f3n, existen normas en el procedimiento \u00a0para que el afectado alegue oportunamente estas deficiencias, bien \u00a0sea, pidiendo nulidades, interponiendo recursos, interviniendo en el \u00a0proceso, todo con el fin de defender sus derechos. Es decir, la \u00a0improcedencia de la acci\u00f3n de tutela, en estos casos, radica \u00a0en la existencia de otro medio de defensa judicial, dentro del propio \u00a0proceso. De all\u00ed que la Corte ha se\u00f1alado que no toda \u00a0irregularidad en el tr\u00e1mite de un proceso constituye una v\u00eda \u00a0de hecho amparable a trav\u00e9s de esta acci\u00f3n. En la \u00a0sentencia T-296 de 2000 se dijo: \u00a0<\/p>\n<p>\u00abPara \u00a0analizar cada uno de estos puntos, se tomar\u00e1 como par\u00e1metro \u00a0la jurisprudencia de la Corte Constitucional sobre la v\u00eda de \u00a0hecho. Esta Corporaci\u00f3n ha se\u00f1alado que cuando en la \u00a0acci\u00f3n de tutela se alega tal situaci\u00f3n en relaci\u00f3n \u00a0con las distintas etapas de un proceso, o en la propia sentencia, la \u00a0intervenci\u00f3n del juez de tutela, por ser estrictamente \u00a0excepcional, debe estar encaminada a determinar si a pesar de existir \u00a0errores o faltas en los procesos, \u00e9stos pueden ser corregidos \u00a0en el propio proceso, a trav\u00e9s de los distintos mecanismos que \u00a0prev\u00e9 la ley. Es decir, si para su correcci\u00f3n se pueden \u00a0proponer recursos, pedir nulidades, etc. \u00a0<\/p>\n<p>En \u00a0otras palabras, no toda irregularidad en el tr\u00e1mite de un \u00a0proceso, o en la sentencia misma, constituye una v\u00eda de hecho \u00a0amparable a trav\u00e9s de la acci\u00f3n de tutela. Este rigor \u00a0para conceder la acci\u00f3n de tutela cuando se alegan v\u00edas \u00a0de hecho, obedece al debido entendimiento del art\u00edculo 86 de \u00a0la Constituci\u00f3n, en cuanto al car\u00e1cter excepcional de \u00a0la acci\u00f3n de tutela, su procedencia Penalmente cuando no \u00a0exista para el afectado otro medio de defensa judicial y por el \u00a0respeto por la cosa juzgada por parte del juez constitucional\u00bb. \u00a0<\/p>\n<p>De esta manera, valga anotar que el mentado \u00a0car\u00e1cter no puede ser concebido \u00fanicamente como un \u00a0requisito formal o procesal, sino que se consagra como una verdadera \u00a0garant\u00eda constitucional dirigida a preservar la armon\u00eda \u00a0del ordenamiento jur\u00eddico, habida cuenta que previene que la \u00a0acci\u00f3n de tutela i) supla o reemplace los legalmente \u00a0concebidos, ii) se desnaturalice ante el uso indiscriminado y \u00a0caprichoso de los ciudadanos, iii) se convierta en medio alternativo \u00a0o facultativo que complemente los mecanismos judiciales ordinarios de \u00a0defensa, en aras de obtener un pronunciamiento m\u00e1s \u00e1gil \u00a0y expedito (CC T \u2013 471 de 2017). \u00a0<\/p>\n<p>\u00a0 \u00a0\u00a0 \u00a0 \u00a0 \u00a0 \u00a0 \u00a0 \u00a0 \u00a0 \u00a0 \u00a0 \u00a0 \u00a0 \u00a0 \u00a0<\/p>\n<p>4. Bajo tales derroteros, descendiendo al sub \u00a0 \u00a0 \u00a0 \u00a0 \u00a0 \u00a0 \u00a0 \u00a0 \u00a0lite, se encuentra demostrado que \u00a0 \u00a0 \u00a0 \u00a0 \u00a0 \u00a0 \u00a0 \u00a0 \u00a0contra la providencia judicial aqu\u00ed cuestionada el 19 de \u00a0 \u00a0 \u00a0 \u00a0 \u00a0 \u00a0 \u00a0 \u00a0 \u00a0diciembre de 2019 el accionante solicit\u00f3 ante el tribunal \u00a0 \u00a0 \u00a0 \u00a0 \u00a0 \u00a0 \u00a0 \u00a0 \u00a0accionado la aclaraci\u00f3n de tal prove\u00eddo, en aras que \u00a0 \u00a0 \u00a0 \u00a0 \u00a0 \u00a0 \u00a0 \u00a0 \u00a0se pronuncie respecto de la hora de salida del establecimiento \u00a0 \u00a0 \u00a0 \u00a0 \u00a0 \u00a0 \u00a0 \u00a0 \u00a0carcelario4, \u00a0 \u00a0 \u00a0 \u00a0 \u00a0 \u00a0 \u00a0 \u00a0 \u00a0pues en su sentir, existi\u00f3 omisi\u00f3n frente a dicha \u00a0 \u00a0 \u00a0 \u00a0 \u00a0 \u00a0 \u00a0 \u00a0 \u00a0pretensi\u00f3n, sin que hasta la fecha de presentaci\u00f3n de \u00a0 \u00a0 \u00a0 \u00a0 \u00a0 \u00a0 \u00a0 \u00a0 \u00a0la s\u00faplica constitucional se hubiese decidido tal \u00a0 \u00a0 \u00a0 \u00a0 \u00a0 \u00a0 \u00a0 \u00a0 \u00a0postulaci\u00f3n por la autoridad competente. \u00a0 \u00a0<\/p>\n<p>Por consiguiente, la Sala percibe que \u00a0el asunto aqu\u00ed cuestionado est\u00e1 en curso, por \u00a0cuanto el tr\u00e1mite que se adelanta en virtud de solicitud de \u00a0libertad por pena cumplida a\u00fan no ha llegado a la conclusi\u00f3n \u00a0definitiva, es decir, no se ha producido el agotamiento de la \u00a0actuaci\u00f3n ante el juez natural y ordinario, motivo por el \u00a0cual, la parte actora debe esperar a que se adopte la determinaci\u00f3n \u00a0que corresponda. \u00a0<\/p>\n<p>En ese orden de ideas, el proceso \u00a0ordinario es el escenario propicio donde el demandante deber\u00e1 \u00a0dirigir sus esfuerzos para lograr la revocatoria de la tesis que aqu\u00ed \u00a0considera como irregular y presuntamente desconocedora de las \u00a0garant\u00edas fundamentales reclamadas, como en efecto lo hizo, ya \u00a0que el mismo ordenamiento procesal penal consagra las herramientas \u00a0jur\u00eddicas id\u00f3neas para cuestionar los yerros de los \u00a0cuales adolezcan las providencias judiciales que se dicten en el \u00a0curso del proceso, as\u00ed se trata de la fase de ejecuci\u00f3n \u00a0de la sanci\u00f3n, destac\u00e1ndose, por ser de inter\u00e9s \u00a0para el asunto, la solicitud de aclaraci\u00f3n o adici\u00f3n de \u00a0la providencia. \u00a0<\/p>\n<p>As\u00ed que, no podr\u00eda el \u00a0juez constitucional entrometerse en los asuntos que son propios del \u00a0juez natural, pues de lo contrario, se desbordar\u00edan los \u00a0principios de subsidiariedad y residualidad que rigen este tr\u00e1mite \u00a0constitucional tan exclusivo. \u00a0<\/p>\n<p>De all\u00ed que, no sea posible \u00a0entrar a se\u00f1alar si es procedente o no dejar sin efectos la \u00a0decisi\u00f3n censurada, para en su lugar abrogarse competencias \u00a0propias de la justicia ordinaria, pues, se reitera, de ser ello as\u00ed \u00a0el juez constitucional se inmiscuir\u00eda indebidamente en un \u00a0asunto de competencia de los funcionarios naturales, al interior del \u00a0cual, como se indic\u00f3, existen otros medios de defensa aptos \u00a0para garantizar la protecci\u00f3n solicitada, \u00a0ya que de admitirse una postura contraria, equivaldr\u00eda a \u00a0permitir, como regla general, que el \u00a0juez de tutela verifique la juridicidad de los tr\u00e1mites o el \u00a0acierto en la interpretaci\u00f3n de las normas jur\u00eddicas o \u00a0de las pruebas por los funcionarios de instancia para efectos de la \u00a0toma de decisiones o adopte decisiones sobre temas que no han sido \u00a0definidos por el funcionario competente, lo cual conllevar\u00eda a \u00a0desconocer los principios que disciplinan la actividad de los jueces \u00a0ordinarios de independencia y sujeci\u00f3n exclusiva a la ley, \u00a0previstos en los art\u00edculos 228 y 230 de la Carta Pol\u00edtica, \u00a0sino adem\u00e1s los del juez natural, y las formas propias del \u00a0juicio contenidos en el art\u00edculo 29 Superior. \u00a0<\/p>\n<p>En consecuencia, al existir un \u00a0escenario natural de discusi\u00f3n sobre el asunto sometido al \u00a0conocimiento del juez constitucional, la tutela demandada se torna \u00a0improcedente, en los t\u00e9rminos previstos por el art\u00edculo \u00a06 -1 del Decreto 2591 de 1991, m\u00e1xime \u00a0cuando no se aprecia probatoriamente la concurrencia de los \u00a0presupuestos establecidos por la doctrina constitucional para la \u00a0configuraci\u00f3n de un perjuicio irremediable, como son la \u00a0inminencia, la urgencia, la gravedad y la impostergabilidad que \u00a0haga forzosa la intervenci\u00f3n \u00a0transitoria del juez constitucional, pues el solo hecho de \u00a0encontrarse el accionante privado de su libertad no justifica en s\u00ed \u00a0mismo la consumaci\u00f3n de una lesi\u00f3n de tal \u00a0magnitud, toda vez que tal restricci\u00f3n a\u00fan se muestra \u00a0leg\u00edtima y respaldada por un pronunciamiento judicial donde se \u00a0determin\u00f3 el no cumplimiento de la sanci\u00f3n penal, el \u00a0cual que goza de la presunci\u00f3n de acierto y legalidad. \u00a0<\/p>\n<p>\u00a0 \u00a0\u00a0 \u00a0 \u00a0 \u00a0 \u00a0 \u00a0 \u00a0 \u00a0 \u00a0 \u00a0 \u00a0 \u00a0 \u00a0 \u00a0<\/p>\n<p>5. Por \u00faltimo, en lo que concierne a la \u00a0 \u00a0 \u00a0 \u00a0 \u00a0 \u00a0 \u00a0 \u00a0 \u00a0falta de notificaci\u00f3n al juzgado que \u00a0 \u00a0 \u00a0 \u00a0 \u00a0 \u00a0 \u00a0 \u00a0 \u00a0vigila la sanci\u00f3n penal de la decisi\u00f3n del 10 de \u00a0 \u00a0 \u00a0 \u00a0 \u00a0 \u00a0 \u00a0 \u00a0 \u00a0diciembre del a\u00f1o inmediatamente anterior, debe anotarse que \u00a0 \u00a0 \u00a0 \u00a0 \u00a0 \u00a0 \u00a0 \u00a0 \u00a0la misma se encuentra en tr\u00e1mite por el car\u00e1cter \u00a0 \u00a0 \u00a0 \u00a0 \u00a0 \u00a0 \u00a0 \u00a0 \u00a0reciente de la decisi\u00f3n, de lo cual no se puede predicar \u00a0 \u00a0 \u00a0 \u00a0 \u00a0 \u00a0 \u00a0 \u00a0 \u00a0amenaza o vulneraci\u00f3n a derecho fundamental alguno. \u00a0 \u00a0<\/p>\n<p>\u00a0 \u00a0\u00a0 \u00a0 \u00a0 \u00a0 \u00a0 \u00a0 \u00a0 \u00a0 \u00a0 \u00a0 \u00a0 \u00a0 \u00a0 \u00a0<\/p>\n<p>6. Como colof\u00f3n, al constatar la Sala que \u00a0 \u00a0 \u00a0 \u00a0 \u00a0 \u00a0 \u00a0 \u00a0 \u00a0la presente solicitud de amparo no cumple con el requisito general \u00a0 \u00a0 \u00a0 \u00a0 \u00a0 \u00a0 \u00a0 \u00a0 \u00a0de subsidiariedad, dicha situaci\u00f3n jur\u00eddica impide \u00a0 \u00a0 \u00a0 \u00a0 \u00a0 \u00a0 \u00a0 \u00a0 \u00a0que se estudie de fondo la presencia o configuraci\u00f3n de \u00a0 \u00a0 \u00a0 \u00a0 \u00a0 \u00a0 \u00a0 \u00a0 \u00a0alguna de las causales espec\u00edficas de procedibilidad de la \u00a0 \u00a0 \u00a0 \u00a0 \u00a0 \u00a0 \u00a0 \u00a0 \u00a0acci\u00f3n tuitiva contra providencias judiciales, como a bien \u00a0 \u00a0 \u00a0 \u00a0 \u00a0 \u00a0 \u00a0 \u00a0 \u00a0lo ha sostenido la jurisprudencia constitucional bajo la siguiente \u00a0 \u00a0 \u00a0 \u00a0 \u00a0 \u00a0 \u00a0 \u00a0 \u00a0f\u00f3rmula \u00abLas \u00a0 \u00a0 \u00a0 \u00a0 \u00a0 \u00a0 \u00a0 \u00a0 \u00a0condiciones generales de procedencia son aquellas cuya ocurrencia \u00a0 \u00a0 \u00a0 \u00a0 \u00a0 \u00a0 \u00a0 \u00a0 \u00a0habilita al juez de tutela para adentrarse en el contenido de la \u00a0 \u00a0 \u00a0 \u00a0 \u00a0 \u00a0 \u00a0 \u00a0 \u00a0providencia judicial que se impugna. Dicho de otro modo, son las \u00a0 \u00a0 \u00a0 \u00a0 \u00a0 \u00a0 \u00a0 \u00a0 \u00a0condiciones\u00a0sine \u00a0 \u00a0 \u00a0 \u00a0 \u00a0 \u00a0 \u00a0 \u00a0 \u00a0quibus non\u00a0es \u00a0 \u00a0 \u00a0 \u00a0 \u00a0 \u00a0 \u00a0 \u00a0 \u00a0posible abordar el estudio de la providencia judicial impugnada\u00bb \u00a0 \u00a0 \u00a0 \u00a0 \u00a0 \u00a0 \u00a0 \u00a0 \u00a0(CC T-012 de 2018), \u00a0 \u00a0 \u00a0 \u00a0 \u00a0 \u00a0 \u00a0 \u00a0 \u00a0por tanto, las \u00a0 \u00a0 \u00a0 \u00a0 \u00a0 \u00a0 \u00a0 \u00a0 \u00a0pretensiones elevadas en este resguardo constitucional devienen \u00a0 \u00a0 \u00a0 \u00a0 \u00a0 \u00a0 \u00a0 \u00a0 \u00a0improcedentes, debi\u00e9ndose negar la petici\u00f3n de \u00a0 \u00a0 \u00a0 \u00a0 \u00a0 \u00a0 \u00a0 \u00a0 \u00a0amparo, ante la ausencia del presupuesto \u00a0 \u00a0 \u00a0 \u00a0 \u00a0 \u00a0 \u00a0 \u00a0 \u00a0de subsidiariedad. \u00a0 \u00a0<\/p>\n<p>Sin m\u00e1s consideraciones, la Sala confirmar\u00e1 \u00a0el fallo impugnado. \u00a0<\/p>\n<p>Por lo expuesto, \u00a0la CORTE \u00a0SUPREMA DE JUSTICIA, SALA DE CASACI\u00d3N PENAL \u2013 SALA DE \u00a0DECISI\u00d3N DE ACCIONES DE TUTELA N\u00ba 1, \u00a0administrando justicia en nombre de la \u00a0Rep\u00fablica y por autoridad de la Ley, \u00a0<\/p>\n<p>RESUELVE \u00a0<\/p>\n<p>1\u00ba NEGAR \u00a0POR IMPROCEDENTE el amparo invocado por Mauricio Andr\u00e9s \u00a0Hincapi\u00e9 Arango contra la Sala Penal del Tribunal Superior del \u00a0Distrito Judicial de la ciudad de Bogot\u00e1, por las razones \u00a0anotadas en precedencia. \u00a0<\/p>\n<p>2\u00ba NOTIFICAR a los \u00a0sujetos procesales por el medio m\u00e1s expedito el presente \u00a0fallo, inform\u00e1ndoles que puede ser impugnado dentro de los \u00a0tres d\u00edas siguientes, contados a partir de su notificaci\u00f3n. \u00a0<\/p>\n<p>3\u00ba Si no \u00a0fuere impugnado, env\u00edese la actuaci\u00f3n a la Corte \u00a0Constitucional para su eventual revisi\u00f3n, dentro del t\u00e9rmino \u00a0indicado en el art\u00edculo 31 del Decreto 2591 de 1991. \u00a0<\/p>\n<p>4\u00ba DEVOLVER \u00a0el expediente de la actuaci\u00f3n penal de radicado \u00a019001-60-00-703-2008-00074 allegado en calidad de pr\u00e9stamo por \u00a0el Juzgado Veintis\u00e9is de Ejecuci\u00f3n de Penas y Medidas \u00a0de Seguridad de Bogot\u00e1, de manera inmediata, salvo que deba \u00a0adelantarse el tr\u00e1mite de impugnaci\u00f3n. \u00a0<\/p>\n<p>NOTIF\u00cdQUESE \u00a0Y C\u00daMPLASE \u00a0<\/p>\n<p>JOS\u00c9 \u00a0FRANCISCO ACU\u00d1A VIZCAYA \u00a0<\/p>\n<p>EUGENIO \u00a0FERN\u00c1NDEZ CARLIER \u00a0<\/p>\n<p>NUBIA \u00a0YOLANDA NOVA GARC\u00cdA \u00a0<\/p>\n<p>Secretaria \u00a0<\/p>\n<p>1 \u00a0 \u00a0 \u00a0 \u00a0 \u00a0Cfr. Corte Constitucional. Sentencias C-590 de 2005 y T-332 de \u00a0 \u00a0 \u00a0 \u00a0 \u00a02006. \u00a0<\/p>\n<p>2 \u00a0 \u00a0 \u00a0 \u00a0 \u00a0\u00cddem. Sentencia T-522 de 2001. \u00a0<\/p>\n<p>3 \u00a0 \u00a0 \u00a0 \u00a0 \u00a0\u00ab Cfr. Sentencias T-462 de 2003 ; SU-1184 de 2001 ; T-1625 de \u00a0 \u00a0 \u00a0 \u00a0 \u00a02000 y T-1031 de 2001. \u00bb \u00a0<\/p>\n<p>4 \u00a0 \u00a0 \u00a0 \u00a0 \u00a0Folio 141, del cuaderno No.2 del expediente \u00a0 \u00a0 \u00a0 \u00a0 \u00a02008-00074. \u00a0<\/p>\n<p>\u00a0 \u00a0 \u00a0\u00a0<\/p>\n<p><\/p>\n","protected":false},"excerpt":{"rendered":"<p>\u00a0 \u00a0 \u00a0 \u00a0\u00a0 JOS\u00c9 \u00a0FRANCISCO ACU\u00d1A VIZCAYA \u00a0 Magistrado \u00a0Ponente \u00a0 STP1246 \u00a0&#8211; 2020 \u00a0 Radicaci\u00f3n \u00a0n.\u00b0 108836 \u00a0 (Aprobaci\u00f3n \u00a0Acta No. 21) \u00a0 Bogot\u00e1 D.C., cuatro (04) de \u00a0febrero de dos mil veinte (2020) \u00a0 VISTOS \u00a0 Resuelve la Sala de Casaci\u00f3n \u00a0Penal de la Corte Suprema de Justicia, Sala de Decisi\u00f3n de [&hellip;]<\/p>\n","protected":false},"author":1,"featured_media":0,"comment_status":"open","ping_status":"open","sticky":false,"template":"","format":"standard","meta":{"footnotes":""},"categories":[29],"tags":[],"class_list":["post-51248","post","type-post","status-publish","format-standard","hentry","category-29"],"_links":{"self":[{"href":"https:\/\/dmsjuridica.com\/buscador_20179478954\/salapenalcronologico20230723\/wp-json\/wp\/v2\/posts\/51248","targetHints":{"allow":["GET"]}}],"collection":[{"href":"https:\/\/dmsjuridica.com\/buscador_20179478954\/salapenalcronologico20230723\/wp-json\/wp\/v2\/posts"}],"about":[{"href":"https:\/\/dmsjuridica.com\/buscador_20179478954\/salapenalcronologico20230723\/wp-json\/wp\/v2\/types\/post"}],"author":[{"embeddable":true,"href":"https:\/\/dmsjuridica.com\/buscador_20179478954\/salapenalcronologico20230723\/wp-json\/wp\/v2\/users\/1"}],"replies":[{"embeddable":true,"href":"https:\/\/dmsjuridica.com\/buscador_20179478954\/salapenalcronologico20230723\/wp-json\/wp\/v2\/comments?post=51248"}],"version-history":[{"count":0,"href":"https:\/\/dmsjuridica.com\/buscador_20179478954\/salapenalcronologico20230723\/wp-json\/wp\/v2\/posts\/51248\/revisions"}],"wp:attachment":[{"href":"https:\/\/dmsjuridica.com\/buscador_20179478954\/salapenalcronologico20230723\/wp-json\/wp\/v2\/media?parent=51248"}],"wp:term":[{"taxonomy":"category","embeddable":true,"href":"https:\/\/dmsjuridica.com\/buscador_20179478954\/salapenalcronologico20230723\/wp-json\/wp\/v2\/categories?post=51248"},{"taxonomy":"post_tag","embeddable":true,"href":"https:\/\/dmsjuridica.com\/buscador_20179478954\/salapenalcronologico20230723\/wp-json\/wp\/v2\/tags?post=51248"}],"curies":[{"name":"wp","href":"https:\/\/api.w.org\/{rel}","templated":true}]}}