{"id":51247,"date":"2023-09-15T20:51:45","date_gmt":"2023-09-15T20:51:45","guid":{"rendered":"https:\/\/dmsjuridica.com\/buscador_20179478954\/salapenalcronologico20230723\/2023\/09\/15\/stp1245-2020\/"},"modified":"2023-09-15T20:51:45","modified_gmt":"2023-09-15T20:51:45","slug":"stp1245-2020","status":"publish","type":"post","link":"https:\/\/dmsjuridica.com\/buscador_20179478954\/salapenalcronologico20230723\/2023\/09\/15\/stp1245-2020\/","title":{"rendered":"STP1245-2020"},"content":{"rendered":"\n<p>\u00a0 \u00a0 \u00a0 \u00a0\u00a0<\/p>\n<p>JOS\u00c9 \u00a0FRANCISCO ACU\u00d1A VIZCAYA \u00a0<\/p>\n<p>Magistrado \u00a0Ponente \u00a0<\/p>\n<p>STP1245 \u00a0&#8211; 2020 \u00a0<\/p>\n<p>Radicaci\u00f3n \u00a0No. 108616 \u00a0<\/p>\n<p>(Aprobado \u00a0Acta No. 21) \u00a0<\/p>\n<p>Bogot\u00e1 \u00a0D.C., cuatro (04) de febrero de dos mil veinte (2020) \u00a0<\/p>\n<p>Decide \u00a0la Sala el recurso de impugnaci\u00f3n interpuesto por Julio \u00a0C\u00e9sar Rodr\u00edguez Torres \u00a0contra el fallo de tutela proferido por la Sala Penal del Tribunal \u00a0Superior del Distrito Judicial de Bogot\u00e1 el 29 de noviembre de \u00a02019, \u00a0que \u00a0neg\u00f3 por improcedente el amparo constitucional invocado contra \u00a0el \u00a0Juzgado Primero Penal del Circuito Especializado de la misma ciudad \u00a0por \u00a0la presunta vulneraci\u00f3n de los derechos fundamentales al \u00a0debido proceso, igualdad y libertad. \u00a0<\/p>\n<p>A \u00a0la presente actuaci\u00f3n se vincul\u00f3 de oficio al Juzgado \u00a0Veintiocho de Ejecuci\u00f3n de Penas y Medidas de Seguridad de \u00a0Bogot\u00e1. \u00a0<\/p>\n<p>ANTECEDENTES \u00a0<\/p>\n<p>Y \u00a0<\/p>\n<p>FUNDAMENTOS \u00a0DE LA ACCI\u00d3N \u00a0<\/p>\n<p>As\u00ed \u00a0fueron sintetizados en el fallo constitucional de primera instancia1: \u00a0<\/p>\n<p>JULIO CESAR \u00a0RODR\u00cdGUEZ, interpone acci\u00f3n de tutela porque considera \u00a0que se le han vulnerado sus derechos fundamentales al debido proceso \u00a0y libertad, porque, el 16 de abril de 2013, fue condenado por el \u00a0Juzgado Primero Penal Especializado de Bogot\u00e1, y actualmente \u00a0la ejecuci\u00f3n de la condena es conocida por el Juzgado 18 (sic) \u00a0de Ejecuci\u00f3n de Penas y Medidas de Seguridad, autoridad, que \u00a0el 28 de febrero de 2019, neg\u00f3 su solicitud de concesi\u00f3n \u00a0de la libertad condicional, pese a que, desde su perspectiva re\u00fane \u00a0todos los requisitos previstos para su concesi\u00f3n, y, bajo el \u00a0\u00fanico argumento de que la conducta por la que fue condenado, \u00a0es catalogada como grave, providencia frente a la cual interpuso los \u00a0recursos de reposici\u00f3n y apelaci\u00f3n. \u00a0<\/p>\n<p>Informa \u00a0que el 27 de mayo pasado, el Juzgado Ejecutor, no repuso la decisi\u00f3n \u00a0cuestionada y, posteriormente para el 4 de julio siguiente, la \u00a0autoridad demandada confirm\u00f3 la decisi\u00f3n que le niega \u00a0la libertad condicional, lo que considera, transgrede sus derechos \u00a0fundamentales, por v\u00eda de hecho, pues cuenta con los \u00a0requisitos previstos para su concesi\u00f3n de acuerdo con la Ley \u00a01709 de 2014, solicitando concretamente, dejar sin efecto la decisi\u00f3n \u00a0del 11 de septiembre de los cursantes, a trav\u00e9s de la cual se \u00a0niega su pedimento. \u00a0<\/p>\n<p>EL \u00a0FALLO IMPUGNADO \u00a0 \u00a0<\/p>\n<p>La \u00a0Sala Penal del Tribunal Superior del Distrito Judicial de Bogot\u00e1, \u00a0mediante decisi\u00f3n adoptada el 29 de noviembre del a\u00f1o \u00a0inmediatamente anterior, neg\u00f3 por improcedente el amparo \u00a0constitucional. \u00a0<\/p>\n<p>Para \u00a0arribar a tal decisi\u00f3n, el juez colegiado constitucional de \u00a0primer grado sostuvo que las providencias que han resuelto de manera \u00a0adversa el pedimento de libertad condicional se encuentran previstas \u00a0de razonamientos coherentes, sin que posteriormente se hayan \u00a0configurado circunstancias nuevas tendientes a evidenciar la \u00a0obligaci\u00f3n de realizar otro juicio valorativo en torno a la no \u00a0necesidad de tratamiento penitenciario intramural, ello en busca de \u00a0remover los discernimientos jur\u00eddicos ya expuestos en \u00a0anteriores oportunidades y, por tanto, la decisi\u00f3n adoptada \u00a0por las autoridades judiciales demandadas no comporta rasgos de \u00a0ilegalidad, antes bien, se ci\u00f1e al estricto cumplimiento del \u00a0art\u00edculo 30 de la Ley 1709 de 2014 que impone el deber legal \u00a0de analizar la conducta por la cual fue sancionado penalmente. \u00a0<\/p>\n<p>LA IMPUGNACI\u00d3N \u00a0<\/p>\n<p>Inconforme \u00a0con la anterior determinaci\u00f3n, la parte actora la impugn\u00f3 \u00a0con la finalidad que sea recovada, para que en su lugar, se acceda al \u00a0amparo de los derechos invocados y, consecuencia, se ordene a las \u00a0autoridades judiciales demandadas a adoptar una nueva decisi\u00f3n \u00a0respecto de la concesi\u00f3n del subrogado penal de libertad \u00a0condicional, atendiendo la finalidad de la Ley 1709 de 2014. \u00a0<\/p>\n<p>El recurso de \u00a0impugnaci\u00f3n se fundament\u00f3 en los siguientes reproches: \u00a0<\/p>\n<p>\u00a0 \u00a0\u00a0 \u00a0 \u00a0 \u00a0 \u00a0<\/p>\n<p>i. Falta \u00a0 \u00a0 \u00a0 \u00a0 \u00a0de notificaci\u00f3n personal del auto admisorio de la demanda al \u00a0 \u00a0 \u00a0 \u00a0 \u00a0actor, como lo dicta la ley, lo que imposibilit\u00f3 el ejercicio \u00a0 \u00a0 \u00a0 \u00a0 \u00a0de sus derechos, como lo es la adici\u00f3n de argumentos. \u00a0<\/p>\n<p>\u00a0 \u00a0\u00a0 \u00a0 \u00a0 \u00a0 \u00a0<\/p>\n<p>ii. El fallo de \u00a0 \u00a0 \u00a0 \u00a0 \u00a0primera instancia es incongruente, comoquiera que no resolvi\u00f3 \u00a0 \u00a0 \u00a0 \u00a0 \u00a0de fondo el objeto de la acci\u00f3n, es decir, omiti\u00f3 \u00a0 \u00a0 \u00a0 \u00a0 \u00a0estudiar las pretensiones planteadas, concretamente, la vulneraci\u00f3n \u00a0 \u00a0 \u00a0 \u00a0 \u00a0del derecho de igualdad. \u00a0<\/p>\n<p>\u00a0 \u00a0\u00a0 \u00a0 \u00a0 \u00a0 \u00a0<\/p>\n<p>iii. La \u00a0 \u00a0 \u00a0 \u00a0 \u00a0autoridad de primera instancia desconoci\u00f3 la v\u00eda de \u00a0 \u00a0 \u00a0 \u00a0 \u00a0hecho en que incurrieron los funcionarios judiciales accionados, la \u00a0 \u00a0 \u00a0 \u00a0 \u00a0cual se configur\u00f3 por el desconocimiento de la finalidad de \u00a0 \u00a0 \u00a0 \u00a0 \u00a0la Ley 1709 de 2014 \u2013 deshacinamiento \u00a0 \u00a0 \u00a0 \u00a0 \u00a0de los centros de reclusi\u00f3n -, \u00a0 \u00a0 \u00a0 \u00a0 \u00a0toda vez que ante el cumplimiento de los requisitos objetivos \u00a0 \u00a0 \u00a0 \u00a0 \u00a0previstos en la norma, no se deben valorar aquellos de car\u00e1cter \u00a0 \u00a0 \u00a0 \u00a0 \u00a0subjetivo. \u00a0<\/p>\n<p>CONSIDERACIONES \u00a0DE LA SALA \u00a0<\/p>\n<p>\u00a0 \u00a0\u00a0 \u00a0 \u00a0 \u00a0 \u00a0<\/p>\n<p>1. De \u00a0 \u00a0 \u00a0 \u00a0 \u00a0conformidad con lo previsto en el art\u00edculo 32 del Decreto \u00a0 \u00a0 \u00a0 \u00a0 \u00a02591 de 1991, esta Sala es competente para resolver el recurso de \u00a0 \u00a0 \u00a0 \u00a0 \u00a0impugnaci\u00f3n interpuesto por la parte accionante contra la \u00a0 \u00a0 \u00a0 \u00a0 \u00a0decisi\u00f3n proferida por la Sala Penal del Tribunal Superior \u00a0 \u00a0 \u00a0 \u00a0 \u00a0del Distrito Judicial de Bogot\u00e1. \u00a0<\/p>\n<p>\u00a0 \u00a0\u00a0 \u00a0 \u00a0 \u00a0 \u00a0<\/p>\n<p>2. Al \u00a0 \u00a0 \u00a0 \u00a0 \u00a0respecto, el problema jur\u00eddico que convoca a la Sala consiste \u00a0 \u00a0 \u00a0 \u00a0 \u00a0en determinar si frente a las providencias del 18 de febrero, 27 de \u00a0 \u00a0 \u00a0 \u00a0 \u00a0mayo, 4 de julio y 11 de septiembre de 2019, \u00a0 \u00a0 \u00a0 \u00a0 \u00a0por las que se ha negado la concesi\u00f3n del subrogado penal de \u00a0 \u00a0 \u00a0 \u00a0 \u00a0libertad condicional, se \u00a0 \u00a0 \u00a0 \u00a0 \u00a0configuran los requisitos de procedibilidad de la acci\u00f3n de \u00a0 \u00a0 \u00a0 \u00a0 \u00a0tutela contra decisiones judiciales y por tanto, debe revocarse el \u00a0 \u00a0 \u00a0 \u00a0 \u00a0fallo de tutela de primer grado para en su lugar concederse el \u00a0 \u00a0 \u00a0 \u00a0 \u00a0amparo constitucional invocado. \u00a0<\/p>\n<p>\u00a0 \u00a0\u00a0 \u00a0 \u00a0 \u00a0 \u00a0<\/p>\n<p>3. Requisitos de \u00a0 \u00a0 \u00a0 \u00a0 \u00a0procedibilidad de la acci\u00f3n de tutela contra decisiones \u00a0 \u00a0 \u00a0 \u00a0 \u00a0judiciales \u00a0<\/p>\n<p>\u00a0 \u00a0\u00a0 \u00a0 \u00a0 \u00a0 \u00a0 \u00a0 \u00a0 \u00a0 \u00a0 \u00a0 \u00a0 \u00a0 \u00a0 \u00a0<\/p>\n<p>1. El art\u00edculo \u00a0 \u00a0 \u00a0 \u00a0 \u00a0 \u00a0 \u00a0 \u00a0 \u00a086 de la Constituci\u00f3n Pol\u00edtica establece que toda \u00a0 \u00a0 \u00a0 \u00a0 \u00a0 \u00a0 \u00a0 \u00a0 \u00a0persona tiene derecho a promover acci\u00f3n de tutela ante los \u00a0 \u00a0 \u00a0 \u00a0 \u00a0 \u00a0 \u00a0 \u00a0 \u00a0jueces con miras a obtener la protecci\u00f3n inmediata de sus \u00a0 \u00a0 \u00a0 \u00a0 \u00a0 \u00a0 \u00a0 \u00a0 \u00a0garant\u00edas fundamentales, cuando por acci\u00f3n u omisi\u00f3n \u00a0 \u00a0 \u00a0 \u00a0 \u00a0 \u00a0 \u00a0 \u00a0 \u00a0le sean vulnerados o amenazados por cualquier autoridad p\u00fablica \u00a0 \u00a0 \u00a0 \u00a0 \u00a0 \u00a0 \u00a0 \u00a0 \u00a0o por particulares en los casos expresamente previstos en la ley, \u00a0 \u00a0 \u00a0 \u00a0 \u00a0 \u00a0 \u00a0 \u00a0 \u00a0siempre que no haya otro medio de defensa judicial, o existiendo, \u00a0 \u00a0 \u00a0 \u00a0 \u00a0 \u00a0 \u00a0 \u00a0 \u00a0cuando la tutela se utilice de forma transitoria para evitar la \u00a0 \u00a0 \u00a0 \u00a0 \u00a0 \u00a0 \u00a0 \u00a0 \u00a0materializaci\u00f3n de un perjuicio irremediable. \u00a0 \u00a0<\/p>\n<p>Ha \u00a0precisado la Sala que las caracter\u00edsticas de subsidiariedad y \u00a0residualidad que son predicables de la acci\u00f3n de tutela, \u00a0aparejan como consecuencia que no pueda acudirse a tal mecanismo \u00a0excepcional de amparo para lograr la intervenci\u00f3n del juez \u00a0constitucional en procesos en tr\u00e1mite, porque ello a m\u00e1s \u00a0de desnaturalizar su esencia, socava postulados constitucionales como \u00a0la independencia y la autonom\u00eda funcionales que rigen la \u00a0actividad de la Rama Judicial al tenor de la preceptiva contenida en \u00a0el art\u00edculo 228 de la Carta Pol\u00edtica. \u00a0<\/p>\n<p>\u00a0 \u00a0\u00a0 \u00a0 \u00a0 \u00a0 \u00a0 \u00a0 \u00a0 \u00a0 \u00a0 \u00a0 \u00a0 \u00a0 \u00a0 \u00a0<\/p>\n<p>2. En \u00a0 \u00a0 \u00a0 \u00a0 \u00a0 \u00a0 \u00a0 \u00a0 \u00a0trat\u00e1ndose de la procedencia de la acci\u00f3n de tutela \u00a0 \u00a0 \u00a0 \u00a0 \u00a0 \u00a0 \u00a0 \u00a0 \u00a0para cuestionar \u00a0 \u00a0 \u00a0 \u00a0 \u00a0 \u00a0 \u00a0 \u00a0 \u00a0decisiones judiciales, salvo que comporten v\u00edas de hecho, la \u00a0 \u00a0 \u00a0 \u00a0 \u00a0 \u00a0 \u00a0 \u00a0 \u00a0acci\u00f3n es improcedente, porque su finalidad no es la de \u00a0 \u00a0 \u00a0 \u00a0 \u00a0 \u00a0 \u00a0 \u00a0 \u00a0revivir oportunidades o momentos procesales culminados, reponer \u00a0 \u00a0 \u00a0 \u00a0 \u00a0 \u00a0 \u00a0 \u00a0 \u00a0t\u00e9rminos de ejecutoria que permitan la impugnaci\u00f3n de \u00a0 \u00a0 \u00a0 \u00a0 \u00a0 \u00a0 \u00a0 \u00a0 \u00a0las decisiones, y tampoco constituirse en el escenario donde puedan \u00a0 \u00a0 \u00a0 \u00a0 \u00a0 \u00a0 \u00a0 \u00a0 \u00a0efectuarse valoraciones probatorias diferentes a la que realiz\u00f3 \u00a0 \u00a0 \u00a0 \u00a0 \u00a0 \u00a0 \u00a0 \u00a0 \u00a0el juez de conocimiento, a quien corresponde hacer esa labor de \u00a0 \u00a0 \u00a0 \u00a0 \u00a0 \u00a0 \u00a0 \u00a0 \u00a0acuerdo con la competencia que le asigna la ley. \u00a0 \u00a0<\/p>\n<p>Si \u00a0as\u00ed fuera, \u00a0ha dicho la Corte, el recurso de amparo, instrumento de defensa de \u00a0derechos fundamentales, trocar\u00eda en medio adverso a la \u00a0seguridad jur\u00eddica y a la estabilidad social. Por estas \u00a0razones el juez de tutela debe respetar las competencias regladas \u00a0atribuidas a otras autoridades, sin afectar su autonom\u00eda. \u00a0<\/p>\n<p>\u00a0 \u00a0\u00a0 \u00a0 \u00a0 \u00a0 \u00a0 \u00a0 \u00a0 \u00a0 \u00a0 \u00a0 \u00a0 \u00a0 \u00a0 \u00a0<\/p>\n<p>3. Como \u00a0 \u00a0 \u00a0 \u00a0 \u00a0 \u00a0 \u00a0 \u00a0 \u00a0ha sido recurrentemente recordado por esta Sala, la acci\u00f3n \u00a0 \u00a0 \u00a0 \u00a0 \u00a0 \u00a0 \u00a0 \u00a0 \u00a0constitucional de tutela es un mecanismo de protecci\u00f3n \u00a0 \u00a0 \u00a0 \u00a0 \u00a0 \u00a0 \u00a0 \u00a0 \u00a0excepcional frente a providencias judiciales, su prosperidad va \u00a0 \u00a0 \u00a0 \u00a0 \u00a0 \u00a0 \u00a0 \u00a0 \u00a0ligada al cumplimiento de estrictos requisitos \u00a0 \u00a0 \u00a0 \u00a0 \u00a0 \u00a0 \u00a0 \u00a0 \u00a0de \u00a0 \u00a0 \u00a0 \u00a0 \u00a0 \u00a0 \u00a0 \u00a0 \u00a0procedibilidad que implican una carga para el accionante, tanto en \u00a0 \u00a0 \u00a0 \u00a0 \u00a0 \u00a0 \u00a0 \u00a0 \u00a0su planteamiento como en su demostraci\u00f3n, como lo ha \u00a0 \u00a0 \u00a0 \u00a0 \u00a0 \u00a0 \u00a0 \u00a0 \u00a0expuesto la propia Corte Constitucional.2 \u00a0 \u00a0<\/p>\n<p>Por este motivo, y \u00a0como ha sido desarrollado por la jurisprudencia constitucional, la \u00a0acci\u00f3n de tutela contra providencias judiciales exige: \u00a0<\/p>\n<p>a. Que la cuesti\u00f3n \u00a0que se discuta resulte de evidente relevancia constitucional. \u00a0<\/p>\n<p>b. \u00a0Que hayan sido agotados todos los medios -ordinarios y \u00a0extraordinarios- de defensa judicial al alcance de la persona \u00a0afectada, salvo que se trate de evitar la consumaci\u00f3n de un \u00a0perjuicio iusfundamental \u00a0irremediable. \u00a0<\/p>\n<p>c. \u00a0Que se cumpla el requisito de la inmediatez, es decir, que la tutela \u00a0se hubiere interpuesto en un t\u00e9rmino razonable y proporcionado \u00a0a partir del hecho que origin\u00f3 la vulneraci\u00f3n. \u00a0<\/p>\n<p>d. Cuando se trate \u00a0de una irregularidad procesal, debe quedar claro que la misma tiene \u00a0un efecto decisivo o determinante en la sentencia que se impugna y \u00a0que ata\u00f1e a los derechos fundamentales del accionante. \u00a0<\/p>\n<p>e. \u00a0Que el accionante identifique de manera razonable tanto los hechos \u00a0que generaron la vulneraci\u00f3n como los derechos vulnerados y \u00a0que hubiere alegado tal vulneraci\u00f3n en el proceso judicial, \u00a0siempre que esto hubiere sido posible. \u00a0<\/p>\n<p>f. \u00a0Que la decisi\u00f3n judicial contra la cual se formula la acci\u00f3n \u00a0de tutela no se corresponda con sentencias de tutela. \u00a0<\/p>\n<p>Los \u00a0anteriores requisitos, no pueden quedarse en meros enunciados, pues \u00a0han sido reiterados por la Corte Constitucional, primero en la \u00a0sentencia C-590 \u00a0de 2005, luego en las decisiones T-332, T-212 y T-780 de 2006, \u00a0reforzando lo dicho en la primera de las mencionadas providencias, en \u00a0el sentido que, cuando se trata \u00a0de acciones de tutela contra providencias judiciales, las mismas solo \u00a0pueden tener cabida \u00ab\u2026si \u00a0se cumplen ciertos y rigurosos requisitos de procedibilidad. Dentro \u00a0de estos pueden distinguirse unos de car\u00e1cter general, que \u00a0habilitan la interposici\u00f3n de la tutela, y otros de car\u00e1cter \u00a0espec\u00edfico, que tocan con la procedencia misma del amparo, una \u00a0vez interpuesta\u00bb \u00a0(Textual). \u00a0<\/p>\n<p>En punto de las \u00a0exigencias espec\u00edficas, como fue recogido en la sentencia \u00a0C-590 de 2005, han sido establecidas las que a continuaci\u00f3n se \u00a0relacionan: \u00a0<\/p>\n<p>a. \u00a0 \u00a0 \u00a0 \u00a0Defecto \u00a0org\u00e1nico, que se presenta cuando el funcionario judicial que \u00a0profiri\u00f3 la providencia impugnada carece absolutamente de \u00a0competencia para ello. \u00a0 \u00a0 \u00a0 \u00a0 \u00a0 \u00a0<\/p>\n<p>2. Defecto procedimental absoluto, que se origina cuando el juez actu\u00f3 \u00a0 \u00a0 \u00a0 \u00a0 \u00a0completamente al margen del procedimiento establecido.<\/p>\n<p>3. Defecto f\u00e1ctico, el cual surge cuando el juez carece del \u00a0 \u00a0 \u00a0 \u00a0 \u00a0apoyo probatorio que permita la aplicaci\u00f3n del supuesto legal \u00a0 \u00a0 \u00a0 \u00a0 \u00a0en el que se sustenta la decisi\u00f3n.<\/p>\n<p>4. Defecto \u00a0 \u00a0 \u00a0 \u00a0 \u00a0material o sustantivo, como son los casos en que se decide con base \u00a0 \u00a0 \u00a0 \u00a0 \u00a0en normas inexistentes o inconstitucionales3 \u00a0 \u00a0 \u00a0 \u00a0 \u00a0o que presentan una evidente y grosera contradicci\u00f3n entre \u00a0 \u00a0 \u00a0 \u00a0 \u00a0los fundamentos y la decisi\u00f3n;<\/p>\n<p>5. Error inducido, el cual surge cuando el juez o tribunal fue v\u00edctima \u00a0 \u00a0 \u00a0 \u00a0 \u00a0de un enga\u00f1o por parte de terceros y ese enga\u00f1o lo \u00a0 \u00a0 \u00a0 \u00a0 \u00a0condujo a la toma de una decisi\u00f3n que afecta derechos \u00a0 \u00a0 \u00a0 \u00a0 \u00a0fundamentales.<\/p>\n<p>6. Decisi\u00f3n \u00a0 \u00a0 \u00a0 \u00a0 \u00a0sin motivaci\u00f3n, \u00a0 \u00a0 \u00a0 \u00a0 \u00a0que implica el incumplimiento de los funcionarios judiciales de \u00a0 \u00a0 \u00a0 \u00a0 \u00a0explicitar los fundamentos f\u00e1cticos y jur\u00eddicos de sus \u00a0 \u00a0 \u00a0 \u00a0 \u00a0decisiones, en el entendido que precisamente en esa motivaci\u00f3n \u00a0 \u00a0 \u00a0 \u00a0 \u00a0reposa la legitimidad de su \u00f3rbita funcional.<\/p>\n<p>7. Desconocimiento \u00a0 \u00a0 \u00a0 \u00a0 \u00a0del precedente, hip\u00f3tesis que se presenta, por ejemplo, \u00a0 \u00a0 \u00a0 \u00a0 \u00a0cuando la Corte Constitucional establece el alcance de un derecho \u00a0 \u00a0 \u00a0 \u00a0 \u00a0fundamental y el juez ordinario aplica una ley limitando \u00a0 \u00a0 \u00a0 \u00a0 \u00a0sustancialmente dicho alcance. En estos casos la tutela procede como \u00a0 \u00a0 \u00a0 \u00a0 \u00a0mecanismo para garantizar la eficacia jur\u00eddica del contenido \u00a0 \u00a0 \u00a0 \u00a0 \u00a0constitucionalmente vinculante del derecho fundamental vulnerado \u00a0 \u00a0 \u00a0 \u00a0 \u00a0[4].<\/p>\n<p>8. Violaci\u00f3n \u00a0 \u00a0 \u00a0 \u00a0 \u00a0directa de la Constituci\u00f3n. \u00a0 \u00a0 \u00a0 \u00a0 \u00a0(Textual). \u00a0<\/p>\n<p>Queda \u00a0entonces claro que en \u00a0atenci\u00f3n a la fuerza normativa de la cosa juzgada y al respeto \u00a0de la autonom\u00eda judicial, la acci\u00f3n consagrada en el \u00a0art\u00edculo 86 de la Constituci\u00f3n Nacional, cuando se \u00a0dirige a cuestionar una decisi\u00f3n judicial, tiene car\u00e1cter \u00a0excepcional, y su prosperidad est\u00e1 atada a que se cumplan los \u00a0requisitos de procedibilidad anteriormente enunciados. De manera que \u00a0quien acude a ella tiene la carga no s\u00f3lo respecto de su \u00a0planteamiento, sino de su demostraci\u00f3n. \u00a0<\/p>\n<p>\u00a0 \u00a0\u00a0 \u00a0 \u00a0 \u00a0 \u00a0<\/p>\n<p>3. An\u00e1lisis \u00a0 \u00a0 \u00a0 \u00a0 \u00a0del caso concreto \u00a0<\/p>\n<p>\u00a0 \u00a0\u00a0 \u00a0 \u00a0 \u00a0 \u00a0 \u00a0 \u00a0 \u00a0 \u00a0 \u00a0 \u00a0 \u00a0 \u00a0 \u00a0<\/p>\n<p>1. Cuesti\u00f3n \u00a0 \u00a0 \u00a0 \u00a0 \u00a0 \u00a0 \u00a0 \u00a0 \u00a0preliminar \u00a0 \u00a0<\/p>\n<p>\u00a0 \u00a0\u00a0 \u00a0 \u00a0 \u00a0 \u00a0 \u00a0 \u00a0 \u00a0 \u00a0 \u00a0 \u00a0 \u00a0 \u00a0 \u00a0 \u00a0 \u00a0 \u00a0 \u00a0 \u00a0 \u00a0 \u00a0 \u00a0 \u00a0 \u00a0 \u00a0 \u00a0 \u00a0<\/p>\n<p>1. Conforme \u00a0 \u00a0 \u00a0 \u00a0 \u00a0 \u00a0 \u00a0 \u00a0 \u00a0 \u00a0 \u00a0 \u00a0 \u00a0a los reparos vertidos por el opugnador en su escrito de alzada, \u00a0 \u00a0 \u00a0 \u00a0 \u00a0 \u00a0 \u00a0 \u00a0 \u00a0 \u00a0 \u00a0 \u00a0 \u00a0se tiene que uno de ellos se encamina a plantear la declaratoria \u00a0 \u00a0 \u00a0 \u00a0 \u00a0 \u00a0 \u00a0 \u00a0 \u00a0 \u00a0 \u00a0 \u00a0 \u00a0de la nulidad del presente tr\u00e1mite debido a la falta de \u00a0 \u00a0 \u00a0 \u00a0 \u00a0 \u00a0 \u00a0 \u00a0 \u00a0 \u00a0 \u00a0 \u00a0 \u00a0notificaci\u00f3n personal del auto admisorio de la demanda de \u00a0 \u00a0 \u00a0 \u00a0 \u00a0 \u00a0 \u00a0 \u00a0 \u00a0 \u00a0 \u00a0 \u00a0 \u00a0tutela al promotor del amparo. \u00a0 \u00a0 \u00a0 \u00a0 \u00a0 \u00a0 \u00a0<\/p>\n<p>\u00a0 \u00a0\u00a0 \u00a0 \u00a0 \u00a0 \u00a0 \u00a0 \u00a0 \u00a0 \u00a0 \u00a0 \u00a0 \u00a0 \u00a0 \u00a0 \u00a0 \u00a0 \u00a0 \u00a0 \u00a0 \u00a0 \u00a0 \u00a0 \u00a0 \u00a0 \u00a0 \u00a0 \u00a0<\/p>\n<p>2. El \u00a0 \u00a0 \u00a0 \u00a0 \u00a0 \u00a0 \u00a0 \u00a0 \u00a0 \u00a0 \u00a0 \u00a0 \u00a0modo o acto procesal de garantizar la activaci\u00f3n del \u00a0 \u00a0 \u00a0 \u00a0 \u00a0 \u00a0 \u00a0 \u00a0 \u00a0 \u00a0 \u00a0 \u00a0 \u00a0derecho de defensa en un proceso judicial y\/o administrativo son \u00a0 \u00a0 \u00a0 \u00a0 \u00a0 \u00a0 \u00a0 \u00a0 \u00a0 \u00a0 \u00a0 \u00a0 \u00a0las denominadas notificaciones, cuya finalidad se dirige a \u00a0 \u00a0 \u00a0 \u00a0 \u00a0 \u00a0 \u00a0 \u00a0 \u00a0 \u00a0 \u00a0 \u00a0 \u00a0materializar el principio de publicidad de la funci\u00f3n \u00a0 \u00a0 \u00a0 \u00a0 \u00a0 \u00a0 \u00a0 \u00a0 \u00a0 \u00a0 \u00a0 \u00a0 \u00a0jurisdiccional previsto en el ordenamiento constitucional \u2013 \u00a0 \u00a0 \u00a0 \u00a0 \u00a0 \u00a0 \u00a0 \u00a0 \u00a0 \u00a0 \u00a0 \u00a0 \u00a0art. 228 -, por tanto, la noci\u00f3n de notificaci\u00f3n se \u00a0 \u00a0 \u00a0 \u00a0 \u00a0 \u00a0 \u00a0 \u00a0 \u00a0 \u00a0 \u00a0 \u00a0 \u00a0refiere a \u201cun \u00a0 \u00a0 \u00a0 \u00a0 \u00a0 \u00a0 \u00a0 \u00a0 \u00a0 \u00a0 \u00a0 \u00a0 \u00a0acto procesal mediante el cual se hacen saber o se ponen en \u00a0 \u00a0 \u00a0 \u00a0 \u00a0 \u00a0 \u00a0 \u00a0 \u00a0 \u00a0 \u00a0 \u00a0 \u00a0conocimiento de las partes o de terceros las decisiones adoptadas \u00a0 \u00a0 \u00a0 \u00a0 \u00a0 \u00a0 \u00a0 \u00a0 \u00a0 \u00a0 \u00a0 \u00a0 \u00a0por los funcionarios respectivos, con las formalidades se\u00f1aladas \u00a0 \u00a0 \u00a0 \u00a0 \u00a0 \u00a0 \u00a0 \u00a0 \u00a0 \u00a0 \u00a0 \u00a0 \u00a0en las normas legales\u2026Por \u00a0 \u00a0 \u00a0 \u00a0 \u00a0 \u00a0 \u00a0 \u00a0 \u00a0 \u00a0 \u00a0 \u00a0 \u00a0efecto de dicho acto, sus destinatarios tienen la posibilidad de \u00a0 \u00a0 \u00a0 \u00a0 \u00a0 \u00a0 \u00a0 \u00a0 \u00a0 \u00a0 \u00a0 \u00a0 \u00a0cumplir las decisiones que se les comunican o de impugnarlas en el \u00a0 \u00a0 \u00a0 \u00a0 \u00a0 \u00a0 \u00a0 \u00a0 \u00a0 \u00a0 \u00a0 \u00a0 \u00a0caso de que est\u00e9n en desacuerdo con ellas y ejercer su \u00a0 \u00a0 \u00a0 \u00a0 \u00a0 \u00a0 \u00a0 \u00a0 \u00a0 \u00a0 \u00a0 \u00a0 \u00a0derecho de defensa. Por esta raz\u00f3n, el mismo constituye un \u00a0 \u00a0 \u00a0 \u00a0 \u00a0 \u00a0 \u00a0 \u00a0 \u00a0 \u00a0 \u00a0 \u00a0 \u00a0elemento b\u00e1sico del debido proceso previsto en el Art. 29 \u00a0 \u00a0 \u00a0 \u00a0 \u00a0 \u00a0 \u00a0 \u00a0 \u00a0 \u00a0 \u00a0 \u00a0 \u00a0de la Constituci\u00f3n.\u201d5 \u00a0 \u00a0 \u00a0 \u00a0 \u00a0 \u00a0 \u00a0<\/p>\n<p>\u00a0 \u00a0\u00a0 \u00a0 \u00a0 \u00a0 \u00a0 \u00a0 \u00a0 \u00a0 \u00a0 \u00a0 \u00a0 \u00a0 \u00a0 \u00a0 \u00a0 \u00a0 \u00a0 \u00a0 \u00a0 \u00a0 \u00a0 \u00a0 \u00a0 \u00a0 \u00a0 \u00a0 \u00a0<\/p>\n<p>3. En \u00a0 \u00a0 \u00a0 \u00a0 \u00a0 \u00a0 \u00a0 \u00a0 \u00a0 \u00a0 \u00a0 \u00a0 \u00a0lo que respecta a los actos de notificaci\u00f3n que se surtan \u00a0 \u00a0 \u00a0 \u00a0 \u00a0 \u00a0 \u00a0 \u00a0 \u00a0 \u00a0 \u00a0 \u00a0 \u00a0al interior del tr\u00e1mite de tutela, estos han sido reglados \u00a0 \u00a0 \u00a0 \u00a0 \u00a0 \u00a0 \u00a0 \u00a0 \u00a0 \u00a0 \u00a0 \u00a0 \u00a0de forma expresa por la normas especiales que cobijan ese tipo de \u00a0 \u00a0 \u00a0 \u00a0 \u00a0 \u00a0 \u00a0 \u00a0 \u00a0 \u00a0 \u00a0 \u00a0 \u00a0procedimiento, encontrando que el Decreto 2591 de 1991 en su \u00a0 \u00a0 \u00a0 \u00a0 \u00a0 \u00a0 \u00a0 \u00a0 \u00a0 \u00a0 \u00a0 \u00a0 \u00a0art\u00edculo 3\u00b0 consagra entre los principios del tr\u00e1mite \u00a0 \u00a0 \u00a0 \u00a0 \u00a0 \u00a0 \u00a0 \u00a0 \u00a0 \u00a0 \u00a0 \u00a0 \u00a0constitucional en referencia \u201c\u2026se \u00a0 \u00a0 \u00a0 \u00a0 \u00a0 \u00a0 \u00a0 \u00a0 \u00a0 \u00a0 \u00a0 \u00a0 \u00a0desarrollar\u00e1 con arreglo a los principios de publicidad\u201d, \u00a0 \u00a0 \u00a0 \u00a0 \u00a0 \u00a0 \u00a0 \u00a0 \u00a0 \u00a0 \u00a0 \u00a0 \u00a0por \u00a0 \u00a0 \u00a0 \u00a0 \u00a0 \u00a0 \u00a0 \u00a0 \u00a0 \u00a0 \u00a0 \u00a0 \u00a0su parte, el art\u00edculo 16 \u00a0 \u00a0 \u00a0 \u00a0 \u00a0 \u00a0 \u00a0 \u00a0 \u00a0 \u00a0 \u00a0 \u00a0 \u00a0se\u00f1ala \u201clas \u00a0 \u00a0 \u00a0 \u00a0 \u00a0 \u00a0 \u00a0 \u00a0 \u00a0 \u00a0 \u00a0 \u00a0 \u00a0providencias que se dicten se notificar\u00e1n a las partes o \u00a0 \u00a0 \u00a0 \u00a0 \u00a0 \u00a0 \u00a0 \u00a0 \u00a0 \u00a0 \u00a0 \u00a0 \u00a0intervinientes, por el medio que el juez considere m\u00e1s \u00a0 \u00a0 \u00a0 \u00a0 \u00a0 \u00a0 \u00a0 \u00a0 \u00a0 \u00a0 \u00a0 \u00a0 \u00a0expedito y eficaz\u201d. \u00a0 \u00a0 \u00a0 \u00a0 \u00a0 \u00a0 \u00a0<\/p>\n<p>Por \u00a0otra parte, el acto administrativo general reglamentario 306 de 1992 \u00a0indica que \u201cART\u00cdCULO\u00a05\u00ba-\u00a0De \u00a0la notificaci\u00f3n de las providencias a las partes.\u00a0De \u00a0conformidad con el art\u00edculo 16 del Decreto 2591 de 1991 todas \u00a0las providencias que se dicten en el tr\u00e1mite de una acci\u00f3n \u00a0de tutela se deber\u00e1n notificar a las partes o a los \u00a0intervinientes\u2026El juez velar\u00e1 porque de acuerdo con las \u00a0circunstancias, el medio y la oportunidad de la notificaci\u00f3n \u00a0aseguren la eficacia de la misma y la posibilidad de ejercer el \u00a0derecho de defensa.\u201d, disposici\u00f3n \u00a0reiterada en el art\u00edculo 2.2.3.1.1.4. del Decreto 1069 de \u00a02015. \u00a0<\/p>\n<p>Por \u00a0consiguiente, refulge con claridad que las normas especiales que \u00a0reglamentan el tr\u00e1mite de la acci\u00f3n de tutela consagran \u00a0como principio fundante el de publicidad, el cual se alcanza o \u00a0materializa con el acto procesal de enteramiento de las providencias \u00a0judiciales proferidas al interior del proceso supra \u00a0legal, \u00a0sin embargo, en ning\u00fan momento consagran alg\u00fan tipo de \u00a0forma espec\u00edfica de notificaci\u00f3n, tan solo exige que la \u00a0comunicaci\u00f3n sea expedita y eficaz, esto es, que sea r\u00e1pida, \u00a0oportuna y que garantice al destinatario el conocimiento efectivo, \u00a0completo y fidedigno del contenido de la providencia, en aras de \u00a0salvaguardar el derecho al debido proceso de las partes que integran \u00a0el contradictorio (CC A \u2013 065 de 2013). \u00a0<\/p>\n<p>Bajo \u00a0ese marco jur\u00eddico, es notoria la importancia del acto de \u00a0notificaci\u00f3n de las providencias judiciales a las partes e \u00a0intervinientes, pues con dicha comunicaci\u00f3n se activan sus \u00a0herramientas jur\u00eddicas de acci\u00f3n y contradicci\u00f3n, \u00a0por tanto, ante la ausencia de tal acto judicial se incurre en una \u00a0irregularidad o yerro que afectar\u00e1 la validez de la actuaci\u00f3n. \u00a0 \u00a0 \u00a0 \u00a0 \u00a0 \u00a0 \u00a0 \u00a0 \u00a0 \u00a0 \u00a0 \u00a0 \u00a0 \u00a0 \u00a0 \u00a0 \u00a0 \u00a0 \u00a0 \u00a0 \u00a0 \u00a0 \u00a0 \u00a0 \u00a0 \u00a0 \u00a0 \u00a0<\/p>\n<p>4. As\u00ed, \u00a0 \u00a0 \u00a0 \u00a0 \u00a0 \u00a0 \u00a0 \u00a0 \u00a0 \u00a0 \u00a0 \u00a0 \u00a0en relaci\u00f3n con el deber de notificar el auto de av\u00f3quese, \u00a0 \u00a0 \u00a0 \u00a0 \u00a0 \u00a0 \u00a0 \u00a0 \u00a0 \u00a0 \u00a0 \u00a0 \u00a0proceder que tiene incidencia en la garant\u00eda consagrada en \u00a0 \u00a0 \u00a0 \u00a0 \u00a0 \u00a0 \u00a0 \u00a0 \u00a0 \u00a0 \u00a0 \u00a0 \u00a0el art\u00edculo 29 Superior, el m\u00e1ximo tribunal de la \u00a0 \u00a0 \u00a0 \u00a0 \u00a0 \u00a0 \u00a0 \u00a0 \u00a0 \u00a0 \u00a0 \u00a0 \u00a0jurisdicci\u00f3n constitucional ha se\u00f1alado que: \u00a0 \u00a0 \u00a0 \u00a0 \u00a0 \u00a0 \u00a0<\/p>\n<p>[\u2026] \u00a0Seg\u00fan se infiere de las normas anteriores, las decisiones que \u00a0profiera el juez de tutela deben comunicarse al \u00a0accionante, \u00a0al demandado y a los terceros que pudieren verse afectados, con el \u00a0fin de que \u00e9stos tengan conocimiento sobre las mismas y puedan \u00a0impugnar las decisiones que all\u00ed se adopten. La jurisprudencia \u00a0de esta Corporaci\u00f3n\u00a0 ha expresado de manera reiterada que \u00a0la notificaci\u00f3n no es un acto meramente formal, sino que \u201cdebe \u00a0surtirse en debida forma y de manera eficaz, es decir, con \u00a0independencia de la forma adoptada, materialmente debe garantizarse \u00a0que el acto se haga p\u00fablico, sea puesto en conocimiento del \u00a0interesado, con el fin de que no se viole el debido proceso\u201d. \u00a0<\/p>\n<p>\u00a0 \u00a0<\/p>\n<p>Dentro \u00a0de las decisiones que deben notificarse en el curso del proceso de \u00a0tutela est\u00e1 el auto admisorio de la demanda, \u00a0notificaci\u00f3n que es de suma importancia, pues es el mecanismo \u00a0procesal a partir del cual se efect\u00faa la debida integraci\u00f3n \u00a0del contradictorio. La Corte en varias oportunidades ha se\u00f1alado \u00a0la necesidad de notificar al demandado la iniciaci\u00f3n del \u00a0procedimiento que se origina con la presentaci\u00f3n de una acci\u00f3n \u00a0de tutela en su contra, con el prop\u00f3sito de que pueda ejercer \u00a0su derecho de defensa y hacer uso de las garant\u00edas propias del \u00a0debido proceso, que le asisten en su calidad de sujeto pasivo de la \u00a0acci\u00f3n. (\u00c9nfasis ajeno a texto original) (CC A-123 de \u00a02009). \u00a0<\/p>\n<p>\u00a0 \u00a0\u00a0 \u00a0 \u00a0 \u00a0 \u00a0 \u00a0 \u00a0 \u00a0 \u00a0 \u00a0 \u00a0 \u00a0 \u00a0 \u00a0 \u00a0 \u00a0 \u00a0 \u00a0 \u00a0 \u00a0 \u00a0 \u00a0 \u00a0 \u00a0 \u00a0 \u00a0 \u00a0<\/p>\n<p>5. Ahora \u00a0 \u00a0 \u00a0 \u00a0 \u00a0 \u00a0 \u00a0 \u00a0 \u00a0 \u00a0 \u00a0 \u00a0 \u00a0bien, en lo que respecta a la aplicaci\u00f3n de la figura \u00a0 \u00a0 \u00a0 \u00a0 \u00a0 \u00a0 \u00a0 \u00a0 \u00a0 \u00a0 \u00a0 \u00a0 \u00a0jur\u00eddica de las nulidades procesales al interior de los \u00a0 \u00a0 \u00a0 \u00a0 \u00a0 \u00a0 \u00a0 \u00a0 \u00a0 \u00a0 \u00a0 \u00a0 \u00a0tr\u00e1mites de tutela, debe advertirse que aquello se torna a \u00a0 \u00a0 \u00a0 \u00a0 \u00a0 \u00a0 \u00a0 \u00a0 \u00a0 \u00a0 \u00a0 \u00a0 \u00a0todas luces procedente y necesario, toda vez que, a pesar de la \u00a0 \u00a0 \u00a0 \u00a0 \u00a0 \u00a0 \u00a0 \u00a0 \u00a0 \u00a0 \u00a0 \u00a0 \u00a0naturaleza constitucional del escenario, el mismo no est\u00e1 \u00a0 \u00a0 \u00a0 \u00a0 \u00a0 \u00a0 \u00a0 \u00a0 \u00a0 \u00a0 \u00a0 \u00a0 \u00a0exento de adolecer de vicios que puedan afectar su validez, que en \u00a0 \u00a0 \u00a0 \u00a0 \u00a0 \u00a0 \u00a0 \u00a0 \u00a0 \u00a0 \u00a0 \u00a0 \u00a0muchas circunstancias pueden desembocar en el quebrantamiento de \u00a0 \u00a0 \u00a0 \u00a0 \u00a0 \u00a0 \u00a0 \u00a0 \u00a0 \u00a0 \u00a0 \u00a0 \u00a0derechos fundamentales de las partes e intervinientes. \u00a0 \u00a0 \u00a0 \u00a0 \u00a0 \u00a0 \u00a0<\/p>\n<p>Por \u00a0consiguiente, comoquiera que las normas especiales propias de la \u00a0acci\u00f3n constitucional de protecci\u00f3n de derechos \u00a0fundamentales no regulan el tema de las nulidades procesales, \u00a0aquellas se deber\u00e1n regir por los postulados legales previstos \u00a0en la legislaci\u00f3n procesal civil, C\u00f3digo General del \u00a0Proceso, de conformidad con la remisi\u00f3n que efect\u00faan \u00a0los art\u00edculos 2.2.3.1.1.3 del Decreto 1069 de 2015 y el \u00a0art\u00edculo 4\u00ba del Decreto 306. \u00a0<\/p>\n<p>En ese orden de \u00a0ideas, el canon 133 del C.G.P. se\u00f1al\u00f3 que el proceso es \u00a0nulo en todo o en parte, solamente en los siguientes casos: \u00a0<\/p>\n<p>[\u2026] \u00a08. \u00a0Cuando no se practica en legal forma la notificaci\u00f3n del auto \u00a0admisorio de la demanda a personas determinadas, o el emplazamiento \u00a0de las dem\u00e1s personas aunque sean indeterminadas, que deban \u00a0ser citadas como partes, o de aqu\u00e9llas que deban suceder en el \u00a0proceso a cualquiera de las partes, cuando la ley as\u00ed lo \u00a0ordena, o no se cita en debida forma al Ministerio P\u00fablico o a \u00a0cualquier otra persona o entidad que de acuerdo con la ley debi\u00f3 \u00a0ser citado. \u00a0<\/p>\n<p>Del \u00a0anterior precepto normativo, con claridad se advierte que la \u00a0irregularidad aqu\u00ed consagrada cobija no solo al extremo \u00a0pasivo, como anteriormente lo regulaba el numeral 8 del art\u00edculo \u00a0140 del C.P.C.6, \u00a0sino que se extiende a todas las personas que tienen un inter\u00e9s \u00a0leg\u00edtimo en el asunto, dentro de las que hace parte el \u00a0accionante, en trat\u00e1ndose de acciones de tutela. \u00a0<\/p>\n<p>Como \u00a0complemento de lo precedente, se tiene que el r\u00e9gimen de \u00a0nulidades procesales tambi\u00e9n se encuentra sujeto a una serie \u00a0de principios que en caso de no ser satisfechos evitan la \u00a0invalidaci\u00f3n de la actuaci\u00f3n, estos son, la \u00a0especificidad, protecci\u00f3n, convalidaci\u00f3n y \u00a0trascendencia, \u00faltimo cuya teleolog\u00eda se encamina a que \u00a0\u00ab[\u2026]el \u00a0defecto \u00a0procesal menoscabe \u00a0irremediablemente \u00a0los derechos de los sujetos procesales, por atentar contra sus \u00a0garant\u00edas o suprimirlas \u00a0(n\u00fam\u00b0 \u00a04, art. 144 del C.P.C, hoy n\u00fam. \u00a04\u00b0, art. 136 del C.G.P.).\u00bb \u00a0(CSJ SC3653-2019, 10 de sep. 2019). \u00a0<\/p>\n<p>\u00a0 \u00a0\u00a0 \u00a0 \u00a0 \u00a0 \u00a0 \u00a0 \u00a0 \u00a0 \u00a0 \u00a0 \u00a0 \u00a0 \u00a0 \u00a0 \u00a0 \u00a0 \u00a0 \u00a0 \u00a0 \u00a0 \u00a0 \u00a0 \u00a0 \u00a0 \u00a0 \u00a0 \u00a0<\/p>\n<p>6. Conforme \u00a0 \u00a0 \u00a0 \u00a0 \u00a0 \u00a0 \u00a0 \u00a0 \u00a0 \u00a0 \u00a0 \u00a0 \u00a0los derroteros jur\u00eddicos tra\u00eddos a colaci\u00f3n, \u00a0 \u00a0 \u00a0 \u00a0 \u00a0 \u00a0 \u00a0 \u00a0 \u00a0 \u00a0 \u00a0 \u00a0 \u00a0descendiendo al caso objeto de estudio, en efecto, al revisar el \u00a0 \u00a0 \u00a0 \u00a0 \u00a0 \u00a0 \u00a0 \u00a0 \u00a0 \u00a0 \u00a0 \u00a0 \u00a0expediente se demostr\u00f3 que la autoridad judicial de primera \u00a0 \u00a0 \u00a0 \u00a0 \u00a0 \u00a0 \u00a0 \u00a0 \u00a0 \u00a0 \u00a0 \u00a0 \u00a0instancia incurri\u00f3 en un yerro de orden procesal al no \u00a0 \u00a0 \u00a0 \u00a0 \u00a0 \u00a0 \u00a0 \u00a0 \u00a0 \u00a0 \u00a0 \u00a0 \u00a0haber notificado al accionante el auto del 8 de noviembre de 2019, \u00a0 \u00a0 \u00a0 \u00a0 \u00a0 \u00a0 \u00a0 \u00a0 \u00a0 \u00a0 \u00a0 \u00a0 \u00a0por el cual avoc\u00f3 el conocimiento del resguardo \u00a0 \u00a0 \u00a0 \u00a0 \u00a0 \u00a0 \u00a0 \u00a0 \u00a0 \u00a0 \u00a0 \u00a0 \u00a0constitucional de la referencia, desconociendo de este modo los \u00a0 \u00a0 \u00a0 \u00a0 \u00a0 \u00a0 \u00a0 \u00a0 \u00a0 \u00a0 \u00a0 \u00a0 \u00a0postulados legales, sin embargo, a criterio de esta Sala, tal \u00a0 \u00a0 \u00a0 \u00a0 \u00a0 \u00a0 \u00a0 \u00a0 \u00a0 \u00a0 \u00a0 \u00a0 \u00a0incorrecci\u00f3n resulta ser intrascendente, puesto que en \u00a0 \u00a0 \u00a0 \u00a0 \u00a0 \u00a0 \u00a0 \u00a0 \u00a0 \u00a0 \u00a0 \u00a0 \u00a0manera alguna afect\u00f3 de manera real o material el derecho \u00a0 \u00a0 \u00a0 \u00a0 \u00a0 \u00a0 \u00a0 \u00a0 \u00a0 \u00a0 \u00a0 \u00a0 \u00a0al debido proceso del promotor de la s\u00faplica, antes bien, \u00a0 \u00a0 \u00a0 \u00a0 \u00a0 \u00a0 \u00a0 \u00a0 \u00a0 \u00a0 \u00a0 \u00a0 \u00a0el ejercicio de las prerrogativas que le asisten dentro de este \u00a0 \u00a0 \u00a0 \u00a0 \u00a0 \u00a0 \u00a0 \u00a0 \u00a0 \u00a0 \u00a0 \u00a0 \u00a0escenario son garantizadas con el conocimiento de la alzada \u00a0 \u00a0 \u00a0 \u00a0 \u00a0 \u00a0 \u00a0 \u00a0 \u00a0 \u00a0 \u00a0 \u00a0 \u00a0propuesta, mecanismo a trav\u00e9s del cual pod\u00eda \u00a0 \u00a0 \u00a0 \u00a0 \u00a0 \u00a0 \u00a0 \u00a0 \u00a0 \u00a0 \u00a0 \u00a0 \u00a0adicionar los argumentos, no hechos, que soportan su tesis de \u00a0 \u00a0 \u00a0 \u00a0 \u00a0 \u00a0 \u00a0 \u00a0 \u00a0 \u00a0 \u00a0 \u00a0 \u00a0vulneraci\u00f3n y, adem\u00e1s de ello, en caso de \u00a0 \u00a0 \u00a0 \u00a0 \u00a0 \u00a0 \u00a0 \u00a0 \u00a0 \u00a0 \u00a0 \u00a0 \u00a0considerarlo necesario, solicitar al juez de segunda otros \u00a0 \u00a0 \u00a0 \u00a0 \u00a0 \u00a0 \u00a0 \u00a0 \u00a0 \u00a0 \u00a0 \u00a0 \u00a0elementos de prueba, conforme lo prev\u00e9 el art\u00edculo \u00a0 \u00a0 \u00a0 \u00a0 \u00a0 \u00a0 \u00a0 \u00a0 \u00a0 \u00a0 \u00a0 \u00a0 \u00a032 del Decreto 2591 de 19917, \u00a0 \u00a0 \u00a0 \u00a0 \u00a0 \u00a0 \u00a0 \u00a0 \u00a0 \u00a0 \u00a0 \u00a0 \u00a0lo cual no hizo, as\u00ed que la trasgresi\u00f3n denunciada \u00a0 \u00a0 \u00a0 \u00a0 \u00a0 \u00a0 \u00a0 \u00a0 \u00a0 \u00a0 \u00a0 \u00a0 \u00a0por el actor s\u00f3lo se erigen como circunstancias hipot\u00e9ticas \u00a0 \u00a0 \u00a0 \u00a0 \u00a0 \u00a0 \u00a0 \u00a0 \u00a0 \u00a0 \u00a0 \u00a0 \u00a0e inciertas. \u00a0 \u00a0 \u00a0 \u00a0 \u00a0 \u00a0 \u00a0<\/p>\n<p>Bajo \u00a0tales postulados, la Sala no \u00a0accede al reparo de invalidez formulado por el impugnante contra el \u00a0fallo de primera instancia y, en consecuencia, se proceder\u00e1 al \u00a0estudio de los reproches sustanciales. \u00a0<\/p>\n<p>\u00a0 \u00a0\u00a0 \u00a0 \u00a0 \u00a0 \u00a0 \u00a0 \u00a0 \u00a0 \u00a0 \u00a0 \u00a0 \u00a0 \u00a0 \u00a0<\/p>\n<p>2. De las \u00a0 \u00a0 \u00a0 \u00a0 \u00a0 \u00a0 \u00a0 \u00a0 \u00a0providencias que negaron la concesi\u00f3n del subrogado penal de \u00a0 \u00a0 \u00a0 \u00a0 \u00a0 \u00a0 \u00a0 \u00a0 \u00a0libertad condicional \u00a0 \u00a0<\/p>\n<p>\u00a0 \u00a0\u00a0 \u00a0 \u00a0 \u00a0 \u00a0 \u00a0 \u00a0 \u00a0 \u00a0 \u00a0 \u00a0 \u00a0 \u00a0 \u00a0 \u00a0 \u00a0 \u00a0 \u00a0 \u00a0 \u00a0 \u00a0 \u00a0 \u00a0 \u00a0 \u00a0 \u00a0 \u00a0<\/p>\n<p>1. En \u00a0 \u00a0 \u00a0 \u00a0 \u00a0 \u00a0 \u00a0 \u00a0 \u00a0 \u00a0 \u00a0 \u00a0 \u00a0el presente caso se encuentra que el accionante censura los autos \u00a0 \u00a0 \u00a0 \u00a0 \u00a0 \u00a0 \u00a0 \u00a0 \u00a0 \u00a0 \u00a0 \u00a0 \u00a0del 18 de febrero, 27 de mayo, 4 de julio y 11 de septiembre de \u00a0 \u00a0 \u00a0 \u00a0 \u00a0 \u00a0 \u00a0 \u00a0 \u00a0 \u00a0 \u00a0 \u00a0 \u00a02019 proferidos por las autoridades judiciales accionadas, \u00a0 \u00a0 \u00a0 \u00a0 \u00a0 \u00a0 \u00a0 \u00a0 \u00a0 \u00a0 \u00a0 \u00a0 \u00a0mediante los cuales han negado el otorgamiento del subrogado penal \u00a0 \u00a0 \u00a0 \u00a0 \u00a0 \u00a0 \u00a0 \u00a0 \u00a0 \u00a0 \u00a0 \u00a0 \u00a0de libertad condicional, al considerar que han desconocido la \u00a0 \u00a0 \u00a0 \u00a0 \u00a0 \u00a0 \u00a0 \u00a0 \u00a0 \u00a0 \u00a0 \u00a0 \u00a0finalidad que inspir\u00f3 la promulgaci\u00f3n de la Ley 1709 \u00a0 \u00a0 \u00a0 \u00a0 \u00a0 \u00a0 \u00a0 \u00a0 \u00a0 \u00a0 \u00a0 \u00a0 \u00a0de 2014, toda vez que, en su sentir, ante \u00a0 \u00a0 \u00a0 \u00a0 \u00a0 \u00a0 \u00a0 \u00a0 \u00a0 \u00a0 \u00a0 \u00a0 \u00a0el cumplimiento de los requisitos objetivos previstos en la norma, \u00a0 \u00a0 \u00a0 \u00a0 \u00a0 \u00a0 \u00a0 \u00a0 \u00a0 \u00a0 \u00a0 \u00a0 \u00a0no se deben valorar aquellos de car\u00e1cter subjetivo. \u00a0 \u00a0 \u00a0 \u00a0 \u00a0 \u00a0 \u00a0<\/p>\n<p>\u00a0 \u00a0\u00a0 \u00a0 \u00a0 \u00a0 \u00a0 \u00a0 \u00a0 \u00a0 \u00a0 \u00a0 \u00a0 \u00a0 \u00a0 \u00a0 \u00a0 \u00a0 \u00a0 \u00a0 \u00a0 \u00a0 \u00a0 \u00a0 \u00a0 \u00a0 \u00a0 \u00a0 \u00a0<\/p>\n<p>2. En \u00a0 \u00a0 \u00a0 \u00a0 \u00a0 \u00a0 \u00a0 \u00a0 \u00a0 \u00a0 \u00a0 \u00a0 \u00a0lo atinente a las exigencias generales de procedibilidad de la \u00a0 \u00a0 \u00a0 \u00a0 \u00a0 \u00a0 \u00a0 \u00a0 \u00a0 \u00a0 \u00a0 \u00a0 \u00a0acci\u00f3n de tutela para el cuestionamiento de providencias \u00a0 \u00a0 \u00a0 \u00a0 \u00a0 \u00a0 \u00a0 \u00a0 \u00a0 \u00a0 \u00a0 \u00a0 \u00a0judiciales, la \u00a0 \u00a0 \u00a0 \u00a0 \u00a0 \u00a0 \u00a0 \u00a0 \u00a0 \u00a0 \u00a0 \u00a0 \u00a0Sala no encuentra mayor reparo en declarar la satisfacci\u00f3n \u00a0 \u00a0 \u00a0 \u00a0 \u00a0 \u00a0 \u00a0 \u00a0 \u00a0 \u00a0 \u00a0 \u00a0 \u00a0de los par\u00e1metros rese\u00f1ados frente a los prove\u00eddos \u00a0 \u00a0 \u00a0 \u00a0 \u00a0 \u00a0 \u00a0 \u00a0 \u00a0 \u00a0 \u00a0 \u00a0 \u00a0cuestionados, toda vez que no \u00a0 \u00a0 \u00a0 \u00a0 \u00a0 \u00a0 \u00a0 \u00a0 \u00a0 \u00a0 \u00a0 \u00a0 \u00a0existe ning\u00fan otro medio ordinario o extraordinario de \u00a0 \u00a0 \u00a0 \u00a0 \u00a0 \u00a0 \u00a0 \u00a0 \u00a0 \u00a0 \u00a0 \u00a0 \u00a0defensa judicial en cabeza de la parte accionante para demandar la \u00a0 \u00a0 \u00a0 \u00a0 \u00a0 \u00a0 \u00a0 \u00a0 \u00a0 \u00a0 \u00a0 \u00a0 \u00a0protecci\u00f3n de sus garant\u00edas fundamentales. \u00a0 \u00a0 \u00a0 \u00a0 \u00a0 \u00a0 \u00a0<\/p>\n<p>\u00a0 \u00a0\u00a0 \u00a0 \u00a0 \u00a0 \u00a0 \u00a0 \u00a0 \u00a0 \u00a0 \u00a0 \u00a0 \u00a0 \u00a0 \u00a0 \u00a0 \u00a0 \u00a0 \u00a0 \u00a0 \u00a0 \u00a0 \u00a0 \u00a0 \u00a0 \u00a0 \u00a0 \u00a0<\/p>\n<p>3. Para \u00a0 \u00a0 \u00a0 \u00a0 \u00a0 \u00a0 \u00a0 \u00a0 \u00a0 \u00a0 \u00a0 \u00a0 \u00a0efectos de estudio del tema objeto de debate, resulta \u00a0 \u00a0 \u00a0 \u00a0 \u00a0 \u00a0 \u00a0 \u00a0 \u00a0 \u00a0 \u00a0 \u00a0 \u00a0indispensable traer a colaci\u00f3n el contenido de la \u00a0 \u00a0 \u00a0 \u00a0 \u00a0 \u00a0 \u00a0 \u00a0 \u00a0 \u00a0 \u00a0 \u00a0 \u00a0providencia judicial proferida el 4 de julio de 2019, en sede de \u00a0 \u00a0 \u00a0 \u00a0 \u00a0 \u00a0 \u00a0 \u00a0 \u00a0 \u00a0 \u00a0 \u00a0 \u00a0segunda instancia, por el Juzgado \u00a0 \u00a0 \u00a0 \u00a0 \u00a0 \u00a0 \u00a0 \u00a0 \u00a0 \u00a0 \u00a0 \u00a0 \u00a0Primero Penal del Circuito Especializado de Bogot\u00e1, por \u00a0 \u00a0 \u00a0 \u00a0 \u00a0 \u00a0 \u00a0 \u00a0 \u00a0 \u00a0 \u00a0 \u00a0 \u00a0la que se neg\u00f3 el subrogado penal de libertad condicional \u00a0 \u00a0 \u00a0 \u00a0 \u00a0 \u00a0 \u00a0 \u00a0 \u00a0 \u00a0 \u00a0 \u00a0 \u00a0peticionado, bajo los siguientes argumentos: \u00a0 \u00a0 \u00a0 \u00a0 \u00a0 \u00a0 \u00a0<\/p>\n<p>[\u2026] \u00a0Por ello, en el momento de proferir la sentencia, este despacho \u00a0ponder\u00f3 frente a la gravedad del comportamiento desplegado por \u00a0el ciudadano RODR\u00cdGUEZ TORRES, que era un delito de car\u00e1cter \u00a0grave pues privilegio el inter\u00e9s personal sobre los bienes \u00a0jur\u00eddicos colectivos como la salud p\u00fablica y los dem\u00e1s \u00a0intereses que se encuentran atacados por raz\u00f3n del tr\u00e1fico \u00a0y consumo de sustancias estupefacientes. \u00a0<\/p>\n<p>Estas \u00a0consideraciones, prohijadas tambi\u00e9n por el despacho ejecutor \u00a0de la sanci\u00f3n, no han sido hasta el presente momento \u00a0revaluadas y mantienen total vigencia, estim\u00e1ndose que la \u00a0conducta del encartado reviste graves connotaciones, pronosticando \u00a0por tanto la necesidad que la sanci\u00f3n cumpla en el caso de \u00a0este ciudadano todas las finalidades para las cuales fue impuesta. \u00a0<\/p>\n<p>[\u2026] \u00a0sino que adem\u00e1s de ello no hay elementos de juicio que \u00a0permitan efectuar una ponderaci\u00f3n diferente a la efectuada por \u00a0este despacho al momento de impartir la sentencia de condena\u2026por \u00a0lo cual, hasta tanto no surjan elementos diferentes y de mayor peso \u00a0espec\u00edfico para modificar este criterio, la \u00fanica \u00a0posibilidad con que cuenta dicho implicado es cumplir la sentencia \u00a0que le fue irrogada. \u00a0<\/p>\n<p>Cabe \u00a0agregar que, en las providencias del 18 de febrero y 27 de mayo del \u00a02019, proferidas en primera instancia, las cuales conforman una \u00a0unidad jur\u00eddica con el pronunciamiento que desat\u00f3 el \u00a0recurso de apelaci\u00f3n, los juzgadores aparte de declarar el \u00a0cumplimiento del requisito objetivo previsto en la norma, verificaron \u00a0el desempe\u00f1o y comportamiento del accionante durante su vida \u00a0en reclusi\u00f3n, la cual fue calificada como ejemplar y buena, a \u00a0tal punto que obtuvo resoluci\u00f3n favorable para el subrogado \u00a0reclamado. \u00a0<\/p>\n<p>\u00a0 \u00a0\u00a0 \u00a0 \u00a0 \u00a0 \u00a0 \u00a0 \u00a0 \u00a0 \u00a0 \u00a0 \u00a0 \u00a0 \u00a0 \u00a0 \u00a0 \u00a0 \u00a0 \u00a0 \u00a0 \u00a0 \u00a0 \u00a0 \u00a0 \u00a0 \u00a0 \u00a0 \u00a0<\/p>\n<p>4. As\u00ed \u00a0 \u00a0 \u00a0 \u00a0 \u00a0 \u00a0 \u00a0 \u00a0 \u00a0 \u00a0 \u00a0 \u00a0 \u00a0las cosas, debe la Corte concluir que la decisi\u00f3n de negar \u00a0 \u00a0 \u00a0 \u00a0 \u00a0 \u00a0 \u00a0 \u00a0 \u00a0 \u00a0 \u00a0 \u00a0 \u00a0la concesi\u00f3n del subrogado penal en comento estuvo \u00a0 \u00a0 \u00a0 \u00a0 \u00a0 \u00a0 \u00a0 \u00a0 \u00a0 \u00a0 \u00a0 \u00a0 \u00a0precedida del an\u00e1lisis serio de la controversia planteada y \u00a0 \u00a0 \u00a0 \u00a0 \u00a0 \u00a0 \u00a0 \u00a0 \u00a0 \u00a0 \u00a0 \u00a0 \u00a0de la aplicaci\u00f3n de las normas pertinentes, en tanto, las \u00a0 \u00a0 \u00a0 \u00a0 \u00a0 \u00a0 \u00a0 \u00a0 \u00a0 \u00a0 \u00a0 \u00a0 \u00a0autoridades judiciales accionadas s\u00ed examinaron la \u00a0 \u00a0 \u00a0 \u00a0 \u00a0 \u00a0 \u00a0 \u00a0 \u00a0 \u00a0 \u00a0 \u00a0 \u00a0situaci\u00f3n actual del demandante respecto del tratamiento \u00a0 \u00a0 \u00a0 \u00a0 \u00a0 \u00a0 \u00a0 \u00a0 \u00a0 \u00a0 \u00a0 \u00a0 \u00a0penitenciario, conforme al informe favorable de su conducta \u00a0 \u00a0 \u00a0 \u00a0 \u00a0 \u00a0 \u00a0 \u00a0 \u00a0 \u00a0 \u00a0 \u00a0 \u00a0emitido por el establecimiento carcelario, el juicio de valor \u00a0 \u00a0 \u00a0 \u00a0 \u00a0 \u00a0 \u00a0 \u00a0 \u00a0 \u00a0 \u00a0 \u00a0 \u00a0entre el tratamiento de resocializaci\u00f3n y la valoraci\u00f3n \u00a0 \u00a0 \u00a0 \u00a0 \u00a0 \u00a0 \u00a0 \u00a0 \u00a0 \u00a0 \u00a0 \u00a0 \u00a0de la conducta desplegada por el demandante, la cual se fundament\u00f3 \u00a0 \u00a0 \u00a0 \u00a0 \u00a0 \u00a0 \u00a0 \u00a0 \u00a0 \u00a0 \u00a0 \u00a0 \u00a0en las circunstancias f\u00e1cticas, elementos y consecuencias \u00a0 \u00a0 \u00a0 \u00a0 \u00a0 \u00a0 \u00a0 \u00a0 \u00a0 \u00a0 \u00a0 \u00a0 \u00a0jur\u00eddicas que cimentaron la sentencia condenatoria, \u00a0 \u00a0 \u00a0 \u00a0 \u00a0 \u00a0 \u00a0 \u00a0 \u00a0 \u00a0 \u00a0 \u00a0 \u00a0deriv\u00e1ndose de tal apreciaci\u00f3n valorativa la \u00a0 \u00a0 \u00a0 \u00a0 \u00a0 \u00a0 \u00a0 \u00a0 \u00a0 \u00a0 \u00a0 \u00a0 \u00a0necesidad que el condenado contin\u00fae privado de la libertad, \u00a0 \u00a0 \u00a0 \u00a0 \u00a0 \u00a0 \u00a0 \u00a0 \u00a0 \u00a0 \u00a0 \u00a0 \u00a0dada las particularidades en que se desarroll\u00f3 la conducta \u00a0 \u00a0 \u00a0 \u00a0 \u00a0 \u00a0 \u00a0 \u00a0 \u00a0 \u00a0 \u00a0 \u00a0 \u00a0penal objeto de juzgamiento. \u00a0 \u00a0 \u00a0 \u00a0 \u00a0 \u00a0 \u00a0<\/p>\n<p>Por \u00a0consiguiente, refulge \u00a0con nitidez que las determinaciones judiciales con las cuales se neg\u00f3 \u00a0la concesi\u00f3n del subrogado penal de libertad condicional, se \u00a0ajustaron y cimentaron en los c\u00e1nones legales y \u00a0constitucionales que la regulan, esto es, el art\u00edculo 64 del \u00a0C.P. con la modificaci\u00f3n introducida por el art\u00edculo 30 \u00a0de la Ley 1709 de 2004, precepto normativo que fue sometido a control \u00a0de constitucionalidad ante la Corte Constitucional, que en sentencia \u00a0C-757 de 2014, luego de analizar, confrontar y ponderar el contenido \u00a0del precitado art\u00edculo 30 con el orden jur\u00eddico legal y \u00a0constitucional interno, concluy\u00f3 que \u00a0la normatividad en cita, \u00a0es exequible a la luz de los principios del non \u00a0bis in \u00eddem, \u00a0juez natural (C.P. art. 29) y de la separaci\u00f3n de poderes \u00a0(C.P. art. 113). Adem\u00e1s, tampoco desconoce la prevalencia de \u00a0los tratados de derechos humanos en el orden interno. \u00a0<\/p>\n<p>Sin \u00a0embargo, dado que el texto resultante podr\u00eda implicar la \u00a0vulneraci\u00f3n del principio de legalidad, debido a que el \u00a0legislador asign\u00f3 a los jueces de ejecuci\u00f3n de penas el \u00a0deber de decidir sobre la libertad condicional con base en la \u00a0conducta punible, pero sin dar \u00ablos \u00a0par\u00e1metros para ello\u00bb, \u00a0tal como aduce el accionante, esa Corporaci\u00f3n condicion\u00f3 \u00a0la interpretaci\u00f3n de dicha disposici\u00f3n en concordancia \u00a0con lo ordenado en la sentencia C-194 \u00a0de 2005, es decir, para \u00a0conceder o negar el subrogado referido se debe tener en cuenta todas \u00a0las circunstancias, elementos y consideraciones hechas por el juez \u00a0penal en la sentencia condenatoria, sean estas favorables o \u00a0desfavorables al condenado y, por tal raz\u00f3n, el \u00a0juez vigilante de la pena no solo debe verificar el cumplimiento de \u00a0los requisitos previstos en los numerales 1 a 3 del art\u00edculo \u00a030 de la Ley 1709 de \u00a02014 que modific\u00f3 el art. 64 del C\u00f3digo Penal, sino que \u00a0para abordar dicho an\u00e1lisis debe previamente valorar la \u00a0conducta punible acorde a las directrices interpretativas impartidas \u00a0en la sentencia de constitucionalidad rese\u00f1ada, contrario \u00a0parece entenderlo el accionante. \u00a0<\/p>\n<p>\u00a0 \u00a0\u00a0 \u00a0 \u00a0 \u00a0 \u00a0 \u00a0 \u00a0 \u00a0 \u00a0 \u00a0 \u00a0 \u00a0 \u00a0 \u00a0 \u00a0 \u00a0 \u00a0 \u00a0 \u00a0 \u00a0 \u00a0 \u00a0 \u00a0 \u00a0 \u00a0 \u00a0 \u00a0<\/p>\n<p>5. Por \u00a0 \u00a0 \u00a0 \u00a0 \u00a0 \u00a0 \u00a0 \u00a0 \u00a0 \u00a0 \u00a0 \u00a0 \u00a0otra parte, en lo que concierne al auto adiado 11 de septiembre de \u00a0 \u00a0 \u00a0 \u00a0 \u00a0 \u00a0 \u00a0 \u00a0 \u00a0 \u00a0 \u00a0 \u00a0 \u00a02019, por el cual se dispuso estarse a lo decidido en las \u00a0 \u00a0 \u00a0 \u00a0 \u00a0 \u00a0 \u00a0 \u00a0 \u00a0 \u00a0 \u00a0 \u00a0 \u00a0providencias previamente analizadas, por nueva solicitud de \u00a0 \u00a0 \u00a0 \u00a0 \u00a0 \u00a0 \u00a0 \u00a0 \u00a0 \u00a0 \u00a0 \u00a0 \u00a0concesi\u00f3n de libertad condicional bajo los mismos \u00a0 \u00a0 \u00a0 \u00a0 \u00a0 \u00a0 \u00a0 \u00a0 \u00a0 \u00a0 \u00a0 \u00a0 \u00a0fundamentos ya estudiados, resulta \u00a0 \u00a0 \u00a0 \u00a0 \u00a0 \u00a0 \u00a0 \u00a0 \u00a0 \u00a0 \u00a0 \u00a0 \u00a0pertinente recordar que esta Corporaci\u00f3n ha enfatizado que \u00a0 \u00a0 \u00a0 \u00a0 \u00a0 \u00a0 \u00a0 \u00a0 \u00a0 \u00a0 \u00a0 \u00a0 \u00a0es deber del juez de ejecuci\u00f3n de penas y medidas de \u00a0 \u00a0 \u00a0 \u00a0 \u00a0 \u00a0 \u00a0 \u00a0 \u00a0 \u00a0 \u00a0 \u00a0 \u00a0seguridad atenerse a lo antes resuelto en cuestiones previamente \u00a0 \u00a0 \u00a0 \u00a0 \u00a0 \u00a0 \u00a0 \u00a0 \u00a0 \u00a0 \u00a0 \u00a0 \u00a0examinadas, pues \u00abno \u00a0 \u00a0 \u00a0 \u00a0 \u00a0 \u00a0 \u00a0 \u00a0 \u00a0 \u00a0 \u00a0 \u00a0 \u00a0es viable debatir reiteradamente asuntos jur\u00eddicamente \u00a0 \u00a0 \u00a0 \u00a0 \u00a0 \u00a0 \u00a0 \u00a0 \u00a0 \u00a0 \u00a0 \u00a0 \u00a0consolidados, en particular cuando sobre las tem\u00e1ticas \u00a0 \u00a0 \u00a0 \u00a0 \u00a0 \u00a0 \u00a0 \u00a0 \u00a0 \u00a0 \u00a0 \u00a0 \u00a0decididas, se insiste sin introducir variante alguna, casos en los \u00a0 \u00a0 \u00a0 \u00a0 \u00a0 \u00a0 \u00a0 \u00a0 \u00a0 \u00a0 \u00a0 \u00a0 \u00a0cuales habr\u00e1 de sujetarse a lo dispuesto en aplicaci\u00f3n \u00a0 \u00a0 \u00a0 \u00a0 \u00a0 \u00a0 \u00a0 \u00a0 \u00a0 \u00a0 \u00a0 \u00a0 \u00a0de los \u00a0principios de econom\u00eda \u00a0 \u00a0 \u00a0 \u00a0 \u00a0 \u00a0 \u00a0 \u00a0 \u00a0 \u00a0 \u00a0 \u00a0 \u00a0procesal, eficiencia y cosa juzgada, \u00a0 \u00a0 \u00a0 \u00a0 \u00a0 \u00a0 \u00a0 \u00a0 \u00a0 \u00a0 \u00a0 \u00a0 \u00a0puesto que, de lo contrario, podr\u00edan controvertirse \u00a0 \u00a0 \u00a0 \u00a0 \u00a0 \u00a0 \u00a0 \u00a0 \u00a0 \u00a0 \u00a0 \u00a0 \u00a0perennemente los asuntos judiciales, lo cual implicar\u00eda no \u00a0 \u00a0 \u00a0 \u00a0 \u00a0 \u00a0 \u00a0 \u00a0 \u00a0 \u00a0 \u00a0 \u00a0 \u00a0solamente una limitaci\u00f3n injustificada de la seguridad \u00a0 \u00a0 \u00a0 \u00a0 \u00a0 \u00a0 \u00a0 \u00a0 \u00a0 \u00a0 \u00a0 \u00a0 \u00a0jur\u00eddica sino un desgaste inoficioso de la administraci\u00f3n \u00a0 \u00a0 \u00a0 \u00a0 \u00a0 \u00a0 \u00a0 \u00a0 \u00a0 \u00a0 \u00a0 \u00a0 \u00a0de \u00a0justicia\u00bb \u00a0 \u00a0 \u00a0 \u00a0 \u00a0 \u00a0 \u00a0 \u00a0 \u00a0 \u00a0 \u00a0 \u00a0 \u00a0(CSJ STP. 15 Jul. de \u00a0 \u00a0 \u00a0 \u00a0 \u00a0 \u00a0 \u00a0 \u00a0 \u00a0 \u00a0 \u00a0 \u00a0 \u00a02008. Rad. 37488) \u00a0 \u00a0 \u00a0 \u00a0 \u00a0 \u00a0 \u00a0 \u00a0 \u00a0 \u00a0 \u00a0 \u00a0 \u00a0(resaltado fuera de texto). \u00a0 \u00a0 \u00a0 \u00a0 \u00a0 \u00a0 \u00a0<\/p>\n<p>Del \u00a0panorama anterior, esta Sala no advierte incorrecci\u00f3n o \u00a0dislate alguno, pues \u00a0de las pruebas allegadas al expediente se advierte que el accionante \u00a0simplemente reiter\u00f3 ante la precitada autoridad su petici\u00f3n \u00a0de libertad condicional bajo la misma premisa ya decidida, sin aducir \u00a0nuevos elementos de juicio o circunstancias tendientes a modificar el \u00a0fundamento de las decisiones del 18 \u00a0de febrero, 27 de mayo y 4 de julio de 2019, \u00a0como si ese asunto pudiera continuar debati\u00e9ndolo \u00a0indefinidamente sin consideraci\u00f3n alguna a la fuerza \u00a0ejecutoria de las providencias por la cual previamente fue resuelta \u00a0la cuesti\u00f3n. \u00a0<\/p>\n<p>\u00a0 \u00a0\u00a0 \u00a0 \u00a0 \u00a0 \u00a0 \u00a0 \u00a0 \u00a0 \u00a0 \u00a0 \u00a0 \u00a0 \u00a0 \u00a0 \u00a0 \u00a0 \u00a0 \u00a0 \u00a0 \u00a0 \u00a0 \u00a0 \u00a0 \u00a0 \u00a0 \u00a0 \u00a0<\/p>\n<p>6. Por \u00a0 \u00a0 \u00a0 \u00a0 \u00a0 \u00a0 \u00a0 \u00a0 \u00a0 \u00a0 \u00a0 \u00a0 \u00a0\u00faltimo, en lo que corresponde a la vulneraci\u00f3n del \u00a0 \u00a0 \u00a0 \u00a0 \u00a0 \u00a0 \u00a0 \u00a0 \u00a0 \u00a0 \u00a0 \u00a0 \u00a0derecho de igualdad, dicho cargo debe ser desestimado al no \u00a0 \u00a0 \u00a0 \u00a0 \u00a0 \u00a0 \u00a0 \u00a0 \u00a0 \u00a0 \u00a0 \u00a0 \u00a0haberse acreditado su configuraci\u00f3n, toda vez que el \u00a0 \u00a0 \u00a0 \u00a0 \u00a0 \u00a0 \u00a0 \u00a0 \u00a0 \u00a0 \u00a0 \u00a0 \u00a0pronunciamiento judicial que usa el accionante para sustentar la \u00a0 \u00a0 \u00a0 \u00a0 \u00a0 \u00a0 \u00a0 \u00a0 \u00a0 \u00a0 \u00a0 \u00a0 \u00a0trasgresi\u00f3n, auto del 13 de septiembre de 2019 proferido \u00a0 \u00a0 \u00a0 \u00a0 \u00a0 \u00a0 \u00a0 \u00a0 \u00a0 \u00a0 \u00a0 \u00a0 \u00a0por el Juzgado Segundo Penal del Circuito con Funci\u00f3n de \u00a0 \u00a0 \u00a0 \u00a0 \u00a0 \u00a0 \u00a0 \u00a0 \u00a0 \u00a0 \u00a0 \u00a0 \u00a0Conocimiento de Soacha, fue i) emitido con posterioridad a las \u00a0 \u00a0 \u00a0 \u00a0 \u00a0 \u00a0 \u00a0 \u00a0 \u00a0 \u00a0 \u00a0 \u00a0 \u00a0decisiones aqu\u00ed confutadas y, ii) por una autoridad del \u00a0 \u00a0 \u00a0 \u00a0 \u00a0 \u00a0 \u00a0 \u00a0 \u00a0 \u00a0 \u00a0 \u00a0 \u00a0mismo rango judicial, razones suficientes para concluir que tal \u00a0 \u00a0 \u00a0 \u00a0 \u00a0 \u00a0 \u00a0 \u00a0 \u00a0 \u00a0 \u00a0 \u00a0 \u00a0determinaci\u00f3n no puede fungir como precedente y menos para \u00a0 \u00a0 \u00a0 \u00a0 \u00a0 \u00a0 \u00a0 \u00a0 \u00a0 \u00a0 \u00a0 \u00a0 \u00a0pregonar un trato desigual injustificado. \u00a0 \u00a0 \u00a0 \u00a0 \u00a0 \u00a0 \u00a0<\/p>\n<p>\u00a0 \u00a0\u00a0 \u00a0 \u00a0 \u00a0 \u00a0 \u00a0 \u00a0 \u00a0 \u00a0 \u00a0 \u00a0 \u00a0 \u00a0 \u00a0 \u00a0 \u00a0 \u00a0 \u00a0 \u00a0 \u00a0 \u00a0 \u00a0 \u00a0 \u00a0 \u00a0 \u00a0 \u00a0<\/p>\n<p>7. Como \u00a0 \u00a0 \u00a0 \u00a0 \u00a0 \u00a0 \u00a0 \u00a0 \u00a0 \u00a0 \u00a0 \u00a0 \u00a0colof\u00f3n de lo expuesto, en el presente asunto no se \u00a0 \u00a0 \u00a0 \u00a0 \u00a0 \u00a0 \u00a0 \u00a0 \u00a0 \u00a0 \u00a0 \u00a0 \u00a0demostr\u00f3 la configuraci\u00f3n de alguno de los defectos \u00a0 \u00a0 \u00a0 \u00a0 \u00a0 \u00a0 \u00a0 \u00a0 \u00a0 \u00a0 \u00a0 \u00a0 \u00a0que estructuran la v\u00eda de hecho, por cuanto en las \u00a0 \u00a0 \u00a0 \u00a0 \u00a0 \u00a0 \u00a0 \u00a0 \u00a0 \u00a0 \u00a0 \u00a0 \u00a0decisiones judiciales, no se avizoraron ni la ausencia de \u00a0 \u00a0 \u00a0 \u00a0 \u00a0 \u00a0 \u00a0 \u00a0 \u00a0 \u00a0 \u00a0 \u00a0 \u00a0motivaci\u00f3n ni mucho menos la presencia de argumentos \u00a0 \u00a0 \u00a0 \u00a0 \u00a0 \u00a0 \u00a0 \u00a0 \u00a0 \u00a0 \u00a0 \u00a0 \u00a0caprichosos, arbitrarios o irracionales que reclamen la \u00a0 \u00a0 \u00a0 \u00a0 \u00a0 \u00a0 \u00a0 \u00a0 \u00a0 \u00a0 \u00a0 \u00a0 \u00a0intervenci\u00f3n urgente y excepcional del juez constitucional, \u00a0 \u00a0 \u00a0 \u00a0 \u00a0 \u00a0 \u00a0 \u00a0 \u00a0 \u00a0 \u00a0 \u00a0 \u00a0en procura de conjurar los agravios inferidos a los derechos \u00a0 \u00a0 \u00a0 \u00a0 \u00a0 \u00a0 \u00a0 \u00a0 \u00a0 \u00a0 \u00a0 \u00a0 \u00a0fundamentales de la parte activa, m\u00e1xime cuando lo que se \u00a0 \u00a0 \u00a0 \u00a0 \u00a0 \u00a0 \u00a0 \u00a0 \u00a0 \u00a0 \u00a0 \u00a0 \u00a0observa es que la \u00a0 \u00a0 \u00a0 \u00a0 \u00a0 \u00a0 \u00a0 \u00a0 \u00a0 \u00a0 \u00a0 \u00a0 \u00a0solicitud de amparo se sustenta en la discrepancia de criterios \u00a0 \u00a0 \u00a0 \u00a0 \u00a0 \u00a0 \u00a0 \u00a0 \u00a0 \u00a0 \u00a0 \u00a0 \u00a0del accionante y de los funcionarios decisores, a tal punto que \u00a0 \u00a0 \u00a0 \u00a0 \u00a0 \u00a0 \u00a0 \u00a0 \u00a0 \u00a0 \u00a0 \u00a0 \u00a0incluye argumentos de dial\u00e9ctica jur\u00eddica para \u00a0 \u00a0 \u00a0 \u00a0 \u00a0 \u00a0 \u00a0 \u00a0 \u00a0 \u00a0 \u00a0 \u00a0 \u00a0demostrar la disconformidad con lo decidido y, por tanto, la \u00a0 \u00a0 \u00a0 \u00a0 \u00a0 \u00a0 \u00a0 \u00a0 \u00a0 \u00a0 \u00a0 \u00a0 \u00a0simple discrepancia o desacuerdo con el contenido de una decisi\u00f3n \u00a0 \u00a0 \u00a0 \u00a0 \u00a0 \u00a0 \u00a0 \u00a0 \u00a0 \u00a0 \u00a0 \u00a0 \u00a0no habilita la interposici\u00f3n de la acci\u00f3n de tutela, \u00a0 \u00a0 \u00a0 \u00a0 \u00a0 \u00a0 \u00a0 \u00a0 \u00a0 \u00a0 \u00a0 \u00a0 \u00a0porque este mecanismo excepcional no fue dise\u00f1ado como una \u00a0 \u00a0 \u00a0 \u00a0 \u00a0 \u00a0 \u00a0 \u00a0 \u00a0 \u00a0 \u00a0 \u00a0 \u00a0instancia adicional o alternativa. \u00a0 \u00a0 \u00a0 \u00a0 \u00a0 \u00a0 \u00a0<\/p>\n<p>Sin \u00a0m\u00e1s consideraciones, ante la ausencia de vulneraci\u00f3n o \u00a0amenaza de garant\u00edas fundamentales del actor, la \u00a0Sala confirmar\u00e1 \u00a0el fallo de primera instancia. \u00a0<\/p>\n<p>Por \u00a0lo expuesto, la \u00a0CORTE SUPREMA DE JUSTICIA, SALA DE CASACI\u00d3N PENAL \u2013 SALA \u00a0DE DECISI\u00d3N DE ACCIONES DE TUTELA N\u00ba 1, \u00a0administrando \u00a0justicia en nombre de la Rep\u00fablica y por autoridad de la Ley, \u00a0<\/p>\n<p>RESUELVE \u00a0<\/p>\n<p>1\u00ba \u00a0CONFIRMAR \u00a0la sentencia proferida el \u00a029 de noviembre de 2019 \u00a0por la Sala \u00a0Penal del Tribunal Superior del Distrito Judicial de Bogot\u00e1, \u00a0por las razones \u00a0expuestas en la parte considerativa de esta providencia. \u00a0<\/p>\n<p>2\u00ba \u00a0NOTIFICAR \u00a0esta providencia de conformidad con lo dispuesto en el art\u00edculo \u00a030 del Decreto 2591 de 1991. \u00a0<\/p>\n<p>3\u00ba \u00a0REMITIR el proceso a \u00a0la Corte Constitucional para su eventual revisi\u00f3n, de \u00a0conformidad con lo previsto en el art\u00edculo 32 ib\u00eddem. \u00a0<\/p>\n<p>NOTIF\u00cdQUESE \u00a0Y C\u00daMPLASE \u00a0<\/p>\n<p>JOS\u00c9 \u00a0FRANCISCO ACU\u00d1A VIZCAYA \u00a0<\/p>\n<p>EUGENIO \u00a0FERN\u00c1NDEZ CARLIER \u00a0<\/p>\n<p>NUBIA YOLANDA \u00a0NOVA GARC\u00cdA \u00a0<\/p>\n<p>Secretaria \u00a0<\/p>\n<p>1 \u00a0 \u00a0 \u00a0 \u00a0 \u00a0Folio \u00a0 \u00a0 \u00a0 \u00a0 \u00a043, cuaderno de primera instancia. \u00a0<\/p>\n<p>2 \u00a0 \u00a0 \u00a0 \u00a0 \u00a0Cfr. Corte \u00a0 \u00a0 \u00a0 \u00a0 \u00a0Constitucional. Sentencias C-590 de 2005 y T-332 de 2006. \u00a0<\/p>\n<p>3 \u00a0 \u00a0 \u00a0 \u00a0 \u00a0\u00cddem. Sentencia T-522 de 2001. \u00a0<\/p>\n<p>4 \u00a0 \u00a0 \u00a0 \u00a0 \u00a0\u00ab Cfr. Sentencias T-462 de 2003 ; SU-1184 de 2001 ; T-1625 de \u00a0 \u00a0 \u00a0 \u00a0 \u00a02000 y T-1031 de 2001. \u00bb \u00a0<\/p>\n<p>5 \u00a0 \u00a0 \u00a0 \u00a0 \u00a0Sentencia \u00a0 \u00a0 \u00a0 \u00a0 \u00a0C- 783 de 2004. \u00a0<\/p>\n<p>6 \u00a0 \u00a0 \u00a0 \u00a0 \u00a08. Cuando \u00a0 \u00a0 \u00a0 \u00a0 \u00a0no se practica en legal forma la notificaci\u00f3n al demandado o \u00a0 \u00a0 \u00a0 \u00a0 \u00a0a su representante, o al apoderado de aqu\u00e9l o de \u00e9ste, \u00a0 \u00a0 \u00a0 \u00a0 \u00a0seg\u00fan el caso, del auto que admite la demanda o del \u00a0 \u00a0 \u00a0 \u00a0 \u00a0mandamiento ejecutivo, o su correcci\u00f3n o adici\u00f3n. \u00a0<\/p>\n<p>7 \u00a0 \u00a0 \u00a0 \u00a0 \u00a0[\u2026]El \u00a0 \u00a0 \u00a0 \u00a0 \u00a0juez, de oficio o a petici\u00f3n de parte, podr\u00e1 solicitar \u00a0 \u00a0 \u00a0 \u00a0 \u00a0informes y ordenar la pr\u00e1ctica de pruebas y proferir\u00e1 \u00a0 \u00a0 \u00a0 \u00a0 \u00a0el fallo dentro de los 20 d\u00edas siguientes a la recepci\u00f3n \u00a0 \u00a0 \u00a0 \u00a0 \u00a0del expediente\u2026 \u00a0<\/p>\n<p>\u00a0 \u00a0 \u00a0\u00a0<\/p>\n<p><\/p>\n","protected":false},"excerpt":{"rendered":"<p>\u00a0 \u00a0 \u00a0 \u00a0\u00a0 JOS\u00c9 \u00a0FRANCISCO ACU\u00d1A VIZCAYA \u00a0 Magistrado \u00a0Ponente \u00a0 STP1245 \u00a0&#8211; 2020 \u00a0 Radicaci\u00f3n \u00a0No. 108616 \u00a0 (Aprobado \u00a0Acta No. 21) \u00a0 Bogot\u00e1 \u00a0D.C., cuatro (04) de febrero de dos mil veinte (2020) \u00a0 Decide \u00a0la Sala el recurso de impugnaci\u00f3n interpuesto por Julio \u00a0C\u00e9sar Rodr\u00edguez Torres \u00a0contra el fallo de tutela [&hellip;]<\/p>\n","protected":false},"author":1,"featured_media":0,"comment_status":"open","ping_status":"open","sticky":false,"template":"","format":"standard","meta":{"footnotes":""},"categories":[29],"tags":[],"class_list":["post-51247","post","type-post","status-publish","format-standard","hentry","category-29"],"_links":{"self":[{"href":"https:\/\/dmsjuridica.com\/buscador_20179478954\/salapenalcronologico20230723\/wp-json\/wp\/v2\/posts\/51247","targetHints":{"allow":["GET"]}}],"collection":[{"href":"https:\/\/dmsjuridica.com\/buscador_20179478954\/salapenalcronologico20230723\/wp-json\/wp\/v2\/posts"}],"about":[{"href":"https:\/\/dmsjuridica.com\/buscador_20179478954\/salapenalcronologico20230723\/wp-json\/wp\/v2\/types\/post"}],"author":[{"embeddable":true,"href":"https:\/\/dmsjuridica.com\/buscador_20179478954\/salapenalcronologico20230723\/wp-json\/wp\/v2\/users\/1"}],"replies":[{"embeddable":true,"href":"https:\/\/dmsjuridica.com\/buscador_20179478954\/salapenalcronologico20230723\/wp-json\/wp\/v2\/comments?post=51247"}],"version-history":[{"count":0,"href":"https:\/\/dmsjuridica.com\/buscador_20179478954\/salapenalcronologico20230723\/wp-json\/wp\/v2\/posts\/51247\/revisions"}],"wp:attachment":[{"href":"https:\/\/dmsjuridica.com\/buscador_20179478954\/salapenalcronologico20230723\/wp-json\/wp\/v2\/media?parent=51247"}],"wp:term":[{"taxonomy":"category","embeddable":true,"href":"https:\/\/dmsjuridica.com\/buscador_20179478954\/salapenalcronologico20230723\/wp-json\/wp\/v2\/categories?post=51247"},{"taxonomy":"post_tag","embeddable":true,"href":"https:\/\/dmsjuridica.com\/buscador_20179478954\/salapenalcronologico20230723\/wp-json\/wp\/v2\/tags?post=51247"}],"curies":[{"name":"wp","href":"https:\/\/api.w.org\/{rel}","templated":true}]}}