{"id":51229,"date":"2023-09-15T20:51:44","date_gmt":"2023-09-15T20:51:44","guid":{"rendered":"https:\/\/dmsjuridica.com\/buscador_20179478954\/salapenalcronologico20230723\/2023\/09\/15\/stp1215-2020\/"},"modified":"2023-09-15T20:51:44","modified_gmt":"2023-09-15T20:51:44","slug":"stp1215-2020","status":"publish","type":"post","link":"https:\/\/dmsjuridica.com\/buscador_20179478954\/salapenalcronologico20230723\/2023\/09\/15\/stp1215-2020\/","title":{"rendered":"STP1215-2020"},"content":{"rendered":"\n<p>\u00a0 \u00a0 \u00a0 \u00a0\u00a0<\/p>\n<p>Eyder \u00a0Pati\u00f1o Cabrera \u00a0<\/p>\n<p>Magistrado \u00a0Ponente \u00a0<\/p>\n<p>STP1215-2020 \u00a0<\/p>\n<p>Radicaci\u00f3n \u00a0n.\u00b0 \u00a0108686 \u00a0<\/p>\n<p>(Aprobado \u00a0Acta n.\u00b0 19) \u00a0<\/p>\n<p>Bogot\u00e1, \u00a0D.C., treinta (30) de enero de dos mil veinte (2020). \u00a0<\/p>\n<p>ASUNTO \u00a0<\/p>\n<p>Se \u00a0resuelve la impugnaci\u00f3n formulada por Harley \u00a0Jenfers Ca\u00f1ar Ca\u00f1ar frente \u00a0a la sentencia proferida el 3 de diciembre de 2019 por la Sala Penal \u00a0del Tribunal Superior de Buga, mediante la cual le neg\u00f3 la \u00a0tutela interpuesta contra el Juzgado de Ejecuci\u00f3n de Penas y \u00a0Medidas de Seguridad de Descongesti\u00f3n de Palmira, por la \u00a0presunta vulneraci\u00f3n de sus derechos al debido proceso y de \u00a0petici\u00f3n. \u00a0<\/p>\n<p>ANTECEDENTES \u00a0<\/p>\n<p>Hechos y \u00a0fundamentos de la acci\u00f3n \u00a0<\/p>\n<p>Fueron \u00a0relatados por el A \u00a0quo \u00a0de la siguiente manera: \u00a0<\/p>\n<p>[\u2026] \u00a0Expuso \u00a0el accionante que se encuentra privado de la libertad en el \u00a0establecimiento Carcelario de Palmira y que es el Juzgado de \u00a0Ejecuci\u00f3n de Penas y Medidas de Seguridad de Descongesti\u00f3n \u00a0de esa ciudad el encargado de vigilar la sanci\u00f3n que se \u00a0encuentra descontando. Indic\u00f3 que en pret\u00e9rita \u00a0oportunidad solicit\u00f3 que se le concediera permiso de 72 horas \u00a0por fuera del penal; empero, esto no fue resuelto en debida forma, \u00a0raz\u00f3n por la que consider\u00f3 vulnerados los derechos \u00a0fundamentales deprecados. \u00a0<\/p>\n<p>LA \u00a0SENTENCIA IMPUGNADA \u00a0<\/p>\n<p>La \u00a0Sala Penal del Tribunal Superior de Buga neg\u00f3 el amparo al \u00a0considerar que el accionante tiene la oportunidad de exponer sus \u00a0reproches a trav\u00e9s del recurso de reposici\u00f3n y, en \u00a0subsidio, el de apelaci\u00f3n, contra la determinaci\u00f3n \u00a0mediante la cual le neg\u00f3 el permiso administrativo de 72 \u00a0horas, por lo que ser\u00e1 el superior funcional el que deber\u00e1 \u00a0analizar los reparos expuestos y no el juez constitucional. \u00a0<\/p>\n<p>Resalt\u00f3 que \u00a0la tutela no es una instancia adicional, ni puede ser considerada \u00a0como un instrumento paralelo o alternativo que suplante los \u00a0procedimientos ordinarios, pues de hacerlo se desconocer\u00eda la \u00a0independencia de la actividad judicial. \u00a0<\/p>\n<p>LA \u00a0IMPUGNACI\u00d3N \u00a0<\/p>\n<p>Harley \u00a0Jenfers Ca\u00f1ar Ca\u00f1ar present\u00f3 \u00a0memorial con el que reiter\u00f3 los planteamientos de la demanda, \u00a0los cuales est\u00e1n encaminados a exponer las razones por las que \u00a0se le debe conceder el permiso de 72 horas. \u00a0<\/p>\n<p>CONSIDERACIONES \u00a0<\/p>\n<p>1. El \u00a0problema jur\u00eddico \u00a0<\/p>\n<p>Corresponde \u00a0a la Sala determinar si el Juzgado de Ejecuci\u00f3n de Penas y \u00a0Medidas de Seguridad de Descongesti\u00f3n de Palmira vulner\u00f3 \u00a0los derechos al debido proceso y de petici\u00f3n, por haberle \u00a0negado el permiso de hasta 72 horas. \u00a0<\/p>\n<p>Para \u00a0resolver, previamente verificar\u00e1 si se satisface el principio \u00a0de subsidiariedad que rige el ejercicio de la acci\u00f3n. \u00a0<\/p>\n<p>2. \u00a0Improcedencia de la tutela por ruptura del principio de \u00a0subsidiariedad \u00a0<\/p>\n<p>2.1. \u00a0La Constituci\u00f3n Pol\u00edtica, en el art\u00edculo 86, \u00a0estableci\u00f3 la tutela como un mecanismo extraordinario, \u00a0preferente, subsidiario y residual que tiene por objeto la protecci\u00f3n \u00a0de manera efectiva e inmediata de los derechos fundamentales, ante su \u00a0vulneraci\u00f3n o amenaza, proveniente de la acci\u00f3n u \u00a0omisi\u00f3n atribuible a las autoridades p\u00fablicas o de los \u00a0particulares, en \u00a0los casos que la ley regula, siempre que el interesado no cuente con \u00a0otros medios de defensa judicial. \u00a0<\/p>\n<p>De su naturaleza \u00a0se infiere que cuando el ordenamiento jur\u00eddico establece otro \u00a0mecanismo judicial efectivo de protecci\u00f3n, el interesado debe \u00a0acreditar que acudi\u00f3 en forma oportuna a aqu\u00e9l para \u00a0ventilar ante el juez ordinario la posible violaci\u00f3n de sus \u00a0derechos constitucionales fundamentales. \u00a0<\/p>\n<p>Por \u00a0lo tanto, se constituye en presupuesto de procedibilidad, el \u00a0agotamiento de todos los mecanismos ordinarios y extraordinarios de \u00a0defensa judicial1. \u00a0<\/p>\n<p>2.2. \u00a0Es all\u00ed, ante el juez que vigila la pena, donde el \u00a0peticionario puede plantear su inconformidad, expresar las razones de \u00a0su desacuerdo frente a la decisi\u00f3n adoptada, recurrir la \u00a0determinaci\u00f3n para que el superior funcional sea el que \u00a0finalmente resuelva el asunto. \u00a0<\/p>\n<p>En \u00a0el presente caso, una vez verificado el sistema de gesti\u00f3n de \u00a0la Rama Judicial2, \u00a0se observa que la determinaci\u00f3n mediante la cual le neg\u00f3 \u00a0el permiso administrativo de hasta 72 horas a\u00fan no se \u00a0encuentra en firme, ya que el interesado interpuso recurso reposici\u00f3n \u00a0y, en subsidio, el de apelaci\u00f3n. En consecuencia, la tutela no \u00a0puede ser utilizada para intervenir dentro de ese proceso, debido a \u00a0que en su interior existen los medios de defensa aptos para preservar \u00a0o recuperar los derechos supuestamente amenazados. \u00a0<\/p>\n<p>Raz\u00f3n \u00a0le asisti\u00f3 al A \u00a0quo \u00a0cuando manifest\u00f3 que es inviable pretender que el juez \u00a0constitucional se pronuncie sobre la tem\u00e1tica planteada, ya \u00a0que las autoridades que vigilan la sanci\u00f3n penal son las \u00a0competentes para resolver las peticiones relacionadas con la \u00a0ejecuci\u00f3n de la sentencia. \u00a0<\/p>\n<p>Como quiera que \u00a0\u00e9sta acci\u00f3n no tiene por objeto suplantar los medios de \u00a0defensa judicial ordinarios, es evidente que no est\u00e1 cumplido \u00a0el principio de subsidiariedad que la rige y, por lo tanto, es \u00a0improcedente. \u00a0<\/p>\n<p>Por las anteriores \u00a0consideraciones se ratificar\u00e1 el fallo. \u00a0<\/p>\n<p>En \u00a0m\u00e9rito de lo expuesto, la Sala de Decisi\u00f3n de Tutelas \u00a0n.\u00ba 3 de la Sala de Casaci\u00f3n Penal de la Corte Suprema de \u00a0Justicia, administrando justicia en nombre de la Rep\u00fablica y \u00a0por autoridad de la ley, \u00a0<\/p>\n<p>RESUELVE \u00a0<\/p>\n<p>Primero. \u00a0Confirmar la \u00a0sentencia impugnada. \u00a0<\/p>\n<p>Segundo. \u00a0Disponer \u00a0el env\u00edo de las diligencias a la Corte Constitucional, para la \u00a0eventual revisi\u00f3n de los fallos proferidos. \u00a0<\/p>\n<p>NOTIF\u00cdQUESE \u00a0Y C\u00daMPLASE \u00a0<\/p>\n<p>Eyder \u00a0Pati\u00f1o Cabrera \u00a0<\/p>\n<p>Jaime \u00a0Humberto Moreno Acero \u00a0<\/p>\n<p>Nubia \u00a0Yolanda Nova Garc\u00eda \u00a0<\/p>\n<p>Secretaria \u00a0<\/p>\n<p>1 \u00a0 \u00a0 \u00a0 \u00a0 \u00a0Ver Corte Constitucional. Sentencias C-590 del 8 de junio de 2005 y \u00a0 \u00a0 \u00a0 \u00a0 \u00a0T-332 del 4 de mayo de 2006. CSJ \u00a0 \u00a0 \u00a0 \u00a0 \u00a0STP Rad. No. 31.781, \u00a0 \u00a0 \u00a0 \u00a0 \u00a032.327, \u00a0 \u00a0 \u00a0 \u00a0 \u00a036.728, 38.650, 40.408,41.642, 41.805, 49, 752, 50.399, 50.765, \u00a0 \u00a0 \u00a0 \u00a0 \u00a053.544, 54.762, 57.583, 59.354, 60.917, 61.515, 62.691, 63.252, \u00a0 \u00a0 \u00a0 \u00a0 \u00a064.107, 65.086, 66.996, 67.145, 68.727, 69.938 y 70.488. \u00a0<\/p>\n<p>2 \u00a0 \u00a0 \u00a0 \u00a0 \u00a0Cfr, \u00a0 \u00a0 \u00a0 \u00a0 \u00a0folios 4 y 5 \u2013 cuaderno n.\u00b0 2. \u00a0<\/p>\n<p>\u00a0 \u00a0 \u00a0\u00a0<\/p>\n<p><\/p>\n","protected":false},"excerpt":{"rendered":"<p>\u00a0 \u00a0 \u00a0 \u00a0\u00a0 Eyder \u00a0Pati\u00f1o Cabrera \u00a0 Magistrado \u00a0Ponente \u00a0 STP1215-2020 \u00a0 Radicaci\u00f3n \u00a0n.\u00b0 \u00a0108686 \u00a0 (Aprobado \u00a0Acta n.\u00b0 19) \u00a0 Bogot\u00e1, \u00a0D.C., treinta (30) de enero de dos mil veinte (2020). \u00a0 ASUNTO \u00a0 Se \u00a0resuelve la impugnaci\u00f3n formulada por Harley \u00a0Jenfers Ca\u00f1ar Ca\u00f1ar frente \u00a0a la sentencia proferida el 3 de diciembre [&hellip;]<\/p>\n","protected":false},"author":1,"featured_media":0,"comment_status":"open","ping_status":"open","sticky":false,"template":"","format":"standard","meta":{"footnotes":""},"categories":[29],"tags":[],"class_list":["post-51229","post","type-post","status-publish","format-standard","hentry","category-29"],"_links":{"self":[{"href":"https:\/\/dmsjuridica.com\/buscador_20179478954\/salapenalcronologico20230723\/wp-json\/wp\/v2\/posts\/51229","targetHints":{"allow":["GET"]}}],"collection":[{"href":"https:\/\/dmsjuridica.com\/buscador_20179478954\/salapenalcronologico20230723\/wp-json\/wp\/v2\/posts"}],"about":[{"href":"https:\/\/dmsjuridica.com\/buscador_20179478954\/salapenalcronologico20230723\/wp-json\/wp\/v2\/types\/post"}],"author":[{"embeddable":true,"href":"https:\/\/dmsjuridica.com\/buscador_20179478954\/salapenalcronologico20230723\/wp-json\/wp\/v2\/users\/1"}],"replies":[{"embeddable":true,"href":"https:\/\/dmsjuridica.com\/buscador_20179478954\/salapenalcronologico20230723\/wp-json\/wp\/v2\/comments?post=51229"}],"version-history":[{"count":0,"href":"https:\/\/dmsjuridica.com\/buscador_20179478954\/salapenalcronologico20230723\/wp-json\/wp\/v2\/posts\/51229\/revisions"}],"wp:attachment":[{"href":"https:\/\/dmsjuridica.com\/buscador_20179478954\/salapenalcronologico20230723\/wp-json\/wp\/v2\/media?parent=51229"}],"wp:term":[{"taxonomy":"category","embeddable":true,"href":"https:\/\/dmsjuridica.com\/buscador_20179478954\/salapenalcronologico20230723\/wp-json\/wp\/v2\/categories?post=51229"},{"taxonomy":"post_tag","embeddable":true,"href":"https:\/\/dmsjuridica.com\/buscador_20179478954\/salapenalcronologico20230723\/wp-json\/wp\/v2\/tags?post=51229"}],"curies":[{"name":"wp","href":"https:\/\/api.w.org\/{rel}","templated":true}]}}