{"id":51207,"date":"2023-09-15T20:51:42","date_gmt":"2023-09-15T20:51:42","guid":{"rendered":"https:\/\/dmsjuridica.com\/buscador_20179478954\/salapenalcronologico20230723\/2023\/09\/15\/stp1180-2020_1\/"},"modified":"2023-09-15T20:51:42","modified_gmt":"2023-09-15T20:51:42","slug":"stp1180-2020_1","status":"publish","type":"post","link":"https:\/\/dmsjuridica.com\/buscador_20179478954\/salapenalcronologico20230723\/2023\/09\/15\/stp1180-2020_1\/","title":{"rendered":"STP1180-2020_1"},"content":{"rendered":"\n<p>\u00a0 \u00a0 \u00a0 \u00a0\u00a0<\/p>\n<p>JOS\u00c9 \u00a0FRANCISCO ACU\u00d1A VIZCAYA \u00a0<\/p>\n<p>Magistrado \u00a0Ponente \u00a0<\/p>\n<p>STP1180-2020 \u00a0<\/p>\n<p>Radicaci\u00f3n \u00a0n.\u00b0 108678 \u00a0<\/p>\n<p>(Aprobaci\u00f3n \u00a0Acta No. 026 \u00a0 \u00a0 \u00a0 \u00a0) \u00a0<\/p>\n<p>Bogot\u00e1 \u00a0D.C., diez (10) febrero de dos mil veinte (2020) \u00a0<\/p>\n<p>VISTOS \u00a0<\/p>\n<p>Decide la Sala el \u00a0recurso de impugnaci\u00f3n interpuesto por Oswald \u00a0Ovidio Hern\u00e1ndez Jim\u00e9nez, \u00a0 contra el fallo de tutela proferido \u00a0por la Sala Penal del Tribunal Superior del Distrito Judicial de Cali \u00a0el 25 de noviembre de 2019, que declar\u00f3 improcedente el amparo \u00a0invocado contra el Juzgado Tercero de Ejecuci\u00f3n de Penas y \u00a0Medidas de Seguridad de Cali. \u00a0<\/p>\n<p>El Juzgado Quinto Penal del Circuito \u00a0Especializado \u00a0de Cali con \u00a0Funci\u00f3n de Conocimiento fue \u00a0vinculado como tercero con inter\u00e9s en el asunto. \u00a0<\/p>\n<p>ANTECEDENTES \u00a0<\/p>\n<p>Y \u00a0<\/p>\n<p>FUNDAMENTOS \u00a0DE LA ACCI\u00d3N \u00a0<\/p>\n<p>Fueron recogidos \u00a0en el fallo de tutela de primera instancia, en los siguientes \u00a0t\u00e9rminos:1 \u00a0<\/p>\n<p>\u00a0 \u00a0\u00a0 \u00a0 \u00a0 \u00a0 \u00a0<\/p>\n<p>1. Refiere \u00a0 \u00a0 \u00a0 \u00a0 \u00a0el accionante que ha sido condenado por el juzgado 5o \u00a0 \u00a0 \u00a0 \u00a0 \u00a0Penal del Circuito Especializado a \u00a0 \u00a0 \u00a0 \u00a0 \u00a0la pena principal de 72 meses de prisi\u00f3n de los cuales ha \u00a0 \u00a0 \u00a0 \u00a0 \u00a0descontado 32 f\u00edsicos y redimido 5, para un total de 37 \u00a0 \u00a0 \u00a0 \u00a0 \u00a0meses. \u00a0<\/p>\n<p>\u00a0 \u00a0\u00a0 \u00a0 \u00a0 \u00a0 \u00a0<\/p>\n<p>2. Para \u00a0 \u00a0 \u00a0 \u00a0 \u00a0la fecha de la condena a su compa\u00f1ero de causa, le \u00a0 \u00a0 \u00a0 \u00a0 \u00a0concedieron el sustituto de la prisi\u00f3n domiciliaria mientras \u00a0 \u00a0 \u00a0 \u00a0 \u00a0que a \u00e9l, se la negaron argumentando que registraba \u00a0 \u00a0 \u00a0 \u00a0 \u00a0antecedentes vigentes. \u00a0<\/p>\n<p>\u00a0 \u00a0\u00a0 \u00a0 \u00a0 \u00a0 \u00a0<\/p>\n<p>3. Posteriormente \u00a0 \u00a0 \u00a0 \u00a0 \u00a0solicit\u00f3 al Juzgado 3o \u00a0 \u00a0 \u00a0 \u00a0 \u00a0de Ejecuci\u00f3n de Penas el reconocimiento de dicho sustituto \u00a0 \u00a0 \u00a0 \u00a0 \u00a0bajo la figura de padre cabeza de familia \u2013 Ley 750 de 2002- \u00a0 \u00a0 \u00a0 \u00a0 \u00a0pero le fue negada por dicha pretensi\u00f3n. \u00a0<\/p>\n<p>\u00a0 \u00a0\u00a0 \u00a0 \u00a0 \u00a0 \u00a0<\/p>\n<p>4. Al cumplir \u00a0 \u00a0 \u00a0 \u00a0 \u00a0la mitad de la sanci\u00f3n nuevamente solicit\u00f3 prisi\u00f3n \u00a0 \u00a0 \u00a0 \u00a0 \u00a0domiciliaria, pero le fue negado, argumentando que registra \u00a0 \u00a0 \u00a0 \u00a0 \u00a0antecedentes y teniendo en cuenta el delito por el que fue \u00a0 \u00a0 \u00a0 \u00a0 \u00a0condenado, lo cual es contradictorio porque hay otra persona \u00a0 \u00a0 \u00a0 \u00a0 \u00a0condenada por el mismo delito quien goza de prisi\u00f3n \u00a0 \u00a0 \u00a0 \u00a0 \u00a0domiciliaria. \u00a0<\/p>\n<p>Solicita se \u00a0ordene al Juzgado Tercero de Ejecuci\u00f3n de penas le conceda la \u00a0prisi\u00f3n domiciliaria o, en su defecto, a quien corresponda \u00a0tomar la decisi\u00f3n. (Textual). \u00a0<\/p>\n<p>EL FALLO IMPUGNADO \u00a0<\/p>\n<p>La Sala Penal del Tribunal Superior \u00a0del Distrito Judicial de Cali, mediante decisi\u00f3n \u00a0adoptada el 25 de noviembre de 2019, declar\u00f3 improcedente el \u00a0amparo invocado, al evidenciar que se encuentra en curso la apelaci\u00f3n \u00a0del auto interlocutorio No. 1382 del 23 de agosto de 2019, por tanto \u00a0el Juez Constitucional no est\u00e1 facultado para invadir la \u00a0\u00f3rbita de los Jueces naturales quienes son los encargados de \u00a0resolver la pretensiones del accionante.2 \u00a0<\/p>\n<p>LA IMPUGNACI\u00d3N \u00a0<\/p>\n<p>El accionante \u00a0present\u00f3 recurso de impugnaci\u00f3n sin presentar \u00a0sustentaci\u00f3n alguna.3 \u00a0<\/p>\n<p>CONSIDERACIONES DE LA SALA \u00a0<\/p>\n<p>De conformidad con \u00a0lo previsto en el art\u00edculo 32 del Decreto 2591 de 1991, esta \u00a0Sala es competente para resolver el recurso de impugnaci\u00f3n \u00a0interpuesto por Oswald \u00a0Ovidio Hern\u00e1ndez Jim\u00e9nez \u00a0 contra la decisi\u00f3n proferida por la \u00a0Sala Penal del Tribunal Superior del Distrito Judicial de Cali. \u00a0<\/p>\n<p>Al respecto, el problema jur\u00eddico \u00a0que convoca a la Sala consiste en establecer si contra la decisi\u00f3n \u00a0que neg\u00f3 la sustituci\u00f3n de medida de aseguramiento, se \u00a0configuran los requisitos de procedibilidad de la acci\u00f3n de \u00a0tutela contra decisiones judiciales y, en consecuencia, debe \u00a0revocarse el fallo de tutela de primera instancia y conceder el \u00a0amparo invocado. \u00a0<\/p>\n<p>Requisitos de procedibilidad de \u00a0la acci\u00f3n de tutela contra decisiones judiciales. \u00a0<\/p>\n<p>Como ha sido recurrentemente \u00a0reiterado por esta Sala, la acci\u00f3n constitucional de tutela es \u00a0un mecanismo de protecci\u00f3n excepcional frente a providencias \u00a0judiciales, su prosperidad va ligada al cumplimiento de estrictos \u00a0requisitos de procedibilidad que implican una carga para el \u00a0accionante, tanto en su planteamiento como en su demostraci\u00f3n, \u00a0como lo ha expuesto la propia Corte Constitucional. \u00a0<\/p>\n<p>Por este motivo, y como ha sido \u00a0desarrollado por la Doctrina constitucional, la acci\u00f3n de \u00a0tutela contra providencias judiciales exige: \u00a0<\/p>\n<p>\u00a0 \u00a0\u00a0 \u00a0 \u00a0 \u00a0 \u00a0 \u00a0 \u00a0 \u00a0 \u00a0 \u00a0 \u00a0 \u00a0 \u00a0 \u00a0<\/p>\n<p>a. Que la cuesti\u00f3n que se \u00a0 \u00a0 \u00a0 \u00a0 \u00a0 \u00a0 \u00a0 \u00a0 \u00a0discuta resulte de evidente relevancia constitucional. \u00a0 \u00a0<\/p>\n<p>\u00a0 \u00a0\u00a0 \u00a0 \u00a0 \u00a0 \u00a0 \u00a0 \u00a0 \u00a0 \u00a0 \u00a0 \u00a0 \u00a0 \u00a0 \u00a0<\/p>\n<p>b. Que hayan sido agotados todos \u00a0 \u00a0 \u00a0 \u00a0 \u00a0 \u00a0 \u00a0 \u00a0 \u00a0los medios -ordinarios y extraordinarios- de defensa judicial al \u00a0 \u00a0 \u00a0 \u00a0 \u00a0 \u00a0 \u00a0 \u00a0 \u00a0alcance de la persona afectada, salvo que se trate de evitar la \u00a0 \u00a0 \u00a0 \u00a0 \u00a0 \u00a0 \u00a0 \u00a0 \u00a0consumaci\u00f3n de un perjuicio iusfundamental irremediable. \u00a0 \u00a0<\/p>\n<p>\u00a0 \u00a0\u00a0 \u00a0 \u00a0 \u00a0 \u00a0 \u00a0 \u00a0 \u00a0 \u00a0 \u00a0 \u00a0 \u00a0 \u00a0 \u00a0<\/p>\n<p>c. Que se cumpla el requisito de \u00a0 \u00a0 \u00a0 \u00a0 \u00a0 \u00a0 \u00a0 \u00a0 \u00a0la inmediatez, es decir, que la tutela se hubiere interpuesto en un \u00a0 \u00a0 \u00a0 \u00a0 \u00a0 \u00a0 \u00a0 \u00a0 \u00a0t\u00e9rmino razonable y proporcionado a partir del hecho que \u00a0 \u00a0 \u00a0 \u00a0 \u00a0 \u00a0 \u00a0 \u00a0 \u00a0origin\u00f3 la vulneraci\u00f3n. \u00a0 \u00a0<\/p>\n<p>\u00a0 \u00a0\u00a0 \u00a0 \u00a0 \u00a0 \u00a0 \u00a0 \u00a0 \u00a0 \u00a0 \u00a0 \u00a0 \u00a0 \u00a0 \u00a0<\/p>\n<p>d. Cuando se trate de una \u00a0 \u00a0 \u00a0 \u00a0 \u00a0 \u00a0 \u00a0 \u00a0 \u00a0irregularidad procesal, debe quedar claro que la misma tiene un \u00a0 \u00a0 \u00a0 \u00a0 \u00a0 \u00a0 \u00a0 \u00a0 \u00a0efecto decisivo o determinante en la sentencia que se impugna y que \u00a0 \u00a0 \u00a0 \u00a0 \u00a0 \u00a0 \u00a0 \u00a0 \u00a0ata\u00f1e a los derechos fundamentales del accionante. \u00a0 \u00a0<\/p>\n<p>\u00a0 \u00a0\u00a0 \u00a0 \u00a0 \u00a0 \u00a0 \u00a0 \u00a0 \u00a0 \u00a0 \u00a0 \u00a0 \u00a0 \u00a0 \u00a0<\/p>\n<p>e. Que el accionante identifique \u00a0 \u00a0 \u00a0 \u00a0 \u00a0 \u00a0 \u00a0 \u00a0 \u00a0de manera razonable tanto los hechos que generaron la vulneraci\u00f3n \u00a0 \u00a0 \u00a0 \u00a0 \u00a0 \u00a0 \u00a0 \u00a0 \u00a0como los derechos vulnerados y que hubiere alegado tal vulneraci\u00f3n \u00a0 \u00a0 \u00a0 \u00a0 \u00a0 \u00a0 \u00a0 \u00a0 \u00a0en el proceso judicial, siempre que esto hubiere sido posible. \u00a0 \u00a0<\/p>\n<p>\u00a0 \u00a0\u00a0 \u00a0 \u00a0 \u00a0 \u00a0 \u00a0 \u00a0 \u00a0 \u00a0 \u00a0 \u00a0 \u00a0 \u00a0 \u00a0<\/p>\n<p>f. Que la decisi\u00f3n judicial \u00a0 \u00a0 \u00a0 \u00a0 \u00a0 \u00a0 \u00a0 \u00a0 \u00a0contra la cual se formula la acci\u00f3n de tutela no se \u00a0 \u00a0 \u00a0 \u00a0 \u00a0 \u00a0 \u00a0 \u00a0 \u00a0corresponda con sentencias de tutela. \u00a0 \u00a0<\/p>\n<p>Los anteriores requisitos, no pueden \u00a0quedarse en meros enunciados, pues han sido reiterados por la Corte \u00a0Constitucional, primero en la sentencia C-590 de 2005, luego en las \u00a0decisiones T-332, T-212 y T-780 de 2006, reforzando lo dicho en la \u00a0primera de las mencionadas providencias, en el sentido que, cuando se \u00a0trata de acciones de tutela contra providencias judiciales, las \u00a0mismas solo pueden tener cabida \u00ab\u2026si \u00a0se cumplen ciertos y rigurosos requisitos de procedibilidad. Dentro \u00a0de estos pueden distinguirse unos de car\u00e1cter general, que \u00a0habilitan la interposici\u00f3n de la tutela, y otros de car\u00e1cter \u00a0espec\u00edfico, que tocan con la procedencia misma del amparo, una \u00a0vez interpuesta\u00bb. \u00a0<\/p>\n<p>En punto de las \u00a0exigencias espec\u00edficas, como fue recogido en la sentencia \u00a0C-590 de 2005, han sido establecidas las que a \u00a0continuaci\u00f3n se relacionan: \u00a0<\/p>\n<p>a. \u00a0 \u00a0 \u00a0 \u00a0Defecto \u00a0org\u00e1nico, que se presenta cuando el funcionario judicial que \u00a0profiri\u00f3 la providencia impugnada carece absolutamente de \u00a0competencia para ello. \u00a0 \u00a0 \u00a0 \u00a0 \u00a0 \u00a0<\/p>\n<p>b. Defecto procedimental absoluto, \u00a0 \u00a0 \u00a0 \u00a0 \u00a0que se origina cuando el juez actu\u00f3 completamente al margen \u00a0 \u00a0 \u00a0 \u00a0 \u00a0del procedimiento establecido.<\/p>\n<p>c. Defecto f\u00e1ctico, el cual \u00a0 \u00a0 \u00a0 \u00a0 \u00a0surge cuando el juez carece del apoyo probatorio que permita la \u00a0 \u00a0 \u00a0 \u00a0 \u00a0aplicaci\u00f3n del supuesto legal en el que se sustenta la \u00a0 \u00a0 \u00a0 \u00a0 \u00a0decisi\u00f3n.<\/p>\n<p>d. Defecto material o sustantivo, \u00a0 \u00a0 \u00a0 \u00a0 \u00a0como son los casos en que se decide con base en normas inexistentes \u00a0 \u00a0 \u00a0 \u00a0 \u00a0o inconstitucionales4 \u00a0 \u00a0 \u00a0 \u00a0 \u00a0o que presentan una evidente y grosera contradicci\u00f3n entre \u00a0 \u00a0 \u00a0 \u00a0 \u00a0los fundamentos y la decisi\u00f3n;<\/p>\n<p>e. Error inducido, el cual surge \u00a0 \u00a0 \u00a0 \u00a0 \u00a0cuando el juez o tribunal fue v\u00edctima de un enga\u00f1o por \u00a0 \u00a0 \u00a0 \u00a0 \u00a0parte de terceros y ese enga\u00f1o lo condujo a la toma de una \u00a0 \u00a0 \u00a0 \u00a0 \u00a0decisi\u00f3n que afecta derechos fundamentales.<\/p>\n<p>f. Decisi\u00f3n \u00a0 \u00a0 \u00a0 \u00a0 \u00a0sin motivaci\u00f3n, \u00a0 \u00a0 \u00a0 \u00a0 \u00a0que implica el incumplimiento de los funcionarios judiciales de \u00a0 \u00a0 \u00a0 \u00a0 \u00a0explicitar los fundamentos f\u00e1cticos y jur\u00eddicos de sus \u00a0 \u00a0 \u00a0 \u00a0 \u00a0decisiones, en el entendido que precisamente en esa motivaci\u00f3n \u00a0 \u00a0 \u00a0 \u00a0 \u00a0reposa la legitimidad de su \u00f3rbita funcional.<\/p>\n<p>g. Desconocimiento \u00a0 \u00a0 \u00a0 \u00a0 \u00a0del precedente, hip\u00f3tesis que se presenta, \u00a0 \u00a0 \u00a0 \u00a0 \u00a0por ejemplo, cuando la Corte Constitucional establece el alcance de \u00a0 \u00a0 \u00a0 \u00a0 \u00a0un derecho fundamental y el juez ordinario aplica una ley limitando \u00a0 \u00a0 \u00a0 \u00a0 \u00a0sustancialmente dicho alcance. En estos casos la tutela procede como \u00a0 \u00a0 \u00a0 \u00a0 \u00a0mecanismo para garantizar la eficacia jur\u00eddica del contenido \u00a0 \u00a0 \u00a0 \u00a0 \u00a0constitucionalmente vinculante del derecho fundamental vulnerado \u00a0 \u00a0 \u00a0 \u00a0 \u00a0[5].<\/p>\n<p>h. Violaci\u00f3n directa de la \u00a0 \u00a0 \u00a0 \u00a0 \u00a0Constituci\u00f3n. \u00a0<\/p>\n<p>Queda entonces claro que en atenci\u00f3n \u00a0a la fuerza normativa de la cosa juzgada y al respeto de la autonom\u00eda \u00a0judicial, la acci\u00f3n consagrada en el art\u00edculo 86 de la \u00a0Constituci\u00f3n Nacional, cuando se dirige a cuestionar una \u00a0decisi\u00f3n judicial, tiene car\u00e1cter excepcional, y su \u00a0prosperidad est\u00e1 atada a que se cumplan los requisitos de \u00a0procedibilidad anteriormente enunciados. De manera que quien acude a \u00a0ella tiene la carga no s\u00f3lo respecto de su planteamiento, sino \u00a0de su demostraci\u00f3n. \u00a0<\/p>\n<p>AN\u00c1LISIS \u00a0DEL CASO CONCRETO. \u00a0<\/p>\n<p>En el caso bajo \u00a0examen, a partir de los criterios presentados y de la revisi\u00f3n \u00a0de las pruebas obrantes se constata que efectivamente no se cumple \u00a0con el requisito general de subsidiariedad, comoquiera que la \u00a0procedencia de la revocatoria del sustituto de la \u00a0ejecuci\u00f3n de la pena en centro penitenciario por prisi\u00f3n \u00a0domiciliaria, es un asunto que debe ser \u00a0definido en la v\u00eda ordinaria. \u00a0<\/p>\n<p>La Sala ha precisado que la acci\u00f3n \u00a0de tutela no fue dise\u00f1ada con miras a reemplazar al juez \u00a0competente, de ah\u00ed que no sea de recibo cuando se advierte que \u00a0el accionante cuenta con otro medio judicial para invocar la \u00a0protecci\u00f3n de los derechos fundamentales que considera le han \u00a0sido vulnerados. \u00a0<\/p>\n<p>Tal exigencia, s\u00f3lo admite \u00a0excepci\u00f3n en el evento que se trate de evitar la consumaci\u00f3n \u00a0de un perjuicio irremediable, pues de no ser as\u00ed, esto es, de \u00a0asumirse la acci\u00f3n de tutela como un mecanismo de protecci\u00f3n \u00a0alternativo, se correr\u00eda el riesgo de dejar en el vac\u00edo \u00a0las competencias de las distintas autoridades judiciales y concentrar \u00a0en la jurisdicci\u00f3n constitucional todas las decisiones \u00a0inherentes a ellas, propiciando as\u00ed, un desborde institucional \u00a0en el cumplimiento de las funciones de esta \u00faltima. \u00a0<\/p>\n<p>En este caso, \u00a0adem\u00e1s que el accionante no acredit\u00f3 la urgencia, la \u00a0gravedad, la inminencia y la impostergabilidad del amparo, tampoco \u00a0hay lugar a considerar que se encuentra ante un perjuicio \u00a0irremediable. \u00a0<\/p>\n<p>Por estos motivos, \u00a0lo procedente es confirmar el fallo de tutela de primera instancia. \u00a0<\/p>\n<p>Por lo expuesto, \u00a0la CORTE SUPREMA DE JUSTICIA, SALA DE \u00a0CASACI\u00d3N PENAL \u2013 EN SALA DE DECISI\u00d3N DE ACCIONES \u00a0DE TUTELA N\u00b0 1, administrando justicia, en nombre de la Rep\u00fablica \u00a0y por autoridad de la Ley, \u00a0<\/p>\n<p>RESUELVE \u00a0<\/p>\n<p>\u00a0 \u00a0\u00a0 \u00a0 \u00a0 \u00a0 \u00a0<\/p>\n<p>1. CONFIRMAR el fallo de tutela impugnado, por las \u00a0 \u00a0 \u00a0 \u00a0 \u00a0razones anotadas en precedencia. \u00a0<\/p>\n<p>\u00a0 \u00a0\u00a0 \u00a0 \u00a0 \u00a0 \u00a0<\/p>\n<p>1. NOTIFICAR a los sujetos procesales el presente \u00a0 \u00a0 \u00a0 \u00a0 \u00a0fallo, por el medio m\u00e1s expedito. \u00a0<\/p>\n<p>\u00a0 \u00a0\u00a0 \u00a0 \u00a0 \u00a0 \u00a0<\/p>\n<p>2. Env\u00edese la actuaci\u00f3n a la Corte \u00a0 \u00a0 \u00a0 \u00a0 \u00a0Constitucional para su eventual revisi\u00f3n, dentro del t\u00e9rmino \u00a0 \u00a0 \u00a0 \u00a0 \u00a0indicado en el art\u00edculo 31 del Decreto 2591 de 1991. \u00a0<\/p>\n<p>NOTIF\u00cdQUESE Y C\u00daMPLASE \u00a0<\/p>\n<p>JOS\u00c9 \u00a0FRANCISCO ACU\u00d1A VIZCAYA \u00a0<\/p>\n<p>EUGENIO \u00a0FERN\u00c1NDEZ CARLIER \u00a0<\/p>\n<p>NUBIA \u00a0YOLANDA NOVA GARC\u00cdA \u00a0<\/p>\n<p>Secretaria \u00a0<\/p>\n<p>1 \u00a0 \u00a0 \u00a0 \u00a0 \u00a0Folio 88, cuaderno 1. \u00a0<\/p>\n<p>2 \u00a0 \u00a0 \u00a0 \u00a0 \u00a0Folios 88 a 91, cuaderno 1. \u00a0<\/p>\n<p>3 \u00a0 \u00a0 \u00a0 \u00a0 \u00a0Folio \u00a094, cuaderno 1. \u00a0<\/p>\n<p>4 \u00a0 \u00a0 \u00a0 \u00a0 \u00a0CC T-522 de 2001. \u00a0<\/p>\n<p>5 \u00a0 \u00a0 \u00a0 \u00a0 \u00a0\u00abCfr. \u00a0 \u00a0 \u00a0 \u00a0 \u00a0Sentencias T-462 de \u00a0 \u00a0 \u00a0 \u00a0 \u00a02003; SU-1184 de 2001; T-1625 de 2000 y T-1031 de 2001.\u00bb \u00a0 \u00a0 \u00a0<\/p>\n<p><\/p>\n","protected":false},"excerpt":{"rendered":"<p>\u00a0 \u00a0 \u00a0 \u00a0\u00a0 JOS\u00c9 \u00a0FRANCISCO ACU\u00d1A VIZCAYA \u00a0 Magistrado \u00a0Ponente \u00a0 STP1180-2020 \u00a0 Radicaci\u00f3n \u00a0n.\u00b0 108678 \u00a0 (Aprobaci\u00f3n \u00a0Acta No. 026 \u00a0 \u00a0 \u00a0 \u00a0) \u00a0 Bogot\u00e1 \u00a0D.C., diez (10) febrero de dos mil veinte (2020) \u00a0 VISTOS \u00a0 Decide la Sala el \u00a0recurso de impugnaci\u00f3n interpuesto por Oswald \u00a0Ovidio Hern\u00e1ndez Jim\u00e9nez, \u00a0 contra [&hellip;]<\/p>\n","protected":false},"author":1,"featured_media":0,"comment_status":"open","ping_status":"open","sticky":false,"template":"","format":"standard","meta":{"footnotes":""},"categories":[29],"tags":[],"class_list":["post-51207","post","type-post","status-publish","format-standard","hentry","category-29"],"_links":{"self":[{"href":"https:\/\/dmsjuridica.com\/buscador_20179478954\/salapenalcronologico20230723\/wp-json\/wp\/v2\/posts\/51207","targetHints":{"allow":["GET"]}}],"collection":[{"href":"https:\/\/dmsjuridica.com\/buscador_20179478954\/salapenalcronologico20230723\/wp-json\/wp\/v2\/posts"}],"about":[{"href":"https:\/\/dmsjuridica.com\/buscador_20179478954\/salapenalcronologico20230723\/wp-json\/wp\/v2\/types\/post"}],"author":[{"embeddable":true,"href":"https:\/\/dmsjuridica.com\/buscador_20179478954\/salapenalcronologico20230723\/wp-json\/wp\/v2\/users\/1"}],"replies":[{"embeddable":true,"href":"https:\/\/dmsjuridica.com\/buscador_20179478954\/salapenalcronologico20230723\/wp-json\/wp\/v2\/comments?post=51207"}],"version-history":[{"count":0,"href":"https:\/\/dmsjuridica.com\/buscador_20179478954\/salapenalcronologico20230723\/wp-json\/wp\/v2\/posts\/51207\/revisions"}],"wp:attachment":[{"href":"https:\/\/dmsjuridica.com\/buscador_20179478954\/salapenalcronologico20230723\/wp-json\/wp\/v2\/media?parent=51207"}],"wp:term":[{"taxonomy":"category","embeddable":true,"href":"https:\/\/dmsjuridica.com\/buscador_20179478954\/salapenalcronologico20230723\/wp-json\/wp\/v2\/categories?post=51207"},{"taxonomy":"post_tag","embeddable":true,"href":"https:\/\/dmsjuridica.com\/buscador_20179478954\/salapenalcronologico20230723\/wp-json\/wp\/v2\/tags?post=51207"}],"curies":[{"name":"wp","href":"https:\/\/api.w.org\/{rel}","templated":true}]}}