{"id":51205,"date":"2023-09-15T20:51:43","date_gmt":"2023-09-15T20:51:43","guid":{"rendered":"https:\/\/dmsjuridica.com\/buscador_20179478954\/salapenalcronologico20230723\/2023\/09\/15\/stp1178-2020\/"},"modified":"2023-09-15T20:51:43","modified_gmt":"2023-09-15T20:51:43","slug":"stp1178-2020","status":"publish","type":"post","link":"https:\/\/dmsjuridica.com\/buscador_20179478954\/salapenalcronologico20230723\/2023\/09\/15\/stp1178-2020\/","title":{"rendered":"STP1178-2020"},"content":{"rendered":"\n<p>\u00a0 \u00a0 \u00a0 \u00a0\u00a0<\/p>\n<p>JOS\u00c9 \u00a0FRANCISCO ACU\u00d1A VIZCAYA \u00a0<\/p>\n<p>Magistrado \u00a0Ponente \u00a0<\/p>\n<p>STP1178-2020 \u00a0<\/p>\n<p>Radicaci\u00f3n \u00a0n.\u00b0 108748 \u00a0<\/p>\n<p>(Aprobado \u00a0Acta No. 026) \u00a0<\/p>\n<p>Bogot\u00e1 \u00a0D.C., diez (10) febrero de dos mil veinte (2020) \u00a0<\/p>\n<p>VISTOS \u00a0<\/p>\n<p>Decide la Sala el \u00a0recurso de \u00a0impugnaci\u00f3n interpuesto por EDGAR \u00a0ANTONINI DELGADO RAMOS, contra el \u00a0fallo proferido por la Sala Penal del Tribunal Superior del Distrito \u00a0Judicial de Tunja, el 25 de noviembre de 2019, \u00a0 que deneg\u00f3 el amparo invocado \u00a0contra el Juzgado Sexto de Ejecuci\u00f3n de Penas y Medidas \u00a0de Seguridad de Tunja. \u00a0<\/p>\n<p>ANTECEDENTES \u00a0<\/p>\n<p>Y \u00a0<\/p>\n<p>FUNDAMENTOS \u00a0DE LA ACCI\u00d3N \u00a0<\/p>\n<p>Fueron recogidos en el fallo de \u00a0tutela de primera instancia en los siguientes t\u00e9rminos:1 \u00a0<\/p>\n<p>EDGAR \u00a0ANTONINI DELGADO RAMOS presenta acci\u00f3n de tutela contra el \u00a0Juzgado Sexto de Ejecuci\u00f3n de Penas y Medidas de Seguridad de \u00a0Tunja, por la presunta vulneraci\u00f3n de su derecho fundamental \u00a0al debido proceso, en tanto, le neg\u00f3 la solicitud de libertad \u00a0condicional. \u00a0<\/p>\n<p>Se\u00f1ala \u00a0que el Juzgado 21 Penal Municipal de Bogot\u00e1 lo conden\u00f3 \u00a0a la pena de 72 meses de prisi\u00f3n; que desde el 28 de diciembre \u00a0de 2012, con una medida de aseguramiento, viene descontado la \u00a0sanci\u00f3n; que el 21 de enero de 2016, con la sentencia de \u00a0condena, le fue revocada la detenci\u00f3n domiciliaria; que en la \u00a0providencia se dijo que su primera evasi\u00f3n del lugar de \u00a0domicilio se produjo el 22 de noviembre de 2013 y acota que su \u00a0captura se hizo efectiva el 4 de mayo de 2017. \u00a0<\/p>\n<p>Refiere \u00a0que se le niega la libertad condicional desconociendo que desde que \u00a0le fue concedida la prisi\u00f3n domiciliaria (28 de diciembre de \u00a02012) hasta antes de que se produjo su detenci\u00f3n, (04 de mayo \u00a0de 2017) estuvo descontando la pena, pues, durante ese lapso asisti\u00f3 \u00a0a todas y cada una de las audiencias y jam\u00e1s se le afect\u00f3 \u00a0su derecho a la libertad, de modo que, si hab\u00eda una orden de \u00a0captura, no entiende porque nunca se materializ\u00f3. \u00a0<\/p>\n<p>Alega \u00a0que el juez ejecutor no se ha tomado el trabajo de esclarecer su \u00a0situaci\u00f3n jur\u00eddica, pues, de haber indagado ante el \u00a0Juzgado 21 Penal Municipal de Bogot\u00e1, se hubiera dado cuenta \u00a0que asisti\u00f3 a las audiencias, por ende no evadi\u00f3 el \u00a0cumplimiento de la pena. \u00a0<\/p>\n<p>Pide \u00a0que se ordene al Juzgado Sexto de Ejecuci\u00f3n de Penas de Tunja \u00a0actualizar la informaci\u00f3n que obra a su nombre, teniendo como \u00a0base las actas y documentos que acreditan que acudi\u00f3 al \u00a0proceso penal voluntariamente y que jam\u00e1s fue capturado por \u00a0evadir la medida de detenci\u00f3n preventiva impuesta por un juez \u00a0control de garant\u00edas. (Textual). \u00a0<\/p>\n<p>EL FALLO IMPUGNADO \u00a0<\/p>\n<p>Mediante decisi\u00f3n \u00a0adoptada el 25 de noviembre de 2019, la Sala \u00a0Penal del Tribunal Superior del Distrito Judicial de Tunja \u00a0deneg\u00f3 la tutela invocada, consider\u00f3 \u00a0que las pretensiones formuladas en la solicitud de amparo son porque \u00a0no coincide con \u00a0la decisi\u00f3n del Juez \u00a0Ejecutor. \u00a0<\/p>\n<p>Arguy\u00f3 que \u00a0en la decisi\u00f3n cuestionada se plasmaron claramente las razones \u00a0de hecho y de derecho que imped\u00edan otorgar el beneficio al \u00a0accionante, por lo que la acci\u00f3n de tutela no procede para \u00a0impugnar providencias judiciales cuando el supuesto afectado \u00a0simplemente no coincide con la posici\u00f3n judicial, pues, las \u00a0v\u00edas de hecho son defectos graves en el ejercicio de la \u00a0actividad jurisdiccional que comprometen la garant\u00eda al debido \u00a0proceso y la integridad del ordenamiento jur\u00eddico. \u00a0<\/p>\n<p>Reiter\u00f3 que \u00a0la jurisprudencia constitucional ha sido clara al se\u00f1alar que \u00a0la acci\u00f3n de tutela no est\u00e1 dise\u00f1ada para \u00a0revivir t\u00e9rminos ni para sustituir la competencia del juez \u00a0natural y mucho menos para suplir las falencias de quien debe asumir \u00a0las consecuencias de su propia desidia o inactividad en virtud que el \u00a0accionante \u00a0no interpuso los recursos que contra \u00a0la decisi\u00f3n adoptada proced\u00edan.2 \u00a0<\/p>\n<p>LA IMPUGNACI\u00d3N \u00a0<\/p>\n<p>El 6 de diciembre de 2019, el \u00a0accionante interpuso recurso de impugnaci\u00f3n, si sustento \u00a0alguno.3 \u00a0<\/p>\n<p>CONSIDERACIONES DE LA SALA \u00a0<\/p>\n<p>De conformidad con \u00a0lo previsto en el art\u00edculo 32 del Decreto 2591 de 1991, esta \u00a0Sala es competente para resolver el recurso de impugnaci\u00f3n \u00a0interpuesto por Edgar Antonini Delgado Ramos contra \u00a0la decisi\u00f3n proferida por la Sala Penal del Tribunal Superior \u00a0del Distrito Judicial de Tunja. \u00a0<\/p>\n<p>Al respecto, el problema jur\u00eddico \u00a0que convoca a la Sala consiste en establecer si contra las decisiones \u00a0que revocaron la prisi\u00f3n domiciliaria que en su momento le fue \u00a0concedida al accionante, se configuran los requisitos de \u00a0procedibilidad de la acci\u00f3n de tutela contra decisiones \u00a0judiciales y, en consecuencia, debe revocarse el fallo de tutela de \u00a0primera instancia proferido por la Sala Penal del Tribunal Superior \u00a0del Distrito Judicial de Tunja, y conceder el amparo invocado. \u00a0<\/p>\n<p>Requisitos de procedibilidad de la \u00a0acci\u00f3n de tutela contra decisiones judiciales. \u00a0<\/p>\n<p>Como ha sido recurrentemente \u00a0recordado por esta Sala, la acci\u00f3n constitucional de tutela es \u00a0un mecanismo de protecci\u00f3n excepcional frente a providencias \u00a0judiciales, su prosperidad va ligada al cumplimiento de estrictos \u00a0requisitos de procedibilidad que implican una carga para los \u00a0accionantes, tanto en su planteamiento como en su demostraci\u00f3n, \u00a0como lo ha expuesto la propia Corte Constitucional. \u00a0<\/p>\n<p>Por este motivo, y como ha sido \u00a0desarrollado por la Doctrina constitucional, la acci\u00f3n de \u00a0tutela contra providencias judiciales exige: \u00a0<\/p>\n<p>\u00a0 \u00a0\u00a0 \u00a0 \u00a0 \u00a0 \u00a0 \u00a0 \u00a0 \u00a0 \u00a0 \u00a0 \u00a0 \u00a0 \u00a0 \u00a0<\/p>\n<p>a. Que la cuesti\u00f3n que se discuta resulte \u00a0 \u00a0 \u00a0 \u00a0 \u00a0 \u00a0 \u00a0 \u00a0 \u00a0de evidente relevancia constitucional. \u00a0 \u00a0<\/p>\n<p>\u00a0 \u00a0\u00a0 \u00a0 \u00a0 \u00a0 \u00a0 \u00a0 \u00a0 \u00a0 \u00a0 \u00a0 \u00a0 \u00a0 \u00a0 \u00a0<\/p>\n<p>b. Que hayan sido agotados todos los medios \u00a0 \u00a0 \u00a0 \u00a0 \u00a0 \u00a0 \u00a0 \u00a0 \u00a0-ordinarios y extraordinarios- de defensa judicial al alcance de la \u00a0 \u00a0 \u00a0 \u00a0 \u00a0 \u00a0 \u00a0 \u00a0 \u00a0persona afectada, salvo que se trate de evitar la consumaci\u00f3n \u00a0 \u00a0 \u00a0 \u00a0 \u00a0 \u00a0 \u00a0 \u00a0 \u00a0de un perjuicio iusfundamental irremediable. \u00a0 \u00a0<\/p>\n<p>\u00a0 \u00a0\u00a0 \u00a0 \u00a0 \u00a0 \u00a0 \u00a0 \u00a0 \u00a0 \u00a0 \u00a0 \u00a0 \u00a0 \u00a0 \u00a0<\/p>\n<p>c. Que se cumpla el requisito de la inmediatez, es \u00a0 \u00a0 \u00a0 \u00a0 \u00a0 \u00a0 \u00a0 \u00a0 \u00a0decir, que la tutela se hubiere interpuesto en un t\u00e9rmino \u00a0 \u00a0 \u00a0 \u00a0 \u00a0 \u00a0 \u00a0 \u00a0 \u00a0razonable y proporcionado a partir del hecho que origin\u00f3 la \u00a0 \u00a0 \u00a0 \u00a0 \u00a0 \u00a0 \u00a0 \u00a0 \u00a0vulneraci\u00f3n. \u00a0 \u00a0<\/p>\n<p>\u00a0 \u00a0\u00a0 \u00a0 \u00a0 \u00a0 \u00a0 \u00a0 \u00a0 \u00a0 \u00a0 \u00a0 \u00a0 \u00a0 \u00a0 \u00a0<\/p>\n<p>d. Cuando se trate de una irregularidad procesal, \u00a0 \u00a0 \u00a0 \u00a0 \u00a0 \u00a0 \u00a0 \u00a0 \u00a0debe quedar claro que la misma tiene un efecto decisivo o \u00a0 \u00a0 \u00a0 \u00a0 \u00a0 \u00a0 \u00a0 \u00a0 \u00a0determinante en la sentencia que se impugna y que ata\u00f1e a \u00a0 \u00a0 \u00a0 \u00a0 \u00a0 \u00a0 \u00a0 \u00a0 \u00a0los derechos fundamentales de los accionantes. \u00a0 \u00a0<\/p>\n<p>\u00a0 \u00a0\u00a0 \u00a0 \u00a0 \u00a0 \u00a0 \u00a0 \u00a0 \u00a0 \u00a0 \u00a0 \u00a0 \u00a0 \u00a0 \u00a0<\/p>\n<p>e. Que los accionantes identifique de manera \u00a0 \u00a0 \u00a0 \u00a0 \u00a0 \u00a0 \u00a0 \u00a0 \u00a0razonable tanto los hechos que generaron la vulneraci\u00f3n como \u00a0 \u00a0 \u00a0 \u00a0 \u00a0 \u00a0 \u00a0 \u00a0 \u00a0los derechos vulnerados y que hubiere alegado tal vulneraci\u00f3n \u00a0 \u00a0 \u00a0 \u00a0 \u00a0 \u00a0 \u00a0 \u00a0 \u00a0en el proceso judicial, siempre que esto hubiere sido posible. \u00a0 \u00a0<\/p>\n<p>\u00a0 \u00a0\u00a0 \u00a0 \u00a0 \u00a0 \u00a0 \u00a0 \u00a0 \u00a0 \u00a0 \u00a0 \u00a0 \u00a0 \u00a0 \u00a0<\/p>\n<p>f. Que la decisi\u00f3n judicial contra la cual \u00a0 \u00a0 \u00a0 \u00a0 \u00a0 \u00a0 \u00a0 \u00a0 \u00a0se formula la acci\u00f3n de tutela no se corresponda con \u00a0 \u00a0 \u00a0 \u00a0 \u00a0 \u00a0 \u00a0 \u00a0 \u00a0sentencias de tutela. \u00a0 \u00a0<\/p>\n<p>Los anteriores requisitos, no pueden \u00a0quedarse en meros enunciados, pues han sido reiterados por la Corte \u00a0Constitucional, primero en la sentencia C-590 de 2005, luego en las \u00a0decisiones T-332, T-212 y T-780 de 2006, reforzando lo dicho en la \u00a0primera de las mencionadas providencias, en el sentido que, cuando se \u00a0trata de acciones de tutela contra providencias judiciales, las \u00a0mismas solo pueden tener cabida \u00ab\u2026si \u00a0se cumplen ciertos y rigurosos requisitos de procedibilidad. Dentro \u00a0de estos pueden distinguirse unos de car\u00e1cter general, que \u00a0habilitan la interposici\u00f3n de la tutela, y otros de car\u00e1cter \u00a0espec\u00edfico, que tocan con la procedencia misma del amparo, una \u00a0vez interpuesta\u00bb. \u00a0<\/p>\n<p>En punto de las \u00a0exigencias espec\u00edficas, como fue recogido en la sentencia \u00a0C-590 de 2005, han sido establecidas las que a \u00a0continuaci\u00f3n se relacionan: \u00a0<\/p>\n<p>a. \u00a0 \u00a0 \u00a0 \u00a0Defecto \u00a0org\u00e1nico, que se presenta cuando el funcionario judicial que \u00a0profiri\u00f3 la providencia impugnada carece absolutamente de \u00a0competencia para ello. \u00a0 \u00a0 \u00a0 \u00a0 \u00a0 \u00a0<\/p>\n<p>b. Defecto \u00a0 \u00a0 \u00a0 \u00a0 \u00a0procedimental absoluto, que se origina cuando el juez actu\u00f3 \u00a0 \u00a0 \u00a0 \u00a0 \u00a0completamente al margen del procedimiento establecido.<\/p>\n<p>c. Defecto \u00a0 \u00a0 \u00a0 \u00a0 \u00a0f\u00e1ctico, el cual surge cuando el juez carece del apoyo \u00a0 \u00a0 \u00a0 \u00a0 \u00a0probatorio que permita la aplicaci\u00f3n del supuesto legal en el \u00a0 \u00a0 \u00a0 \u00a0 \u00a0que se sustenta la decisi\u00f3n.<\/p>\n<p>d. Defecto \u00a0 \u00a0 \u00a0 \u00a0 \u00a0material o sustantivo, como son los casos en que se decide con base \u00a0 \u00a0 \u00a0 \u00a0 \u00a0en normas inexistentes o inconstitucionales4 \u00a0 \u00a0 \u00a0 \u00a0 \u00a0o que presentan una evidente y grosera contradicci\u00f3n entre \u00a0 \u00a0 \u00a0 \u00a0 \u00a0los fundamentos y la decisi\u00f3n;<\/p>\n<p>e. Error \u00a0 \u00a0 \u00a0 \u00a0 \u00a0inducido, el cual surge cuando el juez o tribunal fue v\u00edctima \u00a0 \u00a0 \u00a0 \u00a0 \u00a0de un enga\u00f1o por parte de terceros y ese enga\u00f1o lo \u00a0 \u00a0 \u00a0 \u00a0 \u00a0condujo a la toma de una decisi\u00f3n que afecta derechos \u00a0 \u00a0 \u00a0 \u00a0 \u00a0fundamentales.<\/p>\n<p>f. Decisi\u00f3n \u00a0 \u00a0 \u00a0 \u00a0 \u00a0sin motivaci\u00f3n, que implica el \u00a0 \u00a0 \u00a0 \u00a0 \u00a0incumplimiento de los funcionarios judiciales de explicitar los \u00a0 \u00a0 \u00a0 \u00a0 \u00a0fundamentos f\u00e1cticos y jur\u00eddicos de sus decisiones, en \u00a0 \u00a0 \u00a0 \u00a0 \u00a0el entendido que precisamente en esa motivaci\u00f3n reposa la \u00a0 \u00a0 \u00a0 \u00a0 \u00a0legitimidad de su \u00f3rbita funcional.<\/p>\n<p>g. Desconocimiento \u00a0 \u00a0 \u00a0 \u00a0 \u00a0del precedente, hip\u00f3tesis que se presenta, por \u00a0 \u00a0 \u00a0 \u00a0 \u00a0ejemplo, cuando la Corte Constitucional establece el alcance de un \u00a0 \u00a0 \u00a0 \u00a0 \u00a0derecho fundamental y el juez ordinario aplica una ley limitando \u00a0 \u00a0 \u00a0 \u00a0 \u00a0sustancialmente dicho alcance. En estos casos la tutela procede como \u00a0 \u00a0 \u00a0 \u00a0 \u00a0mecanismo para garantizar la eficacia jur\u00eddica del contenido \u00a0 \u00a0 \u00a0 \u00a0 \u00a0constitucionalmente vinculante del derecho fundamental vulnerado \u00a0 \u00a0 \u00a0 \u00a0 \u00a0[5].<\/p>\n<p>h. Violaci\u00f3n \u00a0 \u00a0 \u00a0 \u00a0 \u00a0directa de la Constituci\u00f3n. \u00a0<\/p>\n<p>Queda entonces claro que en \u00a0atenci\u00f3n a la fuerza normativa de la cosa juzgada y al respeto \u00a0de la autonom\u00eda judicial, la acci\u00f3n consagrada en el \u00a0art\u00edculo 86 de la Constituci\u00f3n Nacional, cuando se \u00a0dirige a cuestionar una decisi\u00f3n judicial, tiene car\u00e1cter \u00a0excepcional, y su prosperidad est\u00e1 atada a que se cumplan los \u00a0requisitos de procedibilidad anteriormente enunciados. De manera que \u00a0quien acude a ella tiene la carga no s\u00f3lo respecto de su \u00a0planteamiento, sino de su demostraci\u00f3n. \u00a0<\/p>\n<p>AN\u00c1LISIS \u00a0DEL CASO CONCRETO. \u00a0<\/p>\n<p>En relaci\u00f3n con la solicitud \u00a0de amparo del accionante, la Sala encuentra que debe confirmar el \u00a0fallo de tutela de primera instancia porque a partir de la revisi\u00f3n \u00a0de las decisi\u00f3n censurada se constata que la autoridad \u00a0accionada se pronunci\u00f3 en el marco de un \u00a0proceso incidental de revocatoria del sustituto de prisi\u00f3n \u00a0domiciliaria, en el que se adelantaron las actuaciones necesarias \u00a0para notificar en debida forma al accionante y garantizarle la \u00a0oportunidad de ejercer su derecho de contradicci\u00f3n y defensa \u00a0<\/p>\n<p>Con base en lo \u00a0anterior, se evidencia que actor no hizo uso de los recursos que le \u00a0permit\u00edan controvertir la decisi\u00f3n motivo de discusi\u00f3n, \u00a0por lo cual esta Sala pudo establecer \u00a0 \u00a0que contra la decisi\u00f3n \u00a0censurada no se configuro ninguno de los requisitos de procedibilidad \u00a0de la acci\u00f3n de tutela contra decisiones judiciales. \u00a0<\/p>\n<p>Y es que debe recordarse que la \u00a0simple discrepancia o desacuerdo con el contenido de una decisi\u00f3n \u00a0no habilita la interposici\u00f3n de la acci\u00f3n de tutela, \u00a0porque este mecanismo excepcional no fue dise\u00f1ado como una \u00a0instancia adicional o paralela. \u00a0<\/p>\n<p>Por estos motivos, el fallo de tutela \u00a0de primera instancia ser\u00e1 confirmado. \u00a0<\/p>\n<p>Por lo expuesto, la CORTE \u00a0SUPREMA DE JUSTICIA, SALA DE CASACI\u00d3N PENAL \u2013 EN SALA DE \u00a0DECISI\u00d3N DE ACCIONES DE TUTELA N\u00b0 1, administrando \u00a0justicia, en nombre de la Rep\u00fablica y por autoridad de la Ley, \u00a0<\/p>\n<p>RESUELVE \u00a0<\/p>\n<p>\u00a0 \u00a0\u00a0 \u00a0 \u00a0 \u00a0 \u00a0<\/p>\n<p>1. CONFIRMAR el fallo de tutela impugnado. \u00a0<\/p>\n<p>\u00a0 \u00a0\u00a0 \u00a0 \u00a0 \u00a0 \u00a0<\/p>\n<p>2. NOTIFICAR a los sujetos procesales el presente \u00a0 \u00a0 \u00a0 \u00a0 \u00a0fallo, por el medio m\u00e1s expedito. \u00a0<\/p>\n<p>\u00a0 \u00a0\u00a0 \u00a0 \u00a0 \u00a0 \u00a0<\/p>\n<p>3. Env\u00edese la actuaci\u00f3n a la Corte \u00a0 \u00a0 \u00a0 \u00a0 \u00a0Constitucional para su eventual revisi\u00f3n, dentro del t\u00e9rmino \u00a0 \u00a0 \u00a0 \u00a0 \u00a0indicado en el art\u00edculo 31 del Decreto 2591 de 1991. \u00a0<\/p>\n<p>NOTIF\u00cdQUESE \u00a0Y C\u00daMPLASE \u00a0<\/p>\n<p>JOS\u00c9 \u00a0FRANCISCO ACU\u00d1A VIZCAYA \u00a0<\/p>\n<p>EUGENIO \u00a0FERN\u00c1NDEZ CARLIER \u00a0<\/p>\n<p>NUBIA \u00a0YOLANDA NOVA GARC\u00cdA \u00a0<\/p>\n<p>Secretaria \u00a0<\/p>\n<p>1 \u00a0 \u00a0 \u00a0 \u00a0 \u00a0Folios 28 a 29, cuaderno 1. \u00a0<\/p>\n<p>2 \u00a0 \u00a0 \u00a0 \u00a0 \u00a0Folios 28 a 39, cuaderno 1. \u00a0<\/p>\n<p>3 \u00a0 \u00a0 \u00a0 \u00a0 \u00a0Folios 41., cuaderno 1. \u00a0<\/p>\n<p>4 \u00a0 \u00a0 \u00a0 \u00a0 \u00a0\u00cddem. Sentencia T-522 de 2001. \u00a0<\/p>\n<p>5 \u00a0 \u00a0 \u00a0 \u00a0 \u00a0\u00abCfr. \u00a0 \u00a0 \u00a0 \u00a0 \u00a0Sentencias T-462 de \u00a0 \u00a0 \u00a0 \u00a0 \u00a02003 ; SU-1184 de 2001 ; T-1625 de 2000 y T-1031 de 2001.\u00bb \u00a0 \u00a0 \u00a0<\/p>\n<p><\/p>\n","protected":false},"excerpt":{"rendered":"<p>\u00a0 \u00a0 \u00a0 \u00a0\u00a0 JOS\u00c9 \u00a0FRANCISCO ACU\u00d1A VIZCAYA \u00a0 Magistrado \u00a0Ponente \u00a0 STP1178-2020 \u00a0 Radicaci\u00f3n \u00a0n.\u00b0 108748 \u00a0 (Aprobado \u00a0Acta No. 026) \u00a0 Bogot\u00e1 \u00a0D.C., diez (10) febrero de dos mil veinte (2020) \u00a0 VISTOS \u00a0 Decide la Sala el \u00a0recurso de \u00a0impugnaci\u00f3n interpuesto por EDGAR \u00a0ANTONINI DELGADO RAMOS, contra el \u00a0fallo proferido por la [&hellip;]<\/p>\n","protected":false},"author":1,"featured_media":0,"comment_status":"open","ping_status":"open","sticky":false,"template":"","format":"standard","meta":{"footnotes":""},"categories":[29],"tags":[],"class_list":["post-51205","post","type-post","status-publish","format-standard","hentry","category-29"],"_links":{"self":[{"href":"https:\/\/dmsjuridica.com\/buscador_20179478954\/salapenalcronologico20230723\/wp-json\/wp\/v2\/posts\/51205","targetHints":{"allow":["GET"]}}],"collection":[{"href":"https:\/\/dmsjuridica.com\/buscador_20179478954\/salapenalcronologico20230723\/wp-json\/wp\/v2\/posts"}],"about":[{"href":"https:\/\/dmsjuridica.com\/buscador_20179478954\/salapenalcronologico20230723\/wp-json\/wp\/v2\/types\/post"}],"author":[{"embeddable":true,"href":"https:\/\/dmsjuridica.com\/buscador_20179478954\/salapenalcronologico20230723\/wp-json\/wp\/v2\/users\/1"}],"replies":[{"embeddable":true,"href":"https:\/\/dmsjuridica.com\/buscador_20179478954\/salapenalcronologico20230723\/wp-json\/wp\/v2\/comments?post=51205"}],"version-history":[{"count":0,"href":"https:\/\/dmsjuridica.com\/buscador_20179478954\/salapenalcronologico20230723\/wp-json\/wp\/v2\/posts\/51205\/revisions"}],"wp:attachment":[{"href":"https:\/\/dmsjuridica.com\/buscador_20179478954\/salapenalcronologico20230723\/wp-json\/wp\/v2\/media?parent=51205"}],"wp:term":[{"taxonomy":"category","embeddable":true,"href":"https:\/\/dmsjuridica.com\/buscador_20179478954\/salapenalcronologico20230723\/wp-json\/wp\/v2\/categories?post=51205"},{"taxonomy":"post_tag","embeddable":true,"href":"https:\/\/dmsjuridica.com\/buscador_20179478954\/salapenalcronologico20230723\/wp-json\/wp\/v2\/tags?post=51205"}],"curies":[{"name":"wp","href":"https:\/\/api.w.org\/{rel}","templated":true}]}}