{"id":51191,"date":"2023-09-15T20:51:42","date_gmt":"2023-09-15T20:51:42","guid":{"rendered":"https:\/\/dmsjuridica.com\/buscador_20179478954\/salapenalcronologico20230723\/2023\/09\/15\/stp1161-2020\/"},"modified":"2023-09-15T20:51:42","modified_gmt":"2023-09-15T20:51:42","slug":"stp1161-2020","status":"publish","type":"post","link":"https:\/\/dmsjuridica.com\/buscador_20179478954\/salapenalcronologico20230723\/2023\/09\/15\/stp1161-2020\/","title":{"rendered":"STP1161-2020"},"content":{"rendered":"\n<p>\u00a0 \u00a0 \u00a0 \u00a0\u00a0<\/p>\n<p>SALA \u00a0DE DECISI\u00d3N DE TUTELAS N.\u00b0 2 \u00a0<\/p>\n<p>LUIS \u00a0ANTONIO HERN\u00c1NDEZ BARBOSA \u00a0<\/p>\n<p>Magistrado \u00a0ponente \u00a0<\/p>\n<p>STP1161-2020 \u00a0<\/p>\n<p>Radicaci\u00f3n \u00a0n.\u00b0 108779 \u00a0<\/p>\n<p>Acta \u00a0021 \u00a0<\/p>\n<p>Bogot\u00e1, \u00a0D. C., cuatro (4) de febrero de dos mil veinte (2020). \u00a0<\/p>\n<p>VISTOS: \u00a0<\/p>\n<p>Resuelve \u00a0la Sala la acci\u00f3n de tutela interpuesta por JUAN \u00a0CAMILO L\u00d3PEZ QUINTERO \u00a0contra la \u00a0Unidad de Registro Nacional de Abogados y Auxiliares de la Justicia \u00a0del Consejo Superior de la Judicatura. \u00a0<\/p>\n<p>FUNDAMENTOS \u00a0DE LA ACCI\u00d3N: \u00a0<\/p>\n<p>Indic\u00f3 \u00a0el accionante que el 27 de agosto de 2019 radic\u00f3 ante la \u00a0Unidad de Registro Nacional de Abogados y Auxiliares de la Justicia \u00a0del Consejo Superior de la Judicatura \u00a0los documentos requeridos para la expedici\u00f3n de la tarjeta \u00a0profesional de abogado. \u00a0<\/p>\n<p>Acorde \u00a0con la informaci\u00f3n registrada en la base de datos de la \u00a0entidad accionada, mediante Resoluci\u00f3n del 12 de septiembre de \u00a02019 se le asign\u00f3 la tarjeta profesional 333465. Sin embargo, \u00a0afirm\u00f3 que no se ha materializado la entrega y el tr\u00e1mite \u00a0sigue registrando \u00aben \u00a0proceso\u00bb. \u00a0<\/p>\n<p>Tras \u00a0estimar vulnerados sus derechos fundamentales al m\u00ednimo vital \u00a0y ejercicio profesional, acudi\u00f3 ante la jurisdicci\u00f3n \u00a0constitucional para demandar que se ordene a la autoridad demandada \u00a0que expida y le haga entrega de la tarjeta profesional de abogado. \u00a0<\/p>\n<p>TR\u00c1MITE \u00a0DE LA ACCI\u00d3N: \u00a0<\/p>\n<p>Por \u00a0auto de 21 de enero de 2020, la Sala admiti\u00f3 la demanda y \u00a0corri\u00f3 \u00a0el respectivo traslado al sujeto pasivo de la acci\u00f3n. Mediante \u00a0informe del 29 de ese mes y a\u00f1o la Secretar\u00eda de la \u00a0Sala dio a conocer que notific\u00f3 dicha determinaci\u00f3n a \u00a0la autoridad demandada. \u00a0<\/p>\n<p>La \u00a0Directora de la Unidad \u00a0de Registro Nacional de Abogados y Auxiliares de la Justicia del \u00a0Consejo Superior de la Judicatura se opuso a la prosperidad de la \u00a0presente acci\u00f3n. Para el efecto, se\u00f1al\u00f3 que ya \u00a0expidi\u00f3 la tarjeta profesional de abogado 333465 a nombre de \u00a0JUAN \u00a0CAMILO L\u00d3PEZ QUINTERO. \u00a0<\/p>\n<p>Indic\u00f3, \u00a0adem\u00e1s, que el 23 de septiembre de 2019 remiti\u00f3 dicho \u00a0documento al Consejo Seccional de la Judicatura de Antioquia. \u00a0<\/p>\n<p>Mediante \u00a0comunicaci\u00f3n telef\u00f3nica sostenida el 3 de febrero de \u00a02020 con el peticionario, se corrobor\u00f3 que el mencionado \u00a0documento ya le fue entregado. \u00a0<\/p>\n<p>CONSIDERACIONES \u00a0DE LA CORTE: \u00a0<\/p>\n<p>Conforme \u00a0con el numeral 8\u00ba del art\u00edculo 2.2.3.1.2.1 del Decreto \u00a01069 de 2015, modificado por el art\u00edculo 1\u00ba del Decreto \u00a01983 de 2017, la Sala es competente para resolver este asunto en \u00a0primera instancia, por cuanto el procedimiento involucra al Consejo \u00a0Superior de la Judicatura. \u00a0<\/p>\n<p>En \u00a0curso del presente tr\u00e1mite se acredit\u00f3 que \u00a0la Unidad de Registro Nacional de Abogados y Auxiliares de la \u00a0Justicia del Consejo Superior de la Judicatura expidi\u00f3 y \u00a0entreg\u00f3, por intermedio de la Seccional Antioquia, a JUAN \u00a0CAMILO L\u00d3PEZ QUINTERO \u00a0la tarjeta profesional 333465 que lo habilita para ejercer como \u00a0abogado. \u00a0<\/p>\n<p>En \u00a0eventos como el presente, la competencia del juez de tutela se agota \u00a0al verificar la satisfacci\u00f3n de los derechos fundamentales que \u00a0se estimaron violentados. En consecuencia, se negar\u00e1 la \u00a0solicitud de protecci\u00f3n constitucional. \u00a0<\/p>\n<p>En \u00a0m\u00e9rito de lo expuesto, la Sala de Decisi\u00f3n de Tutelas \u00a0n.\u00b0 2 de la Sala de Casaci\u00f3n Penal de la Corte Suprema de \u00a0Justicia, administrando justicia en nombre de la Rep\u00fablica y \u00a0por autoridad de la Ley, \u00a0<\/p>\n<p>RESUELVE: \u00a0<\/p>\n<p>1. \u00a0 \u00a0 \u00a0 \u00a0NEGAR \u00a0la acci\u00f3n de tutela presentada por JUAN CAMILO L\u00d3PEZ \u00a0QUINTERO \u00a0contra \u00a0la \u00a0Unidad de Registro Nacional de Abogados y Auxiliares de la Justicia \u00a0del Consejo Superior de la Judicatura. \u00a0<\/p>\n<p>2. \u00a0 \u00a0 \u00a0 \u00a0NOTIFICAR \u00a0a \u00a0los interesados en la forma prevista en el art\u00edculo 30 del \u00a0Decreto 2591 de 1991. \u00a0<\/p>\n<p>3. \u00a0 \u00a0 \u00a0 \u00a0De \u00a0no ser impugnada esta decisi\u00f3n, REMITIR \u00a0el \u00a0expediente a la Corte Constitucional para su eventual revisi\u00f3n. \u00a0<\/p>\n<p>NOTIF\u00cdQUESE \u00a0Y C\u00daMPLASE. \u00a0<\/p>\n<p>LUIS \u00a0ANTONIO HERN\u00c1NDEZ BARBOSA \u00a0<\/p>\n<p>PATRICIA \u00a0SALAZAR CU\u00c9LLAR \u00a0<\/p>\n<p>NUBIA YOLANDA \u00a0NOVA GARC\u00cdA \u00a0<\/p>\n<p>Secretaria \u00a0<\/p>\n<p>1 \u00a0 \u00a0 \u00a0<\/p>\n<p><\/p>\n","protected":false},"excerpt":{"rendered":"<p>\u00a0 \u00a0 \u00a0 \u00a0\u00a0 SALA \u00a0DE DECISI\u00d3N DE TUTELAS N.\u00b0 2 \u00a0 LUIS \u00a0ANTONIO HERN\u00c1NDEZ BARBOSA \u00a0 Magistrado \u00a0ponente \u00a0 STP1161-2020 \u00a0 Radicaci\u00f3n \u00a0n.\u00b0 108779 \u00a0 Acta \u00a0021 \u00a0 Bogot\u00e1, \u00a0D. C., cuatro (4) de febrero de dos mil veinte (2020). \u00a0 VISTOS: \u00a0 Resuelve \u00a0la Sala la acci\u00f3n de tutela interpuesta por JUAN \u00a0CAMILO [&hellip;]<\/p>\n","protected":false},"author":1,"featured_media":0,"comment_status":"open","ping_status":"open","sticky":false,"template":"","format":"standard","meta":{"footnotes":""},"categories":[29],"tags":[],"class_list":["post-51191","post","type-post","status-publish","format-standard","hentry","category-29"],"_links":{"self":[{"href":"https:\/\/dmsjuridica.com\/buscador_20179478954\/salapenalcronologico20230723\/wp-json\/wp\/v2\/posts\/51191","targetHints":{"allow":["GET"]}}],"collection":[{"href":"https:\/\/dmsjuridica.com\/buscador_20179478954\/salapenalcronologico20230723\/wp-json\/wp\/v2\/posts"}],"about":[{"href":"https:\/\/dmsjuridica.com\/buscador_20179478954\/salapenalcronologico20230723\/wp-json\/wp\/v2\/types\/post"}],"author":[{"embeddable":true,"href":"https:\/\/dmsjuridica.com\/buscador_20179478954\/salapenalcronologico20230723\/wp-json\/wp\/v2\/users\/1"}],"replies":[{"embeddable":true,"href":"https:\/\/dmsjuridica.com\/buscador_20179478954\/salapenalcronologico20230723\/wp-json\/wp\/v2\/comments?post=51191"}],"version-history":[{"count":0,"href":"https:\/\/dmsjuridica.com\/buscador_20179478954\/salapenalcronologico20230723\/wp-json\/wp\/v2\/posts\/51191\/revisions"}],"wp:attachment":[{"href":"https:\/\/dmsjuridica.com\/buscador_20179478954\/salapenalcronologico20230723\/wp-json\/wp\/v2\/media?parent=51191"}],"wp:term":[{"taxonomy":"category","embeddable":true,"href":"https:\/\/dmsjuridica.com\/buscador_20179478954\/salapenalcronologico20230723\/wp-json\/wp\/v2\/categories?post=51191"},{"taxonomy":"post_tag","embeddable":true,"href":"https:\/\/dmsjuridica.com\/buscador_20179478954\/salapenalcronologico20230723\/wp-json\/wp\/v2\/tags?post=51191"}],"curies":[{"name":"wp","href":"https:\/\/api.w.org\/{rel}","templated":true}]}}