{"id":50867,"date":"2023-09-15T20:51:23","date_gmt":"2023-09-15T20:51:23","guid":{"rendered":"https:\/\/dmsjuridica.com\/buscador_20179478954\/salapenalcronologico20230723\/2023\/09\/15\/cp110-202056658\/"},"modified":"2023-09-15T20:51:23","modified_gmt":"2023-09-15T20:51:23","slug":"cp110-202056658","status":"publish","type":"post","link":"https:\/\/dmsjuridica.com\/buscador_20179478954\/salapenalcronologico20230723\/2023\/09\/15\/cp110-202056658\/","title":{"rendered":"CP110-2020(56658)"},"content":{"rendered":"\n<p>\u00a0 \u00a0 \u00a0 \u00a0\u00a0<\/p>\n<p>JOS\u00c9 \u00a0FRANCISCO ACU\u00d1A VIZCAYA \u00a0<\/p>\n<p>Magistrado \u00a0ponente \u00a0<\/p>\n<p>CP110 -2020 \u00a0<\/p>\n<p>Radicaci\u00f3n \u00a0N\u00b0 56658 \u00a0<\/p>\n<p>(Aprobado \u00a0Acta No.149) \u00a0<\/p>\n<p>Bogot\u00e1 \u00a0D.C., veintid\u00f3s (22) de julio de dos mil veinte (2020). \u00a0<\/p>\n<p>VISTOS \u00a0<\/p>\n<p>De \u00a0conformidad con lo dispuesto en el art\u00edculo 501 de la Ley 906 \u00a0de 2004, la Sala procede a rendir el concepto que en derecho \u00a0corresponde en relaci\u00f3n con la solicitud de extradici\u00f3n \u00a0del ciudadano colombiano \u00a0Cristian Fernando Caro Angulo, \u00a0efectuada por el Gobierno de la Rep\u00fablica de Argentina. \u00a0<\/p>\n<p>ANTECEDENTES \u00a0<\/p>\n<p>1. Mediante \u00a0Nota Verbal MRC 186\/19 del 10 de julio de 2019,1 \u00a0el Gobierno de la Rep\u00fablica de Argentina, a trav\u00e9s de \u00a0su embajada en Colombia, pidi\u00f3 la detenci\u00f3n preventiva \u00a0con fines de extradici\u00f3n del ciudadano colombiano Cristian \u00a0Fernando Caro Angulo, \u00a0identificado con la c\u00e9dula de ciudadan\u00eda No. \u00a01.020.717.469, requerido para que comparezca al proceso que se \u00a0adelanta en su contra ante el \u00abJuzgado \u00a0Nacional en lo Criminal y Correccional N\u00b0 5, en la causa N\u00b0 \u00a05128\/2018 instruida por el delito de asociaci\u00f3n il\u00edcita \u00a0dedicada a cometer delitos en su mayor\u00eda contra la propiedad\u00bb. \u00a0<\/p>\n<p>2. \u00a0En \u00a0cumplimiento de lo dispuesto en el art\u00edculo 509 de la Ley 906 \u00a0de 2004, la Fiscal\u00eda General de la Naci\u00f3n, mediante \u00a0resoluci\u00f3n del 11 de julio de 2019,2 \u00a0decret\u00f3 la captura con fines de extradici\u00f3n del \u00a0requerido quien hab\u00eda sido detenido en la ciudad de Bogot\u00e1 \u00a0por miembros de la Polic\u00eda Nacional, el referido d\u00eda, \u00a0con fundamento en la Circular Roja de Interpol No. A-9292\/9-2018 del \u00a03 de septiembre de 2018. \u00a0<\/p>\n<p>3. \u00a0Con la Nota Verbal MCR 239\/19 del 6 de septiembre de 20193 \u00a0la Embajada de la Rep\u00fablica de Argentina, formaliz\u00f3 la \u00a0solicitud de extradici\u00f3n, adjuntando \u00a0los siguientes documentos: \u00a0<\/p>\n<p>3.1. \u00a0 \u00a0Escrito \u00a0del 26 de agosto de 2019, mediante el cual el Juzgado \u00a0Nacional en lo Criminal y Correccional N\u00b0 5 \u00a0de Buenos Aires solicita la extradici\u00f3n de Caro \u00a0Angulo4. \u00a0<\/p>\n<p>3.2. \u00a0La \u00a0reproducci\u00f3n de las normas aplicables al caso5. \u00a0<\/p>\n<p>3.3. \u00a0Copia \u00a0de la orden de detenci\u00f3n proferida el 18 de mayo de 2018, por \u00a0el Juzgado Nacional en lo Criminal y Correccional No. 5 de Buenos \u00a0Aires en la causa CCC 5128\/2018\/56. \u00a0<\/p>\n<p>3.4. Oficio \u00a0del 3 de septiembre de 2019, mediante el cual el Ministerio de \u00a0Relaciones y Culto de la Rep\u00fablica de Argentina -Direcci\u00f3n \u00a0de Asistencia Jur\u00eddica- informa al Juzgado Nacional en lo \u00a0Criminal y Correccional No. 5 la captura del requerido en el \u00a0territorio colombiano y el t\u00e9rmino en que deb\u00eda \u00a0formalizarse el pedido de extradici\u00f3n7. \u00a0<\/p>\n<p>3.5. Autos \u00a0del 24 abril, 6 de junio, 10 de junio, 16 de julio, 19 de julio, 17 \u00a0de septiembre y 4 de octubre de 2018, mediante los cuales, se \u00a0relacionan las investigaciones adelantadas contra los miembros de la \u00a0organizaci\u00f3n criminal a la que presuntamente pertenec\u00eda \u00a0Cristian \u00a0Fernando Caro Angulo y \u00a0la actividad que cada uno desempe\u00f1aba8. \u00a0<\/p>\n<p>3.6. \u00a0Certificaci\u00f3n \u00a0expedida el 26 de agosto de 2019 por Manuel \u00a0de Campos, \u00a0Juez en lo Criminal y Correccional No. 5 de Buenos Aires, mediante la \u00a0cual se acredita que \u00ablas \u00a0fotocopias que anteceden, en las que obra inserto el sello de este \u00a0juzgado, son copia fiel del C\u00f3digo Procesal Penal de la Naci\u00f3n \u00a0y del C\u00f3digo Penal de la Naci\u00f3n (\u2026) y de la \u00a0causa N\u00ba 5128\/18\/\u00bb9. \u00a0<\/p>\n<p>3.7. Alberto \u00a0Seijas, \u00a0presidente de la C\u00e1mara Nacional de Apelaciones en lo Criminal \u00a0y Correccional, certific\u00f3 la autenticidad de la firma del \u00a0funcionario judicial antes referido10. \u00a0<\/p>\n<p>Tr\u00e1mite \u00a0efectuado ante las autoridades colombianas \u00a0<\/p>\n<p>4. \u00a0El 6 de septiembre de 2019, la Canciller\u00eda de Colombia, \u00a0mediante oficio S-DIAJI-19-040066, remiti\u00f3 la documentaci\u00f3n \u00a0pertinente al Ministerio de Justicia y del Derecho11, \u00a0entidad \u00a0que a su vez hizo llegar el expediente a esta Corporaci\u00f3n con \u00a0oficio MJD-OFI19-0035119-DAI-1100 del 19 de noviembre de 201912. \u00a0<\/p>\n<p>5. \u00a0El 6 de noviembre de 2019, Cristian \u00a0Fernando Caro Angulo design\u00f3 \u00a0abogada para que lo representara en el tr\u00e1mite y, adem\u00e1s, \u00a0expres\u00f3 que era su voluntad acogerse \u00a0al tr\u00e1mite de \u00a0extradici\u00f3n simplificada, previsto en el art\u00edculo 70 de \u00a0la Ley 1453 de 2011, petici\u00f3n que fue coadyuvada por su \u00a0representante judicial13. \u00a0<\/p>\n<p>6. \u00a0El 3 de diciembre de 2019, la Sala reconoci\u00f3 personer\u00eda \u00a0para actuar a la defensora de Caro \u00a0Angulo \u00a0e inform\u00f3 de lo anterior a la Procuradora Tercera Delegada \u00a0para la Casaci\u00f3n Penal14, \u00a0quien posteriormente alleg\u00f3 la respectiva acta de verificaci\u00f3n \u00a0de garant\u00edas fundamentales, pues luego de entrevistar al \u00a0requerido en su lugar de reclusi\u00f3n, constat\u00f3 que la \u00a0manifestaci\u00f3n de someterse al tr\u00e1mite especial de la \u00a0extradici\u00f3n simplificada se realiz\u00f3 de manera libre, \u00a0consciente y voluntaria, sin apremio o vicio del consentimiento. \u00a0<\/p>\n<p>La referida \u00a0funcionaria eval\u00fao positivamente el cumplimiento de las \u00a0exigencias formales de la solicitud de extradici\u00f3n y se\u00f1al\u00f3 \u00a0que, en caso de emitirse concepto favorable, es preciso incluir \u00a0exhortaciones al Gobierno Nacional para que se advierta al Estado \u00a0requirente sobre la procedencia del juzgamiento \u00absolamente \u00a0por las conductas que originan la extradici\u00f3n\u00bb, as\u00ed \u00a0como de la restricci\u00f3n para someterlo \u00a0\u00aba pena de muerte, desaparici\u00f3n forzada, tortura, tratos \u00a0o penas crueles, inhumanos o degradantes, ni a las penas de \u00a0destierro, prisi\u00f3n perpetua y confiscaci\u00f3n\u00bb, y \u00a0el deber de garantizarle la estricta observancia del Bloque de \u00a0Constitucionalidad15. \u00a0<\/p>\n<p>CONSIDERACIONES \u00a0<\/p>\n<p>1. \u00a0Sobre la extradici\u00f3n simplificada \u00a0<\/p>\n<p>El \u00a0art\u00edculo 70 de la Ley 1453 de 2011 contempla la figura de la \u00a0extradici\u00f3n simplificada, seg\u00fan la cual, la persona \u00a0reclamada, con la aquiescencia de su defensor y del Ministerio \u00a0P\u00fablico, puede solicitar que se emita, de plano, el concepto \u00a0asignado a la Corte. \u00a0<\/p>\n<p>En \u00a0el caso sub \u00a0examine, \u00a0la Sala encuentra reunidas las exigencias establecidas en dicha norma \u00a0para proceder a evaluar la petici\u00f3n de extradici\u00f3n \u00a0elevada por el Gobierno de la Rep\u00fablica de Argentina respecto \u00a0de \u00a0Cristian Fernando Caro Angulo, \u00a0sin \u00a0agotar las \u00a0fases de solicitud probatoria, decreto, pr\u00e1ctica y alegatos, \u00a0al constatar que, para la terminaci\u00f3n anticipada del tr\u00e1mite, \u00a0concurre la voluntad y aceptaci\u00f3n de todos los intervinientes. \u00a0<\/p>\n<p>2. \u00a0Aspectos generales sobre la extradici\u00f3n \u00a0<\/p>\n<p>La Constituci\u00f3n \u00a0Pol\u00edtica, en materia de extradici\u00f3n, estableci\u00f3 \u00a0un sistema estricto de fuentes formales y materiales en el cual, los \u00a0tratados p\u00fablicos se aplican de forma \u00abprincipal \u00a0y preferencial\u00bb \u00a0y la \u00a0ley rige de manera \u00absubsidiaria \u00a0o supletoria\u00bb16. \u00a0<\/p>\n<p>Sin embargo, el \u00a0art\u00edculo 35 de la Constituci\u00f3n tambi\u00e9n enuncia \u00a0un conjunto de limitaciones \u00a0al respecto17, \u00a0relacionadas con la observancia del principio de doble incriminaci\u00f3n, \u00a0la connotaci\u00f3n de los delitos por los cuales se solicita la \u00a0extradici\u00f3n, y la inclusi\u00f3n de su ejecuci\u00f3n en \u00a0un concreto lapso. \u00a0<\/p>\n<p>Esas \u00a0disposiciones, sumadas a las reglas contenidas en la ley, conforman \u00a0el marco normativo del tr\u00e1mite y an\u00e1lisis de la \u00a0solicitud, ofrecimiento y concesi\u00f3n de la extradici\u00f3n. \u00a0<\/p>\n<p>Los supuestos \u00a0anunciados, al ser de origen constitucional, por mandato expreso del \u00a0art\u00edculo 4\u00ba de la Carta Pol\u00edtica, tienen como \u00a0destinatarios a todas las autoridades nacionales. \u00a0<\/p>\n<p>En tal sentido, la \u00a0Sala de Casaci\u00f3n Penal de la Corte Suprema de Justicia est\u00e1 \u00a0en el deber de verificar, de forma preliminar, el acatamiento de lo \u00a0previsto en el mencionado art\u00edculo constitucional y, una vez \u00a0finalizada esa labor, realizar el an\u00e1lisis formal de la \u00a0petici\u00f3n. No podr\u00e1 emitir un concepto favorable si \u00a0advierte que la solicitud puesta a su consideraci\u00f3n desconoce \u00a0las se\u00f1aladas limitaciones constitucionales. \u00a0<\/p>\n<p>Ese entendimiento, \u00a0adem\u00e1s de ser concordante con el valor y supremac\u00eda de \u00a0la Constituci\u00f3n Pol\u00edtica frente a cualquier otra norma \u00a0jur\u00eddica, se apoya en el mandato irrestricto dirigido a esta \u00a0Corte, en su condici\u00f3n de \u00f3rgano l\u00edmite de la \u00a0jurisdicci\u00f3n ordinaria, y derivado de los fines esenciales del \u00a0Estado social de derecho, -art\u00edculos 1\u00b0 y 2\u00b0 de la \u00a0Constituci\u00f3n Pol\u00edtica &#8211; y de la autonom\u00eda de la \u00a0funci\u00f3n judicial -art\u00edculo 230 ib\u00eddem-, \u00a0de salvaguardar los derechos y garant\u00edas fundamentales de \u00a0todas las personas. \u00a0<\/p>\n<p>3. \u00a0Las previsiones constitucionales sobre la materia y la solicitud de \u00a0extradici\u00f3n formulada por el Gobierno \u00a0de la Rep\u00fablica de Argentina \u00a0<\/p>\n<p>El art\u00edculo \u00a035 de la Constituci\u00f3n Pol\u00edtica se\u00f1ala que: (i) \u00a0\u00abla \u00a0extradici\u00f3n de los colombianos por nacimiento se conceder\u00e1 \u00a0por delitos cometidos en el exterior, considerados como tales en la \u00a0legislaci\u00f3n penal colombiana\u00bb; \u00a0(ii) \u00abno \u00a0proceder\u00e1 por delitos pol\u00edticos\u00bb \u00a0o \u00a0(iii) cuando \u00a0\u00abse \u00a0trate de hechos cometidos con anterioridad\u00bb \u00a0al \u00a017 \u00a0de diciembre de 1997, fecha en la que entr\u00f3 a regir el Acto \u00a0Legislativo 01 de 1997. \u00a0<\/p>\n<p>Por su parte, el \u00a0inciso 1\u00b0 del art\u00edculo transitorio 19 del Acto Legislativo \u00a001 del 4 de abril de 2017 dispone: \u00a0<\/p>\n<p>\u00abNo \u00a0se podr\u00e1 conceder la extradici\u00f3n ni tomar medidas de \u00a0aseguramiento con fines de extradici\u00f3n respecto de hechos o \u00a0conductas objeto de este Sistema y en particular de la Jurisdicci\u00f3n \u00a0Especial para la Paz, ocasionados u ocurridos durante el conflicto \u00a0armado interno o con ocasi\u00f3n de este hasta la finalizaci\u00f3n \u00a0del mismo, tr\u00e1tese de delitos amnistiables o de delitos no \u00a0amnistiables, y en especial por ning\u00fan delito pol\u00edtico, \u00a0de rebeli\u00f3n o conexo con los anteriores, ya hubieran sido \u00a0cometidos dentro o fuera de Colombia.\u00bb \u00a0<\/p>\n<p>A continuaci\u00f3n, \u00a0se verificar\u00e1 cada una de tales exigencias. \u00a0<\/p>\n<p>3.1. \u00a0Como se ver\u00e1 en el ac\u00e1pite referente a la doble \u00a0incriminaci\u00f3n, las conductas por las cuales se solicita en \u00a0extradici\u00f3n a Cristian \u00a0Fernando Caro Angulo \u00a0son consideradas tambi\u00e9n delito en Colombia. \u00a0<\/p>\n<p>3.2. En \u00a0cuanto a la determinaci\u00f3n del lugar de ocurrencia de los \u00a0il\u00edcitos que motivan la solicitud de extradici\u00f3n, en \u00a0los anexos se afirma que el requerido pertenec\u00eda a una \u00a0organizaci\u00f3n \u00abdedicada \u00a0a cometer delitos, en su mayor\u00eda contra la propiedad\u00bb18 \u00a0en la ciudad de Buenos Aires. Concretamente, se le atribuye al \u00a0requerido haber integrado la asociaci\u00f3n il\u00edcita durante \u00a0el periodo comprendido del 25 de enero al 28 de mayo de 2018. \u00a0<\/p>\n<p>De conformidad con \u00a0lo anterior, y teniendo en cuenta que las conductas imputadas \u00a0tuvieron lugar en Argentina, se advierte que el poder judicial de ese \u00a0pa\u00eds tiene jurisdicci\u00f3n y competencia para investigar y \u00a0juzgar tales punibles. \u00a0<\/p>\n<p>3.3. \u00a0Los delitos de \u00abasociaci\u00f3n \u00a0il\u00edcita\u00bb \u00a0y \u00a0\u00abrobo \u00a0agravado por haber sido cometido en poblado y banda\u00bb \u00a0no \u00a0se consideran pol\u00edticos o pol\u00edticamente motivados19. \u00a0<\/p>\n<p>3.4. Revisada \u00a0la documentaci\u00f3n aportada por el Gobierno de la Rep\u00fablica \u00a0Argentina, se constata la ejecuci\u00f3n de los eventos materia de \u00a0juzgamiento desde el 25 de enero hasta el 28 de mayo de 201820, \u00a0esto \u00a0es, con posterioridad al inicio de la vigencia del Acto Legislativo \u00a001 de 1997. \u00a0<\/p>\n<p>3.5. \u00a0Tampoco \u00a0opera la prohibici\u00f3n \u00a0de conceder la extradici\u00f3n de integrantes de la desmovilizada \u00a0guerrilla de las FARC-EP contenida en el art\u00edculo 19 \u00a0transitorio del Acto Legislativo 01 de 2017, en raz\u00f3n a que no \u00a0obra en el expediente indicio alguno de que el solicitado tenga tal \u00a0condici\u00f3n y los interesados no mencionaron nada al respecto. \u00a0<\/p>\n<p>En \u00a0resumen, se observa que el \u00a0pedido de extradici\u00f3n no \u00a0contraviene las limitaciones contenidas en el \u00a0art\u00edculo 35 de la Constituci\u00f3n Pol\u00edtica y, por \u00a0esa raz\u00f3n, la Sala proceder\u00e1 a evaluar el cumplimiento \u00a0de los requisitos convencionales o legales, seg\u00fan el caso. \u00a0<\/p>\n<p>4. \u00a0Verificaci\u00f3n del cumplimiento de los requisitos convencionales \u00a0o legales de la solicitud de extradici\u00f3n \u00a0<\/p>\n<p>El \u00a0Ministerio de Relaciones Exteriores conceptu\u00f3 que \u00a0se encuentra vigente entre las partes el tratado regional denominado \u00a0\u00abConvenci\u00f3n \u00a0sobre Extradici\u00f3n\u00bb, suscrito \u00a0en Montevideo, el 26 de diciembre de 1933, \u00a0aprobado en virtud de la Ley 74 de 193521. \u00a0<\/p>\n<p>Dado que las \u00a0disposiciones del C\u00f3digo de Procedimiento Penal son \u00a0supletorias22. \u00a0el concepto que corresponde emitir a la Corte en el presente caso \u00a0est\u00e1 regulado, de forma principal, por las normas contenidas \u00a0en el citado instrumento internacional. \u00a0<\/p>\n<p>En \u00a0concordancia, \u00a0se evaluar\u00e1 el \u00a0cumplimiento de los siguientes requisitos: i) \u00a0documentaci\u00f3n anexa y validez formal de la misma; ii) \u00a0acreditaci\u00f3n de la identidad plena de la persona solicitada en \u00a0extradici\u00f3n; iii) \u00a0la \u00a0jurisdicci\u00f3n del Estado requirente; iv) \u00a0la \u00a0doble incriminaci\u00f3n de la conducta imputada; \u00a0v) \u00a0la \u00a0existencia de una decisi\u00f3n judicial expedida por autoridad \u00a0competente y, finalmente; vi) \u00a0que \u00a0no se configure alguna de las circunstancias que inhiben la \u00a0procedencia de la solicitud de extradici\u00f3n, se\u00f1aladas \u00a0en el art\u00edculo 3\u00ba de esa Convenci\u00f3n. \u00a0<\/p>\n<p>4.1. \u00a0Documentaci\u00f3n \u00a0anexa y validez formal de la misma \u00a0<\/p>\n<p>El art\u00edculo \u00a05\u00b0 de la Convenci\u00f3n establece que la solicitud deber\u00e1 \u00a0hacerse por el respectivo representante diplom\u00e1tico, y a falta \u00a0de este por agentes consulares o directamente de gobierno a gobierno, \u00a0acompa\u00f1ada de los siguientes documentos: a) \u00a0copia aut\u00e9ntica de la sentencia ejecutoriada si la persona \u00a0requerida se encuentra condenada, b) \u00a0copia aut\u00e9ntica de la orden de detenci\u00f3n si se trata de \u00a0un acusado, con indicaci\u00f3n de los hechos imputados y copia de \u00a0las normas sustanciales aplicables y de las que regulan la \u00a0prescripci\u00f3n de la acci\u00f3n o de la pena y, c) \u00a0en cualquier caso, los datos que permitan la identificaci\u00f3n de \u00a0la persona solicitada. \u00a0<\/p>\n<p>Esas \u00a0exigencias formales est\u00e1n acreditadas, como se evidenci\u00f3 \u00a0en la rese\u00f1a de los documentos anexos al pedido formal de \u00a0extradici\u00f3n -Nota \u00a0Verbal MCR 239\/19 del 6 de septiembre de 2019- \u00a0revisada en el numeral 3 del ac\u00e1pite de antecedentes. \u00a0Igualmente, estos fueron debidamente autenticados por la autoridad \u00a0judicial que los expidi\u00f3. \u00a0<\/p>\n<p>Adem\u00e1s, en \u00a0ellos se encuentran claramente especificados, entre otros aspectos, \u00a0la identidad de la persona solicitada, los hechos y circunstancias \u00a0que dieron origen a la acci\u00f3n penal, la descripci\u00f3n del \u00a0delito cometido y las normas sustanciales que definen y sancionan \u00a0penalmente las conductas que dan origen a la solicitud de \u00a0extradici\u00f3n. \u00a0<\/p>\n<p>Por lo anterior, \u00a0se concluye que los documentos aportados son aptos y suficientes para \u00a0ser considerados por la Corte en el estudio que debe preceder al \u00a0concepto. \u00a0<\/p>\n<p>4.2. \u00a0Plena identidad de la persona reclamada \u00a0<\/p>\n<p>El \u00a0Gobierno de la Rep\u00fablica de Argentina solicit\u00f3 la \u00a0entrega del ciudadano \u00a0colombiano Cristian \u00a0Fernando Caro Angulo, \u00a0identificado con la c\u00e9dula de ciudadan\u00eda No. \u00a01.020.717.469 \u00a0con pasaporte colombiano No. AU 248272, nacido el 2 de julio de 1986 \u00a0en la ciudad de Bogot\u00e1. \u00a0<\/p>\n<p>Seg\u00fan \u00a0consta en el informe de laboratorio del 5 de julio de 201923 \u00a0\u00abrealizado \u00a0el estudio de orden t\u00e9cnico, se VERIFICA \u00a0que \u00a0la IDENTIDAD \u00a0de la persona a quien corresponden las impresiones dactilares que \u00a0obran en el documento descrito en el \u00edtem \u00a08.1, \u00a0es CRISTIAN \u00a0FERNANDO CARO ANGULO, \u00a0n\u00famero de documento 1.020.717.469 \u00a0DE BOGOT\u00c1 D.C.\u00bb. \u00a0<\/p>\n<p>Esa \u00a0informaci\u00f3n permite concluir que la persona detenida por las \u00a0autoridades colombianas es la misma que la Rep\u00fablica de \u00a0Argentina solicita. \u00a0<\/p>\n<p>En \u00a0ese orden, tambi\u00e9n se cumple este requisito. \u00a0<\/p>\n<p>4.3. \u00a0Jurisdicci\u00f3n \u00a0del Estado requirente \u00a0<\/p>\n<p>Conforme lo \u00a0precept\u00faa la letra a) del art\u00edculo 1\u00b0 de la \u00a0\u00abConvenci\u00f3n \u00a0sobre Extradici\u00f3n\u00bb, \u00a0constituye exigencia para la entrega, que el Estado requirente tenga \u00a0jurisdicci\u00f3n para juzgar la conducta delictiva atribuida al \u00a0reclamado. \u00a0<\/p>\n<p>Dicha exigencia se \u00a0satisface por cuanto se imputa a Cristian \u00a0Fernando Caro Angulo \u00a0ser miembro de una organizaci\u00f3n criminal responsable de \u00a0ejecutar conductas atentatorias del patrimonio econ\u00f3mico, las \u00a0que se desarrollaron en territorio argentino, tal como se deduce de \u00a0la exposici\u00f3n f\u00e1ctica relacionada en la orden de \u00a0aprehensi\u00f3n, emitida por el Juzgado Nacional en lo Criminal y \u00a0Correccional No. 5 de Buenos Aires; por tal raz\u00f3n se reitera \u00a0que el poder judicial de ese pa\u00eds tiene jurisdicci\u00f3n y \u00a0competencia para investigar y juzgar los delitos imputados al \u00a0requerido en extradici\u00f3n. \u00a0<\/p>\n<p>4.4. \u00a0La doble incriminaci\u00f3n de las conductas imputadas \u00a0<\/p>\n<p>El art\u00edculo \u00a01\u00ba, literal b), de la Convenci\u00f3n exige para la \u00a0procedencia de la extradici\u00f3n: i) \u00a0que la conducta imputada a la persona reclamada se halle tipificada \u00a0como delito en la legislaci\u00f3n del pa\u00eds requirente y del \u00a0pa\u00eds requerido, y ii) \u00a0que se encuentre sancionada con pena m\u00ednima de un a\u00f1o \u00a0de privaci\u00f3n de la libertad. \u00a0<\/p>\n<p>En el presente \u00a0asunto se advierte que Cristian \u00a0Fernando Caro Angulo es \u00a0requerido en extradici\u00f3n para ser juzgado con fundamento en el \u00a0aspecto f\u00e1ctico que se describe a continuaci\u00f3n: \u00a0<\/p>\n<p>\u00abHaber \u00a0conformado una asociaci\u00f3n que se dedicaba a cometer delitos \u00a0por lo menos desde el 25 de enero de 2018 -hasta al menos- el 28 de \u00a0mayo de 2018. (\u2026) con el objetivo de cumplir con los acuerdos \u00a0previamente efectuados; cometer delitos, en su mayor\u00eda contra \u00a0la propiedad. \u00a0<\/p>\n<p>(\u2026) \u00a0Cristian \u00a0Fernando Caro Angulo (\u2026) \u00a0se encargaba de organizar y dirigir a los integrantes, adem\u00e1s \u00a0se encargaba de reclutar personas para su grupo, para luego \u00a0impartirles directivas concretas del modo en que debiesen llevar \u00a0adelante los hechos delictivos.\u00bb \u00a0<\/p>\n<p>4.4.1. Los \u00a0hechos arriba referenciados fueron adecuados t\u00edpicamente por \u00a0la autoridad judicial de la Rep\u00fablica de Argentina de la \u00a0siguiente manera: \u00a0<\/p>\n<p>Titulo \u00a0VI \u00a0<\/p>\n<p>(\u2026) \u00a0<\/p>\n<p>Capitulo \u00a0II \u00a0<\/p>\n<p>Robo \u00a0<\/p>\n<p>Art\u00edculo \u00a0164.\u00a0&#8211; \u00a0Ser\u00e1 \u00a0reprimido con prisi\u00f3n de un mes a seis a\u00f1os, el que se \u00a0apoderare ileg\u00edtimamente de una cosa mueble, total o \u00a0parcialmente ajena, con fuerza en las cosas o con violencia f\u00edsica \u00a0en las personas, sea que la violencia tenga lugar antes del robo para \u00a0facilitarlo, en el acto de cometerlo o despu\u00e9s de cometido \u00a0para procurar su impunidad. \u00a0<\/p>\n<p>Art\u00edculo \u00a0167.\u00a0&#8211; \u00a0Se aplicar\u00e1 reclusi\u00f3n o prisi\u00f3n de tres a diez \u00a0a\u00f1os: \u00a0<\/p>\n<p>(\u2026) \u00a0<\/p>\n<p>2\u00ba. \u00a0Si se cometiere en lugares poblados y en banda; \u00a0<\/p>\n<p>(\u2026) \u00a0<\/p>\n<p>Delitos \u00a0Contra el Orden P\u00fablico \u00a0<\/p>\n<p>Cap\u00edtulo \u00a0I \u00a0<\/p>\n<p>Instigaci\u00f3n \u00a0a Cometer Delitos \u00a0<\/p>\n<p>Art\u00edculo \u00a0209- El \u00a0que p\u00fablicamente instigare a cometer un delito determinado \u00a0contra una persona o instituci\u00f3n, ser\u00e1 reprimido, por \u00a0la sola instigaci\u00f3n, con prisi\u00f3n de dos a seis a\u00f1os, \u00a0seg\u00fan la gravedad del delito y las dem\u00e1s circunstancias \u00a0establecidas en el art\u00edculo 41. \u00a0<\/p>\n<p>Art\u00edculo \u00a0209 bis- En \u00a0igual pena incurrir\u00e1 quien en tiempo de conflicto armado \u00a0incite p\u00fablicamente a la sustracci\u00f3n al servicio \u00a0militar legalmente impuesto o asumido. Si el autor fuese un militar, \u00a0el m\u00e1ximo de la pena se elevar\u00e1 a diez (10) a\u00f1os. \u00a0(art\u00edculo incorporado por el art. 4\u00b0 del Anexo I de la Ley \u00a0No. 26.394 B.O 29\/8\/2008. \u00a0<\/p>\n<p>T\u00edtulo \u00a0VIII \u00a0<\/p>\n<p>(\u2026) \u00a0<\/p>\n<p>Cap\u00edtulo \u00a0II \u00a0<\/p>\n<p>Asociaci\u00f3n \u00a0Il\u00edcita \u00a0<\/p>\n<p>Art\u00edculo \u00a0210.- \u00a0Ser\u00e1 reprimido con prisi\u00f3n o reclusi\u00f3n de tres a \u00a0diez a\u00f1os, el que tomare parte en una asociaci\u00f3n o \u00a0banda de tres o m\u00e1s personas destinada a cometer delitos por \u00a0el solo hecho de ser miembro de la asociaci\u00f3n. Para los jefes \u00a0u organizadores de la asociaci\u00f3n el m\u00ednimo de la pena \u00a0ser\u00e1 de cinco a\u00f1os de prisi\u00f3n o reclusi\u00f3n. \u00a0<\/p>\n<p>Art\u00edculo \u00a0210 bis \u00a0se impondr\u00e1 reclusi\u00f3n o prisi\u00f3n de cinco a \u00a0veinte a\u00f1os al que tomare parte, cooperare o ayudare a la \u00a0formaci\u00f3n o al mantenimiento de una asociaci\u00f3n il\u00edcita \u00a0destinada a cometer delitos cuando la acci\u00f3n contribuya a \u00a0poner en peligro la vigencia de la Constituci\u00f3n Nacional, \u00a0siempre que re\u00fana por lo menos dos de las siguientes \u00a0caracter\u00edsticas: \u00a0<\/p>\n<p>\u00a0 \u00a0\u00a0 \u00a0 \u00a0 \u00a0 \u00a0<\/p>\n<p>a. Estar \u00a0 \u00a0 \u00a0 \u00a0 \u00a0integrada por diez o m\u00e1s individuos<\/p>\n<p>b. Poseer \u00a0 \u00a0 \u00a0 \u00a0 \u00a0una organizaci\u00f3n militar o de tipo militar;<\/p>\n<p>c. Tener \u00a0 \u00a0 \u00a0 \u00a0 \u00a0estructura celular<\/p>\n<p>d. Disponer \u00a0 \u00a0 \u00a0 \u00a0 \u00a0de armas de guerra o explosivos de gran poder ofensivo;<\/p>\n<p>e. Operar \u00a0 \u00a0 \u00a0 \u00a0 \u00a0en m\u00e1s de una de las jurisdicciones pol\u00edticas del \u00a0 \u00a0 \u00a0 \u00a0 \u00a0pa\u00eds;<\/p>\n<p>f. Estar \u00a0 \u00a0 \u00a0 \u00a0 \u00a0compuesta por uno o m\u00e1s oficiales o suboficiales de las \u00a0 \u00a0 \u00a0 \u00a0 \u00a0fuerzas armadas o de seguridad;<\/p>\n<p>g. Tener \u00a0 \u00a0 \u00a0 \u00a0 \u00a0notorias conexiones con otras organizaciones similares existentes en \u00a0 \u00a0 \u00a0 \u00a0 \u00a0el pa\u00eds o en el exterior;<\/p>\n<p>h. Recibir \u00a0 \u00a0 \u00a0 \u00a0 \u00a0alg\u00fan apoyo, ayuda o direcci\u00f3n de funcionarios \u00a0 \u00a0 \u00a0 \u00a0 \u00a0p\u00fablicos. \u00a0<\/p>\n<p>3.4.2. \u00a0En \u00a0la legislaci\u00f3n colombiana, tales conductas constituyen los \u00a0delitos de \u00a0\u00abhurto \u00a0calificado y agravado\u00bb \u00a0y \u00abconcierto \u00a0para delinquir\u00bb, \u00a0tipificados \u00a0en los art\u00edculos 239, 240,24 \u00a024125 \u00a0y 34026 \u00a0del \u00a0C\u00f3digo Penal, respectivamente, los cuales se transcriben a \u00a0continuaci\u00f3n: \u00a0<\/p>\n<p>Art\u00edculo \u00a0239 \u00a0<\/p>\n<p>El \u00a0que se apodere de una cosa mueble ajena, con el prop\u00f3sito de \u00a0obtener provecho para s\u00ed o para otro, incurrir\u00e1 en \u00a0prisi\u00f3n de treinta y dos (32) a ciento ocho (108) meses. \u00a0<\/p>\n<p>La \u00a0pena ser\u00e1 de prisi\u00f3n de diecis\u00e9is (16) a treinta \u00a0y seis (36) meses cuando la cuant\u00eda no exceda de diez (10) \u00a0salarios m\u00ednimos legales mensuales vigentes. \u00a0<\/p>\n<p>Art\u00edculo \u00a0240 \u00a0<\/p>\n<p>La \u00a0pena ser\u00e1 de prisi\u00f3n de setenta y dos (72) a ciento \u00a0sesenta y ocho (168) meses, si el hurto se cometiere: \u00a0<\/p>\n<p>1. \u00a0Con violencia sobre las cosas. \u00a0<\/p>\n<p>(\u2026) \u00a0<\/p>\n<p>Art\u00edculo \u00a0241 \u00a0<\/p>\n<p>La \u00a0pena imponible de acuerdo con los art\u00edculos anteriores se \u00a0aumentar\u00e1 de la mitad a las tres cuartas partes, si la \u00a0conducta se cometiere: \u00a0<\/p>\n<p>(\u2026) \u00a0<\/p>\n<p>10. \u00a0(\u2026) por dos o m\u00e1s personas que se hubieren reunido o \u00a0acordado para cometer el hurto. \u00a0<\/p>\n<p>Art\u00edculo \u00a0340. \u00a0<\/p>\n<p>Cuando \u00a0varias personas se concierten con el fin de cometer delitos, cada una \u00a0de ellas ser\u00e1 penada, por esa sola conducta, con prisi\u00f3n \u00a0de cuarenta y ocho (48) a ciento ocho (108) meses. \u00a0<\/p>\n<p>De \u00a0lo anterior se concluye que los comportamientos censurados a Cristian \u00a0Fernando Caro Angulo \u00a0constituyen \u00a0delitos tanto en Colombia como en la Rep\u00fablica de Argentina y, \u00a0adem\u00e1s, en ambos pa\u00edses la autoridad legislativa \u00a0dispuso como sanci\u00f3n la privaci\u00f3n de la libertad, con \u00a0penas m\u00ednimas superiores a un a\u00f1o. Se satisface, as\u00ed, \u00a0la exigencia de la doble incriminaci\u00f3n. \u00a0<\/p>\n<p>4.5. \u00a0La \u00a0existencia de una decisi\u00f3n judicial expedida por autoridad \u00a0competente. \u00a0<\/p>\n<p>El art\u00edculo \u00a05\u00b0 del Convenio exige para la procedencia de la extradici\u00f3n \u00a0que el pa\u00eds requirente aporte copia de la sentencia si la \u00a0persona requerida se halla condenada, o por lo menos de la orden de \u00a0detenci\u00f3n, emanada de un juez competente, acompa\u00f1ada de \u00a0una relaci\u00f3n precisa de los hechos imputados y de las normas \u00a0sustanciales aplicables al caso. \u00a0<\/p>\n<p>Para dar \u00a0cumplimiento a esa obligaci\u00f3n la Embajada de la Rep\u00fablica \u00a0de Argentina aport\u00f3 copia aut\u00e9ntica de la orden \u00a0de detenci\u00f3n proferida el 10 de julio de 2019, por el Juzgado \u00a0Nacional en lo Criminal y Correccional No. 5 de Buenos Aires en la \u00a0causa No. 5128\/2018\/5. \u00a0<\/p>\n<p>En la referida \u00a0decisi\u00f3n judicial est\u00e1n consignadas las circunstancias \u00a0de tiempo, modo y lugar de las conductas imputadas, cumpliendo con \u00a0ello la condici\u00f3n referida a la existencia de una decisi\u00f3n \u00a0judicial que comporte cuando menos la afectaci\u00f3n del derecho a \u00a0la libertad de la persona requerida. \u00a0<\/p>\n<p>5. \u00a0Circunstancias que inhiben la procedencia de la solicitud de \u00a0extradici\u00f3n \u00a0<\/p>\n<p>El art\u00edculo \u00a03\u00b0 de la Convenci\u00f3n establece que el Estado requerido no \u00a0est\u00e1 obligado a conceder la extradici\u00f3n cuando: i) \u00a0la acci\u00f3n penal o la pena est\u00e9n prescritas seg\u00fan \u00a0las leyes tanto del Estado requirente como del requerido; ii) \u00a0la persona solicitada haya cumplido la sanci\u00f3n punitiva o haya \u00a0sido indultada o amnistiada en el pa\u00eds donde cometi\u00f3 el \u00a0delito; iii) \u00a0haya sido o est\u00e9 siendo juzgada por los mismos hechos en el \u00a0Estado requerido; iv) \u00a0deba comparecer ante un tribunal o un juzgado de excepci\u00f3n del \u00a0Estado requirente; y v) \u00a0se trate de delitos pol\u00edticos, estrictamente militares o \u00a0contra la religi\u00f3n. \u00a0<\/p>\n<p>Ninguno de estos \u00a0motivos concurre en el caso en estudio. \u00a0<\/p>\n<p>5.1. Frente \u00a0a la prescripci\u00f3n de la acci\u00f3n penal, el Convenio \u00a0establece que se debe examinar la configuraci\u00f3n de ese \u00a0instituto jur\u00eddico en ambas naciones. \u00a0<\/p>\n<p>Los hechos \u00a0imputados a Cristian \u00a0Fernando Caro Angulo, \u00a0fundantes del pedido de extradici\u00f3n, sucedieron \u00ab \u00a0el 25 de enero de 2018 -hasta al menos- el 28 de mayo de 2018 \u00a0\u00bb, \u00a0lo que descarta la posibilidad que la acci\u00f3n penal frente a \u00a0los delitos antes referenciados se encuentre prescrita en el \u00a0ordenamiento colombiano, pues el art\u00edculo 83 del C\u00f3digo \u00a0Penal dispone que \u00e9sta prescribe en un tiempo igual al m\u00e1ximo \u00a0de la pena fijada en la ley para la conducta punible, sin que en \u00a0ning\u00fan caso sea inferior \u00a0a \u00a0cinco (5) a\u00f1os. \u00a0<\/p>\n<p>A su turno, el \u00a0art\u00edculo 292 de la Ley 906 de 2004 dispone que la acci\u00f3n \u00a0penal se interrumpe con la formulaci\u00f3n de la imputaci\u00f3n \u00a0e interrumpida la misma comenzar\u00e1 a correr de nuevo por un \u00a0t\u00e9rmino igual a la mitad del se\u00f1alado en el art\u00edculo \u00a083 del C\u00f3digo Penal. En este evento no podr\u00e1 ser \u00a0inferior a tres a\u00f1os. \u00a0<\/p>\n<p>Conforme a estas \u00a0premisas de orden legal, resulta evidente que, para el caso, no ha \u00a0acaecido el t\u00e9rmino de prescripci\u00f3n de la acci\u00f3n \u00a0penal frente a los delitos por los cuales se realiza el pedido de \u00a0extradici\u00f3n, dado que, contando desde la fecha de emisi\u00f3n \u00a0de este acto procesal emitido por el pa\u00eds requirente el 10 \u00a0de julio de 2019, \u00a0no \u00a0se ha extinguido la potestad punitiva del Estado para el \u00a0juzgamiento de estas dos conductas. \u00a0<\/p>\n<p>Ahora bien, el \u00a0C\u00f3digo Penal Argentino establece en su art\u00edculo 62, que \u00a0la acci\u00f3n penal prescribe \u00abdespu\u00e9s \u00a0de transcurrido el m\u00e1ximo de duraci\u00f3n de la pena \u00a0se\u00f1alada para el delito, si se tratare de hechos reprimidos \u00a0con reclusi\u00f3n o prisi\u00f3n, no pudiendo, en ning\u00fan \u00a0caso, el t\u00e9rmino de la prescripci\u00f3n exceder de doce \u00a0a\u00f1os ni bajar de dos a\u00f1os27, \u00a0lo que con claridad permite advertir que en ese pa\u00eds tampoco \u00a0ha operado el fen\u00f3meno bajo an\u00e1lisis, aun si se \u00a0partiera del t\u00e9rmino m\u00ednimo para el fenecimiento de la \u00a0acci\u00f3n. \u00a0<\/p>\n<p>5.2. De \u00a0igual forma, no se presenta impedimento por motivos de amnist\u00eda \u00a0o indulto, en \u00a0raz\u00f3n a que no obra en el expediente indicio alguno que al \u00a0requerido se le haya otorgado alguno de estos beneficios y los \u00a0interesados no mencionaron nada al respecto. \u00a0<\/p>\n<p>5.3. \u00a0Para \u00a0efectos de descartar una posible afectaci\u00f3n al principio de \u00a0non \u00a0bis in \u00eddem, \u00a0es decir, que Cristian \u00a0Fernando Caro Angulo haya \u00a0sido o est\u00e9 siendo juzgado en Colombia por los hechos que \u00a0fundamentan la solicitud de extradici\u00f3n, se dispuso que la \u00a0Fiscal\u00eda General de la Naci\u00f3n y la Polic\u00eda \u00a0Nacional consultaran sus bases de datos si existen investigaciones en \u00a0su contra; entidades \u00a0que coincidieron al informar que \u00a0contra el reclamado se han adelantado las siguientes actuaciones: \u00a0<\/p>\n<p>\u00a0 \u00a0\u00a0 \u00a0 \u00a0 \u00a0 \u00a0 \u00a0 \u00a0 \u00a0 \u00a0 \u00a0 \u00a0 \u00a0 \u00a0 \u00a0 \u00a0 \u00a0 \u00a0 \u00a0 \u00a0 \u00a0 \u00a0 \u00a0 \u00a0 \u00a0 \u00a0 \u00a0 \u00a0 \u00a0 \u00a0 \u00a0 \u00a0 \u00a0 \u00a0 \u00a0 \u00a0 \u00a0 \u00a0 \u00a0 \u00a0 \u00a0 \u00a0 \u00a0 \u00a0 \u00a0 \u00a0 \u00a0 \u00a0 \u00a0 \u00a0 \u00a0 \u00a0 \u00a0 \u00a0 \u00a0 \u00a0 \u00a0 \u00a0 \u00a0 \u00a0<\/p>\n<p>Radicado \u00a0 \u00a0 \u00a0 \u00a0 \u00a0 \u00a0 \u00a0 \u00a0 \u00a0 \u00a0 \u00a0 \u00a0 \u00a0 \u00a0 \u00a0 \u00a0 \u00a0<\/p>\n<p>\u00a0\u00a0 \u00a0 \u00a0 \u00a0 \u00a0 \u00a0 \u00a0 \u00a0 \u00a0 \u00a0 \u00a0 \u00a0 \u00a0 \u00a0 \u00a0 \u00a0 \u00a0 \u00a0 \u00a0 \u00a0 \u00a0 \u00a0 \u00a0 \u00a0 \u00a0 \u00a0 \u00a0 \u00a0 \u00a0 \u00a0 \u00a0 \u00a0 \u00a0 \u00a0 \u00a0 \u00a0 \u00a0 \u00a0 \u00a0 \u00a0 \u00a0 \u00a0 \u00a0 \u00a0 \u00a0 \u00a0 \u00a0<\/p>\n<p>Hechos \u00a0 \u00a0 \u00a0 \u00a0 \u00a0 \u00a0 \u00a0 \u00a0 \u00a0 \u00a0 \u00a0 \u00a0 \u00a0 \u00a0 \u00a0 \u00a0 \u00a0 \u00a0 \u00a0 \u00a0 \u00a0 \u00a0 \u00a0 \u00a0 \u00a0 \u00a0 \u00a0 \u00a0 \u00a0 \u00a0 \u00a0 \u00a0 \u00a0 \u00a0 \u00a0 \u00a0 \u00a0 \u00a0 \u00a0 \u00a0 \u00a0 \u00a0 \u00a0 \u00a0 \u00a0 \u00a0 \u00a0<\/p>\n<p>Despacho \u00a0 \u00a0 \u00a0 \u00a0 \u00a0 \u00a0 \u00a0 \u00a0 \u00a0 \u00a0 \u00a0 \u00a0 \u00a0 \u00a0 \u00a0 \u00a0 \u00a0 \u00a0 \u00a0 \u00a0 \u00a0 \u00a0 \u00a0 \u00a0 \u00a0 \u00a0 \u00a0 \u00a0 \u00a0 \u00a0 \u00a0 \u00a0 \u00a0 \u00a0 \u00a0 \u00a0 \u00a0 \u00a0 \u00a0 \u00a0 \u00a0 \u00a0 \u00a0 \u00a0 \u00a0 \u00a0 \u00a0<\/p>\n<p>Delito \u00a0 \u00a0 \u00a0 \u00a0 \u00a0 \u00a0 \u00a0 \u00a0 \u00a0 \u00a0 \u00a0 \u00a0 \u00a0 \u00a0 \u00a0 \u00a0 \u00a0 \u00a0 \u00a0 \u00a0 \u00a0 \u00a0 \u00a0 \u00a0 \u00a0 \u00a0 \u00a0 \u00a0 \u00a0 \u00a0 \u00a0 \u00a0 \u00a0 \u00a0 \u00a0 \u00a0 \u00a0 \u00a0 \u00a0 \u00a0 \u00a0 \u00a0 \u00a0 \u00a0 \u00a0 \u00a0 \u00a0<\/p>\n<p>Estado \u00a0 \u00a0 \u00a0 \u00a0 \u00a0 \u00a0 \u00a0 \u00a0 \u00a0<\/p>\n<p>110016101911200600268 \u00a0 \u00a0 \u00a0 \u00a0 \u00a0 \u00a0 \u00a0 \u00a0 \u00a0 \u00a0 \u00a0 \u00a0 \u00a0 \u00a0 \u00a0 \u00a0 \u00a0 \u00a0 \u00a0 \u00a0 \u00a0 \u00a0 \u00a0 \u00a0 \u00a0 \u00a0 \u00a0 \u00a0 \u00a0 \u00a0 \u00a0 \u00a0 \u00a0 \u00a0 \u00a0 \u00a0 \u00a0 \u00a0 \u00a0 \u00a0 \u00a0 \u00a0 \u00a0 \u00a0 \u00a0 \u00a0 \u00a0<\/p>\n<p>El \u00a0 \u00a0 \u00a0 \u00a0 \u00a0 \u00a0 \u00a0 \u00a0 \u00a0 \u00a0 \u00a0 \u00a0 \u00a0 \u00a0 \u00a0 \u00a0 \u00a024 de agosto de 2005, el indiciado hurt\u00f3 un DVD y un \u00a0 \u00a0 \u00a0 \u00a0 \u00a0 \u00a0 \u00a0 \u00a0 \u00a0 \u00a0 \u00a0 \u00a0 \u00a0 \u00a0 \u00a0 \u00a0 \u00a0reloj. \u00a0 \u00a0 \u00a0 \u00a0 \u00a0 \u00a0 \u00a0 \u00a0 \u00a0 \u00a0 \u00a0 \u00a0 \u00a0 \u00a0 \u00a0 \u00a0 \u00a0 \u00a0 \u00a0 \u00a0 \u00a0 \u00a0 \u00a0 \u00a0 \u00a0 \u00a0 \u00a0 \u00a0 \u00a0 \u00a0 \u00a0 \u00a0 \u00a0 \u00a0 \u00a0 \u00a0 \u00a0 \u00a0 \u00a0 \u00a0 \u00a0 \u00a0 \u00a0 \u00a0 \u00a0 \u00a0 \u00a0<\/p>\n<p>Fiscal\u00eda \u00a0 \u00a0 \u00a0 \u00a0 \u00a0 \u00a0 \u00a0 \u00a0 \u00a0 \u00a0 \u00a0 \u00a0 \u00a0 \u00a0 \u00a0 \u00a0 \u00a0106 inv. Jud -Intervenci\u00f3n Tard\u00eda Bogot\u00e1 \u00a0 \u00a0 \u00a0 \u00a0 \u00a0 \u00a0 \u00a0 \u00a0 \u00a0 \u00a0 \u00a0 \u00a0 \u00a0 \u00a0 \u00a0 \u00a0 \u00a0 \u00a0 \u00a0 \u00a0 \u00a0 \u00a0 \u00a0 \u00a0 \u00a0 \u00a0 \u00a0 \u00a0 \u00a0 \u00a0 \u00a0 \u00a0 \u00a0 \u00a0 \u00a0 \u00a0 \u00a0 \u00a0 \u00a0 \u00a0 \u00a0 \u00a0 \u00a0 \u00a0 \u00a0 \u00a0 \u00a0<\/p>\n<p>Hurto \u00a0 \u00a0 \u00a0 \u00a0 \u00a0 \u00a0 \u00a0 \u00a0 \u00a0 \u00a0 \u00a0 \u00a0 \u00a0 \u00a0 \u00a0 \u00a0 \u00a0 \u00a0 \u00a0 \u00a0 \u00a0 \u00a0 \u00a0 \u00a0 \u00a0 \u00a0 \u00a0 \u00a0 \u00a0 \u00a0 \u00a0 \u00a0 \u00a0 \u00a0 \u00a0 \u00a0 \u00a0 \u00a0 \u00a0 \u00a0 \u00a0 \u00a0 \u00a0 \u00a0 \u00a0 \u00a0 \u00a0<\/p>\n<p>22\/nov\/2006archivo \u00a0 \u00a0 \u00a0 \u00a0 \u00a0 \u00a0 \u00a0 \u00a0 \u00a0 \u00a0 \u00a0 \u00a0 \u00a0 \u00a0 \u00a0 \u00a0 \u00a0por conducta at\u00edpica. \u00a0 \u00a0 \u00a0 \u00a0 \u00a0 \u00a0 \u00a0 \u00a0 \u00a0<\/p>\n<p>110016101911200504200 \u00a0 \u00a0 \u00a0 \u00a0 \u00a0 \u00a0 \u00a0 \u00a0 \u00a0 \u00a0 \u00a0 \u00a0 \u00a0 \u00a0 \u00a0 \u00a0 \u00a0 \u00a0 \u00a0 \u00a0 \u00a0 \u00a0 \u00a0 \u00a0 \u00a0 \u00a0 \u00a0 \u00a0 \u00a0 \u00a0 \u00a0 \u00a0 \u00a0 \u00a0 \u00a0 \u00a0 \u00a0 \u00a0 \u00a0 \u00a0 \u00a0 \u00a0 \u00a0 \u00a0 \u00a0 \u00a0 \u00a0<\/p>\n<p>El \u00a0 \u00a0 \u00a0 \u00a0 \u00a0 \u00a0 \u00a0 \u00a0 \u00a0 \u00a0 \u00a0 \u00a0 \u00a0 \u00a0 \u00a0 \u00a0 \u00a026 de agosto de 2005, el indiciado hurt\u00f3 un equipo. \u00a0 \u00a0 \u00a0 \u00a0 \u00a0 \u00a0 \u00a0 \u00a0 \u00a0 \u00a0 \u00a0 \u00a0 \u00a0 \u00a0 \u00a0 \u00a0 \u00a0 \u00a0 \u00a0 \u00a0 \u00a0 \u00a0 \u00a0 \u00a0 \u00a0 \u00a0 \u00a0 \u00a0 \u00a0 \u00a0 \u00a0 \u00a0 \u00a0 \u00a0 \u00a0 \u00a0 \u00a0 \u00a0 \u00a0 \u00a0 \u00a0 \u00a0 \u00a0 \u00a0 \u00a0 \u00a0 \u00a0<\/p>\n<p>Fiscal\u00eda \u00a0 \u00a0 \u00a0 \u00a0 \u00a0 \u00a0 \u00a0 \u00a0 \u00a0 \u00a0 \u00a0 \u00a0 \u00a0 \u00a0 \u00a0 \u00a0 \u00a014 casa de justicia-Suba Bogot\u00e1. \u00a0 \u00a0 \u00a0 \u00a0 \u00a0 \u00a0 \u00a0 \u00a0 \u00a0 \u00a0 \u00a0 \u00a0 \u00a0 \u00a0 \u00a0 \u00a0 \u00a0 \u00a0 \u00a0 \u00a0 \u00a0 \u00a0 \u00a0 \u00a0 \u00a0 \u00a0 \u00a0 \u00a0 \u00a0 \u00a0 \u00a0 \u00a0 \u00a0 \u00a0 \u00a0 \u00a0 \u00a0 \u00a0 \u00a0 \u00a0 \u00a0 \u00a0 \u00a0 \u00a0 \u00a0 \u00a0 \u00a0<\/p>\n<p>Hurto \u00a0 \u00a0 \u00a0 \u00a0 \u00a0 \u00a0 \u00a0 \u00a0 \u00a0 \u00a0 \u00a0 \u00a0 \u00a0 \u00a0 \u00a0 \u00a0 \u00a0 \u00a0 \u00a0 \u00a0 \u00a0 \u00a0 \u00a0 \u00a0 \u00a0 \u00a0 \u00a0 \u00a0 \u00a0 \u00a0 \u00a0 \u00a0 \u00a0 \u00a0 \u00a0 \u00a0 \u00a0 \u00a0 \u00a0 \u00a0 \u00a0 \u00a0 \u00a0 \u00a0 \u00a0 \u00a0 \u00a0<\/p>\n<p>17\/nov\/2005 \u00a0 \u00a0 \u00a0 \u00a0 \u00a0 \u00a0 \u00a0 \u00a0 \u00a0 \u00a0 \u00a0 \u00a0 \u00a0 \u00a0 \u00a0 \u00a0 \u00a0archivo por desistimiento- inasistencia del querellante. \u00a0 \u00a0 \u00a0 \u00a0 \u00a0 \u00a0 \u00a0 \u00a0 \u00a0<\/p>\n<p>11001600071220141458 \u00a0 \u00a0 \u00a0 \u00a0 \u00a0 \u00a0 \u00a0 \u00a0 \u00a0 \u00a0 \u00a0 \u00a0 \u00a0 \u00a0 \u00a0 \u00a0 \u00a0 \u00a0 \u00a0 \u00a0 \u00a0 \u00a0 \u00a0 \u00a0 \u00a0 \u00a0 \u00a0 \u00a0 \u00a0 \u00a0 \u00a0 \u00a0 \u00a0 \u00a0 \u00a0 \u00a0 \u00a0 \u00a0 \u00a0 \u00a0 \u00a0 \u00a0 \u00a0 \u00a0 \u00a0 \u00a0 \u00a0<\/p>\n<p>El \u00a0 \u00a0 \u00a0 \u00a0 \u00a0 \u00a0 \u00a0 \u00a0 \u00a0 \u00a0 \u00a0 \u00a0 \u00a0 \u00a0 \u00a0 \u00a0 \u00a011 de septiembre de 2004, el indiciado lesion\u00f3 a su \u00a0 \u00a0 \u00a0 \u00a0 \u00a0 \u00a0 \u00a0 \u00a0 \u00a0 \u00a0 \u00a0 \u00a0 \u00a0 \u00a0 \u00a0 \u00a0 \u00a0compa\u00f1era permanente Leidy Nayibe Ocampo y a su menor hija \u00a0 \u00a0 \u00a0 \u00a0 \u00a0 \u00a0 \u00a0 \u00a0 \u00a0 \u00a0 \u00a0 \u00a0 \u00a0 \u00a0 \u00a0 \u00a0 \u00a0de 5 a\u00f1os. \u00a0 \u00a0 \u00a0 \u00a0 \u00a0 \u00a0 \u00a0 \u00a0 \u00a0 \u00a0 \u00a0 \u00a0 \u00a0 \u00a0 \u00a0 \u00a0 \u00a0 \u00a0 \u00a0 \u00a0 \u00a0 \u00a0 \u00a0 \u00a0 \u00a0 \u00a0 \u00a0 \u00a0 \u00a0 \u00a0 \u00a0 \u00a0 \u00a0 \u00a0 \u00a0 \u00a0 \u00a0 \u00a0 \u00a0 \u00a0 \u00a0 \u00a0 \u00a0 \u00a0 \u00a0 \u00a0 \u00a0<\/p>\n<p>Fiscal\u00eda \u00a0 \u00a0 \u00a0 \u00a0 \u00a0 \u00a0 \u00a0 \u00a0 \u00a0 \u00a0 \u00a0 \u00a0 \u00a0 \u00a0 \u00a0 \u00a0 \u00a066 Unidad Delitos contra la Violencia Intrafamiliar Bogot\u00e1. \u00a0 \u00a0 \u00a0 \u00a0 \u00a0 \u00a0 \u00a0 \u00a0 \u00a0 \u00a0 \u00a0 \u00a0 \u00a0 \u00a0 \u00a0 \u00a0 \u00a0 \u00a0 \u00a0 \u00a0 \u00a0 \u00a0 \u00a0 \u00a0 \u00a0 \u00a0 \u00a0 \u00a0 \u00a0 \u00a0 \u00a0 \u00a0 \u00a0 \u00a0 \u00a0 \u00a0 \u00a0 \u00a0 \u00a0 \u00a0 \u00a0 \u00a0 \u00a0 \u00a0 \u00a0 \u00a0 \u00a0<\/p>\n<p>Violencia \u00a0 \u00a0 \u00a0 \u00a0 \u00a0 \u00a0 \u00a0 \u00a0 \u00a0 \u00a0 \u00a0 \u00a0 \u00a0 \u00a0 \u00a0 \u00a0 \u00a0 \u00a0intrafamiliar agravado \u00a0 \u00a0 \u00a0 \u00a0 \u00a0 \u00a0 \u00a0 \u00a0 \u00a0 \u00a0 \u00a0 \u00a0 \u00a0 \u00a0 \u00a0 \u00a0 \u00a0 \u00a0 \u00a0 \u00a0 \u00a0 \u00a0 \u00a0 \u00a0 \u00a0 \u00a0 \u00a0 \u00a0 \u00a0 \u00a0 \u00a0 \u00a0 \u00a0 \u00a0 \u00a0 \u00a0 \u00a0 \u00a0 \u00a0 \u00a0 \u00a0 \u00a0 \u00a0 \u00a0 \u00a0 \u00a0 \u00a0<\/p>\n<p>30\/jun\/2015 \u00a0 \u00a0 \u00a0 \u00a0 \u00a0 \u00a0 \u00a0 \u00a0 \u00a0 \u00a0 \u00a0 \u00a0 \u00a0 \u00a0 \u00a0 \u00a0 \u00a0Archivo por conducta at\u00edpica. \u00a0 \u00a0 \u00a0 \u00a0 \u00a0 \u00a0 \u00a0 \u00a0 \u00a0<\/p>\n<p>110016000023200903712 \u00a0 \u00a0 \u00a0 \u00a0 \u00a0 \u00a0 \u00a0 \u00a0 \u00a0 \u00a0 \u00a0 \u00a0 \u00a0 \u00a0 \u00a0 \u00a0 \u00a0 \u00a0 \u00a0 \u00a0 \u00a0 \u00a0 \u00a0 \u00a0 \u00a0 \u00a0 \u00a0 \u00a0 \u00a0 \u00a0 \u00a0 \u00a0 \u00a0 \u00a0 \u00a0 \u00a0 \u00a0 \u00a0 \u00a0 \u00a0 \u00a0 \u00a0 \u00a0 \u00a0 \u00a0 \u00a0 \u00a0<\/p>\n<p>El \u00a0 \u00a0 \u00a0 \u00a0 \u00a0 \u00a0 \u00a0 \u00a0 \u00a0 \u00a0 \u00a0 \u00a0 \u00a0 \u00a0 \u00a0 \u00a0 \u00a012 de abril de 2009, el indiciado hurto (joyas, relojes, \u00a0 \u00a0 \u00a0 \u00a0 \u00a0 \u00a0 \u00a0 \u00a0 \u00a0 \u00a0 \u00a0 \u00a0 \u00a0 \u00a0 \u00a0 \u00a0 \u00a0televisores y otros bienes). \u00a0 \u00a0 \u00a0 \u00a0 \u00a0 \u00a0 \u00a0 \u00a0 \u00a0 \u00a0 \u00a0 \u00a0 \u00a0 \u00a0 \u00a0 \u00a0 \u00a0 \u00a0 \u00a0 \u00a0 \u00a0 \u00a0 \u00a0 \u00a0 \u00a0 \u00a0 \u00a0 \u00a0 \u00a0 \u00a0 \u00a0 \u00a0 \u00a0 \u00a0 \u00a0 \u00a0 \u00a0 \u00a0 \u00a0 \u00a0 \u00a0 \u00a0 \u00a0 \u00a0 \u00a0 \u00a0 \u00a0<\/p>\n<p>Fiscal\u00eda \u00a0 \u00a0 \u00a0 \u00a0 \u00a0 \u00a0 \u00a0 \u00a0 \u00a0 \u00a0 \u00a0 \u00a0 \u00a0 \u00a0 \u00a0 \u00a0 \u00a0106 Inv. Jud-Intervenci\u00f3n Tard\u00eda Bogot\u00e1 \u00a0 \u00a0 \u00a0 \u00a0 \u00a0 \u00a0 \u00a0 \u00a0 \u00a0 \u00a0 \u00a0 \u00a0 \u00a0 \u00a0 \u00a0 \u00a0 \u00a0 \u00a0 \u00a0 \u00a0 \u00a0 \u00a0 \u00a0 \u00a0 \u00a0 \u00a0 \u00a0 \u00a0 \u00a0 \u00a0 \u00a0 \u00a0 \u00a0 \u00a0 \u00a0 \u00a0 \u00a0 \u00a0 \u00a0 \u00a0 \u00a0 \u00a0 \u00a0 \u00a0 \u00a0 \u00a0 \u00a0<\/p>\n<p>Hurto \u00a0 \u00a0 \u00a0 \u00a0 \u00a0 \u00a0 \u00a0 \u00a0 \u00a0 \u00a0 \u00a0 \u00a0 \u00a0 \u00a0 \u00a0 \u00a0 \u00a0 \u00a0 \u00a0 \u00a0 \u00a0 \u00a0 \u00a0 \u00a0 \u00a0 \u00a0 \u00a0 \u00a0 \u00a0 \u00a0 \u00a0 \u00a0 \u00a0 \u00a0 \u00a0 \u00a0 \u00a0 \u00a0 \u00a0 \u00a0 \u00a0 \u00a0 \u00a0 \u00a0 \u00a0 \u00a0 \u00a0<\/p>\n<p>31\/05\/2016 \u00a0 \u00a0 \u00a0 \u00a0 \u00a0 \u00a0 \u00a0 \u00a0 \u00a0 \u00a0 \u00a0 \u00a0 \u00a0 \u00a0 \u00a0 \u00a0 \u00a0Archivo por conducta at\u00edpica. \u00a0 \u00a0 \u00a0 \u00a0 \u00a0 \u00a0 \u00a0 \u00a0 \u00a0<\/p>\n<p>110016000020201904718 \u00a0 \u00a0 \u00a0 \u00a0 \u00a0 \u00a0 \u00a0 \u00a0 \u00a0 \u00a0 \u00a0 \u00a0 \u00a0 \u00a0 \u00a0 \u00a0 \u00a0 \u00a0 \u00a0 \u00a0 \u00a0 \u00a0 \u00a0 \u00a0 \u00a0 \u00a0 \u00a0 \u00a0 \u00a0 \u00a0 \u00a0 \u00a0 \u00a0 \u00a0 \u00a0 \u00a0 \u00a0 \u00a0 \u00a0 \u00a0 \u00a0 \u00a0 \u00a0 \u00a0 \u00a0 \u00a0 \u00a0<\/p>\n<p>EI \u00a0 \u00a0 \u00a0 \u00a0 \u00a0 \u00a0 \u00a0 \u00a0 \u00a0 \u00a0 \u00a0 \u00a0 \u00a0 \u00a0 \u00a0 \u00a0 \u00a06 de octubre de 2019, el indiciado violent\u00f3 f\u00edsica \u00a0 \u00a0 \u00a0 \u00a0 \u00a0 \u00a0 \u00a0 \u00a0 \u00a0 \u00a0 \u00a0 \u00a0 \u00a0 \u00a0 \u00a0 \u00a0 \u00a0y sicol\u00f3gica-mente a su excompa\u00f1era Leidy Nayibe \u00a0 \u00a0 \u00a0 \u00a0 \u00a0 \u00a0 \u00a0 \u00a0 \u00a0 \u00a0 \u00a0 \u00a0 \u00a0 \u00a0 \u00a0 \u00a0 \u00a0Ocampo y a su menor hija de 5 a\u00f1os. \u00a0 \u00a0 \u00a0 \u00a0 \u00a0 \u00a0 \u00a0 \u00a0 \u00a0 \u00a0 \u00a0 \u00a0 \u00a0 \u00a0 \u00a0 \u00a0 \u00a0 \u00a0 \u00a0 \u00a0 \u00a0 \u00a0 \u00a0 \u00a0 \u00a0 \u00a0 \u00a0 \u00a0 \u00a0 \u00a0 \u00a0 \u00a0 \u00a0 \u00a0 \u00a0 \u00a0 \u00a0 \u00a0 \u00a0 \u00a0 \u00a0 \u00a0 \u00a0 \u00a0 \u00a0 \u00a0 \u00a0<\/p>\n<p>Fiscal\u00eda \u00a0 \u00a0 \u00a0 \u00a0 \u00a0 \u00a0 \u00a0 \u00a0 \u00a0 \u00a0 \u00a0 \u00a0 \u00a0 \u00a0 \u00a0 \u00a0 \u00a0405 Unidad de delitos contra la Violencia Intrafamiliar Bogot\u00e1. \u00a0 \u00a0 \u00a0 \u00a0 \u00a0 \u00a0 \u00a0 \u00a0 \u00a0 \u00a0 \u00a0 \u00a0 \u00a0 \u00a0 \u00a0 \u00a0 \u00a0 \u00a0 \u00a0 \u00a0 \u00a0 \u00a0 \u00a0 \u00a0 \u00a0 \u00a0 \u00a0 \u00a0 \u00a0 \u00a0 \u00a0 \u00a0 \u00a0 \u00a0 \u00a0 \u00a0 \u00a0 \u00a0 \u00a0 \u00a0 \u00a0 \u00a0 \u00a0 \u00a0 \u00a0 \u00a0 \u00a0<\/p>\n<p>Violencia \u00a0 \u00a0 \u00a0 \u00a0 \u00a0 \u00a0 \u00a0 \u00a0 \u00a0 \u00a0 \u00a0 \u00a0 \u00a0 \u00a0 \u00a0 \u00a0 \u00a0Intrafamiliar \u00a0 \u00a0 \u00a0 \u00a0 \u00a0 \u00a0 \u00a0 \u00a0 \u00a0 \u00a0 \u00a0 \u00a0 \u00a0 \u00a0 \u00a0 \u00a0 \u00a0 \u00a0 \u00a0 \u00a0 \u00a0 \u00a0 \u00a0 \u00a0 \u00a0 \u00a0 \u00a0 \u00a0 \u00a0 \u00a0 \u00a0 \u00a0 \u00a0 \u00a0 \u00a0 \u00a0 \u00a0 \u00a0 \u00a0 \u00a0 \u00a0 \u00a0 \u00a0 \u00a0 \u00a0 \u00a0 \u00a0<\/p>\n<p>Indagaci\u00f3n. \u00a0 \u00a0 \u00a0 \u00a0 \u00a0 \u00a0 \u00a0 \u00a0 \u00a0<\/p>\n<p>110016000020201703255 \u00a0 \u00a0 \u00a0 \u00a0 \u00a0 \u00a0 \u00a0 \u00a0 \u00a0 \u00a0 \u00a0 \u00a0 \u00a0 \u00a0 \u00a0 \u00a0 \u00a0 \u00a0 \u00a0 \u00a0 \u00a0 \u00a0 \u00a0 \u00a0 \u00a0 \u00a0 \u00a0 \u00a0 \u00a0 \u00a0 \u00a0 \u00a0 \u00a0 \u00a0 \u00a0 \u00a0 \u00a0 \u00a0 \u00a0 \u00a0 \u00a0 \u00a0 \u00a0 \u00a0 \u00a0 \u00a0 \u00a0<\/p>\n<p>La \u00a0 \u00a0 \u00a0 \u00a0 \u00a0 \u00a0 \u00a0 \u00a0 \u00a0 \u00a0 \u00a0 \u00a0 \u00a0 \u00a0 \u00a0 \u00a0 \u00a0se\u00f1ora Leidy Nayibe Ocampo denuncia que fue lesionada por \u00a0 \u00a0 \u00a0 \u00a0 \u00a0 \u00a0 \u00a0 \u00a0 \u00a0 \u00a0 \u00a0 \u00a0 \u00a0 \u00a0 \u00a0 \u00a0 \u00a0el indiciado el 4 de junio de 2017. \u00a0 \u00a0 \u00a0 \u00a0 \u00a0 \u00a0 \u00a0 \u00a0 \u00a0 \u00a0 \u00a0 \u00a0 \u00a0 \u00a0 \u00a0 \u00a0 \u00a0 \u00a0 \u00a0 \u00a0 \u00a0 \u00a0 \u00a0 \u00a0 \u00a0 \u00a0 \u00a0 \u00a0 \u00a0 \u00a0 \u00a0 \u00a0 \u00a0 \u00a0 \u00a0 \u00a0 \u00a0 \u00a0 \u00a0 \u00a0 \u00a0 \u00a0 \u00a0 \u00a0 \u00a0 \u00a0 \u00a0<\/p>\n<p>Fiscal\u00eda \u00a0 \u00a0 \u00a0 \u00a0 \u00a0 \u00a0 \u00a0 \u00a0 \u00a0 \u00a0 \u00a0 \u00a0 \u00a0 \u00a0 \u00a0 \u00a0 \u00a0387 Unidad Delitos contra la Violencia Intrafamiliar Bogot\u00e1. \u00a0 \u00a0 \u00a0 \u00a0 \u00a0 \u00a0 \u00a0 \u00a0 \u00a0 \u00a0 \u00a0 \u00a0 \u00a0 \u00a0 \u00a0 \u00a0 \u00a0 \u00a0 \u00a0 \u00a0 \u00a0 \u00a0 \u00a0 \u00a0 \u00a0 \u00a0 \u00a0 \u00a0 \u00a0 \u00a0 \u00a0 \u00a0 \u00a0 \u00a0 \u00a0 \u00a0 \u00a0 \u00a0 \u00a0 \u00a0 \u00a0 \u00a0 \u00a0 \u00a0 \u00a0 \u00a0 \u00a0<\/p>\n<p>Lesiones \u00a0 \u00a0 \u00a0 \u00a0 \u00a0 \u00a0 \u00a0 \u00a0 \u00a0 \u00a0 \u00a0 \u00a0 \u00a0 \u00a0 \u00a0 \u00a0 \u00a0 \u00a0 \u00a0 \u00a0 \u00a0 \u00a0 \u00a0 \u00a0 \u00a0 \u00a0 \u00a0 \u00a0 \u00a0 \u00a0 \u00a0 \u00a0 \u00a0 \u00a0 \u00a0 \u00a0 \u00a0 \u00a0 \u00a0 \u00a0 \u00a0 \u00a0 \u00a0 \u00a0 \u00a0 \u00a0 \u00a0<\/p>\n<p>23\/feb\/2018 \u00a0 \u00a0 \u00a0 \u00a0 \u00a0 \u00a0 \u00a0 \u00a0 \u00a0 \u00a0 \u00a0 \u00a0 \u00a0 \u00a0 \u00a0 \u00a0 \u00a0Archivo por conducta at\u00edpica. \u00a0 \u00a0 \u00a0 \u00a0 \u00a0 \u00a0 \u00a0 \u00a0 \u00a0<\/p>\n<p>110016000019201703607 \u00a0 \u00a0 \u00a0 \u00a0 \u00a0 \u00a0 \u00a0 \u00a0 \u00a0 \u00a0 \u00a0 \u00a0 \u00a0 \u00a0 \u00a0 \u00a0 \u00a0 \u00a0 \u00a0 \u00a0 \u00a0 \u00a0 \u00a0 \u00a0 \u00a0 \u00a0 \u00a0 \u00a0 \u00a0 \u00a0 \u00a0 \u00a0 \u00a0 \u00a0 \u00a0 \u00a0 \u00a0 \u00a0 \u00a0 \u00a0 \u00a0 \u00a0 \u00a0 \u00a0 \u00a0 \u00a0 \u00a0<\/p>\n<p>La \u00a0 \u00a0 \u00a0 \u00a0 \u00a0 \u00a0 \u00a0 \u00a0 \u00a0 \u00a0 \u00a0 \u00a0 \u00a0 \u00a0 \u00a0 \u00a0 \u00a0se\u00f1ora Leidy Nayibe Ocampo denuncia que fue lesionada por \u00a0 \u00a0 \u00a0 \u00a0 \u00a0 \u00a0 \u00a0 \u00a0 \u00a0 \u00a0 \u00a0 \u00a0 \u00a0 \u00a0 \u00a0 \u00a0 \u00a0el indiciado el 6 de junio de 2017 \u00a0 \u00a0 \u00a0 \u00a0 \u00a0 \u00a0 \u00a0 \u00a0 \u00a0 \u00a0 \u00a0 \u00a0 \u00a0 \u00a0 \u00a0 \u00a0 \u00a0 \u00a0 \u00a0 \u00a0 \u00a0 \u00a0 \u00a0 \u00a0 \u00a0 \u00a0 \u00a0 \u00a0 \u00a0 \u00a0 \u00a0 \u00a0 \u00a0 \u00a0 \u00a0 \u00a0 \u00a0 \u00a0 \u00a0 \u00a0 \u00a0 \u00a0 \u00a0 \u00a0 \u00a0 \u00a0 \u00a0<\/p>\n<p>Fiscal\u00eda \u00a0 \u00a0 \u00a0 \u00a0 \u00a0 \u00a0 \u00a0 \u00a0 \u00a0 \u00a0 \u00a0 \u00a0 \u00a0 \u00a0 \u00a0 \u00a0 \u00a0275 Inv. Jud.- Intervenci\u00f3n Tard\u00eda Bogot\u00e1. \u00a0 \u00a0 \u00a0 \u00a0 \u00a0 \u00a0 \u00a0 \u00a0 \u00a0 \u00a0 \u00a0 \u00a0 \u00a0 \u00a0 \u00a0 \u00a0 \u00a0 \u00a0 \u00a0 \u00a0 \u00a0 \u00a0 \u00a0 \u00a0 \u00a0 \u00a0 \u00a0 \u00a0 \u00a0 \u00a0 \u00a0 \u00a0 \u00a0 \u00a0 \u00a0 \u00a0 \u00a0 \u00a0 \u00a0 \u00a0 \u00a0 \u00a0 \u00a0 \u00a0 \u00a0 \u00a0 \u00a0<\/p>\n<p>Lesiones \u00a0 \u00a0 \u00a0 \u00a0 \u00a0 \u00a0 \u00a0 \u00a0 \u00a0 \u00a0 \u00a0 \u00a0 \u00a0 \u00a0 \u00a0 \u00a0 \u00a0 \u00a0 \u00a0 \u00a0 \u00a0 \u00a0 \u00a0 \u00a0 \u00a0 \u00a0 \u00a0 \u00a0 \u00a0 \u00a0 \u00a0 \u00a0 \u00a0 \u00a0 \u00a0 \u00a0 \u00a0 \u00a0 \u00a0 \u00a0 \u00a0 \u00a0 \u00a0 \u00a0 \u00a0 \u00a0 \u00a0<\/p>\n<p>01\/03\/2019 \u00a0 \u00a0 \u00a0 \u00a0 \u00a0 \u00a0 \u00a0 \u00a0 \u00a0 \u00a0 \u00a0 \u00a0 \u00a0 \u00a0 \u00a0 \u00a0 \u00a0Archivo por conducta at\u00edpica \u00a0 \u00a0 \u00a0 \u00a0 \u00a0 \u00a0 \u00a0 \u00a0 \u00a0<\/p>\n<p>110016000019201501881 \u00a0 \u00a0 \u00a0 \u00a0 \u00a0 \u00a0 \u00a0 \u00a0 \u00a0 \u00a0 \u00a0 \u00a0 \u00a0 \u00a0 \u00a0 \u00a0 \u00a0 \u00a0 \u00a0 \u00a0 \u00a0 \u00a0 \u00a0 \u00a0 \u00a0 \u00a0 \u00a0 \u00a0 \u00a0 \u00a0 \u00a0 \u00a0 \u00a0 \u00a0 \u00a0 \u00a0 \u00a0 \u00a0 \u00a0 \u00a0 \u00a0 \u00a0 \u00a0 \u00a0 \u00a0 \u00a0 \u00a0<\/p>\n<p>El \u00a0 \u00a0 \u00a0 \u00a0 \u00a0 \u00a0 \u00a0 \u00a0 \u00a0 \u00a0 \u00a0 \u00a0 \u00a0 \u00a0 \u00a0 \u00a0 \u00a04 de marzo de 2015, el indiciado y otro hurtaron varios bienes de \u00a0 \u00a0 \u00a0 \u00a0 \u00a0 \u00a0 \u00a0 \u00a0 \u00a0 \u00a0 \u00a0 \u00a0 \u00a0 \u00a0 \u00a0 \u00a0 \u00a0propiedad de Andrea Fajardo. \u00a0 \u00a0 \u00a0 \u00a0 \u00a0 \u00a0 \u00a0 \u00a0 \u00a0 \u00a0 \u00a0 \u00a0 \u00a0 \u00a0 \u00a0 \u00a0 \u00a0 \u00a0 \u00a0 \u00a0 \u00a0 \u00a0 \u00a0 \u00a0 \u00a0 \u00a0 \u00a0 \u00a0 \u00a0 \u00a0 \u00a0 \u00a0 \u00a0 \u00a0 \u00a0 \u00a0 \u00a0 \u00a0 \u00a0 \u00a0 \u00a0 \u00a0 \u00a0 \u00a0 \u00a0 \u00a0 \u00a0<\/p>\n<p>Fiscal\u00eda \u00a0 \u00a0 \u00a0 \u00a0 \u00a0 \u00a0 \u00a0 \u00a0 \u00a0 \u00a0 \u00a0 \u00a0 \u00a0 \u00a0 \u00a0 \u00a0 \u00a0106 inv. Jud-Intervenci\u00f3n Tard\u00eda Bogot\u00e1. \u00a0 \u00a0 \u00a0 \u00a0 \u00a0 \u00a0 \u00a0 \u00a0 \u00a0 \u00a0 \u00a0 \u00a0 \u00a0 \u00a0 \u00a0 \u00a0 \u00a0 \u00a0 \u00a0 \u00a0 \u00a0 \u00a0 \u00a0 \u00a0 \u00a0 \u00a0 \u00a0 \u00a0 \u00a0 \u00a0 \u00a0 \u00a0 \u00a0 \u00a0 \u00a0 \u00a0 \u00a0 \u00a0 \u00a0 \u00a0 \u00a0 \u00a0 \u00a0 \u00a0 \u00a0 \u00a0 \u00a0<\/p>\n<p>Hurto \u00a0 \u00a0 \u00a0 \u00a0 \u00a0 \u00a0 \u00a0 \u00a0 \u00a0 \u00a0 \u00a0 \u00a0 \u00a0 \u00a0 \u00a0 \u00a0 \u00a0Calificado \u00a0 \u00a0 \u00a0 \u00a0 \u00a0 \u00a0 \u00a0 \u00a0 \u00a0 \u00a0 \u00a0 \u00a0 \u00a0 \u00a0 \u00a0 \u00a0 \u00a0 \u00a0 \u00a0 \u00a0 \u00a0 \u00a0 \u00a0 \u00a0 \u00a0 \u00a0 \u00a0 \u00a0 \u00a0 \u00a0 \u00a0 \u00a0 \u00a0 \u00a0 \u00a0 \u00a0 \u00a0 \u00a0 \u00a0 \u00a0 \u00a0 \u00a0 \u00a0 \u00a0 \u00a0 \u00a0 \u00a0<\/p>\n<p>22\/10\/2015 \u00a0 \u00a0 \u00a0 \u00a0 \u00a0 \u00a0 \u00a0 \u00a0 \u00a0 \u00a0 \u00a0 \u00a0 \u00a0 \u00a0 \u00a0 \u00a0 \u00a0se emiti\u00f3 sentencia condenatoria por el Juzgado 3\u00b0 \u00a0 \u00a0 \u00a0 \u00a0 \u00a0 \u00a0 \u00a0 \u00a0 \u00a0 \u00a0 \u00a0 \u00a0 \u00a0 \u00a0 \u00a0 \u00a0 \u00a0Bogot\u00e1. \u00a0 \u00a0 \u00a0 \u00a0 \u00a0 \u00a0 \u00a0 \u00a0 \u00a0<\/p>\n<p>11001600001920141031 \u00a0 \u00a0 \u00a0 \u00a0 \u00a0 \u00a0 \u00a0 \u00a0 \u00a0 \u00a0 \u00a0 \u00a0 \u00a0 \u00a0 \u00a0 \u00a0 \u00a0 \u00a0 \u00a0 \u00a0 \u00a0 \u00a0 \u00a0 \u00a0 \u00a0 \u00a0 \u00a0 \u00a0 \u00a0 \u00a0 \u00a0 \u00a0 \u00a0 \u00a0 \u00a0 \u00a0 \u00a0 \u00a0 \u00a0 \u00a0 \u00a0 \u00a0 \u00a0 \u00a0 \u00a0 \u00a0 \u00a0<\/p>\n<p>El \u00a0 \u00a0 \u00a0 \u00a0 \u00a0 \u00a0 \u00a0 \u00a0 \u00a0 \u00a0 \u00a0 \u00a0 \u00a0 \u00a0 \u00a0 \u00a0 \u00a021 de diciembre de 2014, el indiciado es capturado en flagrancia \u00a0 \u00a0 \u00a0 \u00a0 \u00a0 \u00a0 \u00a0 \u00a0 \u00a0 \u00a0 \u00a0 \u00a0 \u00a0 \u00a0 \u00a0 \u00a0 \u00a0cuando hurtaba bienes de una residencia. \u00a0 \u00a0 \u00a0 \u00a0 \u00a0 \u00a0 \u00a0 \u00a0 \u00a0 \u00a0 \u00a0 \u00a0 \u00a0 \u00a0 \u00a0 \u00a0 \u00a0 \u00a0 \u00a0 \u00a0 \u00a0 \u00a0 \u00a0 \u00a0 \u00a0 \u00a0 \u00a0 \u00a0 \u00a0 \u00a0 \u00a0 \u00a0 \u00a0 \u00a0 \u00a0 \u00a0 \u00a0 \u00a0 \u00a0 \u00a0 \u00a0 \u00a0 \u00a0 \u00a0 \u00a0 \u00a0 \u00a0<\/p>\n<p>Fiscal\u00eda \u00a0 \u00a0 \u00a0 \u00a0 \u00a0 \u00a0 \u00a0 \u00a0 \u00a0 \u00a0 \u00a0 \u00a0 \u00a0 \u00a0 \u00a0 \u00a0 \u00a0106 inv. Jud-Intervenci\u00f3n Tard\u00eda Bogot\u00e1. \u00a0 \u00a0 \u00a0 \u00a0 \u00a0 \u00a0 \u00a0 \u00a0 \u00a0 \u00a0 \u00a0 \u00a0 \u00a0 \u00a0 \u00a0 \u00a0 \u00a0 \u00a0 \u00a0 \u00a0 \u00a0 \u00a0 \u00a0 \u00a0 \u00a0 \u00a0 \u00a0 \u00a0 \u00a0 \u00a0 \u00a0 \u00a0 \u00a0 \u00a0 \u00a0 \u00a0 \u00a0 \u00a0 \u00a0 \u00a0 \u00a0 \u00a0 \u00a0 \u00a0 \u00a0 \u00a0 \u00a0<\/p>\n<p>Hurto \u00a0 \u00a0 \u00a0 \u00a0 \u00a0 \u00a0 \u00a0 \u00a0 \u00a0 \u00a0 \u00a0 \u00a0 \u00a0 \u00a0 \u00a0 \u00a0 \u00a0Agravado \u00a0 \u00a0 \u00a0 \u00a0 \u00a0 \u00a0 \u00a0 \u00a0 \u00a0 \u00a0 \u00a0 \u00a0 \u00a0 \u00a0 \u00a0 \u00a0 \u00a0 \u00a0 \u00a0 \u00a0 \u00a0 \u00a0 \u00a0 \u00a0 \u00a0 \u00a0 \u00a0 \u00a0 \u00a0 \u00a0 \u00a0 \u00a0 \u00a0 \u00a0 \u00a0 \u00a0 \u00a0 \u00a0 \u00a0 \u00a0 \u00a0 \u00a0 \u00a0 \u00a0 \u00a0 \u00a0 \u00a0<\/p>\n<p>19\/12\/2017 \u00a0 \u00a0 \u00a0 \u00a0 \u00a0 \u00a0 \u00a0 \u00a0 \u00a0 \u00a0 \u00a0 \u00a0 \u00a0 \u00a0 \u00a0 \u00a0 \u00a0Archivo por imposibilidad de encontrar al sujeto pasivo. \u00a0 \u00a0 \u00a0 \u00a0 \u00a0 \u00a0 \u00a0 \u00a0 \u00a0<\/p>\n<p>110016000019201412073 \u00a0 \u00a0 \u00a0 \u00a0 \u00a0 \u00a0 \u00a0 \u00a0 \u00a0 \u00a0 \u00a0 \u00a0 \u00a0 \u00a0 \u00a0 \u00a0 \u00a0 \u00a0 \u00a0 \u00a0 \u00a0 \u00a0 \u00a0 \u00a0 \u00a0 \u00a0 \u00a0 \u00a0 \u00a0 \u00a0 \u00a0 \u00a0 \u00a0 \u00a0 \u00a0 \u00a0 \u00a0 \u00a0 \u00a0 \u00a0 \u00a0 \u00a0 \u00a0 \u00a0 \u00a0 \u00a0 \u00a0<\/p>\n<p>El \u00a0 \u00a0 \u00a0 \u00a0 \u00a0 \u00a0 \u00a0 \u00a0 \u00a0 \u00a0 \u00a0 \u00a0 \u00a0 \u00a0 \u00a0 \u00a0 \u00a020 de septiembre de 2014, el indiciado lesion\u00f3 a su \u00a0 \u00a0 \u00a0 \u00a0 \u00a0 \u00a0 \u00a0 \u00a0 \u00a0 \u00a0 \u00a0 \u00a0 \u00a0 \u00a0 \u00a0 \u00a0 \u00a0compa\u00f1era permanente Leidy Nayibe Ocampo. \u00a0 \u00a0 \u00a0 \u00a0 \u00a0 \u00a0 \u00a0 \u00a0 \u00a0 \u00a0 \u00a0 \u00a0 \u00a0 \u00a0 \u00a0 \u00a0 \u00a0 \u00a0 \u00a0 \u00a0 \u00a0 \u00a0 \u00a0 \u00a0 \u00a0 \u00a0 \u00a0 \u00a0 \u00a0 \u00a0 \u00a0 \u00a0 \u00a0 \u00a0 \u00a0 \u00a0 \u00a0 \u00a0 \u00a0 \u00a0 \u00a0 \u00a0 \u00a0 \u00a0 \u00a0 \u00a0 \u00a0<\/p>\n<p>Fiscal\u00eda \u00a0 \u00a0 \u00a0 \u00a0 \u00a0 \u00a0 \u00a0 \u00a0 \u00a0 \u00a0 \u00a0 \u00a0 \u00a0 \u00a0 \u00a0 \u00a0 \u00a0297 Unidad contra la Violencia Intrafamiliar Bogot\u00e1. \u00a0 \u00a0 \u00a0 \u00a0 \u00a0 \u00a0 \u00a0 \u00a0 \u00a0 \u00a0 \u00a0 \u00a0 \u00a0 \u00a0 \u00a0 \u00a0 \u00a0 \u00a0 \u00a0 \u00a0 \u00a0 \u00a0 \u00a0 \u00a0 \u00a0 \u00a0 \u00a0 \u00a0 \u00a0 \u00a0 \u00a0 \u00a0 \u00a0 \u00a0 \u00a0 \u00a0 \u00a0 \u00a0 \u00a0 \u00a0 \u00a0 \u00a0 \u00a0 \u00a0 \u00a0 \u00a0 \u00a0<\/p>\n<p>Violencia \u00a0 \u00a0 \u00a0 \u00a0 \u00a0 \u00a0 \u00a0 \u00a0 \u00a0 \u00a0 \u00a0 \u00a0 \u00a0 \u00a0 \u00a0 \u00a0 \u00a0Intrafamiliar \u00a0 \u00a0 \u00a0 \u00a0 \u00a0 \u00a0 \u00a0 \u00a0 \u00a0 \u00a0 \u00a0 \u00a0 \u00a0 \u00a0 \u00a0 \u00a0 \u00a0 \u00a0 \u00a0 \u00a0 \u00a0 \u00a0 \u00a0 \u00a0 \u00a0 \u00a0 \u00a0 \u00a0 \u00a0 \u00a0 \u00a0 \u00a0 \u00a0 \u00a0 \u00a0 \u00a0 \u00a0 \u00a0 \u00a0 \u00a0 \u00a0 \u00a0 \u00a0 \u00a0 \u00a0 \u00a0 \u00a0<\/p>\n<p>28\/04\/2015 \u00a0 \u00a0 \u00a0 \u00a0 \u00a0 \u00a0 \u00a0 \u00a0 \u00a0 \u00a0 \u00a0 \u00a0 \u00a0 \u00a0 \u00a0 \u00a0 \u00a0Preclusi\u00f3n por inexistencia del hecho \u00a0 \u00a0 \u00a0 \u00a0 \u00a0 \u00a0 \u00a0 \u00a0 \u00a0<\/p>\n<p>110016000017202006516 \u00a0 \u00a0 \u00a0 \u00a0 \u00a0 \u00a0 \u00a0 \u00a0 \u00a0 \u00a0 \u00a0 \u00a0 \u00a0 \u00a0 \u00a0 \u00a0 \u00a0 \u00a0 \u00a0 \u00a0 \u00a0 \u00a0 \u00a0 \u00a0 \u00a0 \u00a0 \u00a0 \u00a0 \u00a0 \u00a0 \u00a0 \u00a0 \u00a0 \u00a0 \u00a0 \u00a0 \u00a0 \u00a0 \u00a0 \u00a0 \u00a0 \u00a0 \u00a0 \u00a0 \u00a0 \u00a0 \u00a0<\/p>\n<p>El \u00a0 \u00a0 \u00a0 \u00a0 \u00a0 \u00a0 \u00a0 \u00a0 \u00a0 \u00a0 \u00a0 \u00a0 \u00a0 \u00a0 \u00a0 \u00a0 \u00a027 de julio de 2010, el indiciado fue capturado en flagrancia \u00a0 \u00a0 \u00a0 \u00a0 \u00a0 \u00a0 \u00a0 \u00a0 \u00a0 \u00a0 \u00a0 \u00a0 \u00a0 \u00a0 \u00a0 \u00a0 \u00a0cuando hurt\u00f3 un computador port\u00e1til y otros bienes \u00a0 \u00a0 \u00a0 \u00a0 \u00a0 \u00a0 \u00a0 \u00a0 \u00a0 \u00a0 \u00a0 \u00a0 \u00a0 \u00a0 \u00a0 \u00a0 \u00a0de un apartamento. \u00a0 \u00a0 \u00a0 \u00a0 \u00a0 \u00a0 \u00a0 \u00a0 \u00a0 \u00a0 \u00a0 \u00a0 \u00a0 \u00a0 \u00a0 \u00a0 \u00a0 \u00a0 \u00a0 \u00a0 \u00a0 \u00a0 \u00a0 \u00a0 \u00a0 \u00a0 \u00a0 \u00a0 \u00a0 \u00a0 \u00a0 \u00a0 \u00a0 \u00a0 \u00a0 \u00a0 \u00a0 \u00a0 \u00a0 \u00a0 \u00a0 \u00a0 \u00a0 \u00a0 \u00a0 \u00a0 \u00a0<\/p>\n<p>Fiscal\u00eda \u00a0 \u00a0 \u00a0 \u00a0 \u00a0 \u00a0 \u00a0 \u00a0 \u00a0 \u00a0 \u00a0 \u00a0 \u00a0 \u00a0 \u00a0 \u00a0 \u00a0106 Inv. Jud. Intervenci\u00f3n Tard\u00eda Bogot\u00e1. \u00a0 \u00a0 \u00a0 \u00a0 \u00a0 \u00a0 \u00a0 \u00a0 \u00a0 \u00a0 \u00a0 \u00a0 \u00a0 \u00a0 \u00a0 \u00a0 \u00a0 \u00a0 \u00a0 \u00a0 \u00a0 \u00a0 \u00a0 \u00a0 \u00a0 \u00a0 \u00a0 \u00a0 \u00a0 \u00a0 \u00a0 \u00a0 \u00a0 \u00a0 \u00a0 \u00a0 \u00a0 \u00a0 \u00a0 \u00a0 \u00a0 \u00a0 \u00a0 \u00a0 \u00a0 \u00a0 \u00a0<\/p>\n<p>Hurto \u00a0 \u00a0 \u00a0 \u00a0 \u00a0 \u00a0 \u00a0 \u00a0 \u00a0 \u00a0 \u00a0 \u00a0 \u00a0 \u00a0 \u00a0 \u00a0 \u00a0Calificado \u00a0 \u00a0 \u00a0 \u00a0 \u00a0 \u00a0 \u00a0 \u00a0 \u00a0 \u00a0 \u00a0 \u00a0 \u00a0 \u00a0 \u00a0 \u00a0 \u00a0 \u00a0 \u00a0 \u00a0 \u00a0 \u00a0 \u00a0 \u00a0 \u00a0 \u00a0 \u00a0 \u00a0 \u00a0 \u00a0 \u00a0 \u00a0 \u00a0 \u00a0 \u00a0 \u00a0 \u00a0 \u00a0 \u00a0 \u00a0 \u00a0 \u00a0 \u00a0 \u00a0 \u00a0 \u00a0 \u00a0<\/p>\n<p>04\/nov\/2010 \u00a0 \u00a0 \u00a0 \u00a0 \u00a0 \u00a0 \u00a0 \u00a0 \u00a0 \u00a0 \u00a0 \u00a0 \u00a0 \u00a0 \u00a0 \u00a0 \u00a0se emiti\u00f3 sentencia condenatoria por el Juzgado 12 Bogot\u00e1. \u00a0 \u00a0 \u00a0 \u00a0 \u00a0 \u00a0 \u00a0 \u00a0 \u00a0<\/p>\n<p>110016000017201004722 \u00a0 \u00a0 \u00a0 \u00a0 \u00a0 \u00a0 \u00a0 \u00a0 \u00a0 \u00a0 \u00a0 \u00a0 \u00a0 \u00a0 \u00a0 \u00a0 \u00a0 \u00a0 \u00a0 \u00a0 \u00a0 \u00a0 \u00a0 \u00a0 \u00a0 \u00a0 \u00a0 \u00a0 \u00a0 \u00a0 \u00a0 \u00a0 \u00a0 \u00a0 \u00a0 \u00a0 \u00a0 \u00a0 \u00a0 \u00a0 \u00a0 \u00a0 \u00a0 \u00a0 \u00a0 \u00a0 \u00a0<\/p>\n<p>El \u00a0 \u00a0 \u00a0 \u00a0 \u00a0 \u00a0 \u00a0 \u00a0 \u00a0 \u00a0 \u00a0 \u00a0 \u00a0 \u00a0 \u00a0 \u00a0 \u00a022 de mayo de 2010, el indiciado fue capturado en una ri\u00f1a. \u00a0 \u00a0 \u00a0 \u00a0 \u00a0 \u00a0 \u00a0 \u00a0 \u00a0 \u00a0 \u00a0 \u00a0 \u00a0 \u00a0 \u00a0 \u00a0 \u00a0 \u00a0 \u00a0 \u00a0 \u00a0 \u00a0 \u00a0 \u00a0 \u00a0 \u00a0 \u00a0 \u00a0 \u00a0 \u00a0 \u00a0 \u00a0 \u00a0 \u00a0 \u00a0 \u00a0 \u00a0 \u00a0 \u00a0 \u00a0 \u00a0 \u00a0 \u00a0 \u00a0 \u00a0 \u00a0 \u00a0<\/p>\n<p>Fiscal\u00eda \u00a0 \u00a0 \u00a0 \u00a0 \u00a0 \u00a0 \u00a0 \u00a0 \u00a0 \u00a0 \u00a0 \u00a0 \u00a0 \u00a0 \u00a0 \u00a0 \u00a0314 Uri Grupo Flagrancias Engativ\u00e1-Bogot\u00e1. \u00a0 \u00a0 \u00a0 \u00a0 \u00a0 \u00a0 \u00a0 \u00a0 \u00a0 \u00a0 \u00a0 \u00a0 \u00a0 \u00a0 \u00a0 \u00a0 \u00a0 \u00a0 \u00a0 \u00a0 \u00a0 \u00a0 \u00a0 \u00a0 \u00a0 \u00a0 \u00a0 \u00a0 \u00a0 \u00a0 \u00a0 \u00a0 \u00a0 \u00a0 \u00a0 \u00a0 \u00a0 \u00a0 \u00a0 \u00a0 \u00a0 \u00a0 \u00a0 \u00a0 \u00a0 \u00a0 \u00a0<\/p>\n<p>Lesiones \u00a0 \u00a0 \u00a0 \u00a0 \u00a0 \u00a0 \u00a0 \u00a0 \u00a0 \u00a0 \u00a0 \u00a0 \u00a0 \u00a0 \u00a0 \u00a0 \u00a0 \u00a0 \u00a0 \u00a0 \u00a0 \u00a0 \u00a0 \u00a0 \u00a0 \u00a0 \u00a0 \u00a0 \u00a0 \u00a0 \u00a0 \u00a0 \u00a0 \u00a0 \u00a0 \u00a0 \u00a0 \u00a0 \u00a0 \u00a0 \u00a0 \u00a0 \u00a0 \u00a0 \u00a0 \u00a0 \u00a0<\/p>\n<p>22\/mayo\/2016 \u00a0 \u00a0 \u00a0 \u00a0 \u00a0 \u00a0 \u00a0 \u00a0 \u00a0 \u00a0 \u00a0 \u00a0 \u00a0 \u00a0 \u00a0 \u00a0 \u00a0se emiti\u00f3 sentencia condenatoria por el Juzgado 13 de \u00a0 \u00a0 \u00a0 \u00a0 \u00a0 \u00a0 \u00a0 \u00a0 \u00a0 \u00a0 \u00a0 \u00a0 \u00a0 \u00a0 \u00a0 \u00a0 \u00a0Bogot\u00e1. \u00a0 \u00a0 \u00a0 \u00a0 \u00a0 \u00a0 \u00a0 \u00a0 \u00a0<\/p>\n<p>110016000017200980887 \u00a0 \u00a0 \u00a0 \u00a0 \u00a0 \u00a0 \u00a0 \u00a0 \u00a0 \u00a0 \u00a0 \u00a0 \u00a0 \u00a0 \u00a0 \u00a0 \u00a0 \u00a0 \u00a0 \u00a0 \u00a0 \u00a0 \u00a0 \u00a0 \u00a0 \u00a0 \u00a0 \u00a0 \u00a0 \u00a0 \u00a0 \u00a0 \u00a0 \u00a0 \u00a0 \u00a0 \u00a0 \u00a0 \u00a0 \u00a0 \u00a0 \u00a0 \u00a0 \u00a0 \u00a0 \u00a0 \u00a0<\/p>\n<p>El \u00a0 \u00a0 \u00a0 \u00a0 \u00a0 \u00a0 \u00a0 \u00a0 \u00a0 \u00a0 \u00a0 \u00a0 \u00a0 \u00a0 \u00a0 \u00a0 \u00a028 de septiembre de 2009, el indiciado hurt\u00f3 joyas y otros \u00a0 \u00a0 \u00a0 \u00a0 \u00a0 \u00a0 \u00a0 \u00a0 \u00a0 \u00a0 \u00a0 \u00a0 \u00a0 \u00a0 \u00a0 \u00a0 \u00a0bienes \u00a0 \u00a0 \u00a0 \u00a0 \u00a0 \u00a0 \u00a0 \u00a0 \u00a0 \u00a0 \u00a0 \u00a0 \u00a0 \u00a0 \u00a0 \u00a0 \u00a0 \u00a0 \u00a0 \u00a0 \u00a0 \u00a0 \u00a0 \u00a0 \u00a0 \u00a0 \u00a0 \u00a0 \u00a0 \u00a0 \u00a0 \u00a0 \u00a0 \u00a0 \u00a0 \u00a0 \u00a0 \u00a0 \u00a0 \u00a0 \u00a0 \u00a0 \u00a0 \u00a0 \u00a0 \u00a0 \u00a0<\/p>\n<p>Fiscal\u00eda \u00a0 \u00a0 \u00a0 \u00a0 \u00a0 \u00a0 \u00a0 \u00a0 \u00a0 \u00a0 \u00a0 \u00a0 \u00a0 \u00a0 \u00a0 \u00a0 \u00a0106 Inv. Jud. Tard\u00eda Bogot\u00e1. \u00a0 \u00a0 \u00a0 \u00a0 \u00a0 \u00a0 \u00a0 \u00a0 \u00a0 \u00a0 \u00a0 \u00a0 \u00a0 \u00a0 \u00a0 \u00a0 \u00a0 \u00a0 \u00a0 \u00a0 \u00a0 \u00a0 \u00a0 \u00a0 \u00a0 \u00a0 \u00a0 \u00a0 \u00a0 \u00a0 \u00a0 \u00a0 \u00a0 \u00a0 \u00a0 \u00a0 \u00a0 \u00a0 \u00a0 \u00a0 \u00a0 \u00a0 \u00a0 \u00a0 \u00a0 \u00a0 \u00a0<\/p>\n<p>Hurto \u00a0 \u00a0 \u00a0 \u00a0 \u00a0 \u00a0 \u00a0 \u00a0 \u00a0 \u00a0 \u00a0 \u00a0 \u00a0 \u00a0 \u00a0 \u00a0 \u00a0Calificado \u00a0 \u00a0 \u00a0 \u00a0 \u00a0 \u00a0 \u00a0 \u00a0 \u00a0 \u00a0 \u00a0 \u00a0 \u00a0 \u00a0 \u00a0 \u00a0 \u00a0 \u00a0 \u00a0 \u00a0 \u00a0 \u00a0 \u00a0 \u00a0 \u00a0 \u00a0 \u00a0 \u00a0 \u00a0 \u00a0 \u00a0 \u00a0 \u00a0 \u00a0 \u00a0 \u00a0 \u00a0 \u00a0 \u00a0 \u00a0 \u00a0 \u00a0 \u00a0 \u00a0 \u00a0 \u00a0 \u00a0<\/p>\n<p>21\/diciembre\/2016 \u00a0 \u00a0 \u00a0 \u00a0 \u00a0 \u00a0 \u00a0 \u00a0 \u00a0 \u00a0 \u00a0 \u00a0 \u00a0 \u00a0 \u00a0 \u00a0 \u00a0sentencia condenatoria Juzgado 13 Bogot\u00e1 \u00a0 \u00a0 \u00a0 \u00a0 \u00a0 \u00a0 \u00a0 \u00a0 \u00a0<\/p>\n<p>110016000013201507622 \u00a0 \u00a0 \u00a0 \u00a0 \u00a0 \u00a0 \u00a0 \u00a0 \u00a0 \u00a0 \u00a0 \u00a0 \u00a0 \u00a0 \u00a0 \u00a0 \u00a0 \u00a0 \u00a0 \u00a0 \u00a0 \u00a0 \u00a0 \u00a0 \u00a0 \u00a0 \u00a0 \u00a0 \u00a0 \u00a0 \u00a0 \u00a0 \u00a0 \u00a0 \u00a0 \u00a0 \u00a0 \u00a0 \u00a0 \u00a0 \u00a0 \u00a0 \u00a0 \u00a0 \u00a0 \u00a0 \u00a0<\/p>\n<p>Nayibe \u00a0 \u00a0 \u00a0 \u00a0 \u00a0 \u00a0 \u00a0 \u00a0 \u00a0 \u00a0 \u00a0 \u00a0 \u00a0 \u00a0 \u00a0 \u00a0 \u00a0Ocampo se\u00f1al\u00f3 que el indiciado la amenaz\u00f3 de \u00a0 \u00a0 \u00a0 \u00a0 \u00a0 \u00a0 \u00a0 \u00a0 \u00a0 \u00a0 \u00a0 \u00a0 \u00a0 \u00a0 \u00a0 \u00a0 \u00a0muerte. \u00a0 \u00a0 \u00a0 \u00a0 \u00a0 \u00a0 \u00a0 \u00a0 \u00a0 \u00a0 \u00a0 \u00a0 \u00a0 \u00a0 \u00a0 \u00a0 \u00a0 \u00a0 \u00a0 \u00a0 \u00a0 \u00a0 \u00a0 \u00a0 \u00a0 \u00a0 \u00a0 \u00a0 \u00a0 \u00a0 \u00a0 \u00a0 \u00a0 \u00a0 \u00a0 \u00a0 \u00a0 \u00a0 \u00a0 \u00a0 \u00a0 \u00a0 \u00a0 \u00a0 \u00a0 \u00a0 \u00a0<\/p>\n<p>Fiscal\u00eda \u00a0 \u00a0 \u00a0 \u00a0 \u00a0 \u00a0 \u00a0 \u00a0 \u00a0 \u00a0 \u00a0 \u00a0 \u00a0 \u00a0 \u00a0 \u00a0 \u00a0240 Unidad de Direccionamiento e intervenci\u00f3n Tard\u00eda \u00a0 \u00a0 \u00a0 \u00a0 \u00a0 \u00a0 \u00a0 \u00a0 \u00a0 \u00a0 \u00a0 \u00a0 \u00a0 \u00a0 \u00a0 \u00a0 \u00a0Bogot\u00e1. \u00a0 \u00a0 \u00a0 \u00a0 \u00a0 \u00a0 \u00a0 \u00a0 \u00a0 \u00a0 \u00a0 \u00a0 \u00a0 \u00a0 \u00a0 \u00a0 \u00a0 \u00a0 \u00a0 \u00a0 \u00a0 \u00a0 \u00a0 \u00a0 \u00a0 \u00a0 \u00a0 \u00a0 \u00a0 \u00a0 \u00a0 \u00a0 \u00a0 \u00a0 \u00a0 \u00a0 \u00a0 \u00a0 \u00a0 \u00a0 \u00a0 \u00a0 \u00a0 \u00a0 \u00a0 \u00a0 \u00a0<\/p>\n<p>Amenazas \u00a0 \u00a0 \u00a0 \u00a0 \u00a0 \u00a0 \u00a0 \u00a0 \u00a0 \u00a0 \u00a0 \u00a0 \u00a0 \u00a0 \u00a0 \u00a0 \u00a0 \u00a0 \u00a0 \u00a0 \u00a0 \u00a0 \u00a0 \u00a0 \u00a0 \u00a0 \u00a0 \u00a0 \u00a0 \u00a0 \u00a0 \u00a0 \u00a0 \u00a0 \u00a0 \u00a0 \u00a0 \u00a0 \u00a0 \u00a0 \u00a0 \u00a0 \u00a0 \u00a0 \u00a0 \u00a0 \u00a0<\/p>\n<p>26\/jun\/2015 \u00a0 \u00a0 \u00a0 \u00a0 \u00a0 \u00a0 \u00a0 \u00a0 \u00a0 \u00a0 \u00a0 \u00a0 \u00a0 \u00a0 \u00a0 \u00a0 \u00a0se archiv\u00f3 por conducta at\u00edpica \u00a0 \u00a0 \u00a0 \u00a0 \u00a0 \u00a0 \u00a0 \u00a0 \u00a0<\/p>\n<p>11001600013200912878 \u00a0 \u00a0 \u00a0 \u00a0 \u00a0 \u00a0 \u00a0 \u00a0 \u00a0 \u00a0 \u00a0 \u00a0 \u00a0 \u00a0 \u00a0 \u00a0 \u00a0 \u00a0 \u00a0 \u00a0 \u00a0 \u00a0 \u00a0 \u00a0 \u00a0 \u00a0 \u00a0 \u00a0 \u00a0 \u00a0 \u00a0 \u00a0 \u00a0 \u00a0 \u00a0 \u00a0 \u00a0 \u00a0 \u00a0 \u00a0 \u00a0 \u00a0 \u00a0 \u00a0 \u00a0 \u00a0 \u00a0<\/p>\n<p>EI \u00a0 \u00a0 \u00a0 \u00a0 \u00a0 \u00a0 \u00a0 \u00a0 \u00a0 \u00a0 \u00a0 \u00a0 \u00a0 \u00a0 \u00a0 \u00a0 \u00a028 de diciembre de 2009, el indicado hurt\u00f3 varios bienes \u00a0 \u00a0 \u00a0 \u00a0 \u00a0 \u00a0 \u00a0 \u00a0 \u00a0 \u00a0 \u00a0 \u00a0 \u00a0 \u00a0 \u00a0 \u00a0 \u00a0de una residencia \u00a0 \u00a0 \u00a0 \u00a0 \u00a0 \u00a0 \u00a0 \u00a0 \u00a0 \u00a0 \u00a0 \u00a0 \u00a0 \u00a0 \u00a0 \u00a0 \u00a0 \u00a0 \u00a0 \u00a0 \u00a0 \u00a0 \u00a0 \u00a0 \u00a0 \u00a0 \u00a0 \u00a0 \u00a0 \u00a0 \u00a0 \u00a0 \u00a0 \u00a0 \u00a0 \u00a0 \u00a0 \u00a0 \u00a0 \u00a0 \u00a0 \u00a0 \u00a0 \u00a0 \u00a0 \u00a0 \u00a0<\/p>\n<p>Fiscal\u00eda \u00a0 \u00a0 \u00a0 \u00a0 \u00a0 \u00a0 \u00a0 \u00a0 \u00a0 \u00a0 \u00a0 \u00a0 \u00a0 \u00a0 \u00a0 \u00a0 \u00a016 Unidad de Reacci\u00f3n Inmediata- Centro Bogot\u00e1. \u00a0 \u00a0 \u00a0 \u00a0 \u00a0 \u00a0 \u00a0 \u00a0 \u00a0 \u00a0 \u00a0 \u00a0 \u00a0 \u00a0 \u00a0 \u00a0 \u00a0 \u00a0 \u00a0 \u00a0 \u00a0 \u00a0 \u00a0 \u00a0 \u00a0 \u00a0 \u00a0 \u00a0 \u00a0 \u00a0 \u00a0 \u00a0 \u00a0 \u00a0 \u00a0 \u00a0 \u00a0 \u00a0 \u00a0 \u00a0 \u00a0 \u00a0 \u00a0 \u00a0 \u00a0 \u00a0 \u00a0<\/p>\n<p>Hurto \u00a0 \u00a0 \u00a0 \u00a0 \u00a0 \u00a0 \u00a0 \u00a0 \u00a0 \u00a0 \u00a0 \u00a0 \u00a0 \u00a0 \u00a0 \u00a0 \u00a0 \u00a0 \u00a0 \u00a0 \u00a0 \u00a0 \u00a0 \u00a0 \u00a0 \u00a0 \u00a0 \u00a0 \u00a0 \u00a0 \u00a0 \u00a0 \u00a0 \u00a0 \u00a0 \u00a0 \u00a0 \u00a0 \u00a0 \u00a0 \u00a0 \u00a0 \u00a0 \u00a0 \u00a0 \u00a0 \u00a0<\/p>\n<p>El \u00a0 \u00a0 \u00a0 \u00a0 \u00a0 \u00a0 \u00a0 \u00a0 \u00a0 \u00a0 \u00a0 \u00a0 \u00a0 \u00a0 \u00a0 \u00a0 \u00a012\/marzo\/2010 sentencia condenatoria Juzgado 06 Bogot\u00e1 \u00a0 \u00a0 \u00a0 \u00a0 \u00a0 \u00a0 \u00a0<\/p>\n<p>Ante tal panorama, \u00a0la Direcci\u00f3n de Asuntos Internacionales, a trav\u00e9s de la \u00a0Delegada para la Seguridad Ciudadana de la Fiscal\u00eda General de \u00a0la Naci\u00f3n explic\u00f3 que los 8 eventos rese\u00f1ados en \u00a0las diferentes actuaciones adelantadas por la conducta punible de \u00a0hurto, -delito que tambi\u00e9n fundamenta el presente tr\u00e1mite \u00a0de extradici\u00f3n-, acaecieron durante el lapso comprendido entre \u00a0el 24 de agosto de 2005 y el 4 de marzo de 2015, mientras que los \u00a0hechos dados a conocer en \u00a0la orden de detenci\u00f3n proferida el 18 de mayo de 2018, por el \u00a0Juzgado Nacional en lo Criminal y Correccional No. 5 de Buenos Aires \u00a0dentro de la causa CCC 5128\/2018\/5, \u00a0presuntamente \u00a0ocurrieron del 25 de enero al 28 de mayo de 2018, raz\u00f3n \u00a0por la cual no \u00a0se advierte la vulneraci\u00f3n de la prohibici\u00f3n de doble \u00a0incriminaci\u00f3n. \u00a0<\/p>\n<p>5.4. Si \u00a0bien la Delegada de la Fiscal\u00eda General de la Naci\u00f3n \u00a0tambi\u00e9n dio a conocer que en los sistema de informaci\u00f3n \u00a0figura que contra Cristian \u00a0Fernando Caro Angulo se \u00a0adelanta la investigaci\u00f3n 110016000020201904718, \u00a0por el delito de violencia intrafamiliar, \u00a0ello \u00a0no inhibe la procedencia de la extradici\u00f3n porque la solicitud \u00a0est\u00e1 motivada por las ilicitudes de concierto para delinquir y \u00a0hurto calificado y agravado, conforme a lo establecido por esta Sala \u00a0dentro del radicado No. 53587 de 22 de abril del a\u00f1o en curso. \u00a0<\/p>\n<p>5.5. Por \u00a0\u00faltimo, las conductas punibles por las cuales se profiri\u00f3 \u00a0orden de detenci\u00f3n frente al requerido, como se dijo en un \u00a0inicio, son de naturaleza com\u00fan y no se inscriben en las \u00a0categor\u00edas se\u00f1aladas y por las cuales se proscribe la \u00a0extradici\u00f3n. \u00a0<\/p>\n<p>6. \u00a0Conclusi\u00f3n \u00a0<\/p>\n<p>Acorde con lo \u00a0anotado, \u00a0la solicitud de extradici\u00f3n del ciudadano colombiano Cristian \u00a0Fernando Caro Angulo, \u00a0formulada por el Gobierno de la Rep\u00fablica de Argentina es \u00a0conforme a derecho y, en consecuencia, se proceder\u00e1 a \u00a0conceptuar favorablemente a dicho requerimiento. \u00a0<\/p>\n<p>7. \u00a0Sobre los condicionamientos \u00a0<\/p>\n<p>Es \u00a0preciso \u00a0consignar que corresponde al \u00a0Gobierno Nacional condicionar \u00a0la entrega a que el reclamado en extradici\u00f3n no vaya a ser \u00a0condenado a pena de muerte, ni juzgado por hechos diversos a los que \u00a0motivaron la petici\u00f3n de extradici\u00f3n, ni sometido a \u00a0desaparici\u00f3n forzada, torturas, tratos o penas crueles, \u00a0inhumanas o degradantes, como tampoco a la sanci\u00f3n de \u00a0destierro, cadena perpetua o confiscaci\u00f3n, conforme lo \u00a0establecen los \u00a0art\u00edculos 11, 12 y 34 de la Carta Pol\u00edtica. \u00a0<\/p>\n<p>Tambi\u00e9n \u00a0debe condicionar la entrega al respeto, como a cualquier otro \u00a0nacional en las mismas condiciones, de todas las garant\u00edas \u00a0debidas en raz\u00f3n de su calidad de justiciable, en particular a \u00a0tener acceso a un proceso p\u00fablico sin dilaciones \u00a0injustificadas, a que se presuma su inocencia, a contar con un \u00a0defensor designado por \u00e9l o por el Estado, a que se le conceda \u00a0el tiempo y los medios adecuados para preparar la defensa, a \u00a0presentar pruebas y controvertir las que se alleguen en su contra, a \u00a0que su situaci\u00f3n de privaci\u00f3n de la libertad se \u00a0desarrolle en condiciones dignas y que la pena privativa de la \u00a0libertad tenga la finalidad esencial de reforma y adaptaci\u00f3n \u00a0social. \u00a0<\/p>\n<p>Lo anterior, de \u00a0conformidad con lo dispuesto en los art\u00edculos 9, 10 y 11 de la \u00a0Declaraci\u00f3n Universal de Derechos Humanos, 5, 7 y 8 de la \u00a0Convenci\u00f3n Americana sobre Derechos Humanos y 9, 10, 14 y 15 \u00a0del Pacto Internacional de Derechos Civiles y Pol\u00edticos. \u00a0<\/p>\n<p>La Corte estima \u00a0oportuno se\u00f1alar al Gobierno Nacional, con el objetivo de \u00a0salvaguardar los derechos fundamentales del requerido, que proceda a \u00a0imponer al Estado requirente la obligaci\u00f3n de facilitar los \u00a0medios necesarios para garantizar su repatriaci\u00f3n en \u00a0condiciones de dignidad y respeto por la persona, en caso de llegar a \u00a0ser sobrese\u00eddo, absuelto, declarado no culpable, o su \u00a0situaci\u00f3n jur\u00eddica resuelta definitivamente de manera \u00a0semejante en el pa\u00eds solicitante, incluso, con posterioridad a \u00a0su liberaci\u00f3n una vez cumpla la pena all\u00ed impuesta por \u00a0sentencia condenatoria originada en las imputaciones que motivan la \u00a0extradici\u00f3n. \u00a0<\/p>\n<p>Por otra parte, al \u00a0Gobierno Nacional le corresponde condicionar la entrega a que el pa\u00eds \u00a0reclamante, de acuerdo con sus pol\u00edticas internas sobre la \u00a0materia, ofrezca posibilidades racionales y reales para que el \u00a0requerido pueda tener contacto regular con sus familiares m\u00e1s \u00a0cercanos, considerando que el art\u00edculo 42 de la Constituci\u00f3n \u00a0Pol\u00edtica de 1991 reconoce a la familia como n\u00facleo \u00a0esencial de la sociedad, garantiza su protecci\u00f3n y reconoce su \u00a0honra, dignidad e intimidad, lo cual se refuerza con la protecci\u00f3n \u00a0que a ese n\u00facleo tambi\u00e9n prodigan la Convenci\u00f3n \u00a0Americana sobre Derechos Humanos y el Pacto Internacional de Derechos \u00a0Civiles y Pol\u00edticos en sus art\u00edculos 17 y 23, \u00a0respectivamente. \u00a0<\/p>\n<p>La Sala tambi\u00e9n \u00a0se\u00f1ala \u00a0que, en virtud de lo dispuesto en el numeral 2 del art\u00edculo \u00a0189 de la Constituci\u00f3n Pol\u00edtica, le compete al Gobierno \u00a0en cabeza del se\u00f1or Presidente de la Rep\u00fablica como \u00a0supremo director de la pol\u00edtica exterior y de las relaciones \u00a0internacionales, realizar el respectivo seguimiento a los \u00a0condicionamientos impuestos al conceder la extradici\u00f3n, quien \u00a0a su vez es el encargado de determinar las consecuencias derivadas de \u00a0su eventual incumplimiento. \u00a0<\/p>\n<p>Por lo dem\u00e1s, \u00a0es resorte del Gobierno Nacional exigir al pa\u00eds reclamante \u00a0que, en caso de un fallo de condena, tenga en cuenta el tiempo de \u00a0privaci\u00f3n de la libertad soportado por el requerido con \u00a0ocasi\u00f3n de este tr\u00e1mite. \u00a0<\/p>\n<p>8. \u00a0El concepto. \u00a0<\/p>\n<p>En \u00a0m\u00e9rito de lo expuesto, la \u00a0Sala de Casaci\u00f3n Penal de la Corte Suprema de Justicia, \u00a0emite concepto \u00a0favorable a \u00a0la solicitud de extradici\u00f3n del ciudadano colombiano Cristian \u00a0Fernando Caro Angulo \u00a0formulada por el Gobierno de la Rep\u00fablica de Argentina con \u00a0base en la orden de detenci\u00f3n proferida el 18 de mayo de 2018, \u00a0para que comparezca al \u00a0proceso que se adelanta en su contra ante el \u00abJuzgado \u00a0Nacional en lo Criminal y Correccional No. 5, en la causa N\u00b0 \u00a05128\/2018\/5 instruida por el delito de asociaci\u00f3n il\u00edcita, \u00a0y, robo \u00a0agravado por haber sido cometido en poblado y banda. \u00a0<\/p>\n<p>Por \u00a0la Secretar\u00eda de la Sala, comun\u00edquese esta \u00a0determinaci\u00f3n al requerido, a su defensora, al representante \u00a0del Ministerio P\u00fablico y al Fiscal General de la Naci\u00f3n \u00a0para lo de su cargo. \u00a0<\/p>\n<p>Devu\u00e9lvase \u00a0el expediente al Ministerio de Justicia para los tr\u00e1mites \u00a0subsiguientes se\u00f1alados en la ley. \u00a0<\/p>\n<p>PATRICIA \u00a0SALAZAR CU\u00c9LLAR \u00a0<\/p>\n<p>Magistrada \u00a0<\/p>\n<p>GERSON \u00a0CHAVARRA CASTRO \u00a0<\/p>\n<p>Magistrado \u00a0<\/p>\n<p>EUGENIO \u00a0FERN\u00c1NDEZ CARLIER \u00a0<\/p>\n<p>Magistrado \u00a0<\/p>\n<p>LUIS \u00a0ANTONIO HERN\u00c1NDEZ BARBOSA \u00a0<\/p>\n<p>Magistrado \u00a0<\/p>\n<p>JAIME \u00a0HUMBERTO MORENO ACERO \u00a0<\/p>\n<p>Magistrado \u00a0<\/p>\n<p>FABIO \u00a0OSPITIA GARZ\u00d3N \u00a0<\/p>\n<p>Magistrado \u00a0<\/p>\n<p>EYDER \u00a0PATI\u00d1O CABRERA \u00a0<\/p>\n<p>Magistrado \u00a0<\/p>\n<p>HUGO \u00a0QUINTERO BERNATE \u00a0<\/p>\n<p>Magistrado \u00a0<\/p>\n<p>NUBIA \u00a0YOLANDA NOVA GARC\u00cdA \u00a0<\/p>\n<p>Secretaria \u00a0<\/p>\n<p>1 \u00a0 \u00a0 \u00a0 \u00a0 \u00a0Folio. 167 de la Carpeta del Ministerio de Justicia y del Derecho. \u00a0<\/p>\n<p>2 \u00a0 \u00a0 \u00a0 \u00a0 \u00a0Folios. 2\u20134, ib\u00eddem. \u00a0<\/p>\n<p>3 \u00a0 \u00a0 \u00a0 \u00a0 \u00a0Folio 22, ib\u00eddem. \u00a0<\/p>\n<p>4 \u00a0 \u00a0 \u00a0 \u00a0 \u00a0Folios 24-31, ib\u00eddem. \u00a0<\/p>\n<p>5 \u00a0 \u00a0 \u00a0 \u00a0 \u00a0Folios 264-, ib\u00eddem. \u00a0<\/p>\n<p>6 \u00a0 \u00a0 \u00a0 \u00a0 \u00a0Folios 168-202, ib\u00eddem. \u00a0<\/p>\n<p>7 \u00a0 \u00a0 \u00a0 \u00a0 \u00a0Folio. 23, ib\u00eddem. \u00a0<\/p>\n<p>8 \u00a0 \u00a0 \u00a0 \u00a0 \u00a0Folios.39-160, ib\u00eddem. \u00a0<\/p>\n<p>9 \u00a0 \u00a0 \u00a0 \u00a0 \u00a0Folio. 161, ib\u00eddem. \u00a0<\/p>\n<p>10 \u00a0 \u00a0 \u00a0 \u00a0 \u00a0Folio. 162, ib\u00eddem. \u00a0<\/p>\n<p>11 \u00a0 \u00a0 \u00a0 \u00a0 \u00a0Folio. 20, ib\u00eddem. \u00a0<\/p>\n<p>12 \u00a0 \u00a0 \u00a0 \u00a0 \u00a0Folio. 1, cuaderno de la Corte. \u00a0<\/p>\n<p>13 \u00a0 \u00a0 \u00a0 \u00a0 \u00a0Folios. 5-7, ib\u00eddem. \u00a0<\/p>\n<p>14 \u00a0 \u00a0 \u00a0 \u00a0 \u00a0Folio. 9, ib\u00eddem. \u00a0<\/p>\n<p>15 \u00a0 \u00a0 \u00a0 \u00a0 \u00a0Folios. 14-22, ibidem. \u00a0<\/p>\n<p>16Cfr. \u00a0 \u00a0 \u00a0 \u00a0 \u00a0Sentencias C-1106 de 2000; C-740 de 2000 y C-780 de 2004. \u00a0<\/p>\n<p>17 \u00a0 \u00a0 \u00a0 \u00a0 \u00a0Cfr. Sentencia C-740 de 2000 y C-780 de 2004. \u00a0<\/p>\n<p>18 \u00a0 \u00a0 \u00a0 \u00a0 \u00a0Folio 24, \u00a0 \u00a0 \u00a0 \u00a0 \u00a0ib\u00eddem. \u00a0<\/p>\n<p>19 \u00a0 \u00a0 \u00a0 \u00a0 \u00a0Sobre el car\u00e1cter de delito pol\u00edtico esta Corporaci\u00f3n \u00a0 \u00a0 \u00a0 \u00a0 \u00a0ha se\u00f1alado lo siguiente: \u00abNi \u00a0 \u00a0 \u00a0 \u00a0 \u00a0la Constituci\u00f3n ni la ley definen qu\u00e9 es delito \u00a0 \u00a0 \u00a0 \u00a0 \u00a0pol\u00edtico ni especifican cu\u00e1les son los conexos con \u00a0 \u00a0 \u00a0 \u00a0 \u00a0\u00e9ste; sin embargo, esta Corte tiene sentado que el primero es \u00a0 \u00a0 \u00a0 \u00a0 \u00a0&#8220;aquella infracci\u00f3n penal cuya realizaci\u00f3n busca \u00a0 \u00a0 \u00a0 \u00a0 \u00a0el cambio de las instituciones o sistemas de gobierno para implantar \u00a0 \u00a0 \u00a0 \u00a0 \u00a0otros que el sujeto activo, generalmente caracterizado por su \u00a0 \u00a0 \u00a0 \u00a0 \u00a0esp\u00edritu altruista y generoso, considere m\u00e1s justos&#8221;, \u00a0 \u00a0 \u00a0 \u00a0 \u00a0por lo que se califican como tales los de rebeli\u00f3n, sedici\u00f3n, \u00a0 \u00a0 \u00a0 \u00a0 \u00a0conspiraci\u00f3n y seducci\u00f3n, usurpaci\u00f3n y \u00a0 \u00a0 \u00a0 \u00a0 \u00a0retenci\u00f3n ilegal de mando, es decir, los que atentan contra \u00a0 \u00a0 \u00a0 \u00a0 \u00a0el r\u00e9gimen constitucional y legal. (\u2026) Siendo eso as\u00ed, \u00a0 \u00a0 \u00a0 \u00a0 \u00a0como el legislador no ha se\u00f1alado con claridad y precisi\u00f3n \u00a0 \u00a0 \u00a0 \u00a0 \u00a0cu\u00e1l ser\u00eda la gama de conductas punibles que tendr\u00edan \u00a0 \u00a0 \u00a0 \u00a0 \u00a0esa particular e \u00edntima conexi\u00f3n con el delito \u00a0 \u00a0 \u00a0 \u00a0 \u00a0pol\u00edtico, puede decirse que mientras una solicitud de \u00a0 \u00a0 \u00a0 \u00a0 \u00a0extradici\u00f3n no verse por un delito t\u00edpicamente \u00a0 \u00a0 \u00a0 \u00a0 \u00a0pol\u00edtico, la misma ser\u00eda procedente, siempre y cuando \u00a0 \u00a0 \u00a0 \u00a0 \u00a0se re\u00fanan las dem\u00e1s condiciones previstas en la ley.\u00bb \u00a0 \u00a0 \u00a0 \u00a0 \u00a0CSJ CP, 24 noviembre 2004, rad. 22450 \u00a0<\/p>\n<p>20 \u00a0 \u00a0 \u00a0 \u00a0 \u00a0Folio. 24-31 carpeta del Ministerio de Justicia y del Derecho. \u00a0<\/p>\n<p>21 \u00a0 \u00a0 \u00a0 \u00a0 \u00a0Folio. 34, ib\u00eddem. \u00a0<\/p>\n<p>22 \u00a0 \u00a0 \u00a0 \u00a0 \u00a0Seg\u00fan el art\u00edculo 35 de la Constituci\u00f3n \u00a0 \u00a0 \u00a0 \u00a0 \u00a0Pol\u00edtica, la extradici\u00f3n se podr\u00e1 solicitar, \u00a0 \u00a0 \u00a0 \u00a0 \u00a0conceder u ofrecer de acuerdo con lo que se\u00f1alen los tratados \u00a0 \u00a0 \u00a0 \u00a0 \u00a0p\u00fablicos, o en su defecto con lo que establezca la ley. \u00a0<\/p>\n<p>23 \u00a0 \u00a0 \u00a0 \u00a0 \u00a0Folio.214, Carpeta del Ministerio de Justicia y del Derecho. \u00a0<\/p>\n<p>24 \u00a0 \u00a0 \u00a0 \u00a0 \u00a0Modificado por el art\u00edculo\u00a037\u00a0de la Ley 1142 de \u00a0 \u00a0 \u00a0 \u00a0 \u00a02007. \u00a0<\/p>\n<p>25 \u00a0 \u00a0 \u00a0 \u00a0 \u00a0Modificado por el art\u00edculo\u00a037\u00a0de la Ley 1142 de \u00a0 \u00a0 \u00a0 \u00a0 \u00a02007. \u00a0<\/p>\n<p>26 \u00a0 \u00a0 \u00a0 \u00a0 \u00a0Modificado por las Leyes 733 de 2002, 1121 de 2006 y 1762 de 2015. \u00a0<\/p>\n<p>27 \u00a0 \u00a0 \u00a0 \u00a0 \u00a0Folios 2 reverso, carpeta anexa y, 59 reverso y 60 carpeta \u00a0 \u00a0 \u00a0 \u00a0 \u00a0Ministerio de Justicia y del Derecho. \u00a0<\/p>\n<p>\u00a0 \u00a0 \u00a0\u00a0<\/p>\n<p><\/p>\n","protected":false},"excerpt":{"rendered":"<p>\u00a0 \u00a0 \u00a0 \u00a0\u00a0 JOS\u00c9 \u00a0FRANCISCO ACU\u00d1A VIZCAYA \u00a0 Magistrado \u00a0ponente \u00a0 CP110 -2020 \u00a0 Radicaci\u00f3n \u00a0N\u00b0 56658 \u00a0 (Aprobado \u00a0Acta No.149) \u00a0 Bogot\u00e1 \u00a0D.C., veintid\u00f3s (22) de julio de dos mil veinte (2020). \u00a0 VISTOS \u00a0 De \u00a0conformidad con lo dispuesto en el art\u00edculo 501 de la Ley 906 \u00a0de 2004, la Sala procede [&hellip;]<\/p>\n","protected":false},"author":1,"featured_media":0,"comment_status":"open","ping_status":"open","sticky":false,"template":"","format":"standard","meta":{"footnotes":""},"categories":[29],"tags":[],"class_list":["post-50867","post","type-post","status-publish","format-standard","hentry","category-29"],"_links":{"self":[{"href":"https:\/\/dmsjuridica.com\/buscador_20179478954\/salapenalcronologico20230723\/wp-json\/wp\/v2\/posts\/50867","targetHints":{"allow":["GET"]}}],"collection":[{"href":"https:\/\/dmsjuridica.com\/buscador_20179478954\/salapenalcronologico20230723\/wp-json\/wp\/v2\/posts"}],"about":[{"href":"https:\/\/dmsjuridica.com\/buscador_20179478954\/salapenalcronologico20230723\/wp-json\/wp\/v2\/types\/post"}],"author":[{"embeddable":true,"href":"https:\/\/dmsjuridica.com\/buscador_20179478954\/salapenalcronologico20230723\/wp-json\/wp\/v2\/users\/1"}],"replies":[{"embeddable":true,"href":"https:\/\/dmsjuridica.com\/buscador_20179478954\/salapenalcronologico20230723\/wp-json\/wp\/v2\/comments?post=50867"}],"version-history":[{"count":0,"href":"https:\/\/dmsjuridica.com\/buscador_20179478954\/salapenalcronologico20230723\/wp-json\/wp\/v2\/posts\/50867\/revisions"}],"wp:attachment":[{"href":"https:\/\/dmsjuridica.com\/buscador_20179478954\/salapenalcronologico20230723\/wp-json\/wp\/v2\/media?parent=50867"}],"wp:term":[{"taxonomy":"category","embeddable":true,"href":"https:\/\/dmsjuridica.com\/buscador_20179478954\/salapenalcronologico20230723\/wp-json\/wp\/v2\/categories?post=50867"},{"taxonomy":"post_tag","embeddable":true,"href":"https:\/\/dmsjuridica.com\/buscador_20179478954\/salapenalcronologico20230723\/wp-json\/wp\/v2\/tags?post=50867"}],"curies":[{"name":"wp","href":"https:\/\/api.w.org\/{rel}","templated":true}]}}