{"id":50761,"date":"2023-09-15T20:50:17","date_gmt":"2023-09-15T20:50:17","guid":{"rendered":"https:\/\/dmsjuridica.com\/buscador_20179478954\/salapenalcronologico20230723\/2023\/09\/15\/atp829-2020\/"},"modified":"2023-09-15T20:50:17","modified_gmt":"2023-09-15T20:50:17","slug":"atp829-2020","status":"publish","type":"post","link":"https:\/\/dmsjuridica.com\/buscador_20179478954\/salapenalcronologico20230723\/2023\/09\/15\/atp829-2020\/","title":{"rendered":"ATP829-2020"},"content":{"rendered":"\n<p>\u00a0 \u00a0 \u00a0 \u00a0\u00a0<\/p>\n<p>GERSON \u00a0CHAVERRA CASTRO \u00a0<\/p>\n<p>Magistrado \u00a0Ponente \u00a0<\/p>\n<p>ATP829-2020 \u00a0<\/p>\n<p>Radicaci\u00f3n \u00a0n\u00b0 1444\/111412 \u00a0<\/p>\n<p>Acta \u00a0No. 168 \u00a0<\/p>\n<p>Bogot\u00e1, \u00a0D.C., trece (13) \u00a0de agosto \u00a0de dos mil veinte (2020). \u00a0<\/p>\n<p>ASUNTO \u00a0<\/p>\n<p>Procede \u00a0la Sala a resolver la solicitud de incidente de desacato promovida \u00a0por el apoderado de Sergio \u00a0Alejandro Delgado Tovar, \u00a0a ra\u00edz del presunto incumplimiento por parte del Director del \u00a0Complejo Carcelario y Penitenciario Metropolitano de Bogot\u00e1 \u00a0\u201cLa Picota\u201d y el Director General del INPEC, \u00a0respecto de la orden impartida por esta Sala de Decisi\u00f3n de \u00a0Tutelas en fallo del 16 de abril de 2020, por cuyo medio ampar\u00f3 \u00a0los derechos fundamentales al debido proceso y al acceso a la \u00a0administraci\u00f3n de justicia del citado. \u00a0<\/p>\n<p>ANTECEDENTES \u00a0<\/p>\n<p>1. \u00a0El defensor de Sergio Alejandro Delgado Tovar instaur\u00f3 acci\u00f3n \u00a0de tutela en contra de la Sala Penal del Tribunal Superior del \u00a0Distrito Judicial de Neiva y el Juzgado Noveno Penal Municipal de \u00a0Funciones de Conocimiento de la misma ciudad, \u00a0tr\u00e1mite que se hizo extensivo a la Polic\u00eda Nacional, el \u00a0Comandante de la Estaci\u00f3n de Polic\u00eda del Terminal de \u00a0Transporte de Salitre, en Bogot\u00e1, el Instituto Nacional \u00a0Penitenciario y Carcelario INPEC, el Director de la C\u00e1rcel La \u00a0Picota y la Juez Coordinadora del Sistema Penal Acusatorio, ambos de \u00a0\u00e9sta capital, as\u00ed como todas las dem\u00e1s partes e \u00a0intervinientes dentro del proceso penal del cual se derivaba la \u00a0captura que lo involucraba. \u00a0<\/p>\n<p>2. \u00a0Mediante prove\u00eddo del 16 de abril de 20201 \u00a0se tutelaron los derechos al debido proceso y al acceso a la \u00a0administraci\u00f3n de justicia del accionante y, en consecuencia, \u00a0se orden\u00f3 \u00ab\u2026 \u00a0al Director del \u00a0Complejo Carcelario y Penitenciario Metropolitano de Bogot\u00e1 \u00a0\u201cLa Picota\u201d y al Director General del INPEC que, en el \u00a0t\u00e9rmino de 48 horas, contadas a partir de la notificaci\u00f3n \u00a0del presente fallo, proceda a realizar el traslado de Sergio \u00a0Alejandro Delgado Tovar a su lugar de residencia, ello conforme lo \u00a0dispuesto en la Boleta de Detenci\u00f3n Domiciliaria No. 0506 del \u00a019 de marzo de 2020, expedida por la Juez Coordinadora del Centro de \u00a0Servicios Judiciales del Sistema Penal Acusatorio de Bogot\u00e1\u00bb. \u00a0<\/p>\n<p>3. \u00a0El apoderado del referido ciudadano promovi\u00f3 incidente de \u00a0desacato respecto de dicha determinaci\u00f3n y manifest\u00f3 \u00a0que \u00abel \u00a0INPEC no ha procedido a cumplir con lo ordenado en el fallo del juez \u00a0constitucional manteniendo a mi poderdante en condici\u00f3n de \u00a0retenido en circunstancias ajenas a las ordenadas por los jueces de \u00a0la rep\u00fablica\u00bb. \u00a0<\/p>\n<p>4. \u00a0Antes de habilitar el tr\u00e1mite formal del incidente de \u00a0desacato, mediante auto del 10 de julio de 2020, esta Corporaci\u00f3n \u00a0requiri\u00f3 a las autoridades involucradas en la orden en procura \u00a0de establecer el acatamiento de la providencia en menci\u00f3n. \u00a0<\/p>\n<p>4.1. \u00a0En respuesta a ello, la Direcci\u00f3n del Complejo Carcelario y \u00a0Metropolitano de Bogot\u00e1 \u2013 COMEB-PICOTA, por conducto del \u00a0responsable del Grupo de Gesti\u00f3n Legal al Interno, manifest\u00f3 \u00a0que el d\u00eda 3 de julio de 2020, en virtud de la resoluci\u00f3n \u00a0No. 113-2147 de 25 de junio de 2020, el centro de reclusi\u00f3n \u00a0procedi\u00f3 a trasladar al ciudadano Delgado Tovar con destino al \u00a0EPMSC-NEIVA. Igualmente, se\u00f1al\u00f3 que en la misma fecha \u00a0el promotor del presente tr\u00e1mite fue entregado en su lugar de \u00a0residencia. \u00a0<\/p>\n<p>CONSIDERACIONES \u00a0<\/p>\n<p>1. Competente es \u00a0la Corte para conocer de la solicitud presentada por el \u00a0apoderado de Sergio \u00a0Alejandro Delgado Tovar \u00a0en tanto el art\u00edculo 52, inciso 2\u00ba, del Decreto 2591 de \u00a01991 se\u00f1ala que la sanci\u00f3n por desacato ser\u00e1 \u00a0impuesta por el mismo funcionario judicial que profiri\u00f3 la \u00a0orden de tutela. \u00a0<\/p>\n<p>2. \u00a0Frente a la perentoriedad de la orden impartida por el juez \u00a0constitucional, el \u00a0canon 27 de la normativa citada indica que la autoridad responsable \u00a0del agravio deber\u00e1 cumplirla sin demora y, en caso de su \u00a0incumplimiento, el art\u00edculo 52 dispone que ser\u00e1 \u00a0sancionable con arresto y multa de hasta seis meses y 20 salarios \u00a0m\u00ednimos mensuales. \u00a0<\/p>\n<p>3. Asimismo, \u00a0previo a disponer el inicio del incidente corresponde verificar si la \u00a0orden de amparo impartida en el respectivo fallo fue o no cumplida \u00a0por el accionado en los t\u00e9rminos se\u00f1alados. \u00a0<\/p>\n<p>4. \u00a0Pues bien, conforme con las pruebas allegadas a la actuaci\u00f3n \u00a0se concluye que en el presente evento el mandato constitucional fue \u00a0debidamente acatado por el Director \u00a0del Complejo Carcelario y Penitenciario Metropolitano de Bogot\u00e1 \u00a0\u201cLa Picota\u201d, \u00a0de manera que la apertura del incidente deviene improcedente. \u00a0<\/p>\n<p>4.1. \u00a0En efecto, acorde a lo acreditado por la autoridad accionada, en \u00a0cumplimiento del fallo de tutela se dispuso a trav\u00e9s de \u00a0resoluci\u00f3n No. 113-2147 de 25 de junio de 2020 el traslado del \u00a0entonces actor con destino al Establecimiento penitenciario de la \u00a0ciudad de Neiva. La anterior determinaci\u00f3n fue materializada \u00a0el 3 de julio siguiente, fecha en la cual el ciudadano Delgado Tovar \u00a0fue entregado en la direcci\u00f3n de su domicilio, tal como se \u00a0desprende de la respectiva acta. \u00a0<\/p>\n<p>4.2. \u00a0Adicionalmente, mediante comunicaci\u00f3n telef\u00f3nica con la \u00a0parte actora, se constat\u00f3 que la orden impartida fue \u00a0cabalmente satisfecha. \u00a0<\/p>\n<p>5. \u00a0As\u00ed las cosas, seg\u00fan qued\u00f3 demostrado, el fallo \u00a0STP2020, \u00a0radicaci\u00f3n no. 06, acta No. 078, del 16 de abril del a\u00f1o \u00a0en curso fue acatado por las autoridades accionadas, por lo tanto, no \u00a0surge procedente la apertura de incidente por posible desacato. \u00a0<\/p>\n<p>En \u00a0m\u00e9rito de lo expuesto, la Corte Suprema de Justicia, Sala de \u00a0Casaci\u00f3n Penal, en Sala de Decisi\u00f3n en Tutela No.3, \u00a0<\/p>\n<p>RESUELVE \u00a0<\/p>\n<p>Primero.- \u00a0ABSTENERSE \u00a0de \u00a0iniciar el incidente de desacato promovido contra el Director del \u00a0Complejo Carcelario y Penitenciario Metropolitano de Bogot\u00e1 \u00a0\u201cLa Picota\u201d y el Director General del INPEC. \u00a0<\/p>\n<p>Segundo. \u00a0&#8211; COMUN\u00cdQUESE esta determinaci\u00f3n a los interesados. \u00a0<\/p>\n<p>C\u00daMPLASE \u00a0<\/p>\n<p>GERSON \u00a0CHAVERRA CASTRO \u00a0<\/p>\n<p>JAIME \u00a0HUMBERTO MORENO ACERO \u00a0<\/p>\n<p>EYDER \u00a0PATI\u00d1O CABRERA \u00a0<\/p>\n<p>Nubia \u00a0Yolanda Nova Garc\u00eda \u00a0<\/p>\n<p>Secretaria \u00a0<\/p>\n<p>1 \u00a0 \u00a0 \u00a0 \u00a0 \u00a0STP2020, radicaci\u00f3n no. \u00a0 \u00a0 \u00a0 \u00a0 \u00a006, acta No. 078. \u00a0 \u00a0 \u00a0<\/p>\n<p><\/p>\n","protected":false},"excerpt":{"rendered":"<p>\u00a0 \u00a0 \u00a0 \u00a0\u00a0 GERSON \u00a0CHAVERRA CASTRO \u00a0 Magistrado \u00a0Ponente \u00a0 ATP829-2020 \u00a0 Radicaci\u00f3n \u00a0n\u00b0 1444\/111412 \u00a0 Acta \u00a0No. 168 \u00a0 Bogot\u00e1, \u00a0D.C., trece (13) \u00a0de agosto \u00a0de dos mil veinte (2020). \u00a0 ASUNTO \u00a0 Procede \u00a0la Sala a resolver la solicitud de incidente de desacato promovida \u00a0por el apoderado de Sergio \u00a0Alejandro Delgado Tovar, [&hellip;]<\/p>\n","protected":false},"author":1,"featured_media":0,"comment_status":"open","ping_status":"open","sticky":false,"template":"","format":"standard","meta":{"footnotes":""},"categories":[29],"tags":[],"class_list":["post-50761","post","type-post","status-publish","format-standard","hentry","category-29"],"_links":{"self":[{"href":"https:\/\/dmsjuridica.com\/buscador_20179478954\/salapenalcronologico20230723\/wp-json\/wp\/v2\/posts\/50761","targetHints":{"allow":["GET"]}}],"collection":[{"href":"https:\/\/dmsjuridica.com\/buscador_20179478954\/salapenalcronologico20230723\/wp-json\/wp\/v2\/posts"}],"about":[{"href":"https:\/\/dmsjuridica.com\/buscador_20179478954\/salapenalcronologico20230723\/wp-json\/wp\/v2\/types\/post"}],"author":[{"embeddable":true,"href":"https:\/\/dmsjuridica.com\/buscador_20179478954\/salapenalcronologico20230723\/wp-json\/wp\/v2\/users\/1"}],"replies":[{"embeddable":true,"href":"https:\/\/dmsjuridica.com\/buscador_20179478954\/salapenalcronologico20230723\/wp-json\/wp\/v2\/comments?post=50761"}],"version-history":[{"count":0,"href":"https:\/\/dmsjuridica.com\/buscador_20179478954\/salapenalcronologico20230723\/wp-json\/wp\/v2\/posts\/50761\/revisions"}],"wp:attachment":[{"href":"https:\/\/dmsjuridica.com\/buscador_20179478954\/salapenalcronologico20230723\/wp-json\/wp\/v2\/media?parent=50761"}],"wp:term":[{"taxonomy":"category","embeddable":true,"href":"https:\/\/dmsjuridica.com\/buscador_20179478954\/salapenalcronologico20230723\/wp-json\/wp\/v2\/categories?post=50761"},{"taxonomy":"post_tag","embeddable":true,"href":"https:\/\/dmsjuridica.com\/buscador_20179478954\/salapenalcronologico20230723\/wp-json\/wp\/v2\/tags?post=50761"}],"curies":[{"name":"wp","href":"https:\/\/api.w.org\/{rel}","templated":true}]}}