{"id":50752,"date":"2023-09-15T20:50:17","date_gmt":"2023-09-15T20:50:17","guid":{"rendered":"https:\/\/dmsjuridica.com\/buscador_20179478954\/salapenalcronologico20230723\/2023\/09\/15\/atp801-2020\/"},"modified":"2023-09-15T20:50:17","modified_gmt":"2023-09-15T20:50:17","slug":"atp801-2020","status":"publish","type":"post","link":"https:\/\/dmsjuridica.com\/buscador_20179478954\/salapenalcronologico20230723\/2023\/09\/15\/atp801-2020\/","title":{"rendered":"ATP801-2020"},"content":{"rendered":"\n<p>\u00a0 \u00a0 \u00a0 \u00a0\u00a0<\/p>\n<p>Eyder \u00a0Pati\u00f1o Cabrera \u00a0<\/p>\n<p>Magistrado Ponente \u00a0<\/p>\n<p>ATP801-2020 \u00a0<\/p>\n<p>Radicaci\u00f3n \u00a0n.\u00b0 \u00a01414\/111390 \u00a0<\/p>\n<p>(Aprobado \u00a0Acta n.\u00b0 163) \u00a0<\/p>\n<p>Bogot\u00e1, \u00a0D.C., seis (06) de agosto de dos mil veinte (2020). \u00a0<\/p>\n<p>ASUNTO \u00a0<\/p>\n<p>Ser\u00eda del \u00a0caso pronunciarse de fondo sobre la impugnaci\u00f3n presentada por \u00a0Orlando \u00a0Miguel Padilla Sarmiento \u00a0frente a la decisi\u00f3n proferida el 30 de junio de 2020 por la \u00a0Sala Penal del Tribunal Superior de Medell\u00edn, mediante la cual \u00a0neg\u00f3 el amparo propuesto contra el Juzgado 1\u00ba Penal del \u00a0Circuito Especializado de esa ciudad, si no fuera porque se advierte \u00a0una causal de nulidad que implica retrotraer la actuaci\u00f3n. \u00a0<\/p>\n<p>ANTECEDENTES \u00a0<\/p>\n<p>1. \u00a0Los hechos que fundamentan el presente amparo fueron relatados por el \u00a0A \u00a0quo, \u00a0as\u00ed: \u00a0<\/p>\n<p>[\u2026]Del \u00a0escrito de tutela se desprende que, el accionante se encuentra \u00a0privado de la libertad en un calabozo del b\u00fanker de la \u00a0Fiscal\u00eda de Medell\u00edn desde el 27 de noviembre de 2019, \u00a0por haber sido trasladado desde Fundaci\u00f3n \u2013 Magdalena. \u00a0Que all\u00ed se encuentra recluido con m\u00e1s de 160 personas \u00a0y solo tienen acceso a un ba\u00f1o, situaci\u00f3n que considera \u00a0degradante e inhumana, aparte de que las condiciones de salud e \u00a0higiene son precarias. Tambi\u00e9n, que a la fecha se haya \u00a0incomunicado de su familia. \u00a0<\/p>\n<p>En \u00a0atenci\u00f3n a lo expuesto, solicita se ordene a quien corresponda \u00a0su traslado a un centro penitenciario donde pueda pagar la pena \u00a0impuesta en condiciones \u00f3ptimas y de resocializaci\u00f3n. \u00a0De manera subsidiaria pide que se le conceda la medida transitoria de \u00a0prisi\u00f3n domiciliaria en su residencia, teniendo en cuenta la \u00a0problem\u00e1tica que por la pandemia atraviesa el pa\u00eds. \u00a0<\/p>\n<p>2. \u00a0El 17 de junio de 2020 la Sala Penal del Tribunal Superior de \u00a0Medell\u00edn, avoc\u00f3 el conocimiento del presente tr\u00e1mite \u00a0y orden\u00f3 enterar al Juzgado 1\u00ba Penal del Circuito \u00a0Especializado, a la Fiscal\u00eda 4\u00aa Especializado y a la \u00a0Procuradur\u00eda 349 Judicial II, todos de esa ciudad. \u00a0<\/p>\n<p>Asimismo, \u00a0mediante auto del 19 del mismo mes y a\u00f1o, se dispuso vincular \u00a0al Instituto Nacional Penitenciario y Carcelario [INPEC]. \u00a0<\/p>\n<p>3. Mediante fallo \u00a0de tutela del 30 de junio del presente a\u00f1o, dicho cuerpo \u00a0colegiado neg\u00f3 el amparo. \u00a0<\/p>\n<p>4. Contra \u00a0esa determinaci\u00f3n el accionante interpuso recurso de \u00a0apelaci\u00f3n, raz\u00f3n por las que las diligencias fueron \u00a0remitidas a esta Corporaci\u00f3n. \u00a0<\/p>\n<p>CONSIDERACIONES \u00a0<\/p>\n<p>Nulidad por \u00a0indebida integraci\u00f3n del contradictorio. \u00a0<\/p>\n<p>En reiteradas \u00a0oportunidades la jurisprudencia de la Sala ha sostenido que aunque \u00a0quien acude a la tutela tiene el deber de manifestar cu\u00e1l es \u00a0la autoridad o el particular que le ha lesionado o amenazado sus \u00a0derechos, tal enunciaci\u00f3n no puede atar al juez constitucional \u00a0ni limitar su acci\u00f3n. \u00c9ste tiene la obligaci\u00f3n \u00a0de revisar la actuaci\u00f3n procesal que se tacha de irregular y \u00a0de vincular a todas las personas y autoridades judiciales que \u00a0pudieron vulnerar los derechos, as\u00ed como a aquellos que puedan \u00a0verse afectados con la decisi\u00f3n que se adopte al resolver el \u00a0amparo propuesto. \u00a0<\/p>\n<p>Revisados los \u00a0fundamentos f\u00e1cticos y jur\u00eddicos que dieron lugar a la \u00a0presente tutela, se observa que si bien el Tribunal orden\u00f3 \u00a0enterar al INPEC para que se pronunciara sobre los fundamentos de la \u00a0demanda, en especial, sobre las condiciones de reclusi\u00f3n del \u00a0accionante, lo cierto es que la Coordinaci\u00f3n de Tutelas de la \u00a0Direcci\u00f3n General de esa entidad referenci\u00f3 que no es \u00a0la autoridad encargada de custodiar y vigilar a las personas que se \u00a0encuentran privadas de la libertad en el Bunker de la Fiscal\u00eda \u00a0General de la Naci\u00f3n de esa ciudad. \u00a0<\/p>\n<p>En virtud de ello \u00a0resulta necesaria la vinculaci\u00f3n del Municipio de Medell\u00edn, \u00a0la Direcci\u00f3n Seccional de Fiscal\u00edas de esa urbe y la \u00a0Gobernaci\u00f3n de Antioquia, pues conforme con lo previsto en los \u00a0art\u00edculos 17 y 28A de la Ley 65 de 1993, las URI o centros de \u00a0detenci\u00f3n de similar \u00edndole, est\u00e1n bajo la \u00a0direcci\u00f3n, administraci\u00f3n, sostenimiento y vigilancia \u00a0de los departamentos, municipios, \u00e1reas metropolitanas y el \u00a0distrito capital. \u00a0<\/p>\n<p>En \u00a0consecuencia, se hace necesario ponerlos en conocimiento sobre el \u00a0presente tr\u00e1mite constitucional para que se pronuncien en \u00a0torno a lo all\u00ed reclamado, como quiera que la parte accionante \u00a0considera que en el lugar donde se encuentra privado de la libertad \u00a0[bunker de la Fiscal\u00eda General de la Naci\u00f3n con sede en \u00a0Medell\u00edn], no se encuentran dadas las condiciones de salud e \u00a0higiene necesarias. \u00a0De no ser informados se lesionar\u00eda su derecho al debido \u00a0proceso, en su manifestaci\u00f3n del derecho a la contradicci\u00f3n. \u00a0<\/p>\n<p>En tal orden de \u00a0ideas, \u00a0se decretar\u00e1 \u00a0la nulidad de lo actuado a partir del auto admisorio de la demanda de \u00a0tutela emitido el 17 de junio de 2020, inclusive, dejando con plena \u00a0validez las pruebas practicadas y aportadas. Por lo tanto, la Sala \u00a0Penal del Tribunal Superior de Medell\u00edn deber\u00e1 obrar \u00a0conforme a lo expuesto y vincular al \u00a0Municipio de Medell\u00edn, la Direcci\u00f3n Seccional de \u00a0Fiscal\u00edas de esa urbe y la Gobernaci\u00f3n de Antioquia. \u00a0<\/p>\n<p>En \u00a0m\u00e9rito de lo expuesto, la Sala de Decisi\u00f3n de Tutelas \u00a0de la Sala de Casaci\u00f3n Penal de la Corte Suprema de Justicia, \u00a0<\/p>\n<p>RESUELVE \u00a0<\/p>\n<p>Primero: \u00a0DECLARAR \u00a0la nulidad \u00a0de \u00a0lo actuado por la Sala Penal del Tribunal Superior de Medell\u00edn, \u00a0dentro de la acci\u00f3n de tutela incoada por Orlando \u00a0Miguel Padilla Sarmiento, \u00a0a partir del \u00a0auto del 17 de junio de 2020, inclusive, \u00a0dejando \u00a0con plena validez las pruebas practicadas con \u00a0arreglo a lo expuesto en la parte motiva de este prove\u00eddo. \u00a0<\/p>\n<p>Segundo. \u00a0Devolver \u00a0las diligencias a la Sala de origen, con el fin de que proceda \u00a0conforme a lo ordenado en esta providencia. \u00a0<\/p>\n<p>NOTIF\u00cdQUESE \u00a0Y C\u00daMPLASE \u00a0<\/p>\n<p>EYDER PATI\u00d1O \u00a0CABRERA \u00a0<\/p>\n<p>GERSON CHAVERRA \u00a0CASTRO \u00a0<\/p>\n<p>JAIME HUMBERTO \u00a0MORENO ACERO \u00a0<\/p>\n<p>Nubia \u00a0Yolanda Nova Garc\u00eda \u00a0<\/p>\n<p>Secretaria \u00a0<\/p>\n<p>\u00a0 \u00a0 \u00a0\u00a0<\/p>\n<p><\/p>\n","protected":false},"excerpt":{"rendered":"<p>\u00a0 \u00a0 \u00a0 \u00a0\u00a0 Eyder \u00a0Pati\u00f1o Cabrera \u00a0 Magistrado Ponente \u00a0 ATP801-2020 \u00a0 Radicaci\u00f3n \u00a0n.\u00b0 \u00a01414\/111390 \u00a0 (Aprobado \u00a0Acta n.\u00b0 163) \u00a0 Bogot\u00e1, \u00a0D.C., seis (06) de agosto de dos mil veinte (2020). \u00a0 ASUNTO \u00a0 Ser\u00eda del \u00a0caso pronunciarse de fondo sobre la impugnaci\u00f3n presentada por \u00a0Orlando \u00a0Miguel Padilla Sarmiento \u00a0frente a la decisi\u00f3n [&hellip;]<\/p>\n","protected":false},"author":1,"featured_media":0,"comment_status":"open","ping_status":"open","sticky":false,"template":"","format":"standard","meta":{"footnotes":""},"categories":[29],"tags":[],"class_list":["post-50752","post","type-post","status-publish","format-standard","hentry","category-29"],"_links":{"self":[{"href":"https:\/\/dmsjuridica.com\/buscador_20179478954\/salapenalcronologico20230723\/wp-json\/wp\/v2\/posts\/50752","targetHints":{"allow":["GET"]}}],"collection":[{"href":"https:\/\/dmsjuridica.com\/buscador_20179478954\/salapenalcronologico20230723\/wp-json\/wp\/v2\/posts"}],"about":[{"href":"https:\/\/dmsjuridica.com\/buscador_20179478954\/salapenalcronologico20230723\/wp-json\/wp\/v2\/types\/post"}],"author":[{"embeddable":true,"href":"https:\/\/dmsjuridica.com\/buscador_20179478954\/salapenalcronologico20230723\/wp-json\/wp\/v2\/users\/1"}],"replies":[{"embeddable":true,"href":"https:\/\/dmsjuridica.com\/buscador_20179478954\/salapenalcronologico20230723\/wp-json\/wp\/v2\/comments?post=50752"}],"version-history":[{"count":0,"href":"https:\/\/dmsjuridica.com\/buscador_20179478954\/salapenalcronologico20230723\/wp-json\/wp\/v2\/posts\/50752\/revisions"}],"wp:attachment":[{"href":"https:\/\/dmsjuridica.com\/buscador_20179478954\/salapenalcronologico20230723\/wp-json\/wp\/v2\/media?parent=50752"}],"wp:term":[{"taxonomy":"category","embeddable":true,"href":"https:\/\/dmsjuridica.com\/buscador_20179478954\/salapenalcronologico20230723\/wp-json\/wp\/v2\/categories?post=50752"},{"taxonomy":"post_tag","embeddable":true,"href":"https:\/\/dmsjuridica.com\/buscador_20179478954\/salapenalcronologico20230723\/wp-json\/wp\/v2\/tags?post=50752"}],"curies":[{"name":"wp","href":"https:\/\/api.w.org\/{rel}","templated":true}]}}