{"id":50715,"date":"2023-09-15T20:50:14","date_gmt":"2023-09-15T20:50:14","guid":{"rendered":"https:\/\/dmsjuridica.com\/buscador_20179478954\/salapenalcronologico20230723\/2023\/09\/15\/atp643-2020\/"},"modified":"2023-09-15T20:50:14","modified_gmt":"2023-09-15T20:50:14","slug":"atp643-2020","status":"publish","type":"post","link":"https:\/\/dmsjuridica.com\/buscador_20179478954\/salapenalcronologico20230723\/2023\/09\/15\/atp643-2020\/","title":{"rendered":"ATP643-2020"},"content":{"rendered":"\n<p>\u00a0 \u00a0 \u00a0 \u00a0\u00a0<\/p>\n<p>FABIO \u00a0OSPITIA GARZ\u00d3N \u00a0<\/p>\n<p>Magistrado \u00a0Ponente \u00a0<\/p>\n<p>ATP643 \u00a0&#8211; 2020 \u00a0<\/p>\n<p>Tutela \u00a0de 1\u00aa instancia No. 1042\/110983 \u00a0<\/p>\n<p>Acta \u00a0n\u00b0 129 \u00a0<\/p>\n<p>Bogot\u00e1 \u00a0D. C., veintitr\u00e9s (23) de junio de dos mil veinte (2020). \u00a0<\/p>\n<p>Se \u00a0resuelve la solicitud de desistimiento \u00a0de \u00a0la acci\u00f3n presentada \u00a0por el apoderado especial de MANUEL \u00a0ANTONIO GONZ\u00c1LEZ HENR\u00cdQUEZ. \u00a0<\/p>\n<p>ANTECEDENTES \u00a0PROCESALES \u00a0<\/p>\n<p>\u00a0 \u00a0\u00a0 \u00a0 \u00a0 \u00a0 \u00a0<\/p>\n<p>1. MANUEL \u00a0 \u00a0 \u00a0 \u00a0 \u00a0ANTONIO GONZ\u00c1LEZ HENR\u00cdQUEZ, \u00a0 \u00a0 \u00a0 \u00a0 \u00a0a trav\u00e9s de apoderado judicial, interpuso demanda de tutela \u00a0 \u00a0 \u00a0 \u00a0 \u00a0contra la Sala Penal del Tribunal Superior del Distrito Judicial de \u00a0 \u00a0 \u00a0 \u00a0 \u00a0Cundinamarca, por la presunta vulneraci\u00f3n de los derechos \u00a0 \u00a0 \u00a0 \u00a0 \u00a0fundamentales al debido proceso, vida y salud, ante la negativa de \u00a0 \u00a0 \u00a0 \u00a0 \u00a0conceder la prisi\u00f3n domiciliaria transitoria contemplada en \u00a0 \u00a0 \u00a0 \u00a0 \u00a0el Decreto 546 de 2020. \u00a0<\/p>\n<p>\u00a0 \u00a0\u00a0 \u00a0 \u00a0 \u00a0 \u00a0<\/p>\n<p>2. Por \u00a0 \u00a0 \u00a0 \u00a0 \u00a0auto del 16 de junio de 2020, la Sala avoc\u00f3 conocimiento de \u00a0 \u00a0 \u00a0 \u00a0 \u00a0la demanda y orden\u00f3 correr el respectivo traslado a las \u00a0 \u00a0 \u00a0 \u00a0 \u00a0autoridades accionadas y vinculadas de oficio. \u00a0<\/p>\n<p>\u00a0 \u00a0\u00a0 \u00a0 \u00a0 \u00a0 \u00a0<\/p>\n<p>3. El \u00a0 \u00a0 \u00a0 \u00a0 \u00a018 de junio de 2020, la secretar\u00eda de la Sala de Casaci\u00f3n \u00a0 \u00a0 \u00a0 \u00a0 \u00a0Penal inform\u00f3 que, el 12 de junio de 2020, v\u00eda correo \u00a0 \u00a0 \u00a0 \u00a0 \u00a0electr\u00f3nico, el apoderado judicial demandante radic\u00f3 \u00a0 \u00a0 \u00a0 \u00a0 \u00a0memorial a trav\u00e9s del cual desist\u00eda de esta acci\u00f3n, \u00a0 \u00a0 \u00a0 \u00a0 \u00a0con fundamento en que \u00ab\u2026la \u00a0 \u00a0 \u00a0 \u00a0 \u00a0Sala Penal del honorable Tribunal de Cundinamarca resolvi\u00f3 \u00a0 \u00a0 \u00a0 \u00a0 \u00a0absolver a mi prohijado y ordenar su libertad inmediata\u2026\u00bb. \u00a0<\/p>\n<p>CONSIDERACIONES \u00a0<\/p>\n<p>\u00a0 \u00a0\u00a0 \u00a0 \u00a0 \u00a0 \u00a0<\/p>\n<p>1. El \u00a0 \u00a0 \u00a0 \u00a0 \u00a0art\u00edculo 26 del Decreto 2591 de 1991 consagra la facultad de \u00a0 \u00a0 \u00a0 \u00a0 \u00a0desistir de la acci\u00f3n de tutela. En tal caso, agrega la \u00a0 \u00a0 \u00a0 \u00a0 \u00a0norma, se archivar\u00e1 el expediente. \u00a0<\/p>\n<p>\u00a0 \u00a0\u00a0 \u00a0 \u00a0 \u00a0 \u00a0<\/p>\n<p>2. Se \u00a0 \u00a0 \u00a0 \u00a0 \u00a0except\u00faan las acciones que est\u00e9n en sede de revisi\u00f3n \u00a0 \u00a0 \u00a0 \u00a0 \u00a0ante la Corte Constitucional o las que incluyen controversias que \u00a0 \u00a0 \u00a0 \u00a0 \u00a0trascienden las pretensiones individuales y puede estimarse un \u00a0 \u00a0 \u00a0 \u00a0 \u00a0asunto de inter\u00e9s general (Cfr, \u00a0 \u00a0 \u00a0 \u00a0 \u00a0CC T-433 de 1993 y A-314 de 2006, \u00a0 \u00a0 \u00a0 \u00a0 \u00a0entre otras). \u00a0<\/p>\n<p>\u00a0 \u00a0\u00a0 \u00a0 \u00a0 \u00a0 \u00a0<\/p>\n<p>3. En \u00a0 \u00a0 \u00a0 \u00a0 \u00a0el presente caso, el desistimiento fue presentado por el apoderado \u00a0 \u00a0 \u00a0 \u00a0 \u00a0especial de MANUEL \u00a0 \u00a0 \u00a0 \u00a0 \u00a0ANTONIO GONZ\u00c1LEZ HENR\u00cdQUEZ, \u00a0 \u00a0 \u00a0 \u00a0 \u00a0quien cuenta con la facultad expresa hacerlo, y adem\u00e1s \u00a0 \u00a0 \u00a0 \u00a0 \u00a0manifiesta que lo hace porque el objeto que persegu\u00eda con la \u00a0 \u00a0 \u00a0 \u00a0 \u00a0acci\u00f3n de tutela ya fue cumplido. \u00a0<\/p>\n<p>4. \u00a0Por ser procedente, se aceptar\u00e1 el desistimiento expresado y \u00a0se ordenar\u00e1, en consecuencia, el archivo de las diligencias. \u00a0<\/p>\n<p>En \u00a0m\u00e9rito de lo expuesto, la CORTE \u00a0SUPREMA DE JUSTICIA, SALA DE CASACI\u00d3N PENAL \u2013 SALA DE \u00a0DECISI\u00d3N DE ACCIONES DE TUTELA N\u00ba 2, \u00a0<\/p>\n<p>RESUELVE \u00a0<\/p>\n<p>PRIMERO. \u00a0ACEPTAR \u00a0el \u00a0desistimiento de esta acci\u00f3n formulado por el apoderado \u00a0especial de MANUEL \u00a0ANTONIO GONZ\u00c1LEZ HENR\u00cdQUEZ, \u00a0conforme la parte considerativa de este prove\u00eddo. \u00a0<\/p>\n<p>SEGUNDO. \u00a0ARCHIVAR \u00a0las \u00a0presentes diligencias, por las razones anotadas. \u00a0<\/p>\n<p>TERCERO. \u00a0NOTIFICAR \u00a0esta \u00a0decisi\u00f3n de conformidad con lo dispuesto en el art\u00edculo \u00a016 del Decreto 2591 de 1991. \u00a0<\/p>\n<p>C\u00famplase \u00a0<\/p>\n<p>FABIO \u00a0OSPITIA GARZ\u00d3N \u00a0<\/p>\n<p>LUIS \u00a0ANTONIO HERN\u00c1NDEZ BARBOSA \u00a0<\/p>\n<p>HUGO \u00a0QUINTERO BERNATE \u00a0<\/p>\n<p>NUBIA \u00a0YOLANDA NOVA GARC\u00cdA \u00a0<\/p>\n<p>Secretaria \u00a0<\/p>\n<p>\u00a0 \u00a0 \u00a0\u00a0<\/p>\n<p><\/p>\n","protected":false},"excerpt":{"rendered":"<p>\u00a0 \u00a0 \u00a0 \u00a0\u00a0 FABIO \u00a0OSPITIA GARZ\u00d3N \u00a0 Magistrado \u00a0Ponente \u00a0 ATP643 \u00a0&#8211; 2020 \u00a0 Tutela \u00a0de 1\u00aa instancia No. 1042\/110983 \u00a0 Acta \u00a0n\u00b0 129 \u00a0 Bogot\u00e1 \u00a0D. C., veintitr\u00e9s (23) de junio de dos mil veinte (2020). \u00a0 Se \u00a0resuelve la solicitud de desistimiento \u00a0de \u00a0la acci\u00f3n presentada \u00a0por el apoderado especial de MANUEL [&hellip;]<\/p>\n","protected":false},"author":1,"featured_media":0,"comment_status":"open","ping_status":"open","sticky":false,"template":"","format":"standard","meta":{"footnotes":""},"categories":[29],"tags":[],"class_list":["post-50715","post","type-post","status-publish","format-standard","hentry","category-29"],"_links":{"self":[{"href":"https:\/\/dmsjuridica.com\/buscador_20179478954\/salapenalcronologico20230723\/wp-json\/wp\/v2\/posts\/50715","targetHints":{"allow":["GET"]}}],"collection":[{"href":"https:\/\/dmsjuridica.com\/buscador_20179478954\/salapenalcronologico20230723\/wp-json\/wp\/v2\/posts"}],"about":[{"href":"https:\/\/dmsjuridica.com\/buscador_20179478954\/salapenalcronologico20230723\/wp-json\/wp\/v2\/types\/post"}],"author":[{"embeddable":true,"href":"https:\/\/dmsjuridica.com\/buscador_20179478954\/salapenalcronologico20230723\/wp-json\/wp\/v2\/users\/1"}],"replies":[{"embeddable":true,"href":"https:\/\/dmsjuridica.com\/buscador_20179478954\/salapenalcronologico20230723\/wp-json\/wp\/v2\/comments?post=50715"}],"version-history":[{"count":0,"href":"https:\/\/dmsjuridica.com\/buscador_20179478954\/salapenalcronologico20230723\/wp-json\/wp\/v2\/posts\/50715\/revisions"}],"wp:attachment":[{"href":"https:\/\/dmsjuridica.com\/buscador_20179478954\/salapenalcronologico20230723\/wp-json\/wp\/v2\/media?parent=50715"}],"wp:term":[{"taxonomy":"category","embeddable":true,"href":"https:\/\/dmsjuridica.com\/buscador_20179478954\/salapenalcronologico20230723\/wp-json\/wp\/v2\/categories?post=50715"},{"taxonomy":"post_tag","embeddable":true,"href":"https:\/\/dmsjuridica.com\/buscador_20179478954\/salapenalcronologico20230723\/wp-json\/wp\/v2\/tags?post=50715"}],"curies":[{"name":"wp","href":"https:\/\/api.w.org\/{rel}","templated":true}]}}