{"id":50674,"date":"2023-09-15T20:50:12","date_gmt":"2023-09-15T20:50:12","guid":{"rendered":"https:\/\/dmsjuridica.com\/buscador_20179478954\/salapenalcronologico20230723\/2023\/09\/15\/atp422-2020\/"},"modified":"2023-09-15T20:50:12","modified_gmt":"2023-09-15T20:50:12","slug":"atp422-2020","status":"publish","type":"post","link":"https:\/\/dmsjuridica.com\/buscador_20179478954\/salapenalcronologico20230723\/2023\/09\/15\/atp422-2020\/","title":{"rendered":"ATP422-2020"},"content":{"rendered":"\n<p>\u00a0 \u00a0 \u00a0 \u00a0\u00a0<\/p>\n<p>HUGO \u00a0QUINTERO BERNATE \u00a0<\/p>\n<p>Magistrado \u00a0ponente \u00a0<\/p>\n<p>ATP422-2020 \u00a0<\/p>\n<p>Radicaci\u00f3n \u00a0109243 \u00a0<\/p>\n<p>(Aprobado \u00a0Acta No. 104) \u00a0<\/p>\n<p>Bogot\u00e1 \u00a0D.C., mayo veintis\u00e9is (26) de dos mil veinte (2020). \u00a0<\/p>\n<p>VISTOS: \u00a0<\/p>\n<p>Se \u00a0resuelve el impedimento expresado por el Magistrado LUIS \u00a0ANTONIO HERN\u00c1NDEZ BARBOSA como \u00a0integrante de la Sala n.\u00ba 2 de Tutelas, con fundamento en la \u00a0causal 6\u00aa del art\u00edculo 56 de \u00a0la Ley 906 de 2004. \u00a0<\/p>\n<p>ANTECEDENTES \u00a0Y CONSIDERACIONES: \u00a0<\/p>\n<p>El \u00a0Magistrado LUIS \u00a0ANTONIO HERN\u00c1NDEZ BARBOSA \u00a0manifest\u00f3 \u00a0su impedimento para conocer de la acci\u00f3n de tutela promovida \u00a0por \u00a0DIEGO \u00a0ARMANDO NAVARRO TARQUINO, \u00a0contra \u00a0la \u00a0Sala Penal del Tribunal Superior del Distrito Judicial de Bogot\u00e1. \u00a0<\/p>\n<p>Para \u00a0el efecto, explic\u00f3 que particip\u00f3 en el tr\u00e1mite \u00a0de impugnaci\u00f3n especial propuesta contra la \u00a0providencia condenatoria proferida el 17 de septiembre de 2019 por la \u00a0Sala Penal del Tribunal Superior de Bogot\u00e1, \u00a0dentro del proceso 11001600005520080128100, \u00a0el cual culmin\u00f3 con la expedici\u00f3n de la sentencia \u00a0SP859-2020, \u00a0del 11 de marzo de 2020, que confirm\u00f3 la decisi\u00f3n \u00a0adoptada por la Corporaci\u00f3n de segundo grado. \u00a0<\/p>\n<p>Lo \u00a0configuraci\u00f3n de la causal invocada no ofrece duda alguna al \u00a0verificar que, efectivamente, el Magistrado particip\u00f3 en el \u00a0asunto objeto de esta actuaci\u00f3n. \u00a0<\/p>\n<p>As\u00ed \u00a0las cosas, se aceptar\u00e1 el impedimento manifestado por el \u00a0Doctor LUIS \u00a0ANTONIO HERN\u00c1NDEZ BARBOSA. \u00a0En \u00a0consecuencia, se dispone separarlo del conocimiento de estas \u00a0diligencias. \u00a0<\/p>\n<p>En \u00a0m\u00e9rito de lo expuesto, la \u00a0SALA DE CASACI\u00d3N PENAL DE LA CORTE SUPREMA DE JUSTICIA, \u00a0SALA \u00a0DE DECISI\u00d3N DE TUTELAS n.\u00ba \u00a02 \u00a0<\/p>\n<p>RESUELVE: \u00a0<\/p>\n<p>ACEPTAR \u00a0el \u00a0impedimento manifestado por el \u00a0Doctor LUIS \u00a0ANTONIO HERN\u00c1NDEZ BARBOSA. En \u00a0consecuencia, queda separado del conocimiento del presente tr\u00e1mite \u00a0constitucional. \u00a0<\/p>\n<p>Contra \u00a0esta decisi\u00f3n no proceden recursos. \u00a0<\/p>\n<p>NOTIF\u00cdQUESE \u00a0Y C\u00daMPLASE. \u00a0<\/p>\n<p>HUGO \u00a0QUINTERO BERNATE \u00a0<\/p>\n<p>FABIO \u00a0OSPITIA GARZ\u00d3N \u00a0<\/p>\n<p>NUBIA \u00a0YOLANDA NOVA GARC\u00cdA \u00a0<\/p>\n<p>Secretaria \u00a0<\/p>\n<p>1 \u00a0 \u00a0 \u00a0<\/p>\n<p><\/p>\n","protected":false},"excerpt":{"rendered":"<p>\u00a0 \u00a0 \u00a0 \u00a0\u00a0 HUGO \u00a0QUINTERO BERNATE \u00a0 Magistrado \u00a0ponente \u00a0 ATP422-2020 \u00a0 Radicaci\u00f3n \u00a0109243 \u00a0 (Aprobado \u00a0Acta No. 104) \u00a0 Bogot\u00e1 \u00a0D.C., mayo veintis\u00e9is (26) de dos mil veinte (2020). \u00a0 VISTOS: \u00a0 Se \u00a0resuelve el impedimento expresado por el Magistrado LUIS \u00a0ANTONIO HERN\u00c1NDEZ BARBOSA como \u00a0integrante de la Sala n.\u00ba 2 de Tutelas, [&hellip;]<\/p>\n","protected":false},"author":1,"featured_media":0,"comment_status":"open","ping_status":"open","sticky":false,"template":"","format":"standard","meta":{"footnotes":""},"categories":[29],"tags":[],"class_list":["post-50674","post","type-post","status-publish","format-standard","hentry","category-29"],"_links":{"self":[{"href":"https:\/\/dmsjuridica.com\/buscador_20179478954\/salapenalcronologico20230723\/wp-json\/wp\/v2\/posts\/50674","targetHints":{"allow":["GET"]}}],"collection":[{"href":"https:\/\/dmsjuridica.com\/buscador_20179478954\/salapenalcronologico20230723\/wp-json\/wp\/v2\/posts"}],"about":[{"href":"https:\/\/dmsjuridica.com\/buscador_20179478954\/salapenalcronologico20230723\/wp-json\/wp\/v2\/types\/post"}],"author":[{"embeddable":true,"href":"https:\/\/dmsjuridica.com\/buscador_20179478954\/salapenalcronologico20230723\/wp-json\/wp\/v2\/users\/1"}],"replies":[{"embeddable":true,"href":"https:\/\/dmsjuridica.com\/buscador_20179478954\/salapenalcronologico20230723\/wp-json\/wp\/v2\/comments?post=50674"}],"version-history":[{"count":0,"href":"https:\/\/dmsjuridica.com\/buscador_20179478954\/salapenalcronologico20230723\/wp-json\/wp\/v2\/posts\/50674\/revisions"}],"wp:attachment":[{"href":"https:\/\/dmsjuridica.com\/buscador_20179478954\/salapenalcronologico20230723\/wp-json\/wp\/v2\/media?parent=50674"}],"wp:term":[{"taxonomy":"category","embeddable":true,"href":"https:\/\/dmsjuridica.com\/buscador_20179478954\/salapenalcronologico20230723\/wp-json\/wp\/v2\/categories?post=50674"},{"taxonomy":"post_tag","embeddable":true,"href":"https:\/\/dmsjuridica.com\/buscador_20179478954\/salapenalcronologico20230723\/wp-json\/wp\/v2\/tags?post=50674"}],"curies":[{"name":"wp","href":"https:\/\/api.w.org\/{rel}","templated":true}]}}