{"id":50636,"date":"2023-09-15T20:50:10","date_gmt":"2023-09-15T20:50:10","guid":{"rendered":"https:\/\/dmsjuridica.com\/buscador_20179478954\/salapenalcronologico20230723\/2023\/09\/15\/atp300-2020\/"},"modified":"2023-09-15T20:50:10","modified_gmt":"2023-09-15T20:50:10","slug":"atp300-2020","status":"publish","type":"post","link":"https:\/\/dmsjuridica.com\/buscador_20179478954\/salapenalcronologico20230723\/2023\/09\/15\/atp300-2020\/","title":{"rendered":"ATP300-2020"},"content":{"rendered":"\n<p>\u00a0 \u00a0 \u00a0 \u00a0\u00a0<\/p>\n<p>JOS\u00c9 \u00a0FRANCISCO ACU\u00d1A VIZCAYA \u00a0<\/p>\n<p>Magistrado \u00a0<\/p>\n<p>ATP300-2020 \u00a0<\/p>\n<p>Radicaci\u00f3n \u00a0No. 109307 \u00a0<\/p>\n<p>(Aprobado Acta No. 059) \u00a0<\/p>\n<p>Bogot\u00e1 \u00a0D.C., diez (10) de marzo de dos mil veinte (2020) \u00a0<\/p>\n<p>Por \u00a0reparto correspondi\u00f3 a este despacho el conocimiento de la \u00a0acci\u00f3n constitucional promovida por WILFER TEGUE LOBOA y \u00a0LUIS FERNANDO \u00c1LVAREZ MAUSA, a trav\u00e9s de \u00a0apoderado, contra la Sala Penal del Tribunal Superior del Distrito \u00a0Judicial de Bogot\u00e1, el Juzgado S\u00e9ptimo de Ejecuci\u00f3n \u00a0de Penas y Medidas de Seguridad y el Juzgado Cincuenta y Dos Penal \u00a0Municipal con Funci\u00f3n de Control de Garant\u00edas ambos de \u00a0la misma ciudad. \u00a0<\/p>\n<p>ANTECEDENTES F\u00c1CTICOS Y PROCESALES \u00a0<\/p>\n<p>Los \u00a0 accionantes cuestionan las decisiones mediante las cuales les fue \u00a0negada la acci\u00f3n de habeas corpus y la providencia a \u00a0trav\u00e9s \u00a0de la cual se les neg\u00f3 la libertad por vencimiento de \u00a0t\u00e9rminos. \u00a0<\/p>\n<p>En \u00a0esencia, alegan que cumplen con los \u00a0requisitos previstos para que se le conceda la libertad por \u00a0vencimiento de t\u00e9rminos. \u00a0<\/p>\n<p>CONSIDERACIONES DE LA CORTE \u00a0<\/p>\n<p>La \u00a0acci\u00f3n de tutela es un mecanismo de raigambre constitucional, \u00a0establecido para proteger los derechos fundamentales de los \u00a0ciudadanos, cuando se vean amenazados o vulnerados por acciones u \u00a0omisiones de las autoridades p\u00fablicas o de los particulares en \u00a0los casos previstos por el legislador, al cual puede acceder \u00a0cualquier persona que considere se encuentra en alguna de tales \u00a0eventualidades, cuyo ejercicio surge de la voluntad del demandante, \u00a0quien, por lo tanto, tambi\u00e9n tiene la facultad de renunciar a \u00a0esa atribuci\u00f3n. \u00a0<\/p>\n<p>Dicha \u00a0circunstancia se encuentra prevista en el inciso 2\u00ba del art\u00edculo \u00a026 del Decreto 2591 de 1991, en cuanto dispone \u00abel \u00a0recurrente podr\u00e1 desistir de la tutela\u2026\u00bb. \u00a0<\/p>\n<p>En \u00a0el caso objeto de an\u00e1lisis, los accionantes han manifestado su \u00a0deseo de desistir de la acci\u00f3n de tutela. En vista de lo \u00a0anterior, sumado a la inexistencia de vicio de consentimiento alguno \u00a0en su manifestaci\u00f3n, se acceder\u00e1 a la pretensi\u00f3n \u00a0y el archivo de las presentes diligencias. \u00a0<\/p>\n<p>En \u00a0m\u00e9rito de lo expuesto, la CORTE SUPREMA DE JUSTICIA SALA DE \u00a0CASACI\u00d3N PENAL, EN SALA DE DECISI\u00d3N DE TUTELAS \u00a0NO. 1, \u00a0<\/p>\n<p>RESUELVE \u00a0<\/p>\n<p>1. \u00a0ACEPTAR el desistimiento \u00a0de la acci\u00f3n de tutela presentada por WILFER TEGUE LOBOA y \u00a0LUIS FERNANDO \u00c1LVAREZ MAUSA, a trav\u00e9s de \u00a0apoderado, \u00a0contra la Sala Penal del Tribunal Superior del \u00a0Distrito Judicial de Bogot\u00e1, el Juzgado S\u00e9ptimo de \u00a0Ejecuci\u00f3n de Penas y Medidas de Seguridad y el Juzgado \u00a0Cincuenta y Dos Penal Municipal con Funci\u00f3n de Control de \u00a0Garant\u00edas ambos de la misma ciudad. \u00a0<\/p>\n<p>2. \u00a0Notificada esta decisi\u00f3n de conformidad con lo \u00a0dispuesto por el art\u00edculo 16 del Decreto 2591 de 1991, se \u00a0ordenar\u00e1 el archivo de las diligencias. \u00a0<\/p>\n<p>NOTIF\u00cdQUESE \u00a0Y C\u00daMPLASE \u00a0<\/p>\n<p>JOS\u00c9 FRANCISCO ACU\u00d1A VIZCAYA \u00a0<\/p>\n<p>EUGENIO FERN\u00c1NDEZ CARLIER \u00a0<\/p>\n<p>NUBIA YOLANDA NOVA GARC\u00cdA \u00a0<\/p>\n<p>SECRETARIA \u00a0 \u00a0 \u00a0<\/p>\n<p><\/p>\n","protected":false},"excerpt":{"rendered":"<p>\u00a0 \u00a0 \u00a0 \u00a0\u00a0 JOS\u00c9 \u00a0FRANCISCO ACU\u00d1A VIZCAYA \u00a0 Magistrado \u00a0 ATP300-2020 \u00a0 Radicaci\u00f3n \u00a0No. 109307 \u00a0 (Aprobado Acta No. 059) \u00a0 Bogot\u00e1 \u00a0D.C., diez (10) de marzo de dos mil veinte (2020) \u00a0 Por \u00a0reparto correspondi\u00f3 a este despacho el conocimiento de la \u00a0acci\u00f3n constitucional promovida por WILFER TEGUE LOBOA y \u00a0LUIS FERNANDO \u00c1LVAREZ [&hellip;]<\/p>\n","protected":false},"author":1,"featured_media":0,"comment_status":"open","ping_status":"open","sticky":false,"template":"","format":"standard","meta":{"footnotes":""},"categories":[29],"tags":[],"class_list":["post-50636","post","type-post","status-publish","format-standard","hentry","category-29"],"_links":{"self":[{"href":"https:\/\/dmsjuridica.com\/buscador_20179478954\/salapenalcronologico20230723\/wp-json\/wp\/v2\/posts\/50636","targetHints":{"allow":["GET"]}}],"collection":[{"href":"https:\/\/dmsjuridica.com\/buscador_20179478954\/salapenalcronologico20230723\/wp-json\/wp\/v2\/posts"}],"about":[{"href":"https:\/\/dmsjuridica.com\/buscador_20179478954\/salapenalcronologico20230723\/wp-json\/wp\/v2\/types\/post"}],"author":[{"embeddable":true,"href":"https:\/\/dmsjuridica.com\/buscador_20179478954\/salapenalcronologico20230723\/wp-json\/wp\/v2\/users\/1"}],"replies":[{"embeddable":true,"href":"https:\/\/dmsjuridica.com\/buscador_20179478954\/salapenalcronologico20230723\/wp-json\/wp\/v2\/comments?post=50636"}],"version-history":[{"count":0,"href":"https:\/\/dmsjuridica.com\/buscador_20179478954\/salapenalcronologico20230723\/wp-json\/wp\/v2\/posts\/50636\/revisions"}],"wp:attachment":[{"href":"https:\/\/dmsjuridica.com\/buscador_20179478954\/salapenalcronologico20230723\/wp-json\/wp\/v2\/media?parent=50636"}],"wp:term":[{"taxonomy":"category","embeddable":true,"href":"https:\/\/dmsjuridica.com\/buscador_20179478954\/salapenalcronologico20230723\/wp-json\/wp\/v2\/categories?post=50636"},{"taxonomy":"post_tag","embeddable":true,"href":"https:\/\/dmsjuridica.com\/buscador_20179478954\/salapenalcronologico20230723\/wp-json\/wp\/v2\/tags?post=50636"}],"curies":[{"name":"wp","href":"https:\/\/api.w.org\/{rel}","templated":true}]}}