{"id":50590,"date":"2023-09-15T20:50:08","date_gmt":"2023-09-15T20:50:08","guid":{"rendered":"https:\/\/dmsjuridica.com\/buscador_20179478954\/salapenalcronologico20230723\/2023\/09\/15\/atp137-2020\/"},"modified":"2023-09-15T20:50:08","modified_gmt":"2023-09-15T20:50:08","slug":"atp137-2020","status":"publish","type":"post","link":"https:\/\/dmsjuridica.com\/buscador_20179478954\/salapenalcronologico20230723\/2023\/09\/15\/atp137-2020\/","title":{"rendered":"ATP137-2020"},"content":{"rendered":"\n<p>\u00a0 \u00a0 \u00a0 \u00a0\u00a0<\/p>\n<p>SALA \u00a0DE DECISI\u00d3N DE TUTELAS N\u00b0 2 \u00a0<\/p>\n<p>PATRICIA \u00a0SALAZAR CU\u00c9LLAR \u00a0<\/p>\n<p>Magistrada \u00a0ponente \u00a0<\/p>\n<p>ATP137-2020 \u00a0<\/p>\n<p>Radicaci\u00f3n \u00a0108917 \u00a0<\/p>\n<p>(Aprobado \u00a0Acta No. 29) \u00a0<\/p>\n<p>Bogot\u00e1 \u00a0D.C., febrero once (11) de dos mil veinte (2020). \u00a0<\/p>\n<p>VISTOS: \u00a0<\/p>\n<p>Se \u00a0pronuncia la Sala sobre la existencia de una causal de nulidad en el \u00a0tr\u00e1mite de tutela promovido por MAR\u00cdA \u00a0CONSTANSA LUNA SANDOVAL, \u00a0contra la Fiscal\u00eda General de la Naci\u00f3n \u2013 \u00a0Direcci\u00f3n Seccional de Fiscal\u00edas de C\u00facuta, por \u00a0la presunta vulneraci\u00f3n de su derecho fundamental de petici\u00f3n. \u00a0<\/p>\n<p>Al \u00a0tr\u00e1mite fueron vinculadas la Ventanilla \u00danica de \u00a0Correspondencia de la Fiscal\u00eda de Norte de Santander y la \u00a0Subdirecci\u00f3n de Gesti\u00f3n Documental de la misma entidad. \u00a0<\/p>\n<p>FUNDAMENTOS \u00a0DE LA ACCI\u00d3N: \u00a0<\/p>\n<p>1. \u00a0Para lo que compete resolver en el presente asunto, del escrito de \u00a0tutela y los documentos allegados al plenario, la Sala destaca los \u00a0siguientes hechos jur\u00eddicamente relevantes: \u00a0<\/p>\n<p>\u00a0 \u00a0\u00a0 \u00a0 \u00a0 \u00a0 \u00a0<\/p>\n<p>i. Que \u00a0 \u00a0 \u00a0 \u00a0 \u00a0el 26 de septiembre de 2019, MAR\u00cdA \u00a0 \u00a0 \u00a0 \u00a0 \u00a0CONSTANSA LUNA SANDOVAL present\u00f3 una petici\u00f3n ante la \u00a0 \u00a0 \u00a0 \u00a0 \u00a0Direcci\u00f3n Seccional de Fiscal\u00edas de C\u00facuta, \u00a0 \u00a0 \u00a0 \u00a0 \u00a0solicitando informaci\u00f3n sobre el estado de las indagaciones \u00a0 \u00a0 \u00a0 \u00a0 \u00a0que se adelantan en relaci\u00f3n con el homicidio y desaparici\u00f3n \u00a0 \u00a0 \u00a0 \u00a0 \u00a0forzada de que fueron v\u00edctimas, respectivamente, sus hermanos \u00a0 \u00a0 \u00a0 \u00a0 \u00a0JES\u00daS ARTURO y WILLIAM LUNA SANDOVAL, as\u00ed como de las \u00a0 \u00a0 \u00a0 \u00a0 \u00a0acciones investigativas adelantadas. Igualmente, requiri\u00f3 la \u00a0 \u00a0 \u00a0 \u00a0 \u00a0entrega de copia \u00edntegra de los respectivos expedientes<\/p>\n<p>ii. Que \u00a0 \u00a0 \u00a0 \u00a0 \u00a0a pesar del tiempo transcurrido, el ente acusador no ha ofrecido \u00a0 \u00a0 \u00a0 \u00a0 \u00a0respuesta a la solicitud de la aqu\u00ed demandante. \u00a0<\/p>\n<p>2. \u00a0Por lo anterior, la promotora del amparo acude ante el Juez \u00a0Constitucional para que proteja su garant\u00eda fundamental \u00a0invocada y, como consecuencia de ello, ordene \u00a0a la Direcci\u00f3n Seccional accionada que proceda en forma \u00a0inmediata a brindar contestaci\u00f3n clara, concreta, completa y \u00a0congruente a su petici\u00f3n. \u00a0<\/p>\n<p>TR\u00c1MITE \u00a0EN PRIMERA INSTANCIA: \u00a0<\/p>\n<p>Por \u00a0auto del 7 de noviembre de 2019, la Sala Penal del Tribunal Superior \u00a0del Distrito Judicial de C\u00facuta admiti\u00f3 la demanda de \u00a0tutela y corri\u00f3 el traslado correspondiente a las autoridades \u00a0mencionadas. \u00a0<\/p>\n<p>El \u00a0Tribunal a \u00a0quo, \u00a0a trav\u00e9s de fallo del 22 de noviembre siguiente, neg\u00f3 \u00a0el amparo constitucional deprecado, por considerar que en el caso \u00a0concreto se demostr\u00f3 que la Coordinaci\u00f3n Seccional de \u00a0Fiscal\u00edas de Patrimonio Econ\u00f3mico de C\u00facuta \u00a0tramit\u00f3 la petici\u00f3n de la actora, inform\u00e1ndole \u00a0lo relacionado con el estado de la investigaci\u00f3n por los \u00a0hechos en que se produjo el deceso de su hermano JES\u00daS \u00a0ARTURO LUNA SANDOVAL \u00a0y corri\u00f3 traslado de la solicitud a la Fiscal\u00eda \u00a0Seccional de Codazzi para que esa delegada emita respuesta en lo que \u00a0concierne al se\u00f1or WILLIAM \u00a0LUNA SANDOVAL. \u00a0<\/p>\n<p>En \u00a0la diligencia de notificaci\u00f3n personal, la demandante \u00a0manifest\u00f3 su intenci\u00f3n de apelar. Sin embargo, no \u00a0expuso las razones de su inconformidad. \u00a0<\/p>\n<p>CONSIDERACIONES \u00a0DE LA CORTE: \u00a0<\/p>\n<p>De \u00a0conformidad con el art\u00edculo 32 del Decreto 2591 de 1991, la \u00a0Sala es competente para desatar la segunda instancia respecto de la \u00a0sentencia adoptada por el Tribunal Superior del Distrito Judicial de \u00a0C\u00facuta. Sin \u00a0embargo, ello no es posible dado que durante \u00a0el presente tr\u00e1mite se incurri\u00f3 en irregularidad \u00a0sustancial que afecta de nulidad la actuaci\u00f3n surtida. \u00a0<\/p>\n<p>La \u00a0Corte Constitucional ha se\u00f1alado que solo en aquellos eventos \u00a0en que conste de manera expresa o se desprenda del expediente la \u00a0existencia de alg\u00fan tercero con inter\u00e9s, puede \u00a0afirmarse que el juez de tutela tiene la obligaci\u00f3n de \u00a0comunicarle la iniciaci\u00f3n del tr\u00e1mite. Una actuaci\u00f3n \u00a0en contrario constituir\u00eda una carga desproporcionada e \u00a0irrazonable para los funcionarios judiciales (CC \u00a0A344-06). \u00a0<\/p>\n<p>Ahora, \u00a0el numeral \u00a08\u00ba del art\u00edculo 133 del C\u00f3digo General del Proceso \u00a0dispone que el proceso es nulo cuando no se practica en legal forma \u00a0la notificaci\u00f3n del auto admisorio de la demanda a personas \u00a0determinadas o el emplazamiento de otras aunque sean indeterminadas. \u00a0Dicha \u00a0norma es aplicable por remisi\u00f3n del art\u00edculo 4\u00ba \u00a0del Decreto 306 de 1992, reglamentario del Decreto 2591 de 1991. \u00a0<\/p>\n<p>En \u00a0este caso espec\u00edfico, de la lectura de los antecedentes \u00a0f\u00e1cticos y documentos aportados al expediente, es evidente que \u00a0resultaba imperioso vincular al tr\u00e1mite \u00a0constitucional a la Fiscal\u00eda Seccional de Codazzi. \u00a0<\/p>\n<p>Lo \u00a0anterior teniendo en cuenta que, de acuerdo con la respuesta ofrecida \u00a0dentro del tr\u00e1mite por la Coordinaci\u00f3n de la Unidad de \u00a0Vida de la Direcci\u00f3n Seccional de Fiscal\u00edas de C\u00facuta, \u00a0desde el 18 de octubre de 2019 se corri\u00f3 traslado de la \u00a0petici\u00f3n de la actora al titular de esa agencia fiscal, sin \u00a0que hasta la fecha en que MAR\u00cdA \u00a0CONSTANSA LUNA SANDOVAL \u00a0promovi\u00f3 esta acci\u00f3n constitucional -1\u00ba \u00a0de noviembre de 2019- \u00a0haya procedido a atender el requerimiento de esta ciudadana, frente a \u00a0la solicitud de informaci\u00f3n sobre el estado de la indagaci\u00f3n \u00a0por la desaparici\u00f3n forzada de su hermano WILLIAM \u00a0LUNA SANDOVAL y \u00a0la solicitud de copia \u00edntegra del expediente. \u00a0<\/p>\n<p>Por \u00a0manera que resulta evidente el desconocimiento al debido proceso en \u00a0la actuaci\u00f3n que ocupa la atenci\u00f3n de la Sala, no solo \u00a0en detrimento de las autoridades accionadas, sino de la propia parte \u00a0actora, en tanto la omisi\u00f3n de integrar en debida forma el \u00a0contradictorio, constituye una irregularidad insubsanable que tan \u00a0solo se puede enmendar con la declaratoria de invalidez. \u00a0<\/p>\n<p>En \u00a0ese orden, el vicio detectado constituye causal de invalidez desde el \u00a0fallo de fecha 22 de noviembre de 2019, \u00a0inclusive, \u00a0y as\u00ed lo decretar\u00e1 la Sala, \u00a0para \u00a0que se rehaga la actuaci\u00f3n, citando al tr\u00e1mite a la \u00a0autoridad judicial que debe comparecer. Se \u00a0aclara que las pruebas recaudadas conservan pleno valor. \u00a0<\/p>\n<p>En \u00a0m\u00e9rito de lo expuesto, LA \u00a0SALA DE DECISI\u00d3N DE TUTELAS N\u00b0 2 DE LA SALA DE CASACI\u00d3N \u00a0PENAL DE LA CORTE SUPREMA DE JUSTICIA, \u00a0<\/p>\n<p>RESUELVE: \u00a0<\/p>\n<p>1. \u00a0 \u00a0 \u00a0 \u00a0DECRETAR \u00a0la \u00a0NULIDAD \u00a0de la presente actuaci\u00f3n a \u00a0partir del \u00a0fallo de fecha 22 de noviembre \u00a0de 2019, inclusive, emitido por la Sala Penal del Tribunal Superior \u00a0del Distrito Judicial de C\u00facuta, de acuerdo con lo se\u00f1alado \u00a0en precedencia. \u00a0Las pruebas recaudadas conservan plena validez. \u00a0<\/p>\n<p>2. \u00a0 \u00a0 \u00a0 \u00a0DEVOLVER \u00a0las \u00a0diligencias al Tribunal mencionado, para lo de su cargo. \u00a0<\/p>\n<p>3. \u00a0 \u00a0 \u00a0 \u00a0NOTIFICAR \u00a0este \u00a0prove\u00eddo conforme al art\u00edculo 16 del Decreto 2591 de \u00a01991. \u00a0<\/p>\n<p>NOTIF\u00cdQUESE \u00a0Y C\u00daMPLASE. \u00a0<\/p>\n<p>PATRICIA \u00a0SALAZAR CU\u00c9LLAR \u00a0<\/p>\n<p>LUIS \u00a0ANTONIO HERN\u00c1NDEZ BARBOSA \u00a0<\/p>\n<p>NUBIA YOLANDA \u00a0NOVA GARC\u00cdA \u00a0<\/p>\n<p>Secretaria \u00a0<\/p>\n<p>1 \u00a0 \u00a0 \u00a0<\/p>\n<p><\/p>\n","protected":false},"excerpt":{"rendered":"<p>\u00a0 \u00a0 \u00a0 \u00a0\u00a0 SALA \u00a0DE DECISI\u00d3N DE TUTELAS N\u00b0 2 \u00a0 PATRICIA \u00a0SALAZAR CU\u00c9LLAR \u00a0 Magistrada \u00a0ponente \u00a0 ATP137-2020 \u00a0 Radicaci\u00f3n \u00a0108917 \u00a0 (Aprobado \u00a0Acta No. 29) \u00a0 Bogot\u00e1 \u00a0D.C., febrero once (11) de dos mil veinte (2020). \u00a0 VISTOS: \u00a0 Se \u00a0pronuncia la Sala sobre la existencia de una causal de nulidad en [&hellip;]<\/p>\n","protected":false},"author":1,"featured_media":0,"comment_status":"open","ping_status":"open","sticky":false,"template":"","format":"standard","meta":{"footnotes":""},"categories":[29],"tags":[],"class_list":["post-50590","post","type-post","status-publish","format-standard","hentry","category-29"],"_links":{"self":[{"href":"https:\/\/dmsjuridica.com\/buscador_20179478954\/salapenalcronologico20230723\/wp-json\/wp\/v2\/posts\/50590","targetHints":{"allow":["GET"]}}],"collection":[{"href":"https:\/\/dmsjuridica.com\/buscador_20179478954\/salapenalcronologico20230723\/wp-json\/wp\/v2\/posts"}],"about":[{"href":"https:\/\/dmsjuridica.com\/buscador_20179478954\/salapenalcronologico20230723\/wp-json\/wp\/v2\/types\/post"}],"author":[{"embeddable":true,"href":"https:\/\/dmsjuridica.com\/buscador_20179478954\/salapenalcronologico20230723\/wp-json\/wp\/v2\/users\/1"}],"replies":[{"embeddable":true,"href":"https:\/\/dmsjuridica.com\/buscador_20179478954\/salapenalcronologico20230723\/wp-json\/wp\/v2\/comments?post=50590"}],"version-history":[{"count":0,"href":"https:\/\/dmsjuridica.com\/buscador_20179478954\/salapenalcronologico20230723\/wp-json\/wp\/v2\/posts\/50590\/revisions"}],"wp:attachment":[{"href":"https:\/\/dmsjuridica.com\/buscador_20179478954\/salapenalcronologico20230723\/wp-json\/wp\/v2\/media?parent=50590"}],"wp:term":[{"taxonomy":"category","embeddable":true,"href":"https:\/\/dmsjuridica.com\/buscador_20179478954\/salapenalcronologico20230723\/wp-json\/wp\/v2\/categories?post=50590"},{"taxonomy":"post_tag","embeddable":true,"href":"https:\/\/dmsjuridica.com\/buscador_20179478954\/salapenalcronologico20230723\/wp-json\/wp\/v2\/tags?post=50590"}],"curies":[{"name":"wp","href":"https:\/\/api.w.org\/{rel}","templated":true}]}}