{"id":50572,"date":"2023-09-15T20:50:07","date_gmt":"2023-09-15T20:50:07","guid":{"rendered":"https:\/\/dmsjuridica.com\/buscador_20179478954\/salapenalcronologico20230723\/2023\/09\/15\/atp079-2020\/"},"modified":"2023-09-15T20:50:07","modified_gmt":"2023-09-15T20:50:07","slug":"atp079-2020","status":"publish","type":"post","link":"https:\/\/dmsjuridica.com\/buscador_20179478954\/salapenalcronologico20230723\/2023\/09\/15\/atp079-2020\/","title":{"rendered":"ATP079-2020"},"content":{"rendered":"\n<p>\u00a0 \u00a0 \u00a0 \u00a0\u00a0<\/p>\n<p>PATRICIA \u00a0SALAZAR CU\u00c9LLAR \u00a0<\/p>\n<p>Magistrada Ponente \u00a0<\/p>\n<p>ATP079-2020 \u00a0<\/p>\n<p>Radicaci\u00f3n \u00a0N.\u00b0 108974 \u00a0<\/p>\n<p>Acta \u00a016 \u00a0<\/p>\n<p>Bogot\u00e1 D. \u00a0C., veintiocho (28) de enero de dos mil veinte (2020). \u00a0<\/p>\n<p>VISTOS \u00a0<\/p>\n<p>Ser\u00eda \u00a0del caso que la Sala se pronunciara sobre la demanda de tutela \u00a0instaurada por HERN\u00c1N \u00a0ALONSO TABORDA GARC\u00cdA \u00a0contra la SALA PENAL \u00a0DEL TRIBUNAL SUPERIOR DE BOGOT\u00c1, \u00a0el JUZGADO CUARTO \u00a0PENAL DEL CIRCUITO ESPECIALIZADO y \u00a0el JUEZ COORDINADOR \u00a0DE LOS JUZGADOS DE EJECUCI\u00d3N DE PENAS Y MEDIDAS DE SEGURIDAD, \u00a0ambos de esta \u00a0ciudad, si no se observara que carece de competencia para asumir el \u00a0conocimiento de la actuaci\u00f3n en primera instancia. \u00a0<\/p>\n<p>ANTECEDENTES \u00a0F\u00c1CTICOS Y PROCESALES \u00a0<\/p>\n<p>Acude HERN\u00c1N \u00a0ALONSO TABORDA GARC\u00cdA a la extraordinaria v\u00eda de \u00a0tutela, tras se\u00f1alar que formul\u00f3 sendas peticiones ante \u00a0el juez coordinador de los despachos de ejecuci\u00f3n de penas y \u00a0medidas de seguridad y el Juzgado Cuarto Penal del Circuito \u00a0Especializado, ambos de Bogot\u00e1, con el fin de que se decretara \u00a0la prescripci\u00f3n de la sanci\u00f3n penal, as\u00ed como la \u00a0extinci\u00f3n de todas las anotaciones y pendientes registrados \u00a0por cuenta del proceso penal que curs\u00f3 en su contra ante el \u00a0Tribunal Superior de Orden P\u00fablico. \u00a0<\/p>\n<p>CONSIDERACIONES \u00a0<\/p>\n<p>El expediente fue \u00a0radicado en la Sala de Casaci\u00f3n Penal, en raz\u00f3n a que \u00a0el demandante, de forma sucinta, afirm\u00f3 en el encabezado del \u00a0libelo, que la tutela se dirige contra la Sala Penal del Tribunal \u00a0Superior de Bogot\u00e1. \u00a0<\/p>\n<p>No obstante lo \u00a0anterior, como bien expone el libelista, los motivos que lo llevaron \u00a0a acudir a la tutela, giran en torno a la ausencia de respuesta sobre \u00a0las peticiones de extinci\u00f3n de la sanci\u00f3n que postul\u00f3 \u00a0ante los Juzgados de esta capital. \u00a0En nada compromete ese pedimento \u00a0a la Corporaci\u00f3n mencionada. \u00a0<\/p>\n<p>Por consiguiente, \u00a0ha de aplicarse al caso lo previsto en el n\u00fam. 5\u00ba del \u00a0art\u00edculo 2.2.3.1.2.1 del \u00a0Decreto 1069 de 2015 (modificado \u00a0por el Decreto 1983 de 2017), \u00a0seg\u00fan el cual \u00ablas \u00a0acciones de tutela dirigidas contra los Jueces \u00a0o Tribunales ser\u00e1n repartidas, para su conocimiento en primera \u00a0instancia, al respectivo superior funcional de la autoridad \u00a0jurisdiccional accionada\u00bb. \u00a0<\/p>\n<p>Ante lo expuesto, \u00a0se dispone REMITIR \u00a0el expediente, por competencia, a la SALA \u00a0PENAL DEL TRIBUNAL SUPERIOR DE BOGOT\u00c1, para \u00a0que se someta a reparto en esa Colegiatura la actuaci\u00f3n1. \u00a0<\/p>\n<p>En m\u00e9rito \u00a0de lo expuesto, LA \u00a0CORTE SUPREMA DE JUSTICIA, SALA DE CASACI\u00d3N PENAL \u2013 SALA \u00a0DE DECISI\u00d3N DE ACCIONES DE TUTELA No. 2, \u00a0<\/p>\n<p>RESUELVE \u00a0<\/p>\n<p>REMITIR el \u00a0expediente a la Sala Penal del Tribunal Superior de Bogot\u00e1, \u00a0para que inmediatamente se someta a reparto en esa Colegiatura la \u00a0actuaci\u00f3n. \u00a0<\/p>\n<p>Comun\u00edquese \u00a0y C\u00famplase \u00a0<\/p>\n<p>PATRICIA \u00a0SALAZAR CU\u00c9LLAR \u00a0<\/p>\n<p>LUIS ANTONIO \u00a0HERN\u00c1NDEZ BARBOSA \u00a0<\/p>\n<p>NUBIA \u00a0YOLANDA NOVA GARC\u00cdA \u00a0<\/p>\n<p>Secretaria \u00a0<\/p>\n<p>1 \u00a0 \u00a0 \u00a0 \u00a0 \u00a0El Par\u00e1grafo 1\u00b0. \u00a0 \u00a0 \u00a0 \u00a0 \u00a0Art\u00edculo \u00a0 \u00a0 \u00a0 \u00a0 \u00a02.2.3.1.2.1. \u00a0del \u00a0 \u00a0 \u00a0 \u00a0 \u00a0Decreto 1069 de 2015 ense\u00f1a que: \u00absi \u00a0 \u00a0 \u00a0 \u00a0 \u00a0conforme a los hechos descritos en la solicitud de tutela el juez no \u00a0 \u00a0 \u00a0 \u00a0 \u00a0es el competente seg\u00fan lo dispuesto en el art\u00edculo 37 \u00a0 \u00a0 \u00a0 \u00a0 \u00a0del Decreto 2591 de 1991, este deber\u00e1 enviarla al juez que lo \u00a0 \u00a0 \u00a0 \u00a0 \u00a0sea a m\u00e1s tardar al d\u00eda siguiente de su recibo, previa \u00a0 \u00a0 \u00a0 \u00a0 \u00a0comunicaci\u00f3n a los interesados\u00bb. \u00a0 \u00a0 \u00a0<\/p>\n<p><\/p>\n","protected":false},"excerpt":{"rendered":"<p>\u00a0 \u00a0 \u00a0 \u00a0\u00a0 PATRICIA \u00a0SALAZAR CU\u00c9LLAR \u00a0 Magistrada Ponente \u00a0 ATP079-2020 \u00a0 Radicaci\u00f3n \u00a0N.\u00b0 108974 \u00a0 Acta \u00a016 \u00a0 Bogot\u00e1 D. \u00a0C., veintiocho (28) de enero de dos mil veinte (2020). \u00a0 VISTOS \u00a0 Ser\u00eda \u00a0del caso que la Sala se pronunciara sobre la demanda de tutela \u00a0instaurada por HERN\u00c1N \u00a0ALONSO TABORDA GARC\u00cdA \u00a0contra [&hellip;]<\/p>\n","protected":false},"author":1,"featured_media":0,"comment_status":"open","ping_status":"open","sticky":false,"template":"","format":"standard","meta":{"footnotes":""},"categories":[29],"tags":[],"class_list":["post-50572","post","type-post","status-publish","format-standard","hentry","category-29"],"_links":{"self":[{"href":"https:\/\/dmsjuridica.com\/buscador_20179478954\/salapenalcronologico20230723\/wp-json\/wp\/v2\/posts\/50572","targetHints":{"allow":["GET"]}}],"collection":[{"href":"https:\/\/dmsjuridica.com\/buscador_20179478954\/salapenalcronologico20230723\/wp-json\/wp\/v2\/posts"}],"about":[{"href":"https:\/\/dmsjuridica.com\/buscador_20179478954\/salapenalcronologico20230723\/wp-json\/wp\/v2\/types\/post"}],"author":[{"embeddable":true,"href":"https:\/\/dmsjuridica.com\/buscador_20179478954\/salapenalcronologico20230723\/wp-json\/wp\/v2\/users\/1"}],"replies":[{"embeddable":true,"href":"https:\/\/dmsjuridica.com\/buscador_20179478954\/salapenalcronologico20230723\/wp-json\/wp\/v2\/comments?post=50572"}],"version-history":[{"count":0,"href":"https:\/\/dmsjuridica.com\/buscador_20179478954\/salapenalcronologico20230723\/wp-json\/wp\/v2\/posts\/50572\/revisions"}],"wp:attachment":[{"href":"https:\/\/dmsjuridica.com\/buscador_20179478954\/salapenalcronologico20230723\/wp-json\/wp\/v2\/media?parent=50572"}],"wp:term":[{"taxonomy":"category","embeddable":true,"href":"https:\/\/dmsjuridica.com\/buscador_20179478954\/salapenalcronologico20230723\/wp-json\/wp\/v2\/categories?post=50572"},{"taxonomy":"post_tag","embeddable":true,"href":"https:\/\/dmsjuridica.com\/buscador_20179478954\/salapenalcronologico20230723\/wp-json\/wp\/v2\/tags?post=50572"}],"curies":[{"name":"wp","href":"https:\/\/api.w.org\/{rel}","templated":true}]}}