{"id":50565,"date":"2023-09-15T20:50:06","date_gmt":"2023-09-15T20:50:06","guid":{"rendered":"https:\/\/dmsjuridica.com\/buscador_20179478954\/salapenalcronologico20230723\/2023\/09\/15\/atp058-2020\/"},"modified":"2023-09-15T20:50:06","modified_gmt":"2023-09-15T20:50:06","slug":"atp058-2020","status":"publish","type":"post","link":"https:\/\/dmsjuridica.com\/buscador_20179478954\/salapenalcronologico20230723\/2023\/09\/15\/atp058-2020\/","title":{"rendered":"ATP058-2020"},"content":{"rendered":"\n<p>\u00a0 \u00a0 \u00a0 \u00a0\u00a0<\/p>\n<p>JOS\u00c9 \u00a0FRANCISCO ACU\u00d1A VIZCAYA \u00a0<\/p>\n<p>Magistrado \u00a0Ponente \u00a0<\/p>\n<p>ATP058-2020 \u00a0<\/p>\n<p>Radicaci\u00f3n \u00a0N\u00ba 108593 \u00a0<\/p>\n<p>(Aprobado \u00a0Acta N\u00ba. 016 ) \u00a0<\/p>\n<p>Bogot\u00e1 \u00a0D.C., veintiocho (28) de enero de dos mil veinte (2020). \u00a0<\/p>\n<p>Decide \u00a0la Sala sobre el desistimiento de la impugnaci\u00f3n interpuesta \u00a0por EDWIN \u00a0ZAMBRANO PINTO, \u00a0contra el fallo proferido el 26 de noviembre de 2019, por la Sala \u00a0Penal del Tribunal Superior del Distrito Judicial de Ibagu\u00e9, \u00a0mediante el cual \u00a0neg\u00f3 el amparo de los derechos fundamentales \u00a0presuntamente vulnerados por el Juzgados Primero de Ejecuci\u00f3n \u00a0de Penas y Medidas de Seguridad de Ibagu\u00e9 y el Centro de \u00a0Servicios de los Juzgados de Ejecuci\u00f3n de Penas y Medidas de \u00a0Seguridad de la misma ciudad. \u00a0<\/p>\n<p>ANTECEDENTES \u00a0F\u00c1CTICOS Y PROCESALES \u00a0<\/p>\n<p>As\u00ed \u00a0fueron sintetizados los fundamentos de la acci\u00f3n en el fallo \u00a0constitucional de primera instancia: \u00a0<\/p>\n<p>Manifest\u00f3 \u00a0el accionante que le solicit\u00f3 al Juzgado vig\u00eda y al \u00a0Centro de Servicios de los Juzgados de Ejecuci\u00f3n de Penas y \u00a0Medidas de Seguridad de Ibagu\u00e9, la acumulaci\u00f3n jur\u00eddica \u00a0de penas prevista en el art\u00edculo 470 de la Ley 600 de 2000, \u00a0respecto de las condenas \u00a0que se han proferido en su contra. \u00a0<\/p>\n<p>Expuso \u00a0que en los radicados 1300131070011999 00283 00, 200100018 00 y \u00a013430310400112015 00300 00 fue condenado a 345 meses, 8 y 22 a\u00f1os \u00a0de prisi\u00f3n, y en una actuaci\u00f3n ejecutada por el Juzgado \u00a0Quinto de Ejecuci\u00f3n de Penas y Medidas de Seguridad de Ibagu\u00e9 \u00a0se conden\u00f3 a 20 a\u00f1os. \u00a0<\/p>\n<p>Considero \u00a0vulnerados sus derechos constitucionales fundamentales, y solicit\u00f3 \u00a0ordenar al Juzgado Primero de Ejecuci\u00f3n de Penas y Medidas de \u00a0Seguridad de Ibagu\u00e9 que resuelva de fondo su solicitud de \u00a0acumulaci\u00f3n jur\u00eddica.1 \u00a0<\/p>\n<p>CONSIDERACIONES \u00a0DE LA CORTE \u00a0<\/p>\n<p>La \u00a0acci\u00f3n de tutela es un mecanismo de raigambre constitucional, \u00a0establecido para proteger los derechos fundamentales de los \u00a0ciudadanos, cuando se vean amenazados o vulnerados por acciones u \u00a0omisiones de las autoridades p\u00fablicas o de los particulares en \u00a0los casos previstos por el legislador, al cual puede acceder \u00a0cualquier persona que considere se encuentra en alguna de tales \u00a0eventualidades, cuyo ejercicio surge de la voluntad del demandante, \u00a0quien, por lo tanto, tambi\u00e9n tiene la facultad de renunciar a \u00a0esa atribuci\u00f3n. \u00a0<\/p>\n<p>Dicha \u00a0circunstancia se encuentra prevista en el inciso 2\u00ba del art\u00edculo \u00a026 del Decreto 2591 de 1991, en cuanto dispone \u00abel \u00a0recurrente podr\u00e1 desistir de la tutela\u2026\u00bb. \u00a0<\/p>\n<p>En \u00a0el caso objeto de an\u00e1lisis, el accionante ha manifestado su \u00a0deseo de desistir a la impugnaci\u00f3n de la acci\u00f3n de \u00a0tutela. En vista de lo anterior, sumado a la inexistencia de vicio de \u00a0consentimiento alguno en su manifestaci\u00f3n, se acceder\u00e1 \u00a0a la pretensi\u00f3n y \u00a0el archivo de las presentes diligencias. \u00a0<\/p>\n<p>En \u00a0m\u00e9rito de lo expuesto, la Corte \u00a0Suprema de Justicia Sala de Casaci\u00f3n Penal, \u00a0en Sala de Decisi\u00f3n de Tutelas No. 1, \u00a0<\/p>\n<p>RESUELVE \u00a0<\/p>\n<p>1. \u00a0ACEPTAR \u00a0el \u00a0desistimiento de la impugnaci\u00f3n de la acci\u00f3n de tutela \u00a0presentada por EDWIN \u00a0ZAMBRANO PINTO \u00a0contra el Juzgados Primero de Ejecuci\u00f3n de Penas y Medidas de \u00a0Seguridad de Ibagu\u00e9 y el Centro de Servicios de los Juzgados \u00a0de Ejecuci\u00f3n de Penas y Medidas de Seguridad de la misma \u00a0ciudad. \u00a0<\/p>\n<p>2. \u00a0Notificada \u00a0esta \u00a0decisi\u00f3n de conformidad con lo dispuesto por el art\u00edculo \u00a016 del Decreto 2591 de 1991, se ordenar\u00e1 \u00a0el archivo \u00a0de las diligencias. \u00a0<\/p>\n<p>C\u00famplase \u00a0<\/p>\n<p>JOS\u00c9 \u00a0FRANCISCO ACU\u00d1A VIZCAYA \u00a0<\/p>\n<p>EUGENIO \u00a0FERN\u00c1NDEZ CARLIER \u00a0<\/p>\n<p>NUBIA \u00a0YOLANDA NOVA GARC\u00cdA \u00a0<\/p>\n<p>Secretaria \u00a0<\/p>\n<p>1 \u00a0 \u00a0 \u00a0 \u00a0 \u00a0Fls. 23 \u2013 24 Cuaderno 2 \u00a0<\/p>\n<p>\u00a0 \u00a0 \u00a0\u00a0<\/p>\n<p><\/p>\n","protected":false},"excerpt":{"rendered":"<p>\u00a0 \u00a0 \u00a0 \u00a0\u00a0 JOS\u00c9 \u00a0FRANCISCO ACU\u00d1A VIZCAYA \u00a0 Magistrado \u00a0Ponente \u00a0 ATP058-2020 \u00a0 Radicaci\u00f3n \u00a0N\u00ba 108593 \u00a0 (Aprobado \u00a0Acta N\u00ba. 016 ) \u00a0 Bogot\u00e1 \u00a0D.C., veintiocho (28) de enero de dos mil veinte (2020). \u00a0 Decide \u00a0la Sala sobre el desistimiento de la impugnaci\u00f3n interpuesta \u00a0por EDWIN \u00a0ZAMBRANO PINTO, \u00a0contra el fallo proferido el [&hellip;]<\/p>\n","protected":false},"author":1,"featured_media":0,"comment_status":"open","ping_status":"open","sticky":false,"template":"","format":"standard","meta":{"footnotes":""},"categories":[29],"tags":[],"class_list":["post-50565","post","type-post","status-publish","format-standard","hentry","category-29"],"_links":{"self":[{"href":"https:\/\/dmsjuridica.com\/buscador_20179478954\/salapenalcronologico20230723\/wp-json\/wp\/v2\/posts\/50565","targetHints":{"allow":["GET"]}}],"collection":[{"href":"https:\/\/dmsjuridica.com\/buscador_20179478954\/salapenalcronologico20230723\/wp-json\/wp\/v2\/posts"}],"about":[{"href":"https:\/\/dmsjuridica.com\/buscador_20179478954\/salapenalcronologico20230723\/wp-json\/wp\/v2\/types\/post"}],"author":[{"embeddable":true,"href":"https:\/\/dmsjuridica.com\/buscador_20179478954\/salapenalcronologico20230723\/wp-json\/wp\/v2\/users\/1"}],"replies":[{"embeddable":true,"href":"https:\/\/dmsjuridica.com\/buscador_20179478954\/salapenalcronologico20230723\/wp-json\/wp\/v2\/comments?post=50565"}],"version-history":[{"count":0,"href":"https:\/\/dmsjuridica.com\/buscador_20179478954\/salapenalcronologico20230723\/wp-json\/wp\/v2\/posts\/50565\/revisions"}],"wp:attachment":[{"href":"https:\/\/dmsjuridica.com\/buscador_20179478954\/salapenalcronologico20230723\/wp-json\/wp\/v2\/media?parent=50565"}],"wp:term":[{"taxonomy":"category","embeddable":true,"href":"https:\/\/dmsjuridica.com\/buscador_20179478954\/salapenalcronologico20230723\/wp-json\/wp\/v2\/categories?post=50565"},{"taxonomy":"post_tag","embeddable":true,"href":"https:\/\/dmsjuridica.com\/buscador_20179478954\/salapenalcronologico20230723\/wp-json\/wp\/v2\/tags?post=50565"}],"curies":[{"name":"wp","href":"https:\/\/api.w.org\/{rel}","templated":true}]}}