{"id":50439,"date":"2023-09-15T20:48:59","date_gmt":"2023-09-15T20:48:59","guid":{"rendered":"https:\/\/dmsjuridica.com\/buscador_20179478954\/salapenalcronologico20230723\/2023\/09\/15\/ap633-202057080\/"},"modified":"2023-09-15T20:48:59","modified_gmt":"2023-09-15T20:48:59","slug":"ap633-202057080","status":"publish","type":"post","link":"https:\/\/dmsjuridica.com\/buscador_20179478954\/salapenalcronologico20230723\/2023\/09\/15\/ap633-202057080\/","title":{"rendered":"AP633-2020(57080)"},"content":{"rendered":"\n<p>\u00a0 \u00a0 \u00a0 \u00a0\u00a0<\/p>\n<p>LUIS \u00a0ANTONIO HERN\u00c1NDEZ BARBOSA \u00a0<\/p>\n<p>Magistrado \u00a0ponente \u00a0<\/p>\n<p>AP633-2020 \u00a0<\/p>\n<p>Radicaci\u00f3n \u00a0# 57080 \u00a0<\/p>\n<p>Acta \u00a0044 \u00a0<\/p>\n<p>Bogot\u00e1, \u00a0D.C., veintis\u00e9is (26) de febrero de dos mil veinte (2020). \u00a0<\/p>\n<p>ASUNTO: \u00a0<\/p>\n<p>Define \u00a0la Corte cu\u00e1l es la autoridad judicial competente para conocer \u00a0de la actuaci\u00f3n seguida en contra de JOS\u00c9 HELDER ROMERO \u00a0GUIZA y HUGO ALEJANDRO CAVICHE, por los delitos de extorsi\u00f3n, \u00a0fabricaci\u00f3n, tr\u00e1fico y porte de armas, municiones de \u00a0uso restringido, de uso privativo de la Fuerzas Armadas o explosivos \u00a0y desplazamiento forzado. \u00a0<\/p>\n<p>ANTECEDENTES \u00a0Y CONSIDERACIONES: \u00a0<\/p>\n<p>\u00a0 \u00a0\u00a0 \u00a0 \u00a0 \u00a0 \u00a0<\/p>\n<p>1. Seg\u00fan \u00a0 \u00a0 \u00a0 \u00a0 \u00a0se indic\u00f3 en el escrito de acusaci\u00f3n, el 21 de agosto \u00a0 \u00a0 \u00a0 \u00a0 \u00a0de 2018, en el municipio de Bel\u00e9n de los Andaqu\u00edes \u00a0 \u00a0 \u00a0 \u00a0 \u00a0(Caquet\u00e1), el ingeniero civil Jarlinson Hurtado Salas, \u00a0 \u00a0 \u00a0 \u00a0 \u00a0contratista a cargo del mejoramiento de v\u00edas terciarias y \u00a0 \u00a0 \u00a0 \u00a0 \u00a0mantenimiento de la placa huellas en Florencia, San Jos\u00e9 de \u00a0 \u00a0 \u00a0 \u00a0 \u00a0Fragua, Albania y en el aludido municipio, fue objeto de extorsi\u00f3n \u00a0 \u00a0 \u00a0 \u00a0 \u00a0por parte de un grupo que se identific\u00f3 como \u00abFrente \u00a0 \u00a0 \u00a0 \u00a0 \u00a0Primero de las FARC\u2013EP Armando R\u00edos\u00bb. En \u00a0 \u00a0 \u00a0 \u00a0 \u00a0concreto, le entregaron un panfleto1 \u00a0 \u00a0 \u00a0 \u00a0 \u00a0mediante el cual le solicitaron una suma de dinero, a t\u00edtulo \u00a0 \u00a0 \u00a0 \u00a0 \u00a0de impuesto, para poder continuar con los mantenimientos, con el \u00a0 \u00a0 \u00a0 \u00a0 \u00a0mensaje adicional de que se dirigiera \u201ca \u00a0 \u00a0 \u00a0 \u00a0 \u00a0la zona\u201d \u00a0 \u00a0 \u00a0 \u00a0 \u00a0que all\u00e1 lo esperaban. \u00a0<\/p>\n<p>Tras \u00a0adelantar las labores de investigaci\u00f3n, la Fiscal\u00eda \u00a0estableci\u00f3 la existencia de un Grupo Armado Residual, (GAO-R \u00a0C1), dedicado a efectuar actividades il\u00edcitas en el sur del \u00a0Caquet\u00e1 contra comerciantes y ganaderos de esa regi\u00f3n, \u00a0al mando de JOS\u00c9 HELDER ROMERO GUIZA, \u00abalias \u00a0Miguel\u00bb, \u00a0encargado de las finanzas de esa organizaci\u00f3n. \u00a0<\/p>\n<p>El \u00a021 de octubre de 2018, cuando ROMERO GUIZA sal\u00eda de un \u00a0inmueble ubicado en la vereda El Lago del municipio de Puerto Guzm\u00e1n \u00a0(Putumayo), fue abordado por miembros del Gaula Militar quienes, tras \u00a0efectuar una requisa e inspeccionar la aludida vivienda, encontraron \u00a0material de guerra e intendencia. Estos elementos, afirm\u00f3 la \u00a0propietaria del inmueble, eran propiedad de ROMERO GUIZA. \u00a0<\/p>\n<p>Por \u00a0su parte, HUGO ALEJANDRO CAVICHE, \u00a0quien desplegaba las acciones delictivas junto a \u00abalias \u00a0Miguel\u00bb, \u00a0fue detenido momentos despu\u00e9s en la misma localidad. \u00a0<\/p>\n<p>\u00a0 \u00a0\u00a0 \u00a0 \u00a0 \u00a0 \u00a0<\/p>\n<p>2. El \u00a0 \u00a0 \u00a0 \u00a0 \u00a023 de octubre de 2018 la Fiscal\u00eda General de la Naci\u00f3n \u00a0 \u00a0 \u00a0 \u00a0 \u00a0les imput\u00f3 las conductas de extorsi\u00f3n, \u00a0 \u00a0 \u00a0 \u00a0 \u00a0fabricaci\u00f3n, tr\u00e1fico y porte de armas, municiones de \u00a0 \u00a0 \u00a0 \u00a0 \u00a0uso restringido, de uso privativo de la Fuerzas Armadas o explosivos \u00a0 \u00a0 \u00a0 \u00a0 \u00a0y desplazamiento forzado, en calidad de coautores, cargos \u00a0 \u00a0 \u00a0 \u00a0 \u00a0que no fueron aceptados y por los cuales les fue impuesta medida de \u00a0 \u00a0 \u00a0 \u00a0 \u00a0aseguramiento intramural. \u00a0<\/p>\n<p>\u00a0 \u00a0\u00a0 \u00a0 \u00a0 \u00a0 \u00a0<\/p>\n<p>3. El \u00a0 \u00a0 \u00a0 \u00a0 \u00a021 de febrero de 2019 la Fiscal\u00eda General de la Naci\u00f3n \u00a0 \u00a0 \u00a0 \u00a0 \u00a0present\u00f3 escrito de acusaci\u00f3n ante el Juzgado Penal \u00a0 \u00a0 \u00a0 \u00a0 \u00a0del Circuito Especializado de Mocoa, en el que atribuy\u00f3 a \u00a0 \u00a0 \u00a0 \u00a0 \u00a0JOS\u00c9 \u00a0 \u00a0 \u00a0 \u00a0 \u00a0HELDER ROMERO GUIZA y HUGO ALEJANDRO CAVICHE las aludidas conductas. \u00a0 \u00a0 \u00a0 \u00a0 \u00a0El 3 de febrero de 2020 adicion\u00f3 la \u00a0 \u00a0 \u00a0 \u00a0 \u00a0acusaci\u00f3n. \u00a0<\/p>\n<p>\u00a0 \u00a0\u00a0 \u00a0 \u00a0 \u00a0 \u00a0<\/p>\n<p>4. El \u00a0 \u00a0 \u00a0 \u00a0 \u00a05 de febrero de 2020, tras la instalaci\u00f3n de la audiencia de \u00a0 \u00a0 \u00a0 \u00a0 \u00a0formulaci\u00f3n de acusaci\u00f3n, la Fiscal\u00eda solicit\u00f3 \u00a0 \u00a0 \u00a0 \u00a0 \u00a0al Juzgado declararse incompetente para conocer del asunto. \u00a0 \u00a0 \u00a0 \u00a0 \u00a0Argument\u00f3 que los hechos constitutivos de extorsi\u00f3n se \u00a0 \u00a0 \u00a0 \u00a0 \u00a0materializaron en Bel\u00e9n de los Andaqu\u00edes, municipio \u00a0 \u00a0 \u00a0 \u00a0 \u00a0ubicado en la jurisdicci\u00f3n del Caquet\u00e1. As\u00ed \u00a0 \u00a0 \u00a0 \u00a0 \u00a0mismo, precis\u00f3 que dicha conducta es la que comporta mayor \u00a0 \u00a0 \u00a0 \u00a0 \u00a0gravedad y, por ende, impugn\u00f3 la competencia del despacho \u00a0 \u00a0 \u00a0 \u00a0 \u00a0judicial y solicit\u00f3 que remitiera el asunto a los juzgados de \u00a0 \u00a0 \u00a0 \u00a0 \u00a0la misma categor\u00eda en el Distrito Judicial de Florencia, por \u00a0 \u00a0 \u00a0 \u00a0 \u00a0ostentar la competencia territorial. \u00a0<\/p>\n<p>\u00a0 \u00a0\u00a0 \u00a0 \u00a0 \u00a0 \u00a0<\/p>\n<p>5. El \u00a0 \u00a0 \u00a0 \u00a0 \u00a0Juzgado Penal del Circuito Especializado de Mocoa no acept\u00f3 \u00a0 \u00a0 \u00a0 \u00a0 \u00a0la solicitud. Se\u00f1al\u00f3 que la captura de ROMERO GUIZA y \u00a0 \u00a0 \u00a0 \u00a0 \u00a0HUGO CAVICHE ocurri\u00f3 en el municipio de Puerto Guzm\u00e1n \u00a0 \u00a0 \u00a0 \u00a0 \u00a0(Putumayo) y, por tanto, es a ese distrito judicial al que le \u00a0 \u00a0 \u00a0 \u00a0 \u00a0corresponde conocer del asunto. Aunado a lo anterior, estim\u00f3 \u00a0 \u00a0 \u00a0 \u00a0 \u00a0que por econom\u00eda procesal y respeto a las partes, el tr\u00e1mite \u00a0 \u00a0 \u00a0 \u00a0 \u00a0debe surtirse ante ese despacho. \u00a0<\/p>\n<p>\u00a0 \u00a0\u00a0 \u00a0 \u00a0 \u00a0 \u00a0<\/p>\n<p>6. Contra \u00a0 \u00a0 \u00a0 \u00a0 \u00a0dicha determinaci\u00f3n, la Fiscal\u00eda promovi\u00f3 el \u00a0 \u00a0 \u00a0 \u00a0 \u00a0recurso de reposici\u00f3n y en subsidio apelaci\u00f3n. El \u00a0 \u00a0 \u00a0 \u00a0 \u00a0Juzgado mantuvo su decisi\u00f3n y concedi\u00f3 la apelaci\u00f3n. \u00a0 \u00a0 \u00a0 \u00a0 \u00a0La defensa coadyuv\u00f3 la petici\u00f3n de la Fiscal\u00eda \u00a0 \u00a0 \u00a0 \u00a0 \u00a0e indic\u00f3 que en cumplimiento del art\u00edculo 54 de la Ley \u00a0 \u00a0 \u00a0 \u00a0 \u00a0906 de 2004, el tr\u00e1mite deb\u00eda remitirse a la Corte \u00a0 \u00a0 \u00a0 \u00a0 \u00a0Suprema de Justicia, por ser el superior funcional de los dos \u00a0 \u00a0 \u00a0 \u00a0 \u00a0distritos judiciales involucrados. \u00a0<\/p>\n<p>\u00a0 \u00a0\u00a0 \u00a0 \u00a0 \u00a0 \u00a0<\/p>\n<p>7. Por \u00a0 \u00a0 \u00a0 \u00a0 \u00a0auto del 7 de febrero de 2020, la Sala \u00danica del Tribunal \u00a0 \u00a0 \u00a0 \u00a0 \u00a0Superior de Mocoa se abstuvo de resolver el recurso de apelaci\u00f3n \u00a0 \u00a0 \u00a0 \u00a0 \u00a0y dispuso enviar la actuaci\u00f3n a esta Sala para decidir la \u00a0 \u00a0 \u00a0 \u00a0 \u00a0controversia. \u00a0<\/p>\n<p>CONSIDERACIONES \u00a0DE LA CORTE: \u00a0<\/p>\n<p>\u00a0 \u00a0\u00a0 \u00a0 \u00a0 \u00a0 \u00a0<\/p>\n<p>1. De \u00a0 \u00a0 \u00a0 \u00a0 \u00a0conformidad con lo dispuesto en el numeral 4\u00ba del art\u00edculo \u00a0 \u00a0 \u00a0 \u00a0 \u00a032 de la Ley 906 de 2004, la Sala est\u00e1 facultada para \u00a0 \u00a0 \u00a0 \u00a0 \u00a0resolver la definici\u00f3n de competencia entre juzgados de \u00a0 \u00a0 \u00a0 \u00a0 \u00a0diferentes distritos judiciales. Lo \u00a0 \u00a0 \u00a0 \u00a0 \u00a0anterior, en concordancia con lo dispuesto en el art\u00edculo 341 \u00a0 \u00a0 \u00a0 \u00a0 \u00a0del mismo c\u00f3digo, conforme con el cual \u00abde \u00a0 \u00a0 \u00a0 \u00a0 \u00a0las \u00a0 \u00a0 \u00a0 \u00a0 \u00a0impugnaciones de competencia conocer\u00e1 el superior jer\u00e1rquico \u00a0 \u00a0 \u00a0 \u00a0 \u00a0del juez\u00bb.<\/p>\n<p>2. Seg\u00fan \u00a0 \u00a0 \u00a0 \u00a0 \u00a0se desprende de la imputaci\u00f3n f\u00e1ctica, la extorsi\u00f3n \u00a0 \u00a0 \u00a0 \u00a0 \u00a0atribuida a JOS\u00c9 \u00a0 \u00a0 \u00a0 \u00a0 \u00a0HELDER ROMERO GUIZA y HUGO ALEJANDRO CAVICHE \u00a0 \u00a0 \u00a0 \u00a0 \u00a0se materializ\u00f3 en el municipio de Bel\u00e9n de los \u00a0 \u00a0 \u00a0 \u00a0 \u00a0Andaqu\u00edes (Caquet\u00e1), cuando hicieron llegar a \u00a0 \u00a0 \u00a0 \u00a0 \u00a0Jarlinson Hurtado Salas, un panfleto en el cual le exig\u00edan el \u00a0 \u00a0 \u00a0 \u00a0 \u00a0pago de un \u00abporcentaje \u00a0 \u00a0 \u00a0 \u00a0 \u00a0del impuesto de la obra\u00bb, \u00a0 \u00a0 \u00a0 \u00a0 \u00a0a cambio de permitirle continuar con el mantenimiento de placas \u00a0 \u00a0 \u00a0 \u00a0 \u00a0huellas y el mejoramiento de las v\u00edas terciarias en dicha \u00a0 \u00a0 \u00a0 \u00a0 \u00a0localidad. \u00a0<\/p>\n<p>\u00a0 \u00a0\u00a0 \u00a0 \u00a0 \u00a0 \u00a0<\/p>\n<p>3. El \u00a0 \u00a0 \u00a0 \u00a0 \u00a0art\u00edculo \u00a0 \u00a0 \u00a0 \u00a0 \u00a052 de la Ley 906 de 2004 dispone que el juzgamiento de delitos \u00a0 \u00a0 \u00a0 \u00a0 \u00a0conexos le corresponde al juez de mayor jerarqu\u00eda, para el \u00a0 \u00a0 \u00a0 \u00a0 \u00a0caso un juez penal del circuito especializado (art. 35 num. 9-23 \u00a0 \u00a0 \u00a0 \u00a0 \u00a0ib\u00eddem), \u00a0 \u00a0 \u00a0 \u00a0 \u00a0pero si los funcionarios enfrentados son del mismo nivel, el factor \u00a0 \u00a0 \u00a0 \u00a0 \u00a0determinante de la competencia es el territorio de forma excluyente \u00a0 \u00a0 \u00a0 \u00a0 \u00a0y preferente, en el siguiente orden: i) donde se haya cometido el \u00a0 \u00a0 \u00a0 \u00a0 \u00a0delito m\u00e1s grave, ii) donde se haya realizado el mayor n\u00famero \u00a0 \u00a0 \u00a0 \u00a0 \u00a0de delitos, iii) donde se haya producido la primera captura o, iv) \u00a0 \u00a0 \u00a0 \u00a0 \u00a0donde se haya formulado la primera imputaci\u00f3n. \u00a0<\/p>\n<p>\u00a0 \u00a0\u00a0 \u00a0 \u00a0 \u00a0 \u00a0<\/p>\n<p>4. En \u00a0 \u00a0 \u00a0 \u00a0 \u00a0el presente caso el delito m\u00e1s grave sin lugar a dudas es el \u00a0 \u00a0 \u00a0 \u00a0 \u00a0de extorsi\u00f3n, sancionado en la ley penal con sanci\u00f3n \u00a0 \u00a0 \u00a0 \u00a0 \u00a0de prisi\u00f3n entre 192 \u00a0 \u00a0 \u00a0 \u00a0 \u00a0a 288 meses. \u00a0 \u00a0 \u00a0 \u00a0 \u00a0El \u00a0 \u00a0 \u00a0 \u00a0 \u00a0de fabricaci\u00f3n, tr\u00e1fico y porte de armas, municiones \u00a0 \u00a0 \u00a0 \u00a0 \u00a0de uso restringido, de uso privativo de las fuerzas armadas consagra \u00a0 \u00a0 \u00a0 \u00a0 \u00a0pena de \u00a0132 a 180 meses y \u00a0 \u00a0 \u00a0 \u00a0 \u00a0el de desplazamiento forzado de 96 a 216 meses. \u00a0<\/p>\n<p>As\u00ed \u00a0las cosas, como la conducta m\u00e1s grave ocurri\u00f3 en el \u00a0municipio de Bel\u00e9n de los Andaqu\u00edes (Caquet\u00e1), \u00a0en donde se encontraba la v\u00edctima cuando recibi\u00f3 el \u00a0escrito extorsivo, es evidente que el conocimiento del presente \u00a0asunto le corresponde a los Juzgados Penales del Circuito \u00a0Especializados, del distrito judicial de Florencia, a cuyo Centro de \u00a0Servicios Judiciales se remitir\u00e1n de inmediato las \u00a0diligencias. \u00a0<\/p>\n<p>La \u00a0presente decisi\u00f3n se comunicar\u00e1 al Juzgado Penal del \u00a0Circuito Especializado de Mocoa. \u00a0<\/p>\n<p>En \u00a0m\u00e9rito de lo expuesto, la Corte Suprema de Justicia, Sala de \u00a0Casaci\u00f3n Penal, \u00a0<\/p>\n<p>RESUELVE: \u00a0<\/p>\n<p>1. \u00a0 \u00a0 \u00a0 \u00a0DECLARAR \u00a0que \u00a0la competencia para conocer de la actuaci\u00f3n seguida en contra \u00a0de JOS\u00c9 \u00a0HELDER ROMERO GUIZA y HUGO ALEJANDRO CAVICHE, \u00a0corresponde \u00a0a los Juzgados Penales del Circuito Especializados de Florencia \u00a0(Caquet\u00e1). \u00a0<\/p>\n<p>2. \u00a0 \u00a0 \u00a0 \u00a0COMUNICAR \u00a0la \u00a0presente decisi\u00f3n al Juzgado Penal del Circuito Especializado \u00a0de Mocoa. \u00a0<\/p>\n<p>Contra \u00a0esta decisi\u00f3n no proceden recursos. \u00a0<\/p>\n<p>C\u00daMPLASE. \u00a0<\/p>\n<p>PATRICIA \u00a0SALAZAR CU\u00c9LLAR \u00a0<\/p>\n<p>JOS\u00c9 \u00a0FRANCISCO ACU\u00d1A VIZCAYA \u00a0<\/p>\n<p>EUGENIO \u00a0FERN\u00c1NDEZ CARLIER \u00a0<\/p>\n<p>LUIS \u00a0ANTONIO HERN\u00c1NDEZ BARBOSA \u00a0<\/p>\n<p>JAIME \u00a0HUMBERTO MORENO ACERO \u00a0<\/p>\n<p>EYDER \u00a0PATI\u00d1O CABRERA \u00a0<\/p>\n<p>NUBIA \u00a0YOLANDA NOVA GARC\u00cdA \u00a0<\/p>\n<p>1 \u00a0 \u00a0 \u00a0 \u00a0 \u00a0\u00abSe\u00f1or ingeniero de la v\u00eda Bel\u00e9n a puerto \u00a0 \u00a0 \u00a0 \u00a0 \u00a0chiquio espero reciba un cordial saludo del Frente Primero de las \u00a0 \u00a0 \u00a0 \u00a0 \u00a0FARC-EP el llamado es para que arreglemos el porcentaje del impuesto \u00a0 \u00a0 \u00a0 \u00a0 \u00a0de la obra. Comandante Miguel 350 4312139 (\u2026) Frente Primero \u00a0 \u00a0 \u00a0 \u00a0 \u00a0de las FARC-EP Armando R\u00edos\u00bb. \u00a0<\/p>\n<p>4 \u00a0 \u00a0 \u00a0<\/p>\n<p><\/p>\n","protected":false},"excerpt":{"rendered":"<p>\u00a0 \u00a0 \u00a0 \u00a0\u00a0 LUIS \u00a0ANTONIO HERN\u00c1NDEZ BARBOSA \u00a0 Magistrado \u00a0ponente \u00a0 AP633-2020 \u00a0 Radicaci\u00f3n \u00a0# 57080 \u00a0 Acta \u00a0044 \u00a0 Bogot\u00e1, \u00a0D.C., veintis\u00e9is (26) de febrero de dos mil veinte (2020). \u00a0 ASUNTO: \u00a0 Define \u00a0la Corte cu\u00e1l es la autoridad judicial competente para conocer \u00a0de la actuaci\u00f3n seguida en contra de JOS\u00c9 HELDER [&hellip;]<\/p>\n","protected":false},"author":1,"featured_media":0,"comment_status":"open","ping_status":"open","sticky":false,"template":"","format":"standard","meta":{"footnotes":""},"categories":[29],"tags":[],"class_list":["post-50439","post","type-post","status-publish","format-standard","hentry","category-29"],"_links":{"self":[{"href":"https:\/\/dmsjuridica.com\/buscador_20179478954\/salapenalcronologico20230723\/wp-json\/wp\/v2\/posts\/50439","targetHints":{"allow":["GET"]}}],"collection":[{"href":"https:\/\/dmsjuridica.com\/buscador_20179478954\/salapenalcronologico20230723\/wp-json\/wp\/v2\/posts"}],"about":[{"href":"https:\/\/dmsjuridica.com\/buscador_20179478954\/salapenalcronologico20230723\/wp-json\/wp\/v2\/types\/post"}],"author":[{"embeddable":true,"href":"https:\/\/dmsjuridica.com\/buscador_20179478954\/salapenalcronologico20230723\/wp-json\/wp\/v2\/users\/1"}],"replies":[{"embeddable":true,"href":"https:\/\/dmsjuridica.com\/buscador_20179478954\/salapenalcronologico20230723\/wp-json\/wp\/v2\/comments?post=50439"}],"version-history":[{"count":0,"href":"https:\/\/dmsjuridica.com\/buscador_20179478954\/salapenalcronologico20230723\/wp-json\/wp\/v2\/posts\/50439\/revisions"}],"wp:attachment":[{"href":"https:\/\/dmsjuridica.com\/buscador_20179478954\/salapenalcronologico20230723\/wp-json\/wp\/v2\/media?parent=50439"}],"wp:term":[{"taxonomy":"category","embeddable":true,"href":"https:\/\/dmsjuridica.com\/buscador_20179478954\/salapenalcronologico20230723\/wp-json\/wp\/v2\/categories?post=50439"},{"taxonomy":"post_tag","embeddable":true,"href":"https:\/\/dmsjuridica.com\/buscador_20179478954\/salapenalcronologico20230723\/wp-json\/wp\/v2\/tags?post=50439"}],"curies":[{"name":"wp","href":"https:\/\/api.w.org\/{rel}","templated":true}]}}