{"id":50395,"date":"2023-09-15T20:48:57","date_gmt":"2023-09-15T20:48:57","guid":{"rendered":"https:\/\/dmsjuridica.com\/buscador_20179478954\/salapenalcronologico20230723\/2023\/09\/15\/ap436-202055642\/"},"modified":"2023-09-15T20:48:57","modified_gmt":"2023-09-15T20:48:57","slug":"ap436-202055642","status":"publish","type":"post","link":"https:\/\/dmsjuridica.com\/buscador_20179478954\/salapenalcronologico20230723\/2023\/09\/15\/ap436-202055642\/","title":{"rendered":"AP436-2020(55642)"},"content":{"rendered":"\n<p>\u00a0 \u00a0 \u00a0 \u00a0\u00a0<\/p>\n<p>LUIS ANTONIO HERN\u00c1NDEZ \u00a0BARBOSA \u00a0<\/p>\n<p>Magistrado ponente \u00a0<\/p>\n<p>AP436-2020 \u00a0<\/p>\n<p>Radicaci\u00f3n n.\u00b0 \u00a055642 \u00a0<\/p>\n<p>Acta 030 \u00a0<\/p>\n<p>Bogot\u00e1, D. C., febrero \u00a0doce (12) de dos mil veinte (2020) \u00a0<\/p>\n<p>VISTOS: \u00a0<\/p>\n<p>Se pronuncia la Sala respecto \u00a0de la solicitud de preclusi\u00f3n por muerte del procesado, \u00a0presentada por el defensor de DIEGO FERNANDO TORRES MORALES. \u00a0<\/p>\n<p>HECHOS \u00a0<\/p>\n<p>Aproximadamente a las 8 de la \u00a0noche del 12 de octubre de 2012, en la calle 138 No. 58 \u2013 38 de \u00a0Bogot\u00e1, DIEGO FERNANDO TORRES agredi\u00f3 a su compa\u00f1era \u00a0permanente Ana Mar\u00eda D\u00edaz Casta\u00f1o, primero con \u00a0palabras injuriosas y luego f\u00edsicamente, mordi\u00e9ndola en \u00a0el brazo, la cabeza y la cara, caus\u00e1ndole una incapacidad \u00a0m\u00e9dico legal de 7 d\u00edas sin secuelas. \u00a0<\/p>\n<p>ACTUACI\u00d3N PROCESAL: \u00a0<\/p>\n<p>En audiencia realizada el 15 de \u00a0marzo de 2016 ante el Juzgado 2 Penal Municipal con funci\u00f3n de \u00a0control de garant\u00edas de Bogot\u00e1, la Fiscal\u00eda \u00a0imput\u00f3 a TORRES MORALES la comisi\u00f3n del delito de \u00a0violencia intrafamiliar agravado. \u00a0<\/p>\n<p>Allegado el escrito de \u00a0acusaci\u00f3n, el 30 de junio de 2016 se realiz\u00f3 la \u00a0correspondiente audiencia, en la cual se mantuvo la imputaci\u00f3n \u00a0por el mencionado punible. \u00a0<\/p>\n<p>Surtido el debate oral, el \u00a0Juzgado 7 Penal Municipal con funciones de conocimiento de esta \u00a0ciudad profiri\u00f3 fallo el 2 de noviembre de 2017, condenando a \u00a0DIEGO TORRES a prisi\u00f3n, inhabilitaci\u00f3n para el \u00a0ejercicio de derechos y funciones p\u00fablicas y prohibici\u00f3n \u00a0de acercarse o comunicarse con la v\u00edctima por 72 meses. Le fue \u00a0negada la condena de ejecuci\u00f3n condicional y la prisi\u00f3n \u00a0domiciliaria. \u00a0<\/p>\n<p>Impugnada tal providencia por \u00a0la defensa, fue confirmada por el Tribunal de Bogot\u00e1 a trav\u00e9s \u00a0del fallo recurrido en casaci\u00f3n, expedido el 11 de marzo de \u00a02019. \u00a0<\/p>\n<p>Encontr\u00e1ndose \u00a0pendiente la calificaci\u00f3n de la demanda, el 6 de diciembre de \u00a02019 el defensor de TORRES MORALES alleg\u00f3 un escrito \u00a0solicitando la preclusi\u00f3n por muerte del acusado, para lo cual \u00a0aport\u00f3 el correspondiente registro de defunci\u00f3n. \u00a0<\/p>\n<p>CONSIDERACIONES DE LA CORTE: \u00a0<\/p>\n<p>De conformidad con los \u00a0art\u00edculos 82 de la Ley 599 de 2000 y 77 de la Ley 906 de 2004, \u00a0la muerte del procesado corresponde a una de las causales para \u00a0extinguir la acci\u00f3n penal, circunstancia que debe estar \u00a0debidamente probada con el respectivo certificado de registro civil \u00a0de defunci\u00f3n. \u00a0<\/p>\n<p>Si bien el art\u00edculo 78 \u00a0de la referida legislaci\u00f3n procesal dispone que la Fiscal\u00eda \u00a0debe solicitar al juez de conocimiento la preclusi\u00f3n de la \u00a0actuaci\u00f3n, debiendo acreditar la ocurrencia del motivo, como \u00a0en este asunto la petici\u00f3n fue formulada por la defensa, es \u00a0necesario recordar lo que al respecto ha dilucidado la Sala1: \u00a0<\/p>\n<p>\u201cPor razones de \u00a0econom\u00eda procesal y ejercicio de la razonabilidad, es \u00a0imperioso dar por extinguida la acci\u00f3n penal cuando el \u00a0implicado ha fallecido, pues el Ente Acusador carece de contradictor \u00a0y resultar\u00eda dilatorio de la situaci\u00f3n, arg\u00fcir \u00a0falta de petici\u00f3n de la Fiscal\u00eda frente a la concreta \u00a0causal analizada, cuando lo cierto es que demostrada la misma, la \u00a0acci\u00f3n penal no puede proseguirse\u201d. \u00a0<\/p>\n<p>Precisado lo anterior, se \u00a0encuentra que si la defensa alleg\u00f3 junto con su petici\u00f3n \u00a0el registro civil de defunci\u00f3n (indicativo serial 5488488) de \u00a0DIEGO FERNANDO TORRES MORALES, identificado con la c\u00e9dula de \u00a0ciudadan\u00eda No. 80.137.270, en el cual da cuenta de su \u00a0fallecimiento en Kronosbergs Lanvaxjo, Suecia, el 13 de octubre de \u00a02019, se encuentra acreditada la muerte del acusado, circunstancia \u00a0que actualiza una de las causales de extinci\u00f3n de la acci\u00f3n, \u00a0conlleva proferir preclusi\u00f3n de la investigaci\u00f3n \u00a0(art\u00edculos 77, 78 y 332 de la Ley 906 de 2004) e impide \u00a0continuar con el tr\u00e1mite del recurso de casaci\u00f3n. \u00a0<\/p>\n<p>Como \u00a0la Corte Constitucional2 \u00a0al declarar la exequibilidad condicionada de la expresi\u00f3n la \u00a0\u201cmuerte del \u00a0procesado\u201d \u00a0como causal de extinci\u00f3n de la acci\u00f3n penal, dispuso \u00a0que para garantizar los derechos de la v\u00edctima o perjudicado \u00a0con la conducta investigada, al ordenarse la preclusi\u00f3n debe \u00a0tambi\u00e9n disponerse la entrega a la v\u00edctima o a su \u00a0representante de los elementos materiales probatorios recaudados \u00a0hasta el fallecimiento del incriminado, se ordena en este asunto \u00a0entregar al sujeto pasivo del delito o a su apoderado los medios de \u00a0tal naturaleza que requieran3. \u00a0<\/p>\n<p>En \u00a0m\u00e9rito de lo expuesto, la CORTE SUPREMA DE JUSTICIA, SALA DE \u00a0CASACI\u00d3N PENAL, \u00a0<\/p>\n<p>RESUELVE: \u00a0<\/p>\n<p>1. \u00a0 \u00a0 \u00a0 \u00a0DECLARAR \u00a0extinguida la acci\u00f3n \u00a0penal por muerte del procesado DIEGO FERNANDO TORRES MORALES y, en \u00a0consecuencia, precluir la investigaci\u00f3n adelantada en su \u00a0contra por el delito de violencia intrafamiliar. \u00a0<\/p>\n<p>2. \u00a0 \u00a0 \u00a0 \u00a0ORDENAR \u00a0a la Fiscal\u00eda 289 Local de Bogot\u00e1, entregue a la \u00a0v\u00edctima o a su apoderado, los elementos materiales de prueba \u00a0recaudados que requieran. \u00a0<\/p>\n<p>3. \u00a0 \u00a0 \u00a0 \u00a0DEVOLVER \u00a0las diligencias al Tribunal de origen para lo de su cargo. \u00a0<\/p>\n<p>Contra esta \u00a0determinaci\u00f3n \u00a0procede recurso de reposici\u00f3n. \u00a0<\/p>\n<p>NOTIF\u00cdQUESE Y \u00a0C\u00daMPLASE, \u00a0<\/p>\n<p>PATRICIA SALAZAR CU\u00c9LLAR \u00a0<\/p>\n<p>JOS\u00c9 FRANCISCO ACU\u00d1A \u00a0VIZCAYA \u00a0<\/p>\n<p>EUGENIO FERN\u00c1NDEZ \u00a0CARLIER \u00a0<\/p>\n<p>LUIS ANTONIO HERN\u00c1NDEZ \u00a0BARBOSA \u00a0<\/p>\n<p>JAIME HUMBERTO MORENO ACERO \u00a0<\/p>\n<p>EYDER PATI\u00d1O CABRERA \u00a0<\/p>\n<p>NUBIA \u00a0YOLANDA NOVA GARC\u00cdA \u00a0<\/p>\n<p>Secretaria \u00a0<\/p>\n<p>1 \u00a0 \u00a0 \u00a0 \u00a0 \u00a0CSJ \u00a0 \u00a0 \u00a0 \u00a0 \u00a0AP, 16 mar. 2016. Rad. 44679. \u00a0<\/p>\n<p>2 \u00a0 \u00a0 \u00a0 \u00a0 \u00a0CC \u00a0 \u00a0 \u00a0 \u00a0 \u00a0C-828 de 2010 \u00a0<\/p>\n<p>3 \u00a0 \u00a0 \u00a0 \u00a0 \u00a0Cfr. CSJ \u00a0 \u00a0 \u00a0 \u00a0 \u00a0AP, 16 mar. 2016. Rad. 44679. \u00a0<\/p>\n<p>\u00a0 \u00a0 \u00a0\u00a0<\/p>\n<p><\/p>\n","protected":false},"excerpt":{"rendered":"<p>\u00a0 \u00a0 \u00a0 \u00a0\u00a0 LUIS ANTONIO HERN\u00c1NDEZ \u00a0BARBOSA \u00a0 Magistrado ponente \u00a0 AP436-2020 \u00a0 Radicaci\u00f3n n.\u00b0 \u00a055642 \u00a0 Acta 030 \u00a0 Bogot\u00e1, D. C., febrero \u00a0doce (12) de dos mil veinte (2020) \u00a0 VISTOS: \u00a0 Se pronuncia la Sala respecto \u00a0de la solicitud de preclusi\u00f3n por muerte del procesado, \u00a0presentada por el defensor de DIEGO [&hellip;]<\/p>\n","protected":false},"author":1,"featured_media":0,"comment_status":"open","ping_status":"open","sticky":false,"template":"","format":"standard","meta":{"footnotes":""},"categories":[29],"tags":[],"class_list":["post-50395","post","type-post","status-publish","format-standard","hentry","category-29"],"_links":{"self":[{"href":"https:\/\/dmsjuridica.com\/buscador_20179478954\/salapenalcronologico20230723\/wp-json\/wp\/v2\/posts\/50395","targetHints":{"allow":["GET"]}}],"collection":[{"href":"https:\/\/dmsjuridica.com\/buscador_20179478954\/salapenalcronologico20230723\/wp-json\/wp\/v2\/posts"}],"about":[{"href":"https:\/\/dmsjuridica.com\/buscador_20179478954\/salapenalcronologico20230723\/wp-json\/wp\/v2\/types\/post"}],"author":[{"embeddable":true,"href":"https:\/\/dmsjuridica.com\/buscador_20179478954\/salapenalcronologico20230723\/wp-json\/wp\/v2\/users\/1"}],"replies":[{"embeddable":true,"href":"https:\/\/dmsjuridica.com\/buscador_20179478954\/salapenalcronologico20230723\/wp-json\/wp\/v2\/comments?post=50395"}],"version-history":[{"count":0,"href":"https:\/\/dmsjuridica.com\/buscador_20179478954\/salapenalcronologico20230723\/wp-json\/wp\/v2\/posts\/50395\/revisions"}],"wp:attachment":[{"href":"https:\/\/dmsjuridica.com\/buscador_20179478954\/salapenalcronologico20230723\/wp-json\/wp\/v2\/media?parent=50395"}],"wp:term":[{"taxonomy":"category","embeddable":true,"href":"https:\/\/dmsjuridica.com\/buscador_20179478954\/salapenalcronologico20230723\/wp-json\/wp\/v2\/categories?post=50395"},{"taxonomy":"post_tag","embeddable":true,"href":"https:\/\/dmsjuridica.com\/buscador_20179478954\/salapenalcronologico20230723\/wp-json\/wp\/v2\/tags?post=50395"}],"curies":[{"name":"wp","href":"https:\/\/api.w.org\/{rel}","templated":true}]}}