{"id":50383,"date":"2023-09-15T20:48:56","date_gmt":"2023-09-15T20:48:56","guid":{"rendered":"https:\/\/dmsjuridica.com\/buscador_20179478954\/salapenalcronologico20230723\/2023\/09\/15\/ap373-202056448\/"},"modified":"2023-09-15T20:48:56","modified_gmt":"2023-09-15T20:48:56","slug":"ap373-202056448","status":"publish","type":"post","link":"https:\/\/dmsjuridica.com\/buscador_20179478954\/salapenalcronologico20230723\/2023\/09\/15\/ap373-202056448\/","title":{"rendered":"AP373-2020(56448)"},"content":{"rendered":"\n<p>\u00a0 \u00a0 \u00a0 \u00a0\u00a0<\/p>\n<p>LUIS \u00a0ANTONIO HERN\u00c1NDEZ BARBOSA \u00a0<\/p>\n<p>Magistrado \u00a0ponente \u00a0<\/p>\n<p>AP373-2020 \u00a0<\/p>\n<p>Radicaci\u00f3n \u00a0No. 56448 \u00a0<\/p>\n<p>Acta \u00a0n\u00b0 22 \u00a0<\/p>\n<p>Bogot\u00e1, \u00a0D.C., cinco (05) de febrero de dos mil veinte (2020). \u00a0<\/p>\n<p>VISTOS: \u00a0<\/p>\n<p>Se \u00a0pronuncia la Sala sobre las solicitudes probatorias elevadas por la \u00a0defensa, dentro del tr\u00e1mite de extradici\u00f3n que se \u00a0adelanta contra LUIS SPENCER OROZCO PACHECO, requerido por el \u00a0Gobierno de los Estados Unidos de Am\u00e9rica. \u00a0<\/p>\n<p>ANTECEDENTES: \u00a0<\/p>\n<p>1. \u00a0Mediante \u00a0Nota Verbal 2234 del 19 de diciembre 2018, el Gobierno de los Estados \u00a0Unidos de Am\u00e9rica por conducto de su Embajada en Colombia, \u00a0solicit\u00f3 al Ministerio de Relaciones Exteriores la detenci\u00f3n \u00a0preventiva con fines de extradici\u00f3n de LUIS SPENCER OROZCO \u00a0PACHECO, ciudadano colombiano requerido para comparecer a juicio por \u00a0\u00abdelitos \u00a0de tr\u00e1fico de narc\u00f3ticos y delitos relacionados con \u00a0concierto para delinquir\u00bb, \u00a0seg\u00fan la acusaci\u00f3n 4:18CR144, dictada el 5 de \u00a0septiembre de 2018 en la Corte Distrital de los Estados Unidos para \u00a0el Distrito Este de Texas. \u00a0<\/p>\n<p>2. \u00a0Con \u00a0fundamento en esa petici\u00f3n la Fiscal\u00eda General de la \u00a0Naci\u00f3n decret\u00f3, mediante Resoluci\u00f3n del 10 de \u00a0enero de 2019, la captura de LUIS SPENCER OROZCO PACHECO. \u00c9sta \u00a0se hizo efectiva el 27 de agosto siguiente en la ciudad de Cartagena. \u00a0<\/p>\n<p>3. \u00a0Mediante Nota Verbal 1699 del 11 de octubre de 2019, la \u00a0Representaci\u00f3n Diplom\u00e1tica de los Estados Unidos \u00a0formaliz\u00f3 la solicitud de extradici\u00f3n de LUIS SPENCER \u00a0OROZCO PACHECO. \u00a0<\/p>\n<p>4. \u00a0A su vez, el Ministerio de Relaciones Exteriores, con oficio DIAJI \u00a02641 de fecha 15 de octubre de 2019, dirigido a la Cartera de \u00a0Justicia y del Derecho, conceptu\u00f3: \u00a0<\/p>\n<p>\u00abConforme \u00a0a lo establecido en nuestra legislaci\u00f3n procesal penal \u00a0interna, se informa que es del caso proceder con sujeci\u00f3n a \u00a0las convenciones de las cuales son parte la Rep\u00fablica de \u00a0Colombia y los Estados Unidos de Am\u00e9rica (\u2026): \u00a0 \u00a0 \u00a0 \u00a0 \u00a0 \u00a0<\/p>\n<p>* La \u00a0 \u00a0 \u00a0 \u00a0 \u00a0\u201cConvenci\u00f3n de las Naciones Unidas contra el tr\u00e1fico \u00a0 \u00a0 \u00a0 \u00a0 \u00a0il\u00edcito de estupefacientes y sustancias psicotr\u00f3picas\u201d, \u00a0 \u00a0 \u00a0 \u00a0 \u00a0suscrita en Viena el 20 de diciembre de 1988 (\u2026).<\/p>\n<p>* La \u00a0 \u00a0 \u00a0 \u00a0 \u00a0\u201cConvenci\u00f3n de las Naciones Unidas contra la \u00a0 \u00a0 \u00a0 \u00a0 \u00a0Delincuencia Organizada Transnacional\u201d, adoptada en New York, \u00a0 \u00a0 \u00a0 \u00a0 \u00a0el 27 de noviembre de 2000 (\u2026).\u00bb. \u00a0<\/p>\n<p>5. \u00a0Por su parte, el Jefe de la Oficina de Asuntos Internacionales del \u00a0Ministerio de Justicia y del Derecho, con oficio \u00a0MJD-OFI19-0031844-DAI-1100 del 22 de octubre de 2019, remiti\u00f3 \u00a0a esta Corte la solicitud de extradici\u00f3n con la documentaci\u00f3n \u00a0reunida. \u00a0<\/p>\n<p>6. \u00a0El \u00a025 de octubre de 2019 la Sala asumi\u00f3 el conocimiento del \u00a0asunto y \u00a0requiri\u00f3 a LUIS SPENCER OROZCO PACHECO para la designaci\u00f3n \u00a0de apoderado que le asista en este tr\u00e1mite. Cumplido lo \u00a0anterior, se dispuso surtir \u00a0el traslado previsto en el art\u00edculo 500 de la Ley 906 de 2004. \u00a0<\/p>\n<p>PETICIONES \u00a0PROBATORIAS: \u00a0<\/p>\n<p>En \u00a0el t\u00e9rmino conferido, la defensa \u00a0solicit\u00f3 que se oficie a la Fiscal\u00eda General de la \u00a0Naci\u00f3n, en orden a establecer si por los mismos hechos objeto \u00a0del requerimiento, se adelanta proceso penal en este pa\u00eds en \u00a0contra del requerido, y en caso de ser afirmativa la respuesta, \u00a0 allegue \u00a0 a este tr\u00e1mite la informaci\u00f3n respectiva sobre los \u00a0mismos. \u00a0<\/p>\n<p>Igualmente, \u00a0demand\u00f3 se verifique que el Estado requirente brinde las \u00a0garant\u00edas necesarias para proteger los derechos de LUIS \u00a0SPENCER OROZCO PACHECO, quien seg\u00fan dictamen del Instituto de \u00a0Medicina Legal, tiene antecedentes de \u00abtrastorno \u00a0de ansiedad y trastorno afectivo bipolar\u00bb. \u00a0<\/p>\n<p>Por \u00a0su parte, el representante del Ministerio P\u00fablico no solicit\u00f3 \u00a0la pr\u00e1ctica de prueba alguna. \u00a0<\/p>\n<p>CONSIDERACIONES \u00a0DE LA CORTE: \u00a0<\/p>\n<p>\u00a0 \u00a0\u00a0 \u00a0 \u00a0 \u00a0 \u00a0<\/p>\n<p>1. Las \u00a0 \u00a0 \u00a0 \u00a0 \u00a0Pruebas en el Tr\u00e1mite de Extradici\u00f3n: \u00a0<\/p>\n<p>Trat\u00e1ndose \u00a0de un concepto sobre la viabilidad de una extradici\u00f3n, \u00a0conforme al art\u00edculo 502 de la Ley 906 de 2004, la Corte debe \u00a0concentrarse en corroborar la demostraci\u00f3n de la plena \u00a0identidad del solicitado, la validez formal de la documentaci\u00f3n \u00a0presentada como soporte de la solicitud, la observancia del principio \u00a0de doble incriminaci\u00f3n, la equivalencia de la providencia \u00a0extranjera con la resoluci\u00f3n de acusaci\u00f3n colombiana y \u00a0el cumplimiento de los tratados, si fuere el caso. \u00a0<\/p>\n<p>Igualmente, \u00a0 \u00a0 la \u00a0 Sala \u00a0 tiene \u00a0 establecido \u00a0 que \u00a0 se \u00a0 debe constatar si en \u00a0Colombia se profiri\u00f3 decisi\u00f3n con fuerza de cosa \u00a0juzgada por los mismos hechos que sustentan la petici\u00f3n de \u00a0extradici\u00f3n. \u00a0<\/p>\n<p>La \u00a0aducci\u00f3n y pr\u00e1ctica de pruebas al interior del tr\u00e1mite \u00a0de extradici\u00f3n se rige por las pautas generales que regulan el \u00a0recaudo probatorio en el procedimiento penal, imponi\u00e9ndose el \u00a0an\u00e1lisis de la conducencia, pertinencia y utilidad de los \u00a0medios de convicci\u00f3n solicitados1, \u00a0de cara a los puntuales aspectos que la Corte debe abordar al emitir \u00a0su concepto. \u00a0<\/p>\n<p>Por \u00a0ende, si las pruebas solicitadas no guardan relaci\u00f3n con esos \u00a0temas, versan sobre hechos claramente impertinentes o carecen de \u00a0utilidad, deben ser desestimadas. \u00a0<\/p>\n<p>\u00a0 \u00a0\u00a0 \u00a0 \u00a0 \u00a0 \u00a0<\/p>\n<p>2. De \u00a0 \u00a0 \u00a0 \u00a0 \u00a0la solicitud de pruebas: \u00a0<\/p>\n<p>2.1. \u00a0Precisados los par\u00e1metros bajo los cuales corresponde \u00a0adelantar la actividad probatoria en el tr\u00e1mite de \u00a0extradici\u00f3n, resulta claro que \u00a0el requerimiento dirigido a indagar por la existencia de \u00a0investigaciones en aras de descartar una eventual vulneraci\u00f3n \u00a0de la garant\u00eda del non \u00a0bis in \u00eddem que \u00a0le asiste al reclamado es pertinente. \u00a0<\/p>\n<p>En \u00a0 \u00a0 \u00a0ese \u00a0 \u00a0orden, \u00a0 \u00a0resulta \u00a0 \u00a0conducente \u00a0 \u00a0 y \u00a0 \u00a0pertinente \u00a0<\/p>\n<p>corroborar \u00a0si por \u00a0parte de las autoridades nacionales se \u00a0ha ejercido con anterioridad la jurisdicci\u00f3n respecto de los \u00a0hechos objeto del requerimiento. \u00a0<\/p>\n<p>Por \u00a0consiguiente, se \u00a0decretar\u00e1 \u00a0esa postulaci\u00f3n de la defensa, en el sentido de requerir a la \u00a0Fiscal\u00eda General de la Naci\u00f3n y a la Polic\u00eda \u00a0Nacional para que, \u00a0en \u00a0el perentorio t\u00e9rmino de diez (10) d\u00edas al que se \u00a0refiere el inciso 2\u00ba del art. 500 de la Ley 906 de 20042, \u00a0consulten en sus bases de datos si obra alguna investigaci\u00f3n \u00a0en contra del reclamado LUIS SPENCER OROZCO PACHECO y, en caso \u00a0afirmativo, informen el n\u00famero de radicaci\u00f3n, los \u00a0hechos objeto de investigaci\u00f3n y el estado actual del tr\u00e1mite. \u00a0Deber\u00e1n adem\u00e1s, de ser el caso, allegar copia de las \u00a0decisiones emitidas. \u00a0<\/p>\n<p>2.2. \u00a0Y en cuanto a la precisi\u00f3n que realiza la defensa sobre las \u00a0garant\u00edas que debe ofrecer el Estado requirente, como quiera \u00a0que no se trata de una petici\u00f3n probatoria, resta advertir que \u00a0es un aspecto al que corresponde referirse al momento de emitir el \u00a0respectivo concepto. \u00a0<\/p>\n<p>En \u00a0m\u00e9rito de lo expuesto, LA CORTE SUPREMA DE JUSTICIA, SALA DE \u00a0CASACI\u00d3N PENAL, \u00a0<\/p>\n<p>RESUELVE: \u00a0<\/p>\n<p>1. \u00a0Abrir \u00a0a pruebas la actuaci\u00f3n, por el t\u00e9rmino de diez (10) \u00a0d\u00edas, m\u00e1s el de la distancia, de conformidad con lo \u00a0previsto por el inciso segundo del art\u00edculo 500 de la Ley 906 \u00a0de 2004. \u00a0<\/p>\n<p>2. \u00a0ACCEDER \u00a0a \u00a0la \u00a0petici\u00f3n contenida en el numeral 2.1. En consecuencia, por \u00a0intermedio de la Secretar\u00eda of\u00edciese a la Fiscal\u00eda \u00a0General de la Naci\u00f3n y a la Polic\u00eda Nacional para que \u00a0informen si LUIS SPENCER OROZCO PACHECO, \u00a0identificado \u00a0con la c\u00e9dula de ciudadan\u00eda 18.008.440, ha sido \u00a0investigado, juzgado o condenado o si, en la actualidad, se adelanta \u00a0en su contra alguna actuaci\u00f3n de car\u00e1cter penal. En \u00a0caso positivo, se precise el contexto f\u00e1ctico en que se \u00a0desarroll\u00f3 o desarrolla la misma, las autoridades judiciales \u00a0que conocieron o la conocen, el delito por el que se procede, el \u00a0estado en que se encuentra y, adem\u00e1s, remitan copias de las \u00a0decisiones de fondo adoptadas al interior del o de los \u00a0diligenciamientos. \u00a0<\/p>\n<p>3. \u00a0Una \u00a0vez practicada la probanza antes mencionada, el proceso permanecer\u00e1 \u00a0en Secretar\u00eda a disposici\u00f3n de las partes, por el \u00a0t\u00e9rmino de cinco (5) d\u00edas, para alegar. \u00a0<\/p>\n<p>NOTIF\u00cdQUESE \u00a0Y C\u00daMPLASE. \u00a0<\/p>\n<p>PATRICIA \u00a0SALAZAR CU\u00c9LLAR \u00a0<\/p>\n<p>JOS\u00c9 \u00a0FRANCISCO ACU\u00d1A VIZCAYA \u00a0<\/p>\n<p>EUGENIO \u00a0FERN\u00c1NDEZ CARLIER \u00a0<\/p>\n<p>LUIS \u00a0ANTONIO HERN\u00c1NDEZ BARBOSA \u00a0<\/p>\n<p>JAIME \u00a0HUMBERTO MORENO ACERO \u00a0<\/p>\n<p>EYDER \u00a0PATI\u00d1O CABRERA \u00a0<\/p>\n<p>NUBIA \u00a0YOLANDA NOVA GARC\u00cdA \u00a0<\/p>\n<p>Secretaria \u00a0<\/p>\n<p>1 \u00a0 \u00a0 \u00a0 \u00a0 \u00a0Recu\u00e9rdese c\u00f3mo la Corporaci\u00f3n tiene decantado \u00a0 \u00a0 \u00a0 \u00a0 \u00a0que la prueba es conducente cuando ostenta la aptitud legal para \u00a0 \u00a0 \u00a0 \u00a0 \u00a0forjar certeza en el juzgador, lo cual presupone que el medio de \u00a0 \u00a0 \u00a0 \u00a0 \u00a0convicci\u00f3n est\u00e9 autorizado en el procedimiento; es \u00a0 \u00a0 \u00a0 \u00a0 \u00a0pertinente cuando guarda relaci\u00f3n con los hechos, objeto y \u00a0 \u00a0 \u00a0 \u00a0 \u00a0fines de la investigaci\u00f3n o el juzgamiento; es racional \u00a0 \u00a0 \u00a0 \u00a0 \u00a0cuando es realizable dentro de los par\u00e1metros de la raz\u00f3n \u00a0 \u00a0 \u00a0 \u00a0 \u00a0y, por \u00faltimo, es \u00fatil cuando reporta alg\u00fan \u00a0 \u00a0 \u00a0 \u00a0 \u00a0beneficio, por oposici\u00f3n a lo superfluo o innecesario. \u00a0<\/p>\n<p>2 \u00a0 \u00a0 \u00a0 \u00a0 \u00a0Vencido el t\u00e9rmino de \u00a0 \u00a0 \u00a0 \u00a0 \u00a0traslado, se abrir\u00e1 \u00a0 \u00a0 \u00a0 \u00a0 \u00a0a pruebas la actuaci\u00f3n por el t\u00e9rmino de diez (10) \u00a0 \u00a0 \u00a0 \u00a0 \u00a0d\u00edas, m\u00e1s el de distancia, \u00a0 \u00a0 \u00a0 \u00a0 \u00a0dentro del cual se practicar\u00e1n las solicitadas y las que a \u00a0 \u00a0 \u00a0 \u00a0 \u00a0juicio de la Corte Suprema de Justicia sean indispensables para \u00a0 \u00a0 \u00a0 \u00a0 \u00a0emitir concepto. \u00a0 \u00a0 \u00a0<\/p>\n<p><\/p>\n","protected":false},"excerpt":{"rendered":"<p>\u00a0 \u00a0 \u00a0 \u00a0\u00a0 LUIS \u00a0ANTONIO HERN\u00c1NDEZ BARBOSA \u00a0 Magistrado \u00a0ponente \u00a0 AP373-2020 \u00a0 Radicaci\u00f3n \u00a0No. 56448 \u00a0 Acta \u00a0n\u00b0 22 \u00a0 Bogot\u00e1, \u00a0D.C., cinco (05) de febrero de dos mil veinte (2020). \u00a0 VISTOS: \u00a0 Se \u00a0pronuncia la Sala sobre las solicitudes probatorias elevadas por la \u00a0defensa, dentro del tr\u00e1mite de extradici\u00f3n que se [&hellip;]<\/p>\n","protected":false},"author":1,"featured_media":0,"comment_status":"open","ping_status":"open","sticky":false,"template":"","format":"standard","meta":{"footnotes":""},"categories":[29],"tags":[],"class_list":["post-50383","post","type-post","status-publish","format-standard","hentry","category-29"],"_links":{"self":[{"href":"https:\/\/dmsjuridica.com\/buscador_20179478954\/salapenalcronologico20230723\/wp-json\/wp\/v2\/posts\/50383","targetHints":{"allow":["GET"]}}],"collection":[{"href":"https:\/\/dmsjuridica.com\/buscador_20179478954\/salapenalcronologico20230723\/wp-json\/wp\/v2\/posts"}],"about":[{"href":"https:\/\/dmsjuridica.com\/buscador_20179478954\/salapenalcronologico20230723\/wp-json\/wp\/v2\/types\/post"}],"author":[{"embeddable":true,"href":"https:\/\/dmsjuridica.com\/buscador_20179478954\/salapenalcronologico20230723\/wp-json\/wp\/v2\/users\/1"}],"replies":[{"embeddable":true,"href":"https:\/\/dmsjuridica.com\/buscador_20179478954\/salapenalcronologico20230723\/wp-json\/wp\/v2\/comments?post=50383"}],"version-history":[{"count":0,"href":"https:\/\/dmsjuridica.com\/buscador_20179478954\/salapenalcronologico20230723\/wp-json\/wp\/v2\/posts\/50383\/revisions"}],"wp:attachment":[{"href":"https:\/\/dmsjuridica.com\/buscador_20179478954\/salapenalcronologico20230723\/wp-json\/wp\/v2\/media?parent=50383"}],"wp:term":[{"taxonomy":"category","embeddable":true,"href":"https:\/\/dmsjuridica.com\/buscador_20179478954\/salapenalcronologico20230723\/wp-json\/wp\/v2\/categories?post=50383"},{"taxonomy":"post_tag","embeddable":true,"href":"https:\/\/dmsjuridica.com\/buscador_20179478954\/salapenalcronologico20230723\/wp-json\/wp\/v2\/tags?post=50383"}],"curies":[{"name":"wp","href":"https:\/\/api.w.org\/{rel}","templated":true}]}}