{"id":50357,"date":"2023-09-15T20:48:55","date_gmt":"2023-09-15T20:48:55","guid":{"rendered":"https:\/\/dmsjuridica.com\/buscador_20179478954\/salapenalcronologico20230723\/2023\/09\/15\/ap265-202056280\/"},"modified":"2023-09-15T20:48:55","modified_gmt":"2023-09-15T20:48:55","slug":"ap265-202056280","status":"publish","type":"post","link":"https:\/\/dmsjuridica.com\/buscador_20179478954\/salapenalcronologico20230723\/2023\/09\/15\/ap265-202056280\/","title":{"rendered":"AP265-2020(56280)"},"content":{"rendered":"\n<p>\u00a0 \u00a0 \u00a0 \u00a0\u00a0<\/p>\n<p>Eyder \u00a0Pati\u00f1o Cabrera \u00a0<\/p>\n<p>Magistrado \u00a0Ponente \u00a0<\/p>\n<p>AP265-2020 \u00a0<\/p>\n<p>Radicaci\u00f3n \u00a0n.\u00b0 56280 \u00a0<\/p>\n<p>(Aprobado \u00a0Acta n.\u00ba 17) \u00a0<\/p>\n<p>Bogot\u00e1, \u00a0D.C., veintinueve (29) de enero de dos mil veinte (2020). \u00a0<\/p>\n<p>\u00a0 \u00a0\u00a0 \u00a0 \u00a0 \u00a0 \u00a0<\/p>\n<p>I. VISTOS \u00a0<\/p>\n<p>Decide \u00a0la Corte \u00a0la solicitud de pruebas presentada por la Delegada del Ministerio \u00a0P\u00fablico y el defensor del ciudadano colombiano Johan \u00a0Stiven Pedraza Buitrago, \u00a0requerido en extradici\u00f3n por el Gobierno de la Rep\u00fablica \u00a0Argentina para comparecer al proceso que all\u00ed se le sigue por \u00a0los delitos de \u00absustracci\u00f3n \u00a0de menor en concurso con hurto y supresi\u00f3n de la numeraci\u00f3n \u00a0de un objeto registrable\u00bb. \u00a0<\/p>\n<p>\u00a0 \u00a0\u00a0 \u00a0 \u00a0 \u00a0 \u00a0<\/p>\n<p>II. ANTECEDENTES \u00a0<\/p>\n<p>1. \u00a0El Gobierno de la \u00a0Rep\u00fablica Argentina, \u00a0a trav\u00e9s de su Embajada en Colombia, mediante Nota Verbal n.\u00ba \u00a0207\/19 del 19 de julio de 20191, \u00a0solicit\u00f3 la captura con fines de extradici\u00f3n del \u00a0nacional colombiano Johan \u00a0Stiven Pedraza Buitrago \u00a0identificado con la c\u00e9dula de ciudadan\u00eda n.\u00ba \u00a01.007.379.353, a efecto que comparezca al proceso que en ese pa\u00eds \u00a0se tramita en el Juzgado Nacional de Menores n.\u00b0 42, \u00a0por los delitos de \u00absustracci\u00f3n \u00a0de menor en concurso con hurto y supresi\u00f3n de la numeraci\u00f3n \u00a0de un objeto registrable\u00bb. \u00a0<\/p>\n<p>2. \u00a0Con fundamento en el art\u00edculo 509 de la Ley 906 de 2004, el 23 \u00a0de julio de 2019, la Fiscal\u00eda General de la Naci\u00f3n \u00a0expidi\u00f3 resoluci\u00f3n3 \u00a0en la que orden\u00f3 su aprehensi\u00f3n para el anotado \u00a0prop\u00f3sito, la cual se hizo efectiva el 23 de julio de 2019 en \u00a0la ciudad de Bogot\u00e14. \u00a0<\/p>\n<p>3. \u00a0La \u00a0Canciller\u00eda, con oficio S-DIAJI-19-04-0940 del 13 de \u00a0septiembre de 20195, \u00a0remiti\u00f3 copia de la documentaci\u00f3n pertinente y sus \u00a0anexos al Director de Asuntos Internacionales del Ministerio de \u00a0Justicia y del Derecho, entidad \u00a0que, a su vez, hizo llegar el expediente a esta Corporaci\u00f3n \u00a0mediante \u00a0comunicaci\u00f3n \u00a0MJD-OFI19\u20130028395\u2013DAI\u20131100 del 23 de septiembre \u00a0siguiente6. \u00a0<\/p>\n<p>4. \u00a0Recibida \u00a0la actuaci\u00f3n, con auto del 5 de noviembre pasado7, \u00a0se reconoci\u00f3 personer\u00eda adjetiva al defensor p\u00fablico \u00a0del requerido y se orden\u00f3 correr traslado por el t\u00e9rmino \u00a0de diez d\u00edas a los intervinientes, en orden a que pidieran las \u00a0pruebas que consideraran necesarias. \u00a0<\/p>\n<p>5. \u00a0Dentro del lapso previsto en el art\u00edculo 500 de la Ley 906 de \u00a02004 tanto la Procuradora \u00a0Tercera Delegada para la Casaci\u00f3n Penal8 \u00a0como el \u00a0representante \u00a0de \u00a0Pedraza Buitrago9 \u00a0 \u00a0 \u00a0pidieron \u00a0establecer \u00a0la existencia en Colombia de investigaciones que se adelanten en \u00a0contra del reclamado. Igualmente, el defensor solicit\u00f3 oficiar \u00a0a la \u00a0Jurisdicci\u00f3n Especial para la Paz a efectos de corroborar si \u00a0su prohijado \u00a0se encuentra en la lista de postulados ante la Justicia Especial para \u00a0la Paz directamente \u00a0o como tercero civil asociado al conflicto. \u00a0<\/p>\n<p>III. \u00a0 \u00a0 CONSIDERACIONES \u00a0<\/p>\n<p>1. \u00a0De conformidad con el canon 35 de la Constituci\u00f3n Nacional, \u00a0modificado por el precepto 1\u00ba del Acto Legislativo n.\u00ba 01 \u00a0de 1997, la extradici\u00f3n se solicitar\u00e1, conceder\u00e1 \u00a0u ofrecer\u00e1 de acuerdo con los tratados p\u00fablicos y, en \u00a0su defecto, con la ley, verbigracia, la 906 de 2004, en su art\u00edculo \u00a0490 y siguientes. \u00a0<\/p>\n<p>Acorde \u00a0con \u00a0el concepto rendido por el Ministerio de Relaciones Exteriores es \u00a0preciso aplicar a este caso el Convenio de Extradici\u00f3n, \u00a0suscrito en Montevideo el 26 de diciembre de 1933, aprobado en \u00a0nuestra legislaci\u00f3n interna mediante la Ley 74 de 1935. \u00a0<\/p>\n<p>Por \u00a0ello, espec\u00edficamente, las solicitudes que en ese sentido se \u00a0hagan deben estar orientadas a constatar los siguientes aspectos (CSJ \u00a0CP, 25 ene. 2012, rad. 37537): \u00a0<\/p>\n<p>(i) \u00a0la validez formal de la documentaci\u00f3n allegada por el pa\u00eds \u00a0requirente; (ii) la demostraci\u00f3n plena de la identidad de la \u00a0persona solicitada; (iii) la concurrencia de la doble incriminaci\u00f3n, \u00a0esto es, que el hecho que motiva la solicitud de extradici\u00f3n \u00a0tanto en el Estado reclamante como en Colombia sea delito y adem\u00e1s \u00a0que la legislaci\u00f3n nacional lo sancione con pena privativa de \u00a0la libertad cuyo m\u00ednimo no sea inferior a cuatro a\u00f1os \u00a0y; (iv) respecto de la equivalencia que debe existir entre la \u00a0providencia proferida en el extranjero y -por lo menos- la acusaci\u00f3n \u00a0del sistema procesal interno. \u00a0<\/p>\n<p>La \u00a0verificaci\u00f3n de los presupuestos fijados en la ley y en los \u00a0instrumentos internacionales para acceder al pedido de entrega en \u00a0extradici\u00f3n ser\u00e1 el objeto del concepto que habr\u00e1 \u00a0de rendir la Corte al Gobierno Nacional. De manera correlativa, las \u00a0peticiones probatorias formuladas por los intervinientes en este \u00a0tr\u00e1mite jur\u00eddico administrativo deben estar encaminadas \u00a0a concretar o desvirtuar dichos presupuestos, conforme criterios de \u00a0pertinencia, conducencia y utilidad. \u00a0<\/p>\n<p>As\u00ed \u00a0las cosas, si las solicitudes probatorias no \u00a0est\u00e1n \u00a0orientadas a constatar los anteriores aspectos, no \u00a0guardan relaci\u00f3n con esos temas, o versan sobre hechos \u00a0notoriamente impertinentes, superfluos o carentes de utilidad, deben \u00a0desestimarse. \u00a0<\/p>\n<p>2. \u00a0Caso concreto \u00a0<\/p>\n<p>Advirtieron \u00a0los representantes del Ministerio P\u00fablico y el reclamado que \u00a0se hace necesario requerir \u00a0a la Fiscal\u00eda General de la Naci\u00f3n y a la Polic\u00eda \u00a0Nacional, en \u00a0aras de garantizar el principio constitucional del non \u00a0bis in \u00eddem y \u00a0en ese sentido, establecer si Johan \u00a0Stiven Pedraza Buitrago \u00a0est\u00e1 siendo procesado en nuestro pa\u00eds por los hechos \u00a0materia de juzgamiento. \u00a0<\/p>\n<p>Tal \u00a0postulaci\u00f3n, acorde con la l\u00ednea jurisprudencial \u00a0vigente de la Sala de Casaci\u00f3n Penal, resulta pertinente. \u00a0No \u00a0solo para verificar la potencial afectaci\u00f3n de la garant\u00eda \u00a0constitucional en cita, sino en aras de constatar si se hace \u00a0necesario emitir alguna clase de condicionamiento especial \u00a0relacionado con lo previsto en el art. 504 de la Ley 906 de 200410. \u00a0<\/p>\n<p>Ciertamente, \u00a0persiste para la Corte el compromiso de efectivizar la salvaguarda de \u00a0dicho principio, por cuanto de esa manera se garantiza no solo la \u00a0autonom\u00eda y soberan\u00eda nacional, en el evento de \u00a0demostrarse que el Estado Colombiano ha desplegado su poder punitivo, \u00a0sino que adem\u00e1s se procura la observancia de prerrogativas \u00a0fundamentales de los reclamados en extradici\u00f3n, tales como la \u00a0de no ser juzgado dos veces por el mismo hecho. \u00a0<\/p>\n<p>Por \u00a0consiguiente, se requerir\u00e1 a la Fiscal\u00eda General de la \u00a0Naci\u00f3n y a la Polic\u00eda Nacional para \u00a0que consulten en sus bases de datos si obra alguna investigaci\u00f3n \u00a0en contra de Pedraza \u00a0Buitrago \u00a0y, en caso afirmativo, informen el n\u00famero de radicaci\u00f3n, \u00a0los hechos objeto de investigaci\u00f3n y el estado actual del \u00a0tr\u00e1mite. Deber\u00e1n adem\u00e1s allegar copia de las \u00a0decisiones que hubiesen sido emitidas. \u00a0<\/p>\n<p>Frente \u00a0a la petici\u00f3n de oficiar a la Jurisdicci\u00f3n Especial \u00a0para la Paz si el requerido fue identificado como miembro de las \u00a0FARC-EP, en el listado suministrado por sus representantes o si esta \u00a0se encuentra en el listado de postulado a la Ley de Justicia y Paz, \u00a0se acceder\u00e1 a la misma, ello con el fin de verificar la \u00a0competencia de esta Corporaci\u00f3n en el presente tr\u00e1mite. \u00a0<\/p>\n<p>Por \u00a0\u00faltimo, la Sala no advierte la necesidad de evacuar pruebas de \u00a0oficio. \u00a0<\/p>\n<p>En \u00a0m\u00e9rito de lo expuesto, la \u00a0CORTE \u00a0SUPREMA DE JUSTICIA, Sala de Casaci\u00f3n Penal, \u00a0<\/p>\n<p>RESUELVE \u00a0<\/p>\n<p>\u00a0 \u00a0\u00a0 \u00a0 \u00a0 \u00a0 \u00a0<\/p>\n<p>1. DECRETAR, \u00a0 \u00a0 \u00a0 \u00a0 \u00a0por \u00a0 \u00a0 \u00a0 \u00a0 \u00a0petici\u00f3n de la defensa y la Procuradora Tercera Delegada para \u00a0 \u00a0 \u00a0 \u00a0 \u00a0la Casaci\u00f3n Penal, \u00a0 \u00a0 \u00a0 \u00a0 \u00a0las siguientes pruebas: \u00a0<\/p>\n<p>1.1. \u00a0Oficiar a la Fiscal\u00eda General de la Naci\u00f3n y a la \u00a0Polic\u00eda Nacional, para \u00a0que consulten en sus bases de datos si Johan \u00a0Stiven Pedraza Buitrago \u00a0ha \u00a0sido investigado, juzgado o condenado o, si en la actualidad, en su \u00a0contra se adelanta alguna actuaci\u00f3n de car\u00e1cter penal; \u00a0en caso positivo, se precise el contexto f\u00e1ctico en que se \u00a0desarroll\u00f3 o desarrolla la misma, las autoridades judiciales \u00a0que conocieron o la conocen, el delito por el que se procede, el \u00a0estado en que se encuentra, y para que remitan copias de las \u00a0decisiones de fondo adoptadas al interior del o de los \u00a0diligenciamientos. \u00a0<\/p>\n<p>1.2. \u00a0Oficiar \u00a0a \u00a0la Jurisdicci\u00f3n Especial de Paz para que exprese si el \u00a0requerido Johan \u00a0Stiven Pedraza Buitrago, \u00a0se \u00a0someti\u00f3 al Sistema Integral de Verdad, Justicia, Reparaci\u00f3n \u00a0y No Repetici\u00f3n (SIVJRNR). \u00a0<\/p>\n<p>2. \u00a0 \u00a0 \u00a0 \u00a0Contra \u00a0esta decisi\u00f3n procede el recurso de reposici\u00f3n. \u00a0<\/p>\n<p>Notif\u00edquese \u00a0y c\u00famplase. \u00a0<\/p>\n<p>PATRICIA \u00a0SALAZAR CU\u00c9LLAR \u00a0<\/p>\n<p>JOS\u00c9 \u00a0FRANCISCO ACU\u00d1A VIZCAYA \u00a0<\/p>\n<p>EUGENIO \u00a0FERN\u00c1NDEZ CARLIER \u00a0<\/p>\n<p>LUIS \u00a0ANTONIO HERN\u00c1NDEZ BARBOSA \u00a0<\/p>\n<p>JAIME \u00a0HUMBERTO MORENO ACERO \u00a0<\/p>\n<p>EYDER \u00a0PATI\u00d1O CABRERA \u00a0<\/p>\n<p>NUBIA \u00a0YOLANDA NOVA GARC\u00cdA \u00a0<\/p>\n<p>Secretaria \u00a0<\/p>\n<p>1 \u00a0 \u00a0 \u00a0 \u00a0 \u00a0Folio 20 de la Carpeta del Ministerio de Justicia y del Derecho. \u00a0<\/p>\n<p>2 \u00a0 \u00a0 \u00a0 \u00a0 \u00a0Anunciado como \u00a0 \u00a0 \u00a0 \u00a0 \u00a0causa n.\u00b0 56.362\/2017 \u00a0<\/p>\n<p>3 \u00a0 \u00a0 \u00a0 \u00a0 \u00a0Folios 31 a 34, ib. \u00a0 \u00a0 \u00a0 \u00a0 \u00a0Notificada el 23 de \u00a0 \u00a0 \u00a0 \u00a0 \u00a0julio de 2019. Folio \u00a0 \u00a0 \u00a0 \u00a0 \u00a037, ib. \u00a0<\/p>\n<p>4 \u00a0 \u00a0 \u00a0 \u00a0 \u00a0Folio 38, ib. \u00a0<\/p>\n<p>5 \u00a0 \u00a0 \u00a0 \u00a0 \u00a0Folio 42, ib. \u00a0<\/p>\n<p>6 \u00a0 \u00a0 \u00a0 \u00a0 \u00a0Folios 1 y 2, Cuaderno \u00a0 \u00a0 \u00a0 \u00a0 \u00a0de la Corte. \u00a0<\/p>\n<p>7 \u00a0 \u00a0 \u00a0 \u00a0 \u00a0Folio 11 ib. \u00a0<\/p>\n<p>8 \u00a0 \u00a0 \u00a0 \u00a0 \u00a0Folio 16, ib. \u00a0<\/p>\n<p>9 \u00a0 \u00a0 \u00a0 \u00a0 \u00a0Folio 17, ib. \u00a0<\/p>\n<p>10 \u00a0 \u00a0 \u00a0 \u00a0 \u00a0ART\u00cdCULO \u00a0 \u00a0 \u00a0 \u00a0 \u00a0504. ENTREGA DIFERIDA. \u00a0 \u00a0 \u00a0 \u00a0 \u00a0Cuando con anterioridad al recibo del requerimiento la persona \u00a0 \u00a0 \u00a0 \u00a0 \u00a0solicitada hubiere delinquido en Colombia, en la resoluci\u00f3n \u00a0 \u00a0 \u00a0 \u00a0 \u00a0ejecutiva que conceda la extradici\u00f3n, podr\u00e1 diferir la \u00a0 \u00a0 \u00a0 \u00a0 \u00a0entrega hasta cuando se le juzgue y cumpla pena, o hasta que por \u00a0 \u00a0 \u00a0 \u00a0 \u00a0preclusi\u00f3n de la instrucci\u00f3n o sentencia absolutoria \u00a0 \u00a0 \u00a0 \u00a0 \u00a0haya terminado el proceso. \u00a0 \u00a0 \u00a0 \u00a0 \u00a0<\/p>\n<p>En \u00a0 \u00a0 \u00a0 \u00a0 \u00a0el caso previsto en este art\u00edculo, el funcionario judicial de \u00a0 \u00a0 \u00a0 \u00a0 \u00a0conocimiento o el director del establecimiento donde estuviere \u00a0 \u00a0 \u00a0 \u00a0 \u00a0recluido el interno, pondr\u00e1 a \u00f3rdenes del gobierno al \u00a0 \u00a0 \u00a0 \u00a0 \u00a0solicitado en extradici\u00f3n, tan pronto como cese el motivo \u00a0 \u00a0 \u00a0 \u00a0 \u00a0para la reclusi\u00f3n en Colombia. \u00a0<\/p>\n<p>5 \u00a0 \u00a0 \u00a0<\/p>\n<p><\/p>\n","protected":false},"excerpt":{"rendered":"<p>\u00a0 \u00a0 \u00a0 \u00a0\u00a0 Eyder \u00a0Pati\u00f1o Cabrera \u00a0 Magistrado \u00a0Ponente \u00a0 AP265-2020 \u00a0 Radicaci\u00f3n \u00a0n.\u00b0 56280 \u00a0 (Aprobado \u00a0Acta n.\u00ba 17) \u00a0 Bogot\u00e1, \u00a0D.C., veintinueve (29) de enero de dos mil veinte (2020). \u00a0 \u00a0 \u00a0\u00a0 \u00a0 \u00a0 \u00a0 \u00a0 I. VISTOS \u00a0 Decide \u00a0la Corte \u00a0la solicitud de pruebas presentada por la Delegada del [&hellip;]<\/p>\n","protected":false},"author":1,"featured_media":0,"comment_status":"open","ping_status":"open","sticky":false,"template":"","format":"standard","meta":{"footnotes":""},"categories":[29],"tags":[],"class_list":["post-50357","post","type-post","status-publish","format-standard","hentry","category-29"],"_links":{"self":[{"href":"https:\/\/dmsjuridica.com\/buscador_20179478954\/salapenalcronologico20230723\/wp-json\/wp\/v2\/posts\/50357","targetHints":{"allow":["GET"]}}],"collection":[{"href":"https:\/\/dmsjuridica.com\/buscador_20179478954\/salapenalcronologico20230723\/wp-json\/wp\/v2\/posts"}],"about":[{"href":"https:\/\/dmsjuridica.com\/buscador_20179478954\/salapenalcronologico20230723\/wp-json\/wp\/v2\/types\/post"}],"author":[{"embeddable":true,"href":"https:\/\/dmsjuridica.com\/buscador_20179478954\/salapenalcronologico20230723\/wp-json\/wp\/v2\/users\/1"}],"replies":[{"embeddable":true,"href":"https:\/\/dmsjuridica.com\/buscador_20179478954\/salapenalcronologico20230723\/wp-json\/wp\/v2\/comments?post=50357"}],"version-history":[{"count":0,"href":"https:\/\/dmsjuridica.com\/buscador_20179478954\/salapenalcronologico20230723\/wp-json\/wp\/v2\/posts\/50357\/revisions"}],"wp:attachment":[{"href":"https:\/\/dmsjuridica.com\/buscador_20179478954\/salapenalcronologico20230723\/wp-json\/wp\/v2\/media?parent=50357"}],"wp:term":[{"taxonomy":"category","embeddable":true,"href":"https:\/\/dmsjuridica.com\/buscador_20179478954\/salapenalcronologico20230723\/wp-json\/wp\/v2\/categories?post=50357"},{"taxonomy":"post_tag","embeddable":true,"href":"https:\/\/dmsjuridica.com\/buscador_20179478954\/salapenalcronologico20230723\/wp-json\/wp\/v2\/tags?post=50357"}],"curies":[{"name":"wp","href":"https:\/\/api.w.org\/{rel}","templated":true}]}}